{"id":526146,"date":"2024-12-14T10:55:25","date_gmt":"2024-12-14T14:55:25","guid":{"rendered":"https:\/\/diarioelpopular.com\/?p=526146"},"modified":"2024-12-14T10:55:25","modified_gmt":"2024-12-14T14:55:25","slug":"delincuente-acusado-de-provocar-incendio-por-3-millones-de-dolares-en-mississauga","status":"publish","type":"post","link":"https:\/\/diarioelpopular.com\/index.php\/2024\/12\/14\/delincuente-acusado-de-provocar-incendio-por-3-millones-de-dolares-en-mississauga\/","title":{"rendered":"Delincuente acusado de provocar incendio por 3 millones de d\u00f3lares en Mississauga"},"content":{"rendered":"<p><img loading=\"lazy\" decoding=\"async\" class=\"alignnone size-custom-full-size wp-image-526147\" src=\"https:\/\/diarioelpopular.com\/wp-content\/uploads\/2024\/12\/Screen-Shot-2024-12-14-at-9.54.54-AM-636x481.png\" alt=\"\" width=\"636\" height=\"481\" srcset=\"https:\/\/diarioelpopular.com\/wp-content\/uploads\/2024\/12\/Screen-Shot-2024-12-14-at-9.54.54-AM-636x481.png 636w, https:\/\/diarioelpopular.com\/wp-content\/uploads\/2024\/12\/Screen-Shot-2024-12-14-at-9.54.54-AM-300x227.png 300w, https:\/\/diarioelpopular.com\/wp-content\/uploads\/2024\/12\/Screen-Shot-2024-12-14-at-9.54.54-AM-768x581.png 768w, https:\/\/diarioelpopular.com\/wp-content\/uploads\/2024\/12\/Screen-Shot-2024-12-14-at-9.54.54-AM-97x73.png 97w, https:\/\/diarioelpopular.com\/wp-content\/uploads\/2024\/12\/Screen-Shot-2024-12-14-at-9.54.54-AM.png 844w\" sizes=\"auto, (max-width: 636px) 100vw, 636px\" \/><\/p>\n<p>Mathan Yoseph,<\/p>\n<p>&nbsp;<\/p>\n<ul>\n<li><em><strong>El incendio en un edificio industrial fue provocado por explosivos<\/strong><\/em><\/li>\n<\/ul>\n<p>&nbsp;<\/p>\n<p>Un sujeto de 33 a\u00f1os est\u00e1 acusado de incendiar deliberadamente un edificio industrial de Mississauga el fin de semana pasado, causando da\u00f1os por valor de 3 millones de d\u00f3lares.<\/p>\n<p>Y los investigadores creen que se utilizaron explosivos para provocar el incendio.<\/p>\n<p>La polic\u00eda regional de Peel dice que el incendio se desat\u00f3 en el edificio industrial, ubicado cerca de Tomken Rd. y Meyerside Dr., el 8 de diciembre.<\/p>\n<p>\u201cEl incendio da\u00f1\u00f3 el edificio y numerosos veh\u00edculos de alta gama dentro de las instalaciones, lo que result\u00f3 en da\u00f1os por valor de aproximadamente 3 millones de d\u00f3lares\u201d, dijo la polic\u00eda en un comunicado.<\/p>\n<p>No se reportaron heridos.<\/p>\n<p>Posteriormente, los investigadores identificaron al responsable y ejecutaron una orden de allanamiento del C\u00f3digo Penal en una residencia de Toronto el viernes.<\/p>\n<p>Mathan Yoseph fue arrestado sin incidentes y acusado de incendio provocado, allanamiento, dos cargos de da\u00f1os por valor de m\u00e1s de 5000 d\u00f3lares y uso de explosivos.<\/p>\n<p>El acusado fue detenido a la espera de una audiencia de fianza en Brampton.<\/p>\n<p>\u201cSe cree que se trata de un incidente aislado\u201d, dijo la polic\u00eda.<\/p>\n<p>No se dieron a conocer m\u00e1s detalles de inmediato.<\/p>\n<p>Se insta a cualquier persona que tenga informaci\u00f3n sobre esta investigaci\u00f3n a llamar a la polic\u00eda al 905-453-2121, ext. 1233, o a Crime Stoppers de forma an\u00f3nima al 1-800-222-TIPS (8477).<\/p>\n","protected":false},"excerpt":{"rendered":"<p>Mathan Yoseph, &nbsp; El incendio en un edificio industrial fue provocado por explosivos &nbsp; Un sujeto de 33 a\u00f1os est\u00e1 acusado de incendiar deliberadamente un&hellip;<\/p>\n","protected":false},"author":99,"featured_media":526147,"comment_status":"open","ping_status":"open","sticky":false,"template":"","format":"standard","meta":{"footnotes":""},"categories":[11364],"tags":[],"class_list":["post-526146","post","type-post","status-publish","format-standard","has-post-thumbnail","hentry","category-toronto-gta"],"_links":{"self":[{"href":"https:\/\/diarioelpopular.com\/index.php\/wp-json\/wp\/v2\/posts\/526146","targetHints":{"allow":["GET"]}}],"collection":[{"href":"https:\/\/diarioelpopular.com\/index.php\/wp-json\/wp\/v2\/posts"}],"about":[{"href":"https:\/\/diarioelpopular.com\/index.php\/wp-json\/wp\/v2\/types\/post"}],"author":[{"embeddable":true,"href":"https:\/\/diarioelpopular.com\/index.php\/wp-json\/wp\/v2\/users\/99"}],"replies":[{"embeddable":true,"href":"https:\/\/diarioelpopular.com\/index.php\/wp-json\/wp\/v2\/comments?post=526146"}],"version-history":[{"count":1,"href":"https:\/\/diarioelpopular.com\/index.php\/wp-json\/wp\/v2\/posts\/526146\/revisions"}],"predecessor-version":[{"id":526148,"href":"https:\/\/diarioelpopular.com\/index.php\/wp-json\/wp\/v2\/posts\/526146\/revisions\/526148"}],"wp:featuredmedia":[{"embeddable":true,"href":"https:\/\/diarioelpopular.com\/index.php\/wp-json\/wp\/v2\/media\/526147"}],"wp:attachment":[{"href":"https:\/\/diarioelpopular.com\/index.php\/wp-json\/wp\/v2\/media?parent=526146"}],"wp:term":[{"taxonomy":"category","embeddable":true,"href":"https:\/\/diarioelpopular.com\/index.php\/wp-json\/wp\/v2\/categories?post=526146"},{"taxonomy":"post_tag","embeddable":true,"href":"https:\/\/diarioelpopular.com\/index.php\/wp-json\/wp\/v2\/tags?post=526146"}],"curies":[{"name":"wp","href":"https:\/\/api.w.org\/{rel}","templated":true}]}}