{"id":526188,"date":"2024-12-15T11:31:02","date_gmt":"2024-12-15T15:31:02","guid":{"rendered":"https:\/\/diarioelpopular.com\/?p=526188"},"modified":"2024-12-15T11:31:02","modified_gmt":"2024-12-15T15:31:02","slug":"como-hace-50-anos-grecia-se-deshizo-de-su-rey-y-acabo-con-la-monarquia","status":"publish","type":"post","link":"https:\/\/diarioelpopular.com\/index.php\/2024\/12\/15\/como-hace-50-anos-grecia-se-deshizo-de-su-rey-y-acabo-con-la-monarquia\/","title":{"rendered":"C\u00f3mo hace 50 a\u00f1os Grecia se deshizo de su rey y acab\u00f3 con la monarqu\u00eda"},"content":{"rendered":"<div id=\"attachment_526189\" style=\"width: 646px\" class=\"wp-caption alignnone\"><img loading=\"lazy\" decoding=\"async\" aria-describedby=\"caption-attachment-526189\" class=\"wp-image-526189 size-custom-full-size\" src=\"https:\/\/diarioelpopular.com\/wp-content\/uploads\/2024\/12\/Screen-Shot-2024-12-15-at-10.30.28-AM-636x359.png\" alt=\"\" width=\"636\" height=\"359\" srcset=\"https:\/\/diarioelpopular.com\/wp-content\/uploads\/2024\/12\/Screen-Shot-2024-12-15-at-10.30.28-AM-636x359.png 636w, https:\/\/diarioelpopular.com\/wp-content\/uploads\/2024\/12\/Screen-Shot-2024-12-15-at-10.30.28-AM-300x169.png 300w, https:\/\/diarioelpopular.com\/wp-content\/uploads\/2024\/12\/Screen-Shot-2024-12-15-at-10.30.28-AM-768x433.png 768w, https:\/\/diarioelpopular.com\/wp-content\/uploads\/2024\/12\/Screen-Shot-2024-12-15-at-10.30.28-AM-129x73.png 129w, https:\/\/diarioelpopular.com\/wp-content\/uploads\/2024\/12\/Screen-Shot-2024-12-15-at-10.30.28-AM.png 1024w\" sizes=\"auto, (max-width: 636px) 100vw, 636px\" \/><p id=\"caption-attachment-526189\" class=\"wp-caption-text\">El rey Constantino II de Grecia y la princesa Ana Mar\u00eda el d\u00eda de su boda.<\/p><\/div>\n<p>&nbsp;<\/p>\n<p>&nbsp;<\/p>\n<div class=\"bbc-19j92fr ebmt73l0\" dir=\"ltr\">\n<ul>\n<li class=\"bbc-hhl7in e17g058b0\" dir=\"ltr\"><em><b>Hace medio siglo, en la cuna de la democracia, el pueblo griego destron\u00f3 la monarqu\u00eda, no por la fuerza, sino a trav\u00e9s de las urnas<\/b>.<\/em><\/li>\n<\/ul>\n<\/div>\n<div class=\"bbc-19j92fr ebmt73l0\" dir=\"ltr\">\n<p dir=\"ltr\">\n<p class=\"bbc-hhl7in e17g058b0\" dir=\"ltr\">&#8220;Decenas de miles de personas han salido a las calles de Atenas para celebrar que se han convertido en una Rep\u00fablica&#8221;, report\u00f3 la BBC tras el referendo de 1974.<\/p>\n<\/div>\n<div class=\"bbc-19j92fr ebmt73l0\" dir=\"ltr\">\n<p class=\"bbc-hhl7in e17g058b0\" dir=\"ltr\">&#8220;Duele simplemente porque el resultado de una votaci\u00f3n no sali\u00f3 como quer\u00edas&#8221;, declar\u00f3 el rechazado monarca Constantino II.<\/p>\n<\/div>\n<div class=\"bbc-19j92fr ebmt73l0\" dir=\"ltr\">\n<p class=\"bbc-hhl7in e17g058b0\" dir=\"ltr\">&#8220;Pero deja de doler cuando sabes c\u00f3mo se dio esa votaci\u00f3n y las circunstancias que la provocaron. Y luego, aceptas esa realidad&#8221;, agreg\u00f3.<\/p>\n<\/div>\n<div class=\"bbc-19j92fr ebmt73l0\" dir=\"ltr\">\n<p class=\"bbc-hhl7in e17g058b0\" dir=\"ltr\">\u00bfC\u00f3mo perdi\u00f3 Constantino II, el \u00faltimo rey de los helenos, la corona que hab\u00eda estado en su familia desde 1863?<\/p>\n<p dir=\"ltr\">\n<\/div>\n<figure class=\"bbc-1qn0xuy\">\n<div class=\"bbc-18ywsw9\">\n<div style=\"width: 1034px\" class=\"wp-caption alignnone\"><img loading=\"lazy\" decoding=\"async\" class=\"bbc-139onq\" src=\"https:\/\/ichef.bbci.co.uk\/ace\/ws\/640\/cpsprodpb\/e143\/live\/e2ebec60-b63c-11ef-a0f2-fd81ae5962f4.jpg.webp\" alt=\"Mano sosteniendo una tarjeta que dice &quot;No&quot;\" width=\"1024\" height=\"1123\" \/><p class=\"wp-caption-text\">Fuente de la imagen,Getty Images.\u00a0\u00a0Afiche del referendo en Grecia a favor de la abolici\u00f3n de la monarqu\u00eda.<\/p><\/div>\n<p class=\"bbc-by8ykd\" role=\"text\">\n<\/div>\n<\/figure>\n<div class=\"bbc-19j92fr ebmt73l0\" dir=\"ltr\">\n<h2 tabindex=\"-1\"><\/h2>\n<h2 id=\"Golpe-tras-golpe\" class=\"bbc-1lgzob2 eglt09e0\" tabindex=\"-1\">Golpe tras golpe<\/h2>\n<\/div>\n<div class=\"bbc-19j92fr ebmt73l0\" dir=\"ltr\">\n<p class=\"bbc-hhl7in e17g058b0\" dir=\"ltr\">Constantino ten\u00eda 23 a\u00f1os cuando accedi\u00f3 al trono tras la muerte de su padre en 1964.<\/p>\n<\/div>\n<div class=\"bbc-19j92fr ebmt73l0\" dir=\"ltr\">\n<p class=\"bbc-hhl7in e17g058b0\" dir=\"ltr\">&#8220;Con dignidad y solemnidad, pero con poca emoci\u00f3n manifiesta, Atenas sac\u00f3 esta ma\u00f1ana el cuerpo del rey Pablo I de un palacio real que tan a menudo ha sido un s\u00edmbolo de controversia pol\u00edtica&#8221;, describi\u00f3 el locutor de la BBC.<\/p>\n<\/div>\n<div class=\"bbc-19j92fr ebmt73l0\" dir=\"ltr\">\n<p class=\"bbc-hhl7in e17g058b0\" dir=\"ltr\">&#8220;<b>Toda la familia real camin\u00f3 lentamente hacia un futuro que ahora depende mucho del joven rey Constantino<\/b>&#8220;.<\/p>\n<\/div>\n<div class=\"bbc-19j92fr ebmt73l0\" dir=\"ltr\">\n<p class=\"bbc-hhl7in e17g058b0\" dir=\"ltr\">Pero Constantino hab\u00eda heredado un pa\u00eds profundamente dividido pol\u00edticamente.<\/p>\n<\/div>\n<div class=\"bbc-19j92fr ebmt73l0\" dir=\"ltr\">\n<p class=\"bbc-hhl7in e17g058b0\" dir=\"ltr\">Pronto el rey se enemist\u00f3 con su primer ministro, y luego trat\u00f3 de nombrar un nuevo gobierno sin celebrar elecciones.<\/p>\n<\/div>\n<div class=\"bbc-19j92fr ebmt73l0\" dir=\"ltr\">\n<p class=\"bbc-hhl7in e17g058b0\" dir=\"ltr\">Durante esa crisis, un grupo de oficiales del ej\u00e9rcito lanz\u00f3 un golpe de Estado en 1967.<\/p>\n<\/div>\n<div class=\"bbc-19j92fr ebmt73l0\" dir=\"ltr\">\n<p class=\"bbc-hhl7in e17g058b0\" dir=\"ltr\">Fue el inicio de lo que se conoci\u00f3 como la dictadura de los Coroneles, un regimen brutal y represivo.<\/p>\n<p dir=\"ltr\">\n<\/div>\n<figure class=\"bbc-1qn0xuy\">\n<div class=\"bbc-18ywsw9\">\n<div style=\"width: 1034px\" class=\"wp-caption alignnone\"><img loading=\"lazy\" decoding=\"async\" class=\"bbc-139onq\" src=\"https:\/\/ichef.bbci.co.uk\/ace\/ws\/640\/cpsprodpb\/0617\/live\/5f32dc80-b637-11ef-a0f2-fd81ae5962f4.jpg.webp\" alt=\"El rey en medio de los coroneles que se tomaron el poder.\" width=\"1024\" height=\"648\" \/><p class=\"wp-caption-text\">Fuente de la imagen,Getty Images.\u00a0\u00a0El rey -en primera fila, 3\u00b0 de izq. a der.- en medio de los coroneles que se tomaron el poder.<\/p><\/div>\n<\/div>\n<\/figure>\n<div class=\"bbc-19j92fr ebmt73l0\" dir=\"ltr\">\n<p dir=\"ltr\">\n<p dir=\"ltr\">\n<p class=\"bbc-hhl7in e17g058b0\" dir=\"ltr\">Tras parecer que cooperaba con los nuevos l\u00edderes, Constantino intent\u00f3 un contragolpe.<\/p>\n<\/div>\n<div class=\"bbc-19j92fr ebmt73l0\" dir=\"ltr\">\n<p class=\"bbc-hhl7in e17g058b0\" dir=\"ltr\">&#8220;Cuanto m\u00e1s tiempo permanec\u00eda con ese r\u00e9gimen, m\u00e1s fuertes se volv\u00edan, tomando cada vez m\u00e1s control en el pa\u00eds&#8221;, explic\u00f3 el rey.<\/p>\n<\/div>\n<div class=\"bbc-19j92fr ebmt73l0\" dir=\"ltr\">\n<p class=\"bbc-hhl7in e17g058b0\" dir=\"ltr\">&#8220;As\u00ed que sent\u00ed que, a menos que hiciera algo r\u00e1pido y positivo para eliminarlos, las posibilidades se reducir\u00edan&#8221;.<\/p>\n<\/div>\n<div class=\"bbc-19j92fr ebmt73l0\" dir=\"ltr\">\n<p class=\"bbc-hhl7in e17g058b0\" dir=\"ltr\">El complot del rey fracas\u00f3.<\/p>\n<\/div>\n<div class=\"bbc-19j92fr ebmt73l0\" dir=\"ltr\">\n<p class=\"bbc-hhl7in e17g058b0\" dir=\"ltr\">Se vio obligado a huir del pa\u00eds a Italia, donde dio una conferencia de prensa en Roma.<\/p>\n<\/div>\n<div class=\"bbc-19j92fr ebmt73l0\" dir=\"ltr\">\n<p class=\"bbc-hhl7in e17g058b0\" dir=\"ltr\">&#8220;Decid\u00ed actuar. No tuve \u00e9xito, pero sigue siendo mi deber y mi prop\u00f3sito restaurar el gobierno parlamentario en Grecia.<\/p>\n<\/div>\n<div class=\"bbc-19j92fr ebmt73l0\" dir=\"ltr\">\n<p class=\"bbc-hhl7in e17g058b0\" dir=\"ltr\">&#8220;Seamos perfectamente realistas: no tengo poder real a mis \u00f3rdenes ahora. Pero s\u00ed tengo detr\u00e1s de mi prop\u00f3sito el deseo de todo griego de vivir en libertad&#8221;.<\/p>\n<\/div>\n<div class=\"bbc-19j92fr ebmt73l0\" dir=\"ltr\">\n<h2 id=\"La-esperanza-real\" class=\"bbc-1lgzob2 eglt09e0\" tabindex=\"-1\">La esperanza real<\/h2>\n<\/div>\n<div class=\"bbc-19j92fr ebmt73l0\" dir=\"ltr\">\n<p class=\"bbc-hhl7in e17g058b0\" dir=\"ltr\">El llamamiento p\u00fablico no hizo ninguna diferencia.<\/p>\n<\/div>\n<div class=\"bbc-19j92fr ebmt73l0\" dir=\"ltr\">\n<p class=\"bbc-hhl7in e17g058b0\" dir=\"ltr\">Seis a\u00f1os despu\u00e9s del golpe, los coroneles declararon a Grecia como una Rep\u00fablica.<\/p>\n<\/div>\n<div class=\"bbc-19j92fr ebmt73l0\" dir=\"ltr\">\n<p class=\"bbc-hhl7in e17g058b0\" dir=\"ltr\">Los Guardias Reales cumpl\u00edan con sus deberes fuera del palacio vac\u00edo. Los cuadros reales permanec\u00edan en las paredes, pero nadie cre\u00eda que la monarqu\u00eda volver\u00eda.<\/p>\n<\/div>\n<div class=\"bbc-19j92fr ebmt73l0\" dir=\"ltr\">\n<p class=\"bbc-hhl7in e17g058b0\" dir=\"ltr\">Pero Constantino no pareci\u00f3 desanimarse.<\/p>\n<\/div>\n<div class=\"bbc-19j92fr ebmt73l0\" dir=\"ltr\">\n<p class=\"bbc-hhl7in e17g058b0\" dir=\"ltr\">&#8220;Cuando me reun\u00ed con el rey Constantino por primera vez, s\u00f3lo puso una condici\u00f3n: &#8216;Cuando me presentes -me dijo-,\u00a0por favor, no me llames ex rey'&#8221;, cont\u00f3 Richard Lindley de la BBC, recordando una entrevista en 1973.<\/p>\n<\/div>\n<div class=\"bbc-19j92fr ebmt73l0\" dir=\"ltr\">\n<p class=\"bbc-hhl7in e17g058b0\" dir=\"ltr\">&#8220;Los reyes pueden tener que vivir en el exilio, pero no pueden ser depuestos.\u00a0Un rey siempre es un rey&#8221;, subray\u00f3 el monarca de Grecia.<\/p>\n<\/div>\n<div class=\"bbc-19j92fr ebmt73l0\" dir=\"ltr\">\n<p class=\"bbc-hhl7in e17g058b0\" dir=\"ltr\">&#8220;Estoy absolutamente convencido de que cuando mi pueblo tenga la oportunidad de expresarse libremente, en ese punto, una abrumadora mayor\u00eda de ellos querr\u00e1 que regrese porque saben que cuando me convert\u00ed en rey en 1964, puse mi mano sobre la Biblia y jur\u00e9 a Dios que los proteger\u00eda a trav\u00e9s de su libertad y su Constituci\u00f3n.<\/p>\n<\/div>\n<div class=\"bbc-19j92fr ebmt73l0\" dir=\"ltr\">\n<p class=\"bbc-hhl7in e17g058b0\" dir=\"ltr\">&#8220;Y creo que desde ese punto de vista, siempre estar\u00e9 seguro de que volver\u00e9 a mi pa\u00eds&#8221;.<\/p>\n<p dir=\"ltr\">\n<\/div>\n<figure class=\"bbc-1qn0xuy\">\n<div class=\"bbc-18ywsw9\">\n<div style=\"width: 1034px\" class=\"wp-caption alignnone\"><img loading=\"lazy\" decoding=\"async\" class=\"bbc-139onq\" src=\"https:\/\/ichef.bbci.co.uk\/ace\/ws\/640\/cpsprodpb\/1ddf\/live\/fc87f600-b637-11ef-aff0-072ce821b6ab.jpg.webp\" alt=\"El rey Constantino II, nacido en 1940, y su esposa, la princesa Ana Mar\u00eda, hija menor de Federico IX de Dinamarca.\" width=\"1024\" height=\"1244\" \/><p class=\"wp-caption-text\">Fuente de la imagen,Getty Images.\u00a0\u00a0El rey Constantino II, nacido en 1940, y su esposa, Ana Mar\u00eda, hija menor de Federico IX de Dinamarca.<\/p><\/div>\n<\/div>\n<\/figure>\n<div class=\"bbc-19j92fr ebmt73l0\" dir=\"ltr\">\n<p dir=\"ltr\">\n<p dir=\"ltr\">\n<p class=\"bbc-hhl7in e17g058b0\" dir=\"ltr\">En 1974, pareci\u00f3 brillar un rayo de esperanza para Constantino.<\/p>\n<\/div>\n<div class=\"bbc-19j92fr ebmt73l0\" dir=\"ltr\">\n<p class=\"bbc-hhl7in e17g058b0\" dir=\"ltr\">La dictadura de los Coroneles colaps\u00f3.<\/p>\n<\/div>\n<div class=\"bbc-19j92fr ebmt73l0\" dir=\"ltr\">\n<p class=\"bbc-hhl7in e17g058b0\" dir=\"ltr\">El gobierno civil que asumi\u00f3 el poder hasta que se celebraran elecciones democr\u00e1ticas consider\u00f3 il\u00e9gitima la Constituci\u00f3n del r\u00e9gimen militar y restableci\u00f3 por decreto la de 1952, que establec\u00eda la forma de gobierno de Grecia como una monarqu\u00eda constitucional.<\/p>\n<\/div>\n<div class=\"bbc-19j92fr ebmt73l0\" dir=\"ltr\">\n<p class=\"bbc-hhl7in e17g058b0\" dir=\"ltr\">Todo parec\u00eda indicar que Constantino ser\u00eda reconocido nuevamente como monarca.<\/p>\n<\/div>\n<div class=\"bbc-19j92fr ebmt73l0\" dir=\"ltr\">\n<p class=\"bbc-hhl7in e17g058b0\" dir=\"ltr\">Pero tras los comicios, el nuevo primer ministro, Constantinos Karamanlis, que era el l\u00edder tradicional del partido conservador mon\u00e1rquico, convoc\u00f3 un refer\u00e9ndum para decidir el futuro de la monarqu\u00eda, de una vez por todas.<\/p>\n<\/div>\n<div class=\"bbc-19j92fr ebmt73l0\" dir=\"ltr\">\n<p class=\"bbc-hhl7in e17g058b0\" dir=\"ltr\">Los mon\u00e1rquicos, entusiasmados, crearon carteles, pegatinas, folletos e incluso compusieron una canci\u00f3n de campa\u00f1a especial para apoyar el regreso del rey.<\/p>\n<\/div>\n<div class=\"bbc-19j92fr ebmt73l0\" dir=\"ltr\">\n<p class=\"bbc-hhl7in e17g058b0\" dir=\"ltr\">Su argumento era que la constante de una democracia coronada con el rey como jefe de Estado no ejecutivo podr\u00eda garantizar la estabilidad a largo plazo de una manera que un presidente no pod\u00eda.<\/p>\n<\/div>\n<div class=\"bbc-19j92fr ebmt73l0\" dir=\"ltr\">\n<h2 id=\"Sin-rey\" class=\"bbc-1lgzob2 eglt09e0\" tabindex=\"-1\">Sin rey<\/h2>\n<\/div>\n<div class=\"bbc-19j92fr ebmt73l0\" dir=\"ltr\">\n<p class=\"bbc-hhl7in e17g058b0\" dir=\"ltr\">A pesar de estar en el meollo de la discusi\u00f3n, a Constantino no se le permiti\u00f3 viajar a Grecia para buscar apoyo.<\/p>\n<\/div>\n<div class=\"bbc-19j92fr ebmt73l0\" dir=\"ltr\">\n<p class=\"bbc-hhl7in e17g058b0\" dir=\"ltr\">Cuando le preguntaron a un ex oficial del ej\u00e9rcito, Constantino Nikoludis, si el refer\u00e9ndum podr\u00eda ir en contra de las esperanzas mon\u00e1rquicas porque el rey no estaba en Grecia para hacer campa\u00f1a, respondi\u00f3:<\/p>\n<\/div>\n<div class=\"bbc-19j92fr ebmt73l0\" dir=\"ltr\">\n<p class=\"bbc-hhl7in e17g058b0\" dir=\"ltr\">&#8220;El rey no deber\u00eda estar aqu\u00ed, y ganar\u00e1 muchos m\u00e1s votos por no estar aqu\u00ed que por estar.<\/p>\n<\/div>\n<div class=\"bbc-19j92fr ebmt73l0\" dir=\"ltr\">\n<p class=\"bbc-hhl7in e17g058b0\" dir=\"ltr\">&#8220;El rey no es un pol\u00edtico y, por lo tanto, no debe hacer campa\u00f1a, un rey est\u00e1 por encima de cosas como esa. El rey, cuando vuelva, tendr\u00e1 que ser tanto el rey de los comunistas como el rey de los socialistas&#8221;.<\/p>\n<p dir=\"ltr\">\n<\/div>\n<figure class=\"bbc-1qn0xuy\">\n<div class=\"bbc-18ywsw9\">\n<div style=\"width: 1034px\" class=\"wp-caption alignnone\"><img loading=\"lazy\" decoding=\"async\" class=\"bbc-139onq\" src=\"https:\/\/ichef.bbci.co.uk\/ace\/ws\/640\/cpsprodpb\/fd92\/live\/a53013f0-b638-11ef-a2ca-e99d0c9a24e3.jpg.webp\" alt=\"Hombres protestando con pancartas en 1967\" width=\"1024\" height=\"1048\" \/><p class=\"wp-caption-text\">Fuente de la imagen,Getty Images.\u00a0\u00a0&#8220;El rey Constantino es responsable por la tragedia griega&#8221;, dice uno de las pancartas en una protesta tras la instalaci\u00f3n de la junta militar que \u00e9l tard\u00f3 en repudiar.<\/p><\/div>\n<\/div>\n<\/figure>\n<div class=\"bbc-19j92fr ebmt73l0\" dir=\"ltr\">\n<p dir=\"ltr\">\n<p dir=\"ltr\">\n<p class=\"bbc-hhl7in e17g058b0\" dir=\"ltr\">Hab\u00eda, sin embargo, mucha gente en contra del regreso de la corona.<\/p>\n<\/div>\n<div class=\"bbc-19j92fr ebmt73l0\" dir=\"ltr\">\n<p class=\"bbc-hhl7in e17g058b0\" dir=\"ltr\">Opinaban que la monarqu\u00eda era anticuada e irrelevante, y que Constantino se hab\u00eda entrometido demasiado a menudo en la pol\u00edtica.<\/p>\n<\/div>\n<div class=\"bbc-19j92fr ebmt73l0\" dir=\"ltr\">\n<p class=\"bbc-hhl7in e17g058b0\" dir=\"ltr\">El nuevo gobierno se mantuvo neutral en la votaci\u00f3n, pero George Mavros, un antimon\u00e1rquico, dio una indicaci\u00f3n de c\u00f3mo se sent\u00edan muchos pol\u00edticos de la oposici\u00f3n.<\/p>\n<\/div>\n<div class=\"bbc-19j92fr ebmt73l0\" dir=\"ltr\">\n<p class=\"bbc-hhl7in e17g058b0\" dir=\"ltr\">&#8220;El problema pendiente de la forma de Estado, si habr\u00e1 Rep\u00fablica o Reino, ser\u00e1 decidido por el pueblo, las fuerzas de la Uni\u00f3n de Centro han dejado clara su posici\u00f3n: estamos a favor de la Rep\u00fablica, pero respetamos la voluntad del pueblo&#8221;.<\/p>\n<\/div>\n<div class=\"bbc-19j92fr ebmt73l0\" dir=\"ltr\">\n<h2 id=\"Esa-voluntad\" class=\"bbc-1lgzob2 eglt09e0\" tabindex=\"-1\">Esa voluntad<\/h2>\n<\/div>\n<div class=\"bbc-19j92fr ebmt73l0\" dir=\"ltr\">\n<p class=\"bbc-hhl7in e17g058b0\" dir=\"ltr\">D\u00edas antes de la votaci\u00f3n, Constantino hizo un \u00faltimo llamado por televisi\u00f3n al pueblo griego desde Reino Unido, donde estaba exiliado.<\/p>\n<\/div>\n<div class=\"bbc-19j92fr ebmt73l0\" dir=\"ltr\">\n<p class=\"bbc-hhl7in e17g058b0\" dir=\"ltr\">Prometi\u00f3 ser un monarca de proa, dedicado a los principios democr\u00e1ticos y a salvaguardar los derechos civiles.<\/p>\n<\/div>\n<div class=\"bbc-19j92fr ebmt73l0\" dir=\"ltr\">\n<p class=\"bbc-hhl7in e17g058b0\" dir=\"ltr\">Finalmente, el 8 de diciembre de 1974, cuatro millones y medio de personas acudieron a las urnas para emitir su voto.<\/p>\n<\/div>\n<div class=\"bbc-19j92fr ebmt73l0\" dir=\"ltr\">\n<p class=\"bbc-hhl7in e17g058b0\" dir=\"ltr\">\u00bfEl resultado? Dos a uno a favor de la Rep\u00fablica.<\/p>\n<\/div>\n<div class=\"bbc-19j92fr ebmt73l0\" dir=\"ltr\">\n<p class=\"bbc-hhl7in e17g058b0\" dir=\"ltr\">&#8220;Esta noche muri\u00f3 la monarqu\u00eda&#8221;.<\/p>\n<\/div>\n<div class=\"bbc-19j92fr ebmt73l0\" dir=\"ltr\">\n<p class=\"bbc-hhl7in e17g058b0\" dir=\"ltr\">&#8220;En las calles, gritan de j\u00fabilo, llevando velas mientras los autos siguen ululando como lo han hecho desde que la victoria republicana se hizo segura&#8221;.<\/p>\n<p dir=\"ltr\">\n<\/div>\n<figure class=\"bbc-1qn0xuy\">\n<div class=\"bbc-18ywsw9\">\n<div style=\"width: 1034px\" class=\"wp-caption alignnone\"><img loading=\"lazy\" decoding=\"async\" class=\"bbc-139onq\" src=\"https:\/\/ichef.bbci.co.uk\/ace\/ws\/640\/cpsprodpb\/9289\/live\/c8827a40-b639-11ef-a2ca-e99d0c9a24e3.jpg.webp\" alt=\"Miembros de realeza europea en un yate\" width=\"1024\" height=\"727\" \/><p class=\"wp-caption-text\">Fuente de la imagen,Getty Images.\u00a0\u00a0Aunque no pudo ir a Grecia muy a menudo, a la familia real griega se la ve\u00eda con sus pares en ocasiones formales o en vacaciones, como esta en Espa\u00f1a, donde el rey y la reina est\u00e1n vestidos de verde, al lado de la princesa Diana, en 1990.<\/p><\/div>\n<\/div>\n<\/figure>\n<div class=\"bbc-19j92fr ebmt73l0\" dir=\"ltr\">\n<p dir=\"ltr\">\n<p dir=\"ltr\">\n<p class=\"bbc-hhl7in e17g058b0\" dir=\"ltr\">&#8220;No s\u00f3lo han votado en contra de la monarqu\u00eda, sino que la han enterrado definitivamente\u00a0y de esta manera han ganado un importante primer d\u00eda en la lucha por la independencia nacional y la soberan\u00eda popular&#8221;, celebr\u00f3 el l\u00edder socialista Andreas Papandreou.<\/p>\n<\/div>\n<div class=\"bbc-19j92fr ebmt73l0\" dir=\"ltr\">\n<p class=\"bbc-hhl7in e17g058b0\" dir=\"ltr\">&#8220;Es el acontecimiento m\u00e1s significativo de este per\u00edodo. Ahora estamos en el camino hacia una Grecia que pertenecer\u00e1 a los griegos&#8221;, agreg\u00f3.<\/p>\n<\/div>\n<div class=\"bbc-19j92fr ebmt73l0\" dir=\"ltr\">\n<p class=\"bbc-hhl7in e17g058b0\" dir=\"ltr\">El primer ministro Karamanlis, por su parte, llam\u00f3 a la unidad.<\/p>\n<\/div>\n<div class=\"bbc-19j92fr ebmt73l0\" dir=\"ltr\">\n<p class=\"bbc-hhl7in e17g058b0\" dir=\"ltr\">Su portavoz dijo que no ser\u00eda prudente que Constantino regresara a Grecia en este momento.<\/p>\n<\/div>\n<div class=\"bbc-19j92fr ebmt73l0\" dir=\"ltr\">\n<h2 id=\"En-su-coraz\u00f3n\" class=\"bbc-1lgzob2 eglt09e0\" tabindex=\"-1\">En su coraz\u00f3n<\/h2>\n<\/div>\n<div class=\"bbc-19j92fr ebmt73l0\" dir=\"ltr\">\n<p class=\"bbc-hhl7in e17g058b0\" dir=\"ltr\">Durante las siguientes dos d\u00e9cadas, Constantino solo pudo visitar Grecia ocasionalmente, una vez para el funeral de su madre en 1981.<\/p>\n<\/div>\n<div class=\"bbc-19j92fr ebmt73l0\" dir=\"ltr\">\n<p class=\"bbc-hhl7in e17g058b0\" dir=\"ltr\">En 1995 fue entrevistado nuevamente por la BBC:<\/p>\n<\/div>\n<div class=\"bbc-19j92fr ebmt73l0\" dir=\"ltr\">\n<p class=\"bbc-hhl7in e17g058b0\" dir=\"ltr\"><b>&#8211; A nivel personal, \u00bfha aceptado en el fondo de su coraz\u00f3n que no volver\u00e1 a ser rey de Grecia?<\/b><\/p>\n<\/div>\n<div class=\"bbc-19j92fr ebmt73l0\" dir=\"ltr\">\n<p class=\"bbc-hhl7in e17g058b0\" dir=\"ltr\">&#8211; No puedo hacerlo por la sencilla raz\u00f3n de que no puedo adelantarme a lo que el pueblo griego querr\u00e1 hacer dentro de 5, 15, 20, 25 a\u00f1os -no s\u00e9 cu\u00e1nto tiempo voy a vivir-, pero no puedo hacerlo simplemente porque no se sabe c\u00f3mo va a reaccionar la gente.<\/p>\n<\/div>\n<div class=\"bbc-19j92fr ebmt73l0\" dir=\"ltr\">\n<p class=\"bbc-hhl7in e17g058b0\" dir=\"ltr\">&#8211; Si el pueblo griego quiere cambiar eso, lo har\u00e1 y nadie se lo va a impedir.<\/p>\n<\/div>\n<div class=\"bbc-19j92fr ebmt73l0\" dir=\"ltr\">\n<p class=\"bbc-hhl7in e17g058b0\" dir=\"ltr\"><b>&#8211; As\u00ed que lo que realmente nos est\u00e1 diciendo es que no importa cu\u00e1nto tiempo tome, si se lo piden, lo har\u00e1, siempre estar\u00e1 listo.<\/b><\/p>\n<\/div>\n<div class=\"bbc-19j92fr ebmt73l0\" dir=\"ltr\">\n<p class=\"bbc-hhl7in e17g058b0\" dir=\"ltr\">&#8211; Absolutamente.<\/p>\n<\/div>\n<div class=\"bbc-19j92fr ebmt73l0\" dir=\"ltr\">\n<p class=\"bbc-hhl7in e17g058b0\" dir=\"ltr\">Constantino nunca regres\u00f3 a Grecia como rey, pero en 2013 se le permiti\u00f3 volver a vivir en Atenas.<\/p>\n<\/div>\n<div class=\"bbc-19j92fr ebmt73l0\" dir=\"ltr\">\n<p class=\"bbc-hhl7in e17g058b0\" dir=\"ltr\">Muri\u00f3 all\u00ed 10 a\u00f1os despu\u00e9s, a la edad de 82 a\u00f1os.<\/p>\n<\/div>\n<div class=\"bbc-19j92fr ebmt73l0\" dir=\"ltr\">\n<p class=\"bbc-hhl7in e17g058b0\" dir=\"ltr\">Y Grecia sigue siendo una Rep\u00fablica.<\/p>\n<\/div>\n<div class=\"bbc-19j92fr ebmt73l0\" dir=\"ltr\"><\/div>\n","protected":false},"excerpt":{"rendered":"<p>&nbsp; &nbsp; Hace medio siglo, en la cuna de la democracia, el pueblo griego destron\u00f3 la monarqu\u00eda, no por la fuerza, sino a trav\u00e9s de&hellip;<\/p>\n","protected":false},"author":99,"featured_media":526189,"comment_status":"open","ping_status":"open","sticky":false,"template":"","format":"standard","meta":{"footnotes":""},"categories":[24],"tags":[],"class_list":["post-526188","post","type-post","status-publish","format-standard","has-post-thumbnail","hentry","category-mundo"],"_links":{"self":[{"href":"https:\/\/diarioelpopular.com\/index.php\/wp-json\/wp\/v2\/posts\/526188","targetHints":{"allow":["GET"]}}],"collection":[{"href":"https:\/\/diarioelpopular.com\/index.php\/wp-json\/wp\/v2\/posts"}],"about":[{"href":"https:\/\/diarioelpopular.com\/index.php\/wp-json\/wp\/v2\/types\/post"}],"author":[{"embeddable":true,"href":"https:\/\/diarioelpopular.com\/index.php\/wp-json\/wp\/v2\/users\/99"}],"replies":[{"embeddable":true,"href":"https:\/\/diarioelpopular.com\/index.php\/wp-json\/wp\/v2\/comments?post=526188"}],"version-history":[{"count":1,"href":"https:\/\/diarioelpopular.com\/index.php\/wp-json\/wp\/v2\/posts\/526188\/revisions"}],"predecessor-version":[{"id":526190,"href":"https:\/\/diarioelpopular.com\/index.php\/wp-json\/wp\/v2\/posts\/526188\/revisions\/526190"}],"wp:featuredmedia":[{"embeddable":true,"href":"https:\/\/diarioelpopular.com\/index.php\/wp-json\/wp\/v2\/media\/526189"}],"wp:attachment":[{"href":"https:\/\/diarioelpopular.com\/index.php\/wp-json\/wp\/v2\/media?parent=526188"}],"wp:term":[{"taxonomy":"category","embeddable":true,"href":"https:\/\/diarioelpopular.com\/index.php\/wp-json\/wp\/v2\/categories?post=526188"},{"taxonomy":"post_tag","embeddable":true,"href":"https:\/\/diarioelpopular.com\/index.php\/wp-json\/wp\/v2\/tags?post=526188"}],"curies":[{"name":"wp","href":"https:\/\/api.w.org\/{rel}","templated":true}]}}