{"id":526221,"date":"2024-12-16T10:15:09","date_gmt":"2024-12-16T14:15:09","guid":{"rendered":"https:\/\/diarioelpopular.com\/?p=526221"},"modified":"2024-12-16T10:15:09","modified_gmt":"2024-12-16T14:15:09","slug":"ven-venir-el-desastre-otros-cuatro-ministros-del-gabinete-de-trudeau-no-buscaran-la-reeleccion","status":"publish","type":"post","link":"https:\/\/diarioelpopular.com\/index.php\/2024\/12\/16\/ven-venir-el-desastre-otros-cuatro-ministros-del-gabinete-de-trudeau-no-buscaran-la-reeleccion\/","title":{"rendered":"Ven venir el desastre: otros cuatro ministros del gabinete de Trudeau no buscar\u00e1n la reelecci\u00f3n"},"content":{"rendered":"<p><img loading=\"lazy\" decoding=\"async\" class=\"alignnone size-custom-full-size wp-image-526222\" src=\"https:\/\/diarioelpopular.com\/wp-content\/uploads\/2024\/12\/Screen-Shot-2024-12-16-at-9.14.20-AM-636x359.png\" alt=\"\" width=\"636\" height=\"359\" srcset=\"https:\/\/diarioelpopular.com\/wp-content\/uploads\/2024\/12\/Screen-Shot-2024-12-16-at-9.14.20-AM-636x359.png 636w, https:\/\/diarioelpopular.com\/wp-content\/uploads\/2024\/12\/Screen-Shot-2024-12-16-at-9.14.20-AM-300x169.png 300w, https:\/\/diarioelpopular.com\/wp-content\/uploads\/2024\/12\/Screen-Shot-2024-12-16-at-9.14.20-AM-768x434.png 768w, https:\/\/diarioelpopular.com\/wp-content\/uploads\/2024\/12\/Screen-Shot-2024-12-16-at-9.14.20-AM-129x73.png 129w, https:\/\/diarioelpopular.com\/wp-content\/uploads\/2024\/12\/Screen-Shot-2024-12-16-at-9.14.20-AM.png 946w\" sizes=\"auto, (max-width: 636px) 100vw, 636px\" \/><\/p>\n<p>&nbsp;<\/p>\n<p>&nbsp;<\/p>\n<p>Un viejo refr\u00e1n dice que cuando el barco se hunde, los primeros en abandonarlo son las ratas. El primer ministro reorganizar\u00e1 de nuevo su gabinete en las pr\u00f3ximas semanas<\/p>\n<p>&nbsp;<\/p>\n<p>Cuatro ministros m\u00e1s del gabinete federal no se presentar\u00e1n a la reelecci\u00f3n, seg\u00fan ha podido saber Radio-Canada, lo que significa que el primer ministro Justin Trudeau reorganizar\u00e1 su gabinete en un momento en el que su fallido liderazgo es cada vez m\u00e1s fr\u00e1gil.<\/p>\n<p>Marie-Claude Bibeau (Ingresos Nacionales), Carla Qualtrough (Deportes), Filomena Tassi (Desarrollo Econ\u00f3mico para el Sur de Ontario) y Dan Vandal (Asuntos del Norte) han informado al primer ministro que no se presentar\u00e1n a las pr\u00f3ximas elecciones federales.<\/p>\n<p>Todos fueron elegidos en las elecciones de 2015. Los ministros Bibeau y Qualtrough han ocupado puestos ministeriales desde entonces. Bibeau est\u00e1 considerando postularse para la alcald\u00eda de Sherbrooke, prevista para el oto\u00f1o de 2025.<\/p>\n<p>Los cuatro ministros ser\u00e1n eliminados del gabinete en una reorganizaci\u00f3n programada para las pr\u00f3ximas semanas, dijeron fuentes a Radio-Canada.<\/p>\n<p>El primer ministro a\u00fan no ha fijado una fecha para la reorganizaci\u00f3n. Algunos de sus asesores creen que ser\u00eda mejor esperar al resultado de las elecciones estadounidenses del 5 de noviembre antes de finalizar el nuevo equipo ministerial.<\/p>\n<p><em><strong>Se esperan nuevas caras en el gabinete<\/strong><\/em><br \/>\nEsto eleva a seis el n\u00famero de ministros que han visto la escritura en la pared y han optado por no presentarse a la reelecci\u00f3n desde principios de verano, tras la p\u00e9rdida de dos grandes nombres cercanos a Trudeau: Seamus O&#8217;Regan y Pablo Rodr\u00edguez.<\/p>\n<p>Seg\u00fan el recuento de Radio-Canad\u00e1, 24 miembros electos del bloque liberal no tienen intenci\u00f3n de presentarse a la reelecci\u00f3n. Eso sin contar a los siete diputados que han dimitido desde las \u00faltimas elecciones, incluidos los exministros Marc Garneau, David Lametti y Carolyn Bennett.<\/p>\n<p>Se supon\u00eda que una importante reorganizaci\u00f3n en el verano de 2023 dar\u00eda nueva vida, al menos temporal, al gobierno y reemplazar\u00eda a los ministros que se acercaban a la jubilaci\u00f3n. Desde entonces, el primer ministro no ha podido ganar terreno frente al l\u00edder conservador Pierre Poilievre en las encuestas. Esta nueva ola de salidas corre el riesgo de alimentar la percepci\u00f3n de un gobierno desorganizado y en decadencia.<\/p>\n<p>El Poll Tracker de CBC muestra que los conservadores mantienen una ventaja de 20 puntos sobre los liberales.<\/p>\n<p><em><strong>Esfuerzo organizado para derrocar a Trudeau<\/strong><\/em><br \/>\nLa noticia de la salida de los ministros llega en otro de los tantos momentos turbulentos para Trudeau. Un grupo se est\u00e1 organizando para tratar de expulsarlo haciendo circular un documento que pide su salida; al menos 20 representantes electos lo han firmado. Su intenci\u00f3n es enfrentarse al primer ministro en la reuni\u00f3n del caucus de la pr\u00f3xima semana en Ottawa.<\/p>\n<p>Algunos parlamentarios liberales no han dudado en pedir su salida p\u00fablicamente, como Sean Casey, quien dice que ha escuchado el estado de \u00e1nimo de sus electores de Charlottetown.<\/p>\n<p>&#8220;El mensaje que he estado recibiendo alto y claro -y cada vez con m\u00e1s fuerza a medida que pasa el tiempo- es que es hora de que [Trudeau] se vaya. Y estoy de acuerdo&#8221;, dijo Casey al presentador de Power &amp; Politics, David Cochrane, en una entrevista exclusiva el martes. &#8220;La gente ya est\u00e1 harta. Ya no le prestan atenci\u00f3n y quieren que se vaya&#8221;.<\/p>\n","protected":false},"excerpt":{"rendered":"<p>&nbsp; &nbsp; Un viejo refr\u00e1n dice que cuando el barco se hunde, los primeros en abandonarlo son las ratas. El primer ministro reorganizar\u00e1 de nuevo&hellip;<\/p>\n","protected":false},"author":99,"featured_media":526222,"comment_status":"open","ping_status":"open","sticky":false,"template":"","format":"standard","meta":{"footnotes":""},"categories":[21],"tags":[],"class_list":["post-526221","post","type-post","status-publish","format-standard","has-post-thumbnail","hentry","category-canada"],"_links":{"self":[{"href":"https:\/\/diarioelpopular.com\/index.php\/wp-json\/wp\/v2\/posts\/526221","targetHints":{"allow":["GET"]}}],"collection":[{"href":"https:\/\/diarioelpopular.com\/index.php\/wp-json\/wp\/v2\/posts"}],"about":[{"href":"https:\/\/diarioelpopular.com\/index.php\/wp-json\/wp\/v2\/types\/post"}],"author":[{"embeddable":true,"href":"https:\/\/diarioelpopular.com\/index.php\/wp-json\/wp\/v2\/users\/99"}],"replies":[{"embeddable":true,"href":"https:\/\/diarioelpopular.com\/index.php\/wp-json\/wp\/v2\/comments?post=526221"}],"version-history":[{"count":1,"href":"https:\/\/diarioelpopular.com\/index.php\/wp-json\/wp\/v2\/posts\/526221\/revisions"}],"predecessor-version":[{"id":526223,"href":"https:\/\/diarioelpopular.com\/index.php\/wp-json\/wp\/v2\/posts\/526221\/revisions\/526223"}],"wp:featuredmedia":[{"embeddable":true,"href":"https:\/\/diarioelpopular.com\/index.php\/wp-json\/wp\/v2\/media\/526222"}],"wp:attachment":[{"href":"https:\/\/diarioelpopular.com\/index.php\/wp-json\/wp\/v2\/media?parent=526221"}],"wp:term":[{"taxonomy":"category","embeddable":true,"href":"https:\/\/diarioelpopular.com\/index.php\/wp-json\/wp\/v2\/categories?post=526221"},{"taxonomy":"post_tag","embeddable":true,"href":"https:\/\/diarioelpopular.com\/index.php\/wp-json\/wp\/v2\/tags?post=526221"}],"curies":[{"name":"wp","href":"https:\/\/api.w.org\/{rel}","templated":true}]}}