{"id":526240,"date":"2024-12-16T16:17:27","date_gmt":"2024-12-16T20:17:27","guid":{"rendered":"https:\/\/diarioelpopular.com\/?p=526240"},"modified":"2024-12-16T16:17:27","modified_gmt":"2024-12-16T20:17:27","slug":"la-ministra-de-finanzas-chrystia-freeland-dimite-del-gabinete-de-trudeau","status":"publish","type":"post","link":"https:\/\/diarioelpopular.com\/index.php\/2024\/12\/16\/la-ministra-de-finanzas-chrystia-freeland-dimite-del-gabinete-de-trudeau\/","title":{"rendered":"La ministra de Finanzas, Chrystia Freeland, dimite del gabinete de Trudeau"},"content":{"rendered":"<p>&nbsp;<\/p>\n<p><img loading=\"lazy\" decoding=\"async\" class=\"alignnone size-custom-full-size wp-image-526241\" src=\"https:\/\/diarioelpopular.com\/wp-content\/uploads\/2024\/12\/Screen-Shot-2024-12-16-at-3.17.00-PM-636x361.png\" alt=\"\" width=\"636\" height=\"361\" srcset=\"https:\/\/diarioelpopular.com\/wp-content\/uploads\/2024\/12\/Screen-Shot-2024-12-16-at-3.17.00-PM-636x361.png 636w, https:\/\/diarioelpopular.com\/wp-content\/uploads\/2024\/12\/Screen-Shot-2024-12-16-at-3.17.00-PM-300x170.png 300w, https:\/\/diarioelpopular.com\/wp-content\/uploads\/2024\/12\/Screen-Shot-2024-12-16-at-3.17.00-PM-768x436.png 768w, https:\/\/diarioelpopular.com\/wp-content\/uploads\/2024\/12\/Screen-Shot-2024-12-16-at-3.17.00-PM-129x73.png 129w, https:\/\/diarioelpopular.com\/wp-content\/uploads\/2024\/12\/Screen-Shot-2024-12-16-at-3.17.00-PM.png 856w\" sizes=\"auto, (max-width: 636px) 100vw, 636px\" \/><\/p>\n<p>&nbsp;<\/p>\n<ul>\n<li><em><strong>Los roedores contin\u00faan abandonando el barco que naufraga. Chrystia Freeland anunci\u00f3 este lunes su dimisi\u00f3n como viceprimera ministra y ministra de Finanzas de Canad\u00e1, el \u00faltimo y m\u00e1s importante cambio en el gobierno liberal de Justin Trudeau<\/strong><\/em><\/li>\n<\/ul>\n<p>&nbsp;<\/p>\n<p>Apenas unas horas antes de que se presentara la declaraci\u00f3n econ\u00f3mica de oto\u00f1o, Freeland anunci\u00f3 que dejar\u00eda el gabinete de inmediato.<\/p>\n<p>\u201cEl viernes, me dijo que ya no quer\u00eda que sirviera como su ministra de Finanzas y me ofreci\u00f3 otro puesto en el gabinete. Tras reflexionar, he llegado a la conclusi\u00f3n de que el \u00fanico camino honesto y viable es que renuncie al gabinete\u201d, dec\u00eda la carta de Freeland.<\/p>\n<p>\u201cPara ser eficaz, un ministro debe hablar en nombre del primer ministro y con su plena confianza. Al tomar su decisi\u00f3n, dej\u00f3 en claro que ya no gozo de esa confianza de manera cre\u00edble ni poseo la autoridad que conlleva. Durante las \u00faltimas semanas, usted y yo nos hemos encontrado en desacuerdo sobre el mejor camino a seguir para Canad\u00e1. Nuestro pa\u00eds enfrenta hoy un grave desaf\u00edo\u201d.<\/p>\n<p>El primer ministro ten\u00eda previsto celebrar una reuni\u00f3n de gabinete esta ma\u00f1ana antes de la publicaci\u00f3n de la declaraci\u00f3n econ\u00f3mica de oto\u00f1o de su gobierno m\u00e1s tarde esta tarde.<\/p>\n<p>El l\u00edder conservador Pierre Poilievre habl\u00f3 en Ottawa y dijo que la salida de Freeland demuestra una vez m\u00e1s que el primer ministro Trudeau ha perdido el control de su liderazgo.<\/p>\n<p>&#8220;La ministra de finanzas est\u00e1 renunciando en medio de una crisis econ\u00f3mica&#8221;, dijo Poilievre. &#8220;No podemos aceptar este tipo de caos, divisi\u00f3n, debilidad mientras nos enfrentamos a un arancel del 25 por ciento de nuestro mayor socio comercial y aliado m\u00e1s cercano.<\/p>\n<p>&#8220;Freeland conoce a Trudeau mejor que nadie y sabe que est\u00e1 fuera de control&#8221;, agreg\u00f3 Poilievre.<\/p>\n<p>Los liberales de Trudeau han seguido al partido conservador de Poilievre durante m\u00e1s de un a\u00f1o mientras una crisis de asequibilidad se apodera de la naci\u00f3n.<\/p>\n<p>El premier de Ontario, Doug Ford, tambi\u00e9n se refiri\u00f3 a la sorprendente renuncia de Freeland, diciendo que no habl\u00f3 con ella durante el fin de semana sobre su decisi\u00f3n, pero agreg\u00f3 que &#8220;todos estamos preocupados&#8221; por su renuncia.<\/p>\n<p>\u201cNo hay nada m\u00e1s importante para el mundo y Canad\u00e1 que proyectar unidad\u201d, dijo Ford.<\/p>\n<p><em><strong>Freeland y Fraser, dos grandes nombres que dejar\u00e1n el gabinete de Trudeau<\/strong><\/em><br \/>\nEl anuncio de Freeland tambi\u00e9n sigue a la noticia de que el ministro de Vivienda, Sean Fraser, no buscar\u00e1 la reelecci\u00f3n. Fraser, un blanco frecuente de ataques conservadores por el p\u00e9simo manejo del gobierno de los archivos de inmigraci\u00f3n y vivienda, era considerado un fuerte comunicador y una estrella en ascenso para los liberales.<\/p>\n<p>Este lunes por la ma\u00f1ana, Fraser dijo que tom\u00f3 esta decisi\u00f3n hace meses mientras se recuperaba de una operaci\u00f3n de cirug\u00eda de espalda y pasaba m\u00e1s tiempo con sus hijos en casa.<\/p>\n<p>\u201cMis hijos no se est\u00e1n haciendo m\u00e1s peque\u00f1os y van a necesitar a su padre cerca\u201d, dijo.<\/p>\n<p>Freeland dijo que la administraci\u00f3n de Donald Trump en los Estados Unidos est\u00e1 \u201cpersiguiendo una pol\u00edtica de nacionalismo econ\u00f3mico agresivo, incluida una amenaza de aranceles del 25 por ciento\u201d.<\/p>\n<p>\u201cNecesitamos tomar esa amenaza extremadamente en serio\u201d, escribi\u00f3 en su declaraci\u00f3n.<\/p>\n<p>\u201cEso significa mantener nuestra p\u00f3lvora fiscal seca hoy para que tengamos las reservas que podamos necesitar para una pr\u00f3xima guerra arancelaria. Eso significa evitar costosos trucos pol\u00edticos, que no podemos permitirnos y que hacen que los canadienses duden de que reconocemos la gravedad del momento. Eso significa hacer frente al nacionalismo econ\u00f3mico del \u201cEstados Unidos primero\u201d con un esfuerzo decidido para luchar por el capital y la inversi\u00f3n y los empleos que generan. Eso significa trabajar de buena fe y humildad con los primeros ministros de las provincias y territorios de nuestro gran y diverso pa\u00eds y construir una verdadera respuesta del Equipo Canad\u00e1.<\/p>\n<p>\u201cS\u00e9 que los canadienses reconocer\u00edan y respetar\u00edan ese enfoque. Saben cuando trabajamos para ellos, y tambi\u00e9n saben cuando nos centramos en nosotros mismos\u201d, continu\u00f3.<\/p>\n<p>Dice que est\u00e1 comprometida a postularse nuevamente para su esca\u00f1o en la pr\u00f3xima elecci\u00f3n federal.<\/p>\n<p>\u201cSiempre estar\u00e9 agradecida por la oportunidad de haber servido en el gobierno, y siempre estar\u00e9 orgullosa del trabajo de nuestro gobierno para Canad\u00e1 y los canadienses\u201d.<\/p>\n<p>Los premiers de Canad\u00e1 se han reunido en Toronto, y el comercio transfronterizo encabeza la agenda tras la amenaza arancelaria del presidente electo de Estados Unidos, Trump.<\/p>\n<p>\u201cSimplemente no podemos seguir as\u00ed\u201d, dijo Poilievre. \u201cAhora le toca a Jagmeet Singh darse cuenta de eso. El se\u00f1or Trudeau est\u00e1 en el cargo bajo el liderazgo de un solo hombre, Jagmeet Singh\u201d.<\/p>\n<p>Freeland, elegida por primera vez en 2015, ocup\u00f3 varios puestos clave, incluido el de Ministra de Comercio Internacional. Desempe\u00f1\u00f3 un papel importante en la renegociaci\u00f3n del TLCAN, que dio como resultado el acuerdo comercial T-MEC. Antes de entrar en la pol\u00edtica, fue periodista y autora.<\/p>\n<p><em>\u00a0The Canadian Press<\/em><\/p>\n","protected":false},"excerpt":{"rendered":"<p>&nbsp; &nbsp; Los roedores contin\u00faan abandonando el barco que naufraga. Chrystia Freeland anunci\u00f3 este lunes su dimisi\u00f3n como viceprimera ministra y ministra de Finanzas de&hellip;<\/p>\n","protected":false},"author":99,"featured_media":526241,"comment_status":"open","ping_status":"open","sticky":false,"template":"","format":"standard","meta":{"footnotes":""},"categories":[21],"tags":[],"class_list":["post-526240","post","type-post","status-publish","format-standard","has-post-thumbnail","hentry","category-canada"],"_links":{"self":[{"href":"https:\/\/diarioelpopular.com\/index.php\/wp-json\/wp\/v2\/posts\/526240","targetHints":{"allow":["GET"]}}],"collection":[{"href":"https:\/\/diarioelpopular.com\/index.php\/wp-json\/wp\/v2\/posts"}],"about":[{"href":"https:\/\/diarioelpopular.com\/index.php\/wp-json\/wp\/v2\/types\/post"}],"author":[{"embeddable":true,"href":"https:\/\/diarioelpopular.com\/index.php\/wp-json\/wp\/v2\/users\/99"}],"replies":[{"embeddable":true,"href":"https:\/\/diarioelpopular.com\/index.php\/wp-json\/wp\/v2\/comments?post=526240"}],"version-history":[{"count":1,"href":"https:\/\/diarioelpopular.com\/index.php\/wp-json\/wp\/v2\/posts\/526240\/revisions"}],"predecessor-version":[{"id":526242,"href":"https:\/\/diarioelpopular.com\/index.php\/wp-json\/wp\/v2\/posts\/526240\/revisions\/526242"}],"wp:featuredmedia":[{"embeddable":true,"href":"https:\/\/diarioelpopular.com\/index.php\/wp-json\/wp\/v2\/media\/526241"}],"wp:attachment":[{"href":"https:\/\/diarioelpopular.com\/index.php\/wp-json\/wp\/v2\/media?parent=526240"}],"wp:term":[{"taxonomy":"category","embeddable":true,"href":"https:\/\/diarioelpopular.com\/index.php\/wp-json\/wp\/v2\/categories?post=526240"},{"taxonomy":"post_tag","embeddable":true,"href":"https:\/\/diarioelpopular.com\/index.php\/wp-json\/wp\/v2\/tags?post=526240"}],"curies":[{"name":"wp","href":"https:\/\/api.w.org\/{rel}","templated":true}]}}