{"id":526267,"date":"2024-12-17T10:07:31","date_gmt":"2024-12-17T14:07:31","guid":{"rendered":"https:\/\/diarioelpopular.com\/?p=526267"},"modified":"2024-12-17T10:14:26","modified_gmt":"2024-12-17T14:14:26","slug":"parlamento-se-prepara-para-tomar-primero-sus-vacaciones-pero-con-freeland-fuera-y-el-deficit-federal-en-aumento-lo-primero-es-lo-primero","status":"publish","type":"post","link":"https:\/\/diarioelpopular.com\/index.php\/2024\/12\/17\/parlamento-se-prepara-para-tomar-primero-sus-vacaciones-pero-con-freeland-fuera-y-el-deficit-federal-en-aumento-lo-primero-es-lo-primero\/","title":{"rendered":"Parlamento se prepara para tomar primero sus vacaciones pero con Freeland fuera y el d\u00e9ficit federal en aumento, lo primero es lo primero"},"content":{"rendered":"<p><img loading=\"lazy\" decoding=\"async\" class=\"alignnone size-custom-full-size wp-image-526268\" src=\"https:\/\/diarioelpopular.com\/wp-content\/uploads\/2024\/12\/Screen-Shot-2024-12-17-at-8.51.27-AM-636x475.png\" alt=\"\" width=\"636\" height=\"475\" srcset=\"https:\/\/diarioelpopular.com\/wp-content\/uploads\/2024\/12\/Screen-Shot-2024-12-17-at-8.51.27-AM-636x475.png 636w, https:\/\/diarioelpopular.com\/wp-content\/uploads\/2024\/12\/Screen-Shot-2024-12-17-at-8.51.27-AM-300x224.png 300w, https:\/\/diarioelpopular.com\/wp-content\/uploads\/2024\/12\/Screen-Shot-2024-12-17-at-8.51.27-AM-768x573.png 768w, https:\/\/diarioelpopular.com\/wp-content\/uploads\/2024\/12\/Screen-Shot-2024-12-17-at-8.51.27-AM-98x73.png 98w, https:\/\/diarioelpopular.com\/wp-content\/uploads\/2024\/12\/Screen-Shot-2024-12-17-at-8.51.27-AM.png 844w\" sizes=\"auto, (max-width: 636px) 100vw, 636px\" \/><\/p>\n<p>&nbsp;<\/p>\n<p>&nbsp;<\/p>\n<ul>\n<li><em><strong>Los miembros del Parlamento se preparan para comenzar sus vacaciones hoy, poniendo fin a una tumultuosa sesi\u00f3n de oto\u00f1o llena de votos de censura, obstrucciones, legislaci\u00f3n estancada, un d\u00e9ficit creciente y la renuncia del ministro de finanzas, entre otros 4 anteriormente.<\/strong><\/em><\/li>\n<\/ul>\n<p>&nbsp;<\/p>\n<p>Despu\u00e9s de la sorprendente salida de Chrystia Freeland del gabinete el lunes por la ma\u00f1ana, varios parlamentarios liberales pidieron, una vez m\u00e1s, que el Primer Ministro Justin Trudeau tambi\u00e9n se hiciera a un lado.<\/p>\n<p>El parlamentario de Ontario Chad Collins sali\u00f3 de una reuni\u00f3n del caucus vespertino diciendo a los periodistas que el caucus liberal est\u00e1 dividido y que el partido necesita una carrera por el liderazgo.<\/p>\n<p>Dominic LeBlanc jur\u00f3 como nuevo ministro de finanzas el lunes, minutos despu\u00e9s de que se publicara la declaraci\u00f3n econ\u00f3mica de oto\u00f1o del gobierno.<\/p>\n<p>La actualizaci\u00f3n econ\u00f3mica muestra que el d\u00e9ficit ha crecido a unos $ 62 mil millones, mucho m\u00e1s all\u00e1 del objetivo de $ 40 mil millones que Freeland estableci\u00f3 a principios de este a\u00f1o y a\u00fan as\u00ed Trudeau sigue regalando dinero y rebajando el impuesto a las ventas en un barato truco para levantar imagen y comprar votos.<\/p>\n<p>La actualizaci\u00f3n incluye $1.3 mil millones en nuevos gastos para medidas para reforzar la frontera en respuesta a la amenaza del presidente electo de Estados Unidos, Donald Trump, de imponer aranceles del 25 por ciento a los productos canadienses.<\/p>\n<p>LeBlanc, quien tambi\u00e9n est\u00e1 a cargo de asuntos intergubernamentales e instituciones democr\u00e1ticas, dice que su principal prioridad como ministro de finanzas ser\u00e1 abordar los problemas de asequibilidad.<\/p>\n<p>Tambi\u00e9n seguir\u00e1 supervisando el expediente de seguridad p\u00fablica, implementando nuevas medidas fronterizas, hasta que Trudeau realice una reorganizaci\u00f3n m\u00e1s amplia del gabinete. Se espera que eso suceda pronto para reemplazar a los ministros que han anunciado que no buscar\u00e1n la reelecci\u00f3n.<\/p>\n<p>El Parlamento se reanudar\u00e1 el 27 de enero, despu\u00e9s de la investidura de Trump.<\/p>\n<p>Cuando eso suceda, los liberales pueden no contar con el apoyo del NDP en cuestiones de confianza, si es que el l\u00edder de este partido se pone los pantalones en su puesto.<\/p>\n<p>El l\u00edder del NDP, Jagmeet Singh, pidi\u00f3 la renuncia de Trudeau el lunes, pero parece ser que le faltaron agallas, por no ofender su masculinidad, a decir que su grupo parlamentario votar\u00eda para derrocar al gobierno. Su partido ha votado hasta ahora tres veces a favor de los liberales sobre mociones de censura este oto\u00f1o, asegurando la supervivencia del gobierno minoritario.<\/p>\n<p>Gran parte de la sesi\u00f3n de oto\u00f1o estuvo dominada en la C\u00e1mara de los Comunes por una maniobra obstruccionista sobre una moci\u00f3n de privilegio conservadora relacionada con el mal uso de un fondo de tecnolog\u00eda verde ahora extinto. Esto ha paralizado la mayor\u00eda de las leyes en la C\u00e1mara desde fines de septiembre.<\/p>\n","protected":false},"excerpt":{"rendered":"<p>&nbsp; &nbsp; Los miembros del Parlamento se preparan para comenzar sus vacaciones hoy, poniendo fin a una tumultuosa sesi\u00f3n de oto\u00f1o llena de votos de&hellip;<\/p>\n","protected":false},"author":99,"featured_media":526268,"comment_status":"open","ping_status":"open","sticky":false,"template":"","format":"standard","meta":{"footnotes":""},"categories":[21,11191],"tags":[],"class_list":["post-526267","post","type-post","status-publish","format-standard","has-post-thumbnail","hentry","category-canada","category-top-news"],"_links":{"self":[{"href":"https:\/\/diarioelpopular.com\/index.php\/wp-json\/wp\/v2\/posts\/526267","targetHints":{"allow":["GET"]}}],"collection":[{"href":"https:\/\/diarioelpopular.com\/index.php\/wp-json\/wp\/v2\/posts"}],"about":[{"href":"https:\/\/diarioelpopular.com\/index.php\/wp-json\/wp\/v2\/types\/post"}],"author":[{"embeddable":true,"href":"https:\/\/diarioelpopular.com\/index.php\/wp-json\/wp\/v2\/users\/99"}],"replies":[{"embeddable":true,"href":"https:\/\/diarioelpopular.com\/index.php\/wp-json\/wp\/v2\/comments?post=526267"}],"version-history":[{"count":2,"href":"https:\/\/diarioelpopular.com\/index.php\/wp-json\/wp\/v2\/posts\/526267\/revisions"}],"predecessor-version":[{"id":526274,"href":"https:\/\/diarioelpopular.com\/index.php\/wp-json\/wp\/v2\/posts\/526267\/revisions\/526274"}],"wp:featuredmedia":[{"embeddable":true,"href":"https:\/\/diarioelpopular.com\/index.php\/wp-json\/wp\/v2\/media\/526268"}],"wp:attachment":[{"href":"https:\/\/diarioelpopular.com\/index.php\/wp-json\/wp\/v2\/media?parent=526267"}],"wp:term":[{"taxonomy":"category","embeddable":true,"href":"https:\/\/diarioelpopular.com\/index.php\/wp-json\/wp\/v2\/categories?post=526267"},{"taxonomy":"post_tag","embeddable":true,"href":"https:\/\/diarioelpopular.com\/index.php\/wp-json\/wp\/v2\/tags?post=526267"}],"curies":[{"name":"wp","href":"https:\/\/api.w.org\/{rel}","templated":true}]}}