{"id":526276,"date":"2024-12-17T10:20:07","date_gmt":"2024-12-17T14:20:07","guid":{"rendered":"https:\/\/diarioelpopular.com\/?p=526276"},"modified":"2024-12-17T10:20:07","modified_gmt":"2024-12-17T14:20:07","slug":"la-tasa-de-inflacion-de-canada-bajo-ligeramente-al-1-9-en-noviembre","status":"publish","type":"post","link":"https:\/\/diarioelpopular.com\/index.php\/2024\/12\/17\/la-tasa-de-inflacion-de-canada-bajo-ligeramente-al-1-9-en-noviembre\/","title":{"rendered":"La tasa de inflaci\u00f3n de Canad\u00e1 baj\u00f3 ligeramente al 1,9% en noviembre"},"content":{"rendered":"<div id=\"attachment_526277\" style=\"width: 646px\" class=\"wp-caption alignnone\"><img loading=\"lazy\" decoding=\"async\" aria-describedby=\"caption-attachment-526277\" class=\"wp-image-526277 size-custom-full-size\" src=\"https:\/\/diarioelpopular.com\/wp-content\/uploads\/2024\/12\/Screen-Shot-2024-12-17-at-9.19.22-AM-636x357.png\" alt=\"\" width=\"636\" height=\"357\" srcset=\"https:\/\/diarioelpopular.com\/wp-content\/uploads\/2024\/12\/Screen-Shot-2024-12-17-at-9.19.22-AM-636x357.png 636w, https:\/\/diarioelpopular.com\/wp-content\/uploads\/2024\/12\/Screen-Shot-2024-12-17-at-9.19.22-AM-300x168.png 300w, https:\/\/diarioelpopular.com\/wp-content\/uploads\/2024\/12\/Screen-Shot-2024-12-17-at-9.19.22-AM-768x431.png 768w, https:\/\/diarioelpopular.com\/wp-content\/uploads\/2024\/12\/Screen-Shot-2024-12-17-at-9.19.22-AM-1200x673.png 1200w, https:\/\/diarioelpopular.com\/wp-content\/uploads\/2024\/12\/Screen-Shot-2024-12-17-at-9.19.22-AM-130x73.png 130w, https:\/\/diarioelpopular.com\/wp-content\/uploads\/2024\/12\/Screen-Shot-2024-12-17-at-9.19.22-AM.png 1024w\" sizes=\"auto, (max-width: 636px) 100vw, 636px\" \/><p id=\"caption-attachment-526277\" class=\"wp-caption-text\">THE CANADIAN PRESS\/Cole Burston<\/p><\/div>\n<p>&nbsp;<\/p>\n<p>&nbsp;<\/p>\n<ul>\n<li><em><strong>El informe del \u00edndice de precios al consumidor de Statistics Canada publicado este martes indica que la inflaci\u00f3n baj\u00f3 ligeramente al 1,9% en noviembre. Eso es menor que el 2% de octubre.<\/strong><\/em><\/li>\n<\/ul>\n<p>&nbsp;<\/p>\n<p>&nbsp;<\/p>\n<p>Los costos de alojamiento aumentaron a un ritmo anual m\u00e1s lento del 4,6%, mientras que la inflaci\u00f3n del precio del alquiler se aceler\u00f3 al 7,7%.<\/p>\n<p>Los precios de los alimentos siguieron creciendo m\u00e1s r\u00e1pido que los precios generales, aumentando un 2,6% respecto al a\u00f1o anterior.<\/p>\n<p>La inflaci\u00f3n ha rondado el objetivo del 2% durante varios meses, lo que allana el camino para que el Banco de Canad\u00e1 reduzca las tasas de inter\u00e9s.<\/p>\n<p>Despu\u00e9s de aplicar un segundo recorte consecutivo de medio punto porcentual la semana pasada, el gobernador del Banco de Canad\u00e1, Tiff Macklem, se\u00f1al\u00f3 que habr\u00eda m\u00e1s reducciones de tasas, pero que el banco central probablemente reducir\u00eda el tama\u00f1o de los recortes.<\/p>\n","protected":false},"excerpt":{"rendered":"<p>&nbsp; &nbsp; El informe del \u00edndice de precios al consumidor de Statistics Canada publicado este martes indica que la inflaci\u00f3n baj\u00f3 ligeramente al 1,9% en&hellip;<\/p>\n","protected":false},"author":99,"featured_media":526277,"comment_status":"open","ping_status":"open","sticky":false,"template":"","format":"standard","meta":{"footnotes":""},"categories":[21],"tags":[],"class_list":["post-526276","post","type-post","status-publish","format-standard","has-post-thumbnail","hentry","category-canada"],"_links":{"self":[{"href":"https:\/\/diarioelpopular.com\/index.php\/wp-json\/wp\/v2\/posts\/526276","targetHints":{"allow":["GET"]}}],"collection":[{"href":"https:\/\/diarioelpopular.com\/index.php\/wp-json\/wp\/v2\/posts"}],"about":[{"href":"https:\/\/diarioelpopular.com\/index.php\/wp-json\/wp\/v2\/types\/post"}],"author":[{"embeddable":true,"href":"https:\/\/diarioelpopular.com\/index.php\/wp-json\/wp\/v2\/users\/99"}],"replies":[{"embeddable":true,"href":"https:\/\/diarioelpopular.com\/index.php\/wp-json\/wp\/v2\/comments?post=526276"}],"version-history":[{"count":1,"href":"https:\/\/diarioelpopular.com\/index.php\/wp-json\/wp\/v2\/posts\/526276\/revisions"}],"predecessor-version":[{"id":526278,"href":"https:\/\/diarioelpopular.com\/index.php\/wp-json\/wp\/v2\/posts\/526276\/revisions\/526278"}],"wp:featuredmedia":[{"embeddable":true,"href":"https:\/\/diarioelpopular.com\/index.php\/wp-json\/wp\/v2\/media\/526277"}],"wp:attachment":[{"href":"https:\/\/diarioelpopular.com\/index.php\/wp-json\/wp\/v2\/media?parent=526276"}],"wp:term":[{"taxonomy":"category","embeddable":true,"href":"https:\/\/diarioelpopular.com\/index.php\/wp-json\/wp\/v2\/categories?post=526276"},{"taxonomy":"post_tag","embeddable":true,"href":"https:\/\/diarioelpopular.com\/index.php\/wp-json\/wp\/v2\/tags?post=526276"}],"curies":[{"name":"wp","href":"https:\/\/api.w.org\/{rel}","templated":true}]}}