{"id":526356,"date":"2024-12-19T10:54:58","date_gmt":"2024-12-19T14:54:58","guid":{"rendered":"https:\/\/diarioelpopular.com\/?p=526356"},"modified":"2024-12-19T10:54:58","modified_gmt":"2024-12-19T14:54:58","slug":"las-largas-demoras-judiciales-plagan-los-casos-penales-en-todo-el-pais-y-los-delincuentes-se-aprovechan","status":"publish","type":"post","link":"https:\/\/diarioelpopular.com\/index.php\/2024\/12\/19\/las-largas-demoras-judiciales-plagan-los-casos-penales-en-todo-el-pais-y-los-delincuentes-se-aprovechan\/","title":{"rendered":"Las largas demoras judiciales plagan los casos penales en todo el pa\u00eds y los delincuentes se aprovechan"},"content":{"rendered":"<p><img loading=\"lazy\" decoding=\"async\" class=\"alignnone size-custom-full-size wp-image-526357\" src=\"https:\/\/diarioelpopular.com\/wp-content\/uploads\/2024\/12\/Screen-Shot-2024-12-19-at-9.53.44-AM-636x399.png\" alt=\"\" width=\"636\" height=\"399\" srcset=\"https:\/\/diarioelpopular.com\/wp-content\/uploads\/2024\/12\/Screen-Shot-2024-12-19-at-9.53.44-AM-636x399.png 636w, https:\/\/diarioelpopular.com\/wp-content\/uploads\/2024\/12\/Screen-Shot-2024-12-19-at-9.53.44-AM-300x188.png 300w, https:\/\/diarioelpopular.com\/wp-content\/uploads\/2024\/12\/Screen-Shot-2024-12-19-at-9.53.44-AM-768x482.png 768w, https:\/\/diarioelpopular.com\/wp-content\/uploads\/2024\/12\/Screen-Shot-2024-12-19-at-9.53.44-AM-116x73.png 116w, https:\/\/diarioelpopular.com\/wp-content\/uploads\/2024\/12\/Screen-Shot-2024-12-19-at-9.53.44-AM.png 854w\" sizes=\"auto, (max-width: 636px) 100vw, 636px\" \/><\/p>\n<p>&nbsp;<\/p>\n<ul>\n<li><em><strong>Las demoras legales hacen que sea cada vez m\u00e1s dif\u00edcil para las personas tener su d\u00eda en la corte. Los delincuentes entrar y salen de la c\u00e1rcel, con el benepl\u00e1cito de los jueces, como Pedro por su casa<\/strong><\/em><\/li>\n<\/ul>\n<p>&nbsp;<\/p>\n<p>&nbsp;<\/p>\n<p>Una familia de Saskatoon dice que perdi\u00f3 justicia despu\u00e9s de que las demoras obligaran al juez a suspender los procedimientos en un caso de conducci\u00f3n en estado de ebriedad que mat\u00f3 a su hija.<\/p>\n<p>&#8220;Esto se recordar\u00e1 como un evento terrible en nuestro sistema de justicia&#8221;, dijo la amiga de la familia Sarah Smokeday.<\/p>\n<p>Baeleigh Maurice, de 9 a\u00f1os, fue atropellada y asesinada por un cami\u00f3n mientras estaba en un cruce de peatones de Saskatoon en septiembre de 2021.<\/p>\n<p>El responsable fue acusado de conducir en estado de ebriedad causando la muerte. Pero un juez suspendi\u00f3 ese cargo a fines de la semana pasada despu\u00e9s de meses de demoras en los procedimientos legales.<\/p>\n<p>&#8220;La demora en el sistema de justicia, particularmente en la justicia civil y penal, es un problema enorme&#8221;, dijo Gerard Kennedy, profesor asociado de derecho en la Universidad de Alberta.<\/p>\n<p>&#8220;En lo civil, es incluso peor que en lo penal. \u201cA menudo se necesitan a\u00f1os para conseguir una fecha de juicio, lo que incentiva a muchas personas a no utilizar el sistema de justicia civil\u201d.<\/p>\n<p>Seg\u00fan la Carta Canadiense de Derechos y Libertades, el acusado tiene derecho a ser juzgado en un plazo razonable. Los asuntos penales en los tribunales provinciales deben llegar a una conclusi\u00f3n en 18 meses. Para los tribunales superiores, el plazo l\u00edmite es de 30 meses. La carta no especifica plazos para los casos civiles.<\/p>\n<p>Si la Corona no puede demostrar que hubo circunstancias excepcionales detr\u00e1s de las demoras, el juez no tiene otra opci\u00f3n que suspender los procedimientos.<\/p>\n<p>\u201cEse aspecto de este r\u00e9gimen, en realidad creo que es razonable, porque incentiva a todos los actores del sistema de justicia a seguir adelante\u201d, dijo Kennedy.<\/p>\n<p>Los tribunales se enfrentaban a un retraso antes del COVID-19, seg\u00fan Donna Kellway, presidente de la Asociaci\u00f3n de Abogados de la Corona de Ontario. La pandemia exacerb\u00f3 el problema.<\/p>\n<p>Si bien el sistema de justicia intenta lidiar con el retraso dentro del plazo de la carta, Kellway dijo que se agregan nuevos casos a la carga de trabajo todos los d\u00edas.<\/p>\n<p>\u201cSe fijan m\u00e1s juicios en una lista de los que es posible atender\u201d, dijo Kellway.<\/p>\n<p>\u201cHay muchos fiscales que se enfrentan a situaciones muy emotivas y a material muy traum\u00e1tico. Y es un factor estresante adicional saber que no es posible atender todos estos asuntos el d\u00eda en que est\u00e1n programados\u201d.<\/p>\n<p>Las demoras plagan el sistema legal por varias razones, seg\u00fan Palma Paciocco, profesora de la Facultad de Derecho Osgoode Hall de la Universidad de York.<\/p>\n<p>\u201cEsto es en gran medida una cuesti\u00f3n de oferta y demanda\u201d, dijo Paciocco.<\/p>\n<p>Las vacantes de personal judicial y de los tribunales, el espacio limitado en las salas de audiencias y los procesos legales cada vez m\u00e1s complicados contribuyen a las demoras en el sistema de justicia.<\/p>\n<p>Paciocco dice que no hay una soluci\u00f3n r\u00e1pida, pero hay algunas opciones al alcance de la mano, como abordar la escasez de personal.<\/p>\n<p>\u201cNo es necesariamente f\u00e1cil cubrir esos puestos. Queremos asegurarnos de que lleguen personas calificadas, pero es bastante obvio que eso podr\u00eda marcar alguna diferencia\u201d, dijo.<\/p>\n<p>Seg\u00fan un portavoz del ministro de Justicia, Arif Virani, las vacantes judiciales han disminuido de manera constante en todo el pa\u00eds en los \u00faltimos 18 meses.<\/p>\n<p>M\u00e1s del 96 por ciento de los puestos judiciales est\u00e1n cubiertos, lo que deja 35 vacantes en todo el pa\u00eds.<\/p>\n<p>\u201cMuchas de las vacantes restantes se derivan del esfuerzo de nuestro gobierno por ampliar la capacidad judicial, creando 116 nuevos puestos judiciales desde 2017 para aumentar el acceso a la justicia\u201d, dijo la portavoz Chantalle Aubertin a CTV News.<\/p>\n<p>Pero las vacantes son solo una pieza del rompecabezas.<\/p>\n<p>Una soluci\u00f3n m\u00e1s \u201cambiciosa\u201d a los retrasos, seg\u00fan Paciocco, ser\u00eda analizar los problemas sociales, como los casos de salud mental y adicciones, que podr\u00edan abordarse mejor fuera del sistema de justicia penal.<\/p>\n<p>Simplificar los procedimientos y utilizar la tecnolog\u00eda para mejorar la eficiencia podr\u00edan ser otras soluciones, dijo Paciocco.<\/p>\n","protected":false},"excerpt":{"rendered":"<p>&nbsp; Las demoras legales hacen que sea cada vez m\u00e1s dif\u00edcil para las personas tener su d\u00eda en la corte. Los delincuentes entrar y salen&hellip;<\/p>\n","protected":false},"author":99,"featured_media":526357,"comment_status":"open","ping_status":"open","sticky":false,"template":"","format":"standard","meta":{"footnotes":""},"categories":[21,11191],"tags":[],"class_list":["post-526356","post","type-post","status-publish","format-standard","has-post-thumbnail","hentry","category-canada","category-top-news"],"_links":{"self":[{"href":"https:\/\/diarioelpopular.com\/index.php\/wp-json\/wp\/v2\/posts\/526356","targetHints":{"allow":["GET"]}}],"collection":[{"href":"https:\/\/diarioelpopular.com\/index.php\/wp-json\/wp\/v2\/posts"}],"about":[{"href":"https:\/\/diarioelpopular.com\/index.php\/wp-json\/wp\/v2\/types\/post"}],"author":[{"embeddable":true,"href":"https:\/\/diarioelpopular.com\/index.php\/wp-json\/wp\/v2\/users\/99"}],"replies":[{"embeddable":true,"href":"https:\/\/diarioelpopular.com\/index.php\/wp-json\/wp\/v2\/comments?post=526356"}],"version-history":[{"count":1,"href":"https:\/\/diarioelpopular.com\/index.php\/wp-json\/wp\/v2\/posts\/526356\/revisions"}],"predecessor-version":[{"id":526358,"href":"https:\/\/diarioelpopular.com\/index.php\/wp-json\/wp\/v2\/posts\/526356\/revisions\/526358"}],"wp:featuredmedia":[{"embeddable":true,"href":"https:\/\/diarioelpopular.com\/index.php\/wp-json\/wp\/v2\/media\/526357"}],"wp:attachment":[{"href":"https:\/\/diarioelpopular.com\/index.php\/wp-json\/wp\/v2\/media?parent=526356"}],"wp:term":[{"taxonomy":"category","embeddable":true,"href":"https:\/\/diarioelpopular.com\/index.php\/wp-json\/wp\/v2\/categories?post=526356"},{"taxonomy":"post_tag","embeddable":true,"href":"https:\/\/diarioelpopular.com\/index.php\/wp-json\/wp\/v2\/tags?post=526356"}],"curies":[{"name":"wp","href":"https:\/\/api.w.org\/{rel}","templated":true}]}}