{"id":526377,"date":"2024-12-19T15:49:56","date_gmt":"2024-12-19T19:49:56","guid":{"rendered":"https:\/\/diarioelpopular.com\/?p=526377"},"modified":"2024-12-19T15:49:56","modified_gmt":"2024-12-19T19:49:56","slug":"residencias-de-cuidados-a-largo-plazo-para-las-comunidades","status":"publish","type":"post","link":"https:\/\/diarioelpopular.com\/index.php\/2024\/12\/19\/residencias-de-cuidados-a-largo-plazo-para-las-comunidades\/","title":{"rendered":"Residencias de cuidados a largo plazo para las comunidades"},"content":{"rendered":"<p><img loading=\"lazy\" decoding=\"async\" class=\"alignnone size-custom-big-size wp-image-526378\" src=\"https:\/\/diarioelpopular.com\/wp-content\/uploads\/2024\/12\/1000045262-1200x1200.jpg\" alt=\"\" width=\"1200\" height=\"1200\" srcset=\"https:\/\/diarioelpopular.com\/wp-content\/uploads\/2024\/12\/1000045262-1200x1200.jpg 1200w, https:\/\/diarioelpopular.com\/wp-content\/uploads\/2024\/12\/1000045262-150x150.jpg 150w, https:\/\/diarioelpopular.com\/wp-content\/uploads\/2024\/12\/1000045262-300x300.jpg 300w, https:\/\/diarioelpopular.com\/wp-content\/uploads\/2024\/12\/1000045262-768x768.jpg 768w, https:\/\/diarioelpopular.com\/wp-content\/uploads\/2024\/12\/1000045262-636x636.jpg 636w, https:\/\/diarioelpopular.com\/wp-content\/uploads\/2024\/12\/1000045262-73x73.jpg 73w, https:\/\/diarioelpopular.com\/wp-content\/uploads\/2024\/12\/1000045262.jpg 1024w\" sizes=\"auto, (max-width: 1200px) 100vw, 1200px\" \/><\/p>\n<p>&nbsp;<\/p>\n<ul>\n<li><em><strong>Entrevista con la Ministra de Cuidados a Largo Plazo de Ontario, Natalia Kusendova-Bashta<\/strong><\/em><\/li>\n<\/ul>\n<p>&nbsp;<\/p>\n<p><em>Se ha preparado una nueva ley para apoyar el cuidado de las personas mayores y las personas con demencia. \u00bfQu\u00e9 significa esta nueva ley en la pr\u00e1ctica para las familias de estas personas?<\/em><\/p>\n<p>Natalia Kusendova-Bashta: Desde que asum\u00ed el cargo de Ministra de Cuidados a Largo Plazo, hace seis meses comenc\u00e9 a trabajar en la ley para apoyar a las personas mayores y a sus cuidadores. Actualmente estamos invirtiendo $114 millones para mejorar y ampliar la atenci\u00f3n para adultos mayores y personas con demencia. Todas las residencias de cuidados a largo plazo tendr\u00e1n un programa de atenci\u00f3n para la demencia. Este proyecto de ley tambi\u00e9n garantiza que las personas mayores que a\u00fan viven en sus propias casas tengan acceso a ciertos servicios en las residencias de cuidados a largo plazo, como servicios cl\u00ednicos y programas recreativos.<br \/>\nEn este momento, nuestras residencias de cuidados a largo plazo est\u00e1n como cerradas en s\u00ed mismas. Me gustar\u00eda abrir estas residencias para que las personas mayores que viven cerca puedan venir, por ejemplo, el viernes por la tarde a tomar un caf\u00e9, conocer a otras personas mayores y recibir ayuda m\u00e9dica o cuidados de higiene.<\/p>\n<p><em>Tambi\u00e9n quieren desarrollar residencias de ancianos para grupos \u00e9tnicos espec\u00edficos. \u00bfPor qu\u00e9 este plan en particular?<\/em><br \/>\nN K-B: Para m\u00ed y para mi ministerio es muy importante seguir construyendo las llamadas residencias de cuidados culturales. En Ontario tenemos casi 70 de estas casas, para diversos grupos \u00e9tnicos. Tenemos casas de este tipo para las comunidades ucraniana, jud\u00eda, italiana, sij y muchas otras comunidades.<br \/>\nSe trata de algo bastante singular: otras provincias no necesariamente financian este tipo de casas con fondos p\u00fablicos. Queremos construir m\u00e1s residencias \u00e9tnicas porque las personas con demencia a menudo olvidan su segunda lengua y solo pueden comunicarse con ellas en su lengua materna.<\/p>\n<p><em>\u00bfEn qu\u00e9 direcci\u00f3n cree que se desarrollar\u00e1 la atenci\u00f3n a largo plazo, teniendo en cuenta el envejecimiento de la sociedad?<\/em><br \/>\nN K-B:<br \/>\nCreo que es importante que sigamos invirtiendo en la construcci\u00f3n de nuevas viviendas a largo plazo. Desafortunadamente, el gobierno liberal anterior no invirti\u00f3 en la construcci\u00f3n de nuevas residencias para ancianos, por lo que tenemos una escasez muy grave de esas plazas. Actualmente, nuestro gobierno est\u00e1 invirtiendo 6.400 millones de d\u00f3lares para ampliar la infraestructura. Nuestro objetivo como gobierno es construir otras 58.000 plazas para nuestros mayores. Actualmente, hay 80.000 plazas en residencias para ancianos, por lo que construir otras 58.000 es una meta muy ambiciosa. requiere inversi\u00f3n del gobierno. Y lo estamos haciendo.<\/p>\n<p><em>Actualmente est\u00e1s esperando un hijo. \u00bfPuedes decir cu\u00e1ndo se espera el nacimiento? \u00bfYa has elegido el nombre de tu beb\u00e9?<\/em><br \/>\nN K-B: S\u00ed, estamos esperando en enero, muy pronto. Esperaremos hasta que nazca el beb\u00e9 y luego decidiremos el nombre.<\/p>\n<p><em>\u00bfSabes si ser\u00e1 un ni\u00f1o o una ni\u00f1a?<\/em><br \/>\nN K-B: S\u00ed, pero no lo dir\u00e9.<\/p>\n<p><em>\u00bfVas a tomarte la baja por maternidad?<\/em><br \/>\nN K-B: Voy a tomarme la baja por maternidad durante 2 o 3 meses. Tenemos que aprobar un nuevo presupuesto en marzo. Estamos luchando arduamente para conseguir nuevos fondos para nuestro ministerio. A d\u00eda de hoy, mi ministerio tiene un presupuesto de 9.300 millones de d\u00f3lares, pero esperamos aumentar nuestra financiaci\u00f3n en los pr\u00f3ximos a\u00f1os.<br \/>\nMe gustar\u00eda volver a trabajar en marzo para poder anunciar el nuevo presupuesto de mi ministerio junto con el Ministro de Finanzas.<br \/>\nEs importante saber que desde que Doug Ford se convirti\u00f3 en primer ministro de Ontario, la inversi\u00f3n en atenci\u00f3n sanitaria ha aumentado en m\u00e1s del 30 por ciento. Se trata de inversiones muy elevadas que nuestro gobierno est\u00e1 haciendo porque sabemos que nada es m\u00e1s importante para los habitantes de Ontario que su salud.<\/p>\n","protected":false},"excerpt":{"rendered":"<p>&nbsp; Entrevista con la Ministra de Cuidados a Largo Plazo de Ontario, Natalia Kusendova-Bashta &nbsp; Se ha preparado una nueva ley para apoyar el cuidado&hellip;<\/p>\n","protected":false},"author":99,"featured_media":526378,"comment_status":"open","ping_status":"open","sticky":false,"template":"","format":"standard","meta":{"footnotes":""},"categories":[21],"tags":[],"class_list":["post-526377","post","type-post","status-publish","format-standard","has-post-thumbnail","hentry","category-canada"],"_links":{"self":[{"href":"https:\/\/diarioelpopular.com\/index.php\/wp-json\/wp\/v2\/posts\/526377","targetHints":{"allow":["GET"]}}],"collection":[{"href":"https:\/\/diarioelpopular.com\/index.php\/wp-json\/wp\/v2\/posts"}],"about":[{"href":"https:\/\/diarioelpopular.com\/index.php\/wp-json\/wp\/v2\/types\/post"}],"author":[{"embeddable":true,"href":"https:\/\/diarioelpopular.com\/index.php\/wp-json\/wp\/v2\/users\/99"}],"replies":[{"embeddable":true,"href":"https:\/\/diarioelpopular.com\/index.php\/wp-json\/wp\/v2\/comments?post=526377"}],"version-history":[{"count":1,"href":"https:\/\/diarioelpopular.com\/index.php\/wp-json\/wp\/v2\/posts\/526377\/revisions"}],"predecessor-version":[{"id":526379,"href":"https:\/\/diarioelpopular.com\/index.php\/wp-json\/wp\/v2\/posts\/526377\/revisions\/526379"}],"wp:featuredmedia":[{"embeddable":true,"href":"https:\/\/diarioelpopular.com\/index.php\/wp-json\/wp\/v2\/media\/526378"}],"wp:attachment":[{"href":"https:\/\/diarioelpopular.com\/index.php\/wp-json\/wp\/v2\/media?parent=526377"}],"wp:term":[{"taxonomy":"category","embeddable":true,"href":"https:\/\/diarioelpopular.com\/index.php\/wp-json\/wp\/v2\/categories?post=526377"},{"taxonomy":"post_tag","embeddable":true,"href":"https:\/\/diarioelpopular.com\/index.php\/wp-json\/wp\/v2\/tags?post=526377"}],"curies":[{"name":"wp","href":"https:\/\/api.w.org\/{rel}","templated":true}]}}