{"id":526442,"date":"2024-12-21T13:13:01","date_gmt":"2024-12-21T17:13:01","guid":{"rendered":"https:\/\/diarioelpopular.com\/?p=526442"},"modified":"2024-12-21T13:13:01","modified_gmt":"2024-12-21T17:13:01","slug":"mexico-pierde-el-panel-sobre-el-maiz-transgenico-frente-a-canada","status":"publish","type":"post","link":"https:\/\/diarioelpopular.com\/index.php\/2024\/12\/21\/mexico-pierde-el-panel-sobre-el-maiz-transgenico-frente-a-canada\/","title":{"rendered":"M\u00e9xico pierde el panel sobre el ma\u00edz transg\u00e9nico frente a Canad\u00e1"},"content":{"rendered":"<div id=\"attachment_526443\" style=\"width: 1210px\" class=\"wp-caption alignnone\"><img loading=\"lazy\" decoding=\"async\" aria-describedby=\"caption-attachment-526443\" class=\"wp-image-526443 size-custom-big-size\" src=\"https:\/\/diarioelpopular.com\/wp-content\/uploads\/2024\/12\/Screen-Shot-2024-12-21-at-12.12.16-PM-1200x807.png\" alt=\"\" width=\"1200\" height=\"807\" srcset=\"https:\/\/diarioelpopular.com\/wp-content\/uploads\/2024\/12\/Screen-Shot-2024-12-21-at-12.12.16-PM-1200x807.png 1200w, https:\/\/diarioelpopular.com\/wp-content\/uploads\/2024\/12\/Screen-Shot-2024-12-21-at-12.12.16-PM-300x202.png 300w, https:\/\/diarioelpopular.com\/wp-content\/uploads\/2024\/12\/Screen-Shot-2024-12-21-at-12.12.16-PM-768x517.png 768w, https:\/\/diarioelpopular.com\/wp-content\/uploads\/2024\/12\/Screen-Shot-2024-12-21-at-12.12.16-PM-636x428.png 636w, https:\/\/diarioelpopular.com\/wp-content\/uploads\/2024\/12\/Screen-Shot-2024-12-21-at-12.12.16-PM-80x55.png 80w, https:\/\/diarioelpopular.com\/wp-content\/uploads\/2024\/12\/Screen-Shot-2024-12-21-at-12.12.16-PM-108x73.png 108w, https:\/\/diarioelpopular.com\/wp-content\/uploads\/2024\/12\/Screen-Shot-2024-12-21-at-12.12.16-PM.png 1024w\" sizes=\"auto, (max-width: 1200px) 100vw, 1200px\" \/><p id=\"caption-attachment-526443\" class=\"wp-caption-text\">Carlos El\u00edas productor de ma\u00edz en la comunidad de Coapan, municipio de Jala, en Nayarit (M\u00e9xico). En marzo de 2023.\u00a0 \u00a0 \u00a0 \u00a0 \u00a0Nayeli Cruz<\/p><\/div>\n<p>&nbsp;<\/p>\n<p>&nbsp;<\/p>\n<h4 class=\"a_st\"><em>&#8211; El Gobierno mexicano no logr\u00f3 demostrar cient\u00edficamente que el grano gen\u00e9ticamente modificado ocasione da\u00f1os a la salud humana<\/em><\/h4>\n<p>&nbsp;<\/p>\n<p class=\"\">M\u00e9xico ha perdido su batalla para vetar el ma\u00edz transg\u00e9nico frente a Canad\u00e1 y EE.UU. Tras m\u00e1s de un a\u00f1o de disputa internacional bajo el amparo del TMEC, el \u00f3rgano examinador internacional ha publicado el fallo desfavorable a M\u00e9xico y a favor de la postura de los Gobiernos de Canad\u00e1 y EE.UU., quienes han defendido que este alimento es inocuo para el consumo de personas y animales.<\/p>\n<p class=\"\">Pese a los meses de negociaciones entre los tres pa\u00edses, las autoridades mexicanas no lograron demostrar cient\u00edficamente que el ma\u00edz gen\u00e9ticamente modificado da\u00f1e la salud humana, animal y vegetal. Tras este fallo, M\u00e9xico se ve obligado a revertir las barreras a las importaciones de ma\u00edz transg\u00e9nico para consumo humano, si no lo hace, estar\u00eda sujeto a sanciones comerciales\u00a0<a href=\"https:\/\/elpais.com\/mexico\/2023-10-20\/la-disputa-por-el-maiz-transgenico-entre-mexico-y-ee-uu-escala-con-la-seleccion-de-los-integrantes-del-panel-de-controversias.html\" target=\"_blank\" rel=\"noopener\" data-link-track-dtm=\"\" data-mrf-link=\"https:\/\/elpais.com\/mexico\/2023-10-20\/la-disputa-por-el-maiz-transgenico-entre-mexico-y-ee-uu-escala-con-la-seleccion-de-los-integrantes-del-panel-de-controversias.html\">por incumplir el tratado comercial<\/a>. \u201cEl panel del TMEC estuvo de acuerdo con Estados Unidos en las siete reclamaciones legales, y concluy\u00f3 que las medidas de M\u00e9xico no se basan en la ciencia y socavan el acceso al mercado que M\u00e9xico acord\u00f3 proporcionar bajo los principios del tratado comercial\u201d, anunci\u00f3 este viernes por escrito la representante Comercial de Estados Unidos, Katherine Tai. El Gobierno mexicano ha replicado que, aunque no comparte la resoluci\u00f3n de este \u00f3rgano internacional, respetar\u00e1 su decisi\u00f3n.<\/p>\n<p class=\"\">El panel ha concluido que las medidas impuestas por M\u00e9xico sobre el ma\u00edz gen\u00e9ticamente modificado son incompatibles con diversas disposiciones del TMEC y recomend\u00f3 que M\u00e9xico ajuste sus medidas para cumplir con sus obligaciones bajo el tratado. El \u00e1rbitro internacional ha hecho hincapi\u00e9 en que, si bien M\u00e9xico busc\u00f3 proteger la biodiversidad y la salud p\u00fablica, no cumpli\u00f3 con las normas cient\u00edficas y comerciales internacionales requeridas por el tratado comercial de Norteam\u00e9rica. \u201cM\u00e9xico no realiz\u00f3 evaluaciones de riesgo que tomaran en cuenta est\u00e1ndares internacionales. La gesti\u00f3n de riesgo no fue documentada ni se permiti\u00f3 a las otras partes del TMEC comentar sobre las medidas. Las medidas no est\u00e1n basadas en principios cient\u00edficos relevantes. Las medidas son m\u00e1s restrictivas al comercio de lo necesario\u201d, concluyen los integrantes del panel en su resoluci\u00f3n final. El fallo fue emitido el pasado 20 de diciembre, a partir de esa fecha, M\u00e9xico tiene 45 d\u00edas para cumplir con lo estipulado por el \u00e1rbitro internacional.<\/p>\n<p class=\"\">Las autoridades de Estados Unidos aseguran que el fallo del panel avala las preocupaciones del Gobierno estadounidense sobre las pol\u00edticas biotecnol\u00f3gicas de M\u00e9xico y su impacto perjudicial en las exportaciones agr\u00edcolas estadounidenses. El secretario de Agricultura de EE UU, Tom Vilsack, ha celebrado esta victoria para su pa\u00eds y ha enfatizado que tras la resoluci\u00f3n se garantiza el acceso pleno de los productores y exportadores estadounidenses al mercado mexicano. \u201cEl enfoque de M\u00e9xico hacia la biotecnolog\u00eda no se bas\u00f3 en principios cient\u00edficos ni en est\u00e1ndares internacionales. Las medidas de M\u00e9xico contradec\u00edan d\u00e9cadas de evidencia que demostraban la seguridad de la biotecnolog\u00eda agr\u00edcola, respaldada por sistemas de revisi\u00f3n regulatoria basados en la ciencia y el riesgo\u201d, abund\u00f3 el funcionario estadounidense.<\/p>\n<p class=\"\">El inicio de la controversia comercial entre los tres pa\u00edses por el grano gen\u00e9ticamente modificado se remonta a 2020. Ese a\u00f1o, el entonces presidente de M\u00e9xico, Andr\u00e9s Manuel L\u00f3pez Obrador, decret\u00f3\u00a0<a href=\"https:\/\/elpais.com\/mexico\/2023-02-14\/mexico-relaja-las-restricciones-sobre-el-maiz-transgenico.html\" target=\"_blank\" rel=\"noopener\" data-link-track-dtm=\"\" data-mrf-link=\"https:\/\/elpais.com\/mexico\/2023-02-14\/mexico-relaja-las-restricciones-sobre-el-maiz-transgenico.html\">el veto del ma\u00edz transg\u00e9nico\u00a0<\/a>para consumo humano. La prohibici\u00f3n solo contempla al ma\u00edz para uso de tortillas o masa, sin embargo, tambi\u00e9n incluye una instrucci\u00f3n a las agencias gubernamentales mexicanas de sustituir gradualmente el uso de ma\u00edz biotecnol\u00f3gico en todos los productos para el consumo humano y para la alimentaci\u00f3n animal, un detalle importante, si se considera que M\u00e9xico es el principal comprador de ma\u00edz amarillo proveniente de Estados Unidos, utilizado para forraje. En febrero de 2023, el Gobierno mexicano emiti\u00f3 un nuevo decreto con mayor detalle de los alcances del veto. El nuevo documento establece que la prohibici\u00f3n de ma\u00edz transg\u00e9nico afecta, exclusivamente, al grano empleado para consumo humano.<\/p>\n<div class=\"raw_html\">\n<div>\n<div id=\"datawrapper-vis-WYkbM\" class=\"datawrapper-script-embed vis-height-fixed vis-column-chart\">\n<div><\/div>\n<div class=\"web-component-body\">\n<div class=\"chart dw-chart vis-column-chart\">\n<div class=\"outer-container dw-chart-styles datawrapper-WYkbM-lk8i7n svelte-13lpkhe\">\n<div id=\"header\" class=\"dw-chart-header datawrapper-WYkbM-1g2dyah\">\n<h3 class=\"block headline-block datawrapper-WYkbM-1s07znn\"><span class=\"block-inner\">Exportaciones de ma\u00edz de Estados Unidos a M\u00e9xico por a\u00f1o<\/span><\/h3>\n<p class=\"block description-block datawrapper-WYkbM-1k4lxml\"><span class=\"block-inner\">Cifras en millones de d\u00f3lares<\/span><\/p>\n<\/div>\n<div id=\"chart\" class=\"dw-chart-body vis-height-fixed datawrapper-WYkbM-11otb91 svelte-9ysojt content-below-chart\">\n<div class=\"dw-chart-body-content svelte-9ysojt column-chart datawrapper-WYkbM-1j5xjeo\" aria-hidden=\"false\">2.0004.000<\/p>\n<div class=\"labels value\">\n<div class=\"label value outline unfocus\">2.735,9<\/div>\n<div class=\"label value outline unfocus\">2.685,2<\/div>\n<div class=\"label value outline unfocus\">4.699,2<\/div>\n<div class=\"label value outline unfocus\">4.923,3<\/div>\n<div class=\"label value outline unfocus\">5.386,1<\/div>\n<div class=\"label value highlighted outline\">4.710<\/div>\n<\/div>\n<div class=\"labels series\">\n<div class=\"label series\">2019<\/div>\n<div class=\"label series\">2020<\/div>\n<div class=\"label series\">2021<\/div>\n<div class=\"label series\">2022<\/div>\n<div class=\"label series\">2023<\/div>\n<div class=\"label series highlighted\">2024 (enero-octubre)<\/div>\n<\/div>\n<\/div>\n<\/div>\n<div id=\"footer\" class=\"dw-chart-footer datawrapper-WYkbM-krxonr svelte-13lpkhe\">\n<div class=\"footer-left layout-inline svelte-1mufarc\"><\/div>\n<div class=\"footer-center layout-inline svelte-1mufarc\"><\/div>\n<div class=\"footer-right layout-inline svelte-1mufarc\"><span class=\"footer-block source-block  svelte-1mufarc\"><span class=\"block-inner\"><span class=\"source-caption\">Fuente:<\/span>\u00a0<span class=\"source\">USDA | EL PA\u00cdS<\/span><\/span><\/span><\/div>\n<\/div>\n<div class=\"dw-after-body svelte-13lpkhe\"><\/div>\n<\/div>\n<\/div>\n<\/div>\n<\/div>\n<\/div>\n<\/div>\n<p class=\"\">Pese a los cambios en el decreto, la medida logr\u00f3 encender las alarmas del Gobierno estadounidense debido a la tajada de mercado que suponen las exportaciones del ma\u00edz estadounidense a territorio mexicano. El a\u00f1o pasado, EE UU export\u00f3 m\u00e1s del 40% de su grano a M\u00e9xico, un porcentaje equivalente a m\u00e1s de 5.300 millones de d\u00f3lares en ventas. As\u00ed, lo que inici\u00f3 con un pu\u00f1ado de reuniones binacionales a puerta cerrada, escal\u00f3, a mediados de 2023, en el establecimiento de un panel internacional, bajo el paraguas del TMEC. Desde el inicio de la controversia comercial, EE UU ha esgrimido que las medidas impuestas en M\u00e9xico son incompatibles con el TMEC e impiden que los agricultores estadounidenses tengan acceso al mercado mexicano, as\u00ed como el uso de herramientas innovadoras para responder a los desaf\u00edos clim\u00e1ticos y de seguridad alimentaria. A la demanda estadounidense se sum\u00f3, una semana m\u00e1s tarde, Canad\u00e1. \u201cCanad\u00e1 comparte las preocupaciones de Estados Unidos de que M\u00e9xico no cumple con las obligaciones cient\u00edficas y de an\u00e1lisis de riesgos bajo el cap\u00edtulo de Medidas Sanitarias y Fitosanitarias del TMEC. Las medidas adoptadas por M\u00e9xico no cuentan con respaldo cient\u00edfico y tienen el potencial de perturbar innecesariamente el comercio en el mercado norteamericano\u201d, indic\u00f3 en ese momento la Administraci\u00f3n\u00a0<a href=\"https:\/\/elpais.com\/mexico\/2022-12-01\/la-prohibicion-del-maiz-transgenico-abre-un-nuevo-foco-de-tension-entre-ee-uu-y-mexico.html\" target=\"_blank\" rel=\"noopener\" data-link-track-dtm=\"\" data-mrf-link=\"https:\/\/elpais.com\/mexico\/2022-12-01\/la-prohibicion-del-maiz-transgenico-abre-un-nuevo-foco-de-tension-entre-ee-uu-y-mexico.html\">de Trudeau.<\/a><\/p>\n<p class=\"\">En contraparte, el argumento central del Ejecutivo mexicano para vetar este producto es la protecci\u00f3n del ma\u00edz nativo y la salud de la poblaci\u00f3n frente a los agroqu\u00edmicos. En sus alegatos, M\u00e9xico cit\u00f3 una multitud de art\u00edculos para justificar la prohibici\u00f3n del grano, sin embargo, EE UU y Canad\u00e1 replicaron que los documentos presentados por el Gobierno mexicano eran irrelevantes y no demostraban los supuestos riesgos del ma\u00edz transg\u00e9nico. A pesar de la derrota que supone este fallo en la arena internacional, el Gobierno de Sheinbaum ha defendido el veto al ma\u00edz transg\u00e9nico iniciado el sexenio pasado. \u201cNosotros tenemos la obligaci\u00f3n principal de que el ma\u00edz blanco que se siembra en M\u00e9xico no sea transg\u00e9nico y eso va a quedar en la Constituci\u00f3n. Esa es la mejor defensa que tenemos para la conservaci\u00f3n de la biodiversidad y de la salud tambi\u00e9n\u201d, declar\u00f3 en noviembre la presidenta Claudia Sheinbaum.<\/p>\n<p class=\"\">En 2023, M\u00e9xico fue el principal comprador del ma\u00edz estadounidense y se perfila que este a\u00f1o se mantenga esta tendencia. De enero a octubre de este a\u00f1o, las ventas de ma\u00edz a M\u00e9xico llevan un crecimiento del 5% respecto a 2023 y ya superan los 4.700 millones de d\u00f3lares, seg\u00fan los datos del Departamento de Agricultura de EE UU. En toneladas, de octubre de 2023 a septiembre de 2024, M\u00e9xico compr\u00f3 m\u00e1s de 24 millones de toneladas de ma\u00edz estadounidense, una cifra r\u00e9cord. Las autoridades agr\u00edcolas estadounidenses explican que el aumento fue impulsado por factores como la sequ\u00eda, que redujo la producci\u00f3n mexicana, y una cosecha hist\u00f3rica en Estados Unidos, con una baja en los precios internacionales del grano. Las exportaciones estadounidenses de ma\u00edz son principalmente de ma\u00edz amarillo \u2014utilizado para forraje\u2014, mientras que M\u00e9xico produce principalmente ma\u00edz blanco.<\/p>\n","protected":false},"excerpt":{"rendered":"<p>&nbsp; &nbsp; &#8211; El Gobierno mexicano no logr\u00f3 demostrar cient\u00edficamente que el grano gen\u00e9ticamente modificado ocasione da\u00f1os a la salud humana &nbsp; M\u00e9xico ha perdido&hellip;<\/p>\n","protected":false},"author":99,"featured_media":526443,"comment_status":"open","ping_status":"open","sticky":false,"template":"","format":"standard","meta":{"footnotes":""},"categories":[21],"tags":[],"class_list":["post-526442","post","type-post","status-publish","format-standard","has-post-thumbnail","hentry","category-canada"],"_links":{"self":[{"href":"https:\/\/diarioelpopular.com\/index.php\/wp-json\/wp\/v2\/posts\/526442","targetHints":{"allow":["GET"]}}],"collection":[{"href":"https:\/\/diarioelpopular.com\/index.php\/wp-json\/wp\/v2\/posts"}],"about":[{"href":"https:\/\/diarioelpopular.com\/index.php\/wp-json\/wp\/v2\/types\/post"}],"author":[{"embeddable":true,"href":"https:\/\/diarioelpopular.com\/index.php\/wp-json\/wp\/v2\/users\/99"}],"replies":[{"embeddable":true,"href":"https:\/\/diarioelpopular.com\/index.php\/wp-json\/wp\/v2\/comments?post=526442"}],"version-history":[{"count":1,"href":"https:\/\/diarioelpopular.com\/index.php\/wp-json\/wp\/v2\/posts\/526442\/revisions"}],"predecessor-version":[{"id":526444,"href":"https:\/\/diarioelpopular.com\/index.php\/wp-json\/wp\/v2\/posts\/526442\/revisions\/526444"}],"wp:featuredmedia":[{"embeddable":true,"href":"https:\/\/diarioelpopular.com\/index.php\/wp-json\/wp\/v2\/media\/526443"}],"wp:attachment":[{"href":"https:\/\/diarioelpopular.com\/index.php\/wp-json\/wp\/v2\/media?parent=526442"}],"wp:term":[{"taxonomy":"category","embeddable":true,"href":"https:\/\/diarioelpopular.com\/index.php\/wp-json\/wp\/v2\/categories?post=526442"},{"taxonomy":"post_tag","embeddable":true,"href":"https:\/\/diarioelpopular.com\/index.php\/wp-json\/wp\/v2\/tags?post=526442"}],"curies":[{"name":"wp","href":"https:\/\/api.w.org\/{rel}","templated":true}]}}