{"id":526446,"date":"2024-12-21T13:18:23","date_gmt":"2024-12-21T17:18:23","guid":{"rendered":"https:\/\/diarioelpopular.com\/?p=526446"},"modified":"2024-12-21T13:18:23","modified_gmt":"2024-12-21T17:18:23","slug":"condenan-por-violencia-obstetrica-a-el-salvador-por-el-caso-beatriz-la-mujer-a-la-que-no-permitieron-abortar-pese-a-que-el-feto-no-podia-sobrevivir","status":"publish","type":"post","link":"https:\/\/diarioelpopular.com\/index.php\/2024\/12\/21\/condenan-por-violencia-obstetrica-a-el-salvador-por-el-caso-beatriz-la-mujer-a-la-que-no-permitieron-abortar-pese-a-que-el-feto-no-podia-sobrevivir\/","title":{"rendered":"Condenan por violencia obst\u00e9trica a El Salvador por el Caso Beatriz, la mujer a la que no permitieron abortar pese a que el feto no pod\u00eda sobrevivir"},"content":{"rendered":"<div id=\"attachment_526447\" style=\"width: 646px\" class=\"wp-caption alignnone\"><img loading=\"lazy\" decoding=\"async\" aria-describedby=\"caption-attachment-526447\" class=\"wp-image-526447 size-custom-full-size\" src=\"https:\/\/diarioelpopular.com\/wp-content\/uploads\/2024\/12\/Screen-Shot-2024-12-21-at-12.17.44-PM-636x356.png\" alt=\"\" width=\"636\" height=\"356\" srcset=\"https:\/\/diarioelpopular.com\/wp-content\/uploads\/2024\/12\/Screen-Shot-2024-12-21-at-12.17.44-PM-636x356.png 636w, https:\/\/diarioelpopular.com\/wp-content\/uploads\/2024\/12\/Screen-Shot-2024-12-21-at-12.17.44-PM-300x168.png 300w, https:\/\/diarioelpopular.com\/wp-content\/uploads\/2024\/12\/Screen-Shot-2024-12-21-at-12.17.44-PM-768x430.png 768w, https:\/\/diarioelpopular.com\/wp-content\/uploads\/2024\/12\/Screen-Shot-2024-12-21-at-12.17.44-PM-130x73.png 130w, https:\/\/diarioelpopular.com\/wp-content\/uploads\/2024\/12\/Screen-Shot-2024-12-21-at-12.17.44-PM.png 1024w\" sizes=\"auto, (max-width: 636px) 100vw, 636px\" \/><p id=\"caption-attachment-526447\" class=\"wp-caption-text\">La sentencia de la Corte Interamericana de Derechos Humanos se emite 11 a\u00f1os despu\u00e9s del embarazo de Beatriz.<\/p><\/div>\n<p>&nbsp;<\/p>\n<p>&nbsp;<\/p>\n<div class=\"bbc-19j92fr ebmt73l0\" dir=\"ltr\">\n<ul>\n<li class=\"bbc-hhl7in e17g058b0\" dir=\"ltr\"><em><b>La Corte Interamericana de Derechos Humanos (Corte IDH) conden\u00f3 este viernes al Estado salvadore\u00f1o por incurrir en violencia obst\u00e9trica y violar el derecho a la salud de Beatriz, una joven que en el a\u00f1o 2013 fue obligada a dar a luz a un feto que no ten\u00eda posibilidades de sobrevivir tras un embarazo que puso en riesgo su vida.<\/b><\/em><\/li>\n<\/ul>\n<\/div>\n<div class=\"bbc-19j92fr ebmt73l0\" dir=\"ltr\">\n<p dir=\"ltr\">\n<p class=\"bbc-hhl7in e17g058b0\" dir=\"ltr\">Aunque la sentencia no menciona la negaci\u00f3n del derecho al aborto, es la primera vez que la Corte IDH emite una decisi\u00f3n sobre un caso de esta natrualeza en Am\u00e9rica Latina y sienta precedente para los pa\u00edses que suscriben la\u00a0Convenci\u00f3n Americana de Derechos Humanos.<\/p>\n<\/div>\n<div class=\"bbc-19j92fr ebmt73l0\" dir=\"ltr\">\n<p class=\"bbc-hhl7in e17g058b0\" dir=\"ltr\">La Corte encontr\u00f3 al Estado salvadore\u00f1o &#8220;internacionalmente responsable&#8221; por el incumplimiento en garantizar los derechos de &#8220;una mujer que transit\u00f3 un embarazo con riesgos m\u00faltiples en una situaci\u00f3n de violencia obst\u00e9trica&#8221;, indica la sentencia.<\/p>\n<\/div>\n<div class=\"bbc-19j92fr ebmt73l0\" dir=\"ltr\">\n<p class=\"bbc-hhl7in e17g058b0\" dir=\"ltr\">Beatriz padec\u00eda lupus, una enfermedad autoinmune que hab\u00eda complicado su primer embarazo. Cuando sali\u00f3 en estado por segunda vez, a los 22 a\u00f1os, los m\u00e9dicos descubrieron que gestaba\u00a0un feto sin enc\u00e9falo ni cr\u00e1neo debido a una enfermedad llamada anencefalia.<\/p>\n<\/div>\n<div class=\"bbc-19j92fr ebmt73l0\" dir=\"ltr\">\n<p class=\"bbc-hhl7in e17g058b0\" dir=\"ltr\">Aunque las leyes de El Salvador castigan con c\u00e1rcel la interrupci\u00f3n del embarazo bajo cualquier circunstancia, Beatriz introdujo un recurso ante la Justicia salvadore\u00f1a para pedir que se le permitiera abortar.<\/p>\n<\/div>\n<div class=\"bbc-19j92fr ebmt73l0\" dir=\"ltr\">\n<p class=\"bbc-hhl7in e17g058b0\" dir=\"ltr\">Sin embargo, la Sala Constitucional de El Salvador le neg\u00f3 el acceso a este procedimiento a pesar de que un comit\u00e9 m\u00e9dico de 15 especialistas recomend\u00f3 la interrupci\u00f3n del embarazo para salvarle la vida.<\/p>\n<p dir=\"ltr\">\n<\/div>\n<figure class=\"bbc-1qn0xuy\">\n<div class=\"bbc-18ywsw9\">\n<div style=\"width: 810px\" class=\"wp-caption alignnone\"><img loading=\"lazy\" decoding=\"async\" class=\"bbc-139onq\" src=\"https:\/\/ichef.bbci.co.uk\/ace\/ws\/640\/cpsprodpb\/ca37\/live\/e51a7a20-bf19-11ef-aff0-072ce821b6ab.jpg.webp\" alt=\"Foto de Beatriz\" width=\"800\" height=\"450\" \/><p class=\"wp-caption-text\">Fuente de la imagen,Cortes\u00eda El Faro.\u00a0\u00a0Beatriz, en el centro de la foto sentada, cuando ten\u00eda 15 a\u00f1os.<\/p><\/div>\n<\/div>\n<\/figure>\n<div class=\"bbc-19j92fr ebmt73l0\" dir=\"ltr\">\n<p dir=\"ltr\">\n<p dir=\"ltr\">\n<p class=\"bbc-hhl7in e17g058b0\" dir=\"ltr\">Debilitada por el lupus y devastada emocionalmente por la condici\u00f3n de su hija,\u00a0Beatriz dio a luz a la beb\u00e9, quien falleci\u00f3 cinco horas despu\u00e9s de haber nacido.<\/p>\n<\/div>\n<div class=\"bbc-19j92fr ebmt73l0\" dir=\"ltr\">\n<p class=\"bbc-hhl7in e17g058b0\" dir=\"ltr\">&#8220;La falta de certeza jur\u00eddica sobre el abordaje de su caso llev\u00f3 a burocratizar y judicializar la atenci\u00f3n m\u00e9dica requerida, lo que afect\u00f3 la integridad personal de la v\u00edctima y de su familia&#8221;, indica la sentencia.<\/p>\n<\/div>\n<div class=\"bbc-19j92fr ebmt73l0\" dir=\"ltr\">\n<p class=\"bbc-hhl7in e17g058b0\" dir=\"ltr\">El Salvador es uno de los pa\u00edses con las leyes antiaborto m\u00e1s restrictivas del mundo, conden\u00e1ndolo con penas de entre 30 y 50 a\u00f1os de prisi\u00f3n si la mujer es acusada de homicidio agravado.<\/p>\n<\/div>\n<div class=\"bbc-19j92fr ebmt73l0\" dir=\"ltr\">\n<p class=\"bbc-hhl7in e17g058b0\" dir=\"ltr\">El presidente salvadore\u00f1o,\u00a0Nayib Bukele, rechaza firmemente el aborto. &#8220;Alg\u00fan d\u00eda, nos vamos a dar cuenta de que es un gran genocidio&#8221;, dijo hace unos a\u00f1os.<\/p>\n<\/div>\n<div class=\"bbc-19j92fr ebmt73l0\" dir=\"ltr\">\n<p class=\"bbc-hhl7in e17g058b0\" dir=\"ltr\">Durante el juicio, el Estado salvadore\u00f1o reconoci\u00f3 que en el caso de Beatriz &#8220;&#8216;exist\u00eda una situaci\u00f3n de confusi\u00f3n&#8217; y que &#8216;podr\u00edan haber sido mucho mejores los protocolos que habr\u00edan podido darles certeza a los m\u00e9dicos, en relaci\u00f3n con una decisi\u00f3n que se tom\u00f3'&#8221;, explic\u00f3 el tribunal.<\/p>\n<\/div>\n<div class=\"bbc-19j92fr ebmt73l0\" dir=\"ltr\">\n<p class=\"bbc-hhl7in e17g058b0\" dir=\"ltr\">Sin embargo, la Corte concluy\u00f3 que El Salvador viol\u00f3 sus obligaciones como Estado firmante de la Convenci\u00f3n Americana de Derechos Humanos.<\/p>\n<\/div>\n<div class=\"bbc-19j92fr ebmt73l0\" dir=\"ltr\">\n<p class=\"bbc-hhl7in e17g058b0\" dir=\"ltr\">Por ello, orden\u00f3 &#8220;establecer directrices y gu\u00edas de actuaci\u00f3n para el personal m\u00e9dico y judicial (&#8230;)\u00a0en la atenci\u00f3n de casos similares&#8221;.<\/p>\n<\/div>\n<div class=\"bbc-19j92fr ebmt73l0\" dir=\"ltr\">\n<p class=\"bbc-hhl7in e17g058b0\" dir=\"ltr\">En vista de que Beatriz falleci\u00f3 en un accidente cuatro a\u00f1os despu\u00e9s de su segundo embarazo, el tribunal orden\u00f3 al Estado que asuma la reparaci\u00f3n de los familiares de la demandante por los da\u00f1os sufridos y cubra los gastos de sus equipos legales.<\/p>\n<\/div>\n<div class=\"bbc-19j92fr ebmt73l0\" dir=\"ltr\">\n<p class=\"bbc-hhl7in e17g058b0\" dir=\"ltr\">El texto de la notificaci\u00f3n de la sentencia no menciona expresamente, sin embargo, el derecho al aborto.<\/p>\n<p dir=\"ltr\">\n<\/div>\n<figure class=\"bbc-1qn0xuy\">\n<div class=\"bbc-18ywsw9\">\n<div style=\"width: 1034px\" class=\"wp-caption alignnone\"><img loading=\"lazy\" decoding=\"async\" class=\"bbc-139onq\" src=\"https:\/\/ichef.bbci.co.uk\/ace\/ws\/640\/cpsprodpb\/f220\/live\/1d4e4b60-bf1a-11ef-a0f2-fd81ae5962f4.jpg.webp\" alt=\"Nayib Bukele\" width=\"1024\" height=\"683\" \/><p class=\"wp-caption-text\">Fuente de la imagen,Getty Images.\u00a0\u00a0El presidente salvadore\u00f1o, Nayib Bukele, ha se\u00f1alado que el aborto deber\u00eda ser considerado un &#8220;genocidio&#8221;.<\/p><\/div>\n<\/div>\n<\/figure>\n<div class=\"bbc-19j92fr ebmt73l0\" dir=\"ltr\">\n<h2 tabindex=\"-1\"><\/h2>\n<h2 id=\"Justicia-para-Beatriz-y-su-familia\" class=\"bbc-1lgzob2 eglt09e0\" tabindex=\"-1\">Justicia para Beatriz y su familia<\/h2>\n<\/div>\n<div class=\"bbc-19j92fr ebmt73l0\" dir=\"ltr\">\n<p class=\"bbc-hhl7in e17g058b0\" dir=\"ltr\">&#8220;Con esta decisi\u00f3n\u00a0se hace justicia para Beatriz y su familia, que ha pasado tantos a\u00f1os esperando&#8221;, dijo a BBC Mundo la activista de derechos humanos Morena Herrera, quien particip\u00f3 en el equipo de litigio de Beatriz.<\/p>\n<\/div>\n<div class=\"bbc-19j92fr ebmt73l0\" dir=\"ltr\">\n<p class=\"bbc-hhl7in e17g058b0\" dir=\"ltr\">Herrera record\u00f3 que este es el primer caso en el que la Corte IDH &#8220;ha debatido sobre\u00a0el aborto como un servicio de salud p\u00fablica\u00a0que debe ser garantizado para las mujeres&#8221;.<\/p>\n<\/div>\n<div class=\"bbc-19j92fr ebmt73l0\" dir=\"ltr\">\n<p class=\"bbc-hhl7in e17g058b0\" dir=\"ltr\">&#8220;Esta decisi\u00f3n puede cambiar la vida de muchas mujeres, asegurando que ninguna enfrente riesgos mortales por leyes tan restrictivas como la de El Salvador, y genera est\u00e1ndares que pueden ser retomados en otros pa\u00edses para que beneficien a otras mujeres en la regi\u00f3n&#8221;.<\/p>\n<\/div>\n<div class=\"bbc-19j92fr ebmt73l0\" dir=\"ltr\">\n<p class=\"bbc-hhl7in e17g058b0\" dir=\"ltr\">Delmy, la madre de Beatriz, dijo a BBC Mundo que se sent\u00eda &#8220;muy emocionada&#8221; de que la Corte IDH haya reconocido que los derechos de su hija fueron quebrantados por la decisi\u00f3n de impedirle interrumpir su embarazo.<\/p>\n<\/div>\n","protected":false},"excerpt":{"rendered":"<p>&nbsp; &nbsp; La Corte Interamericana de Derechos Humanos (Corte IDH) conden\u00f3 este viernes al Estado salvadore\u00f1o por incurrir en violencia obst\u00e9trica y violar el derecho&hellip;<\/p>\n","protected":false},"author":99,"featured_media":526447,"comment_status":"open","ping_status":"open","sticky":false,"template":"","format":"standard","meta":{"footnotes":""},"categories":[23],"tags":[],"class_list":["post-526446","post","type-post","status-publish","format-standard","has-post-thumbnail","hentry","category-latinoamerica"],"_links":{"self":[{"href":"https:\/\/diarioelpopular.com\/index.php\/wp-json\/wp\/v2\/posts\/526446","targetHints":{"allow":["GET"]}}],"collection":[{"href":"https:\/\/diarioelpopular.com\/index.php\/wp-json\/wp\/v2\/posts"}],"about":[{"href":"https:\/\/diarioelpopular.com\/index.php\/wp-json\/wp\/v2\/types\/post"}],"author":[{"embeddable":true,"href":"https:\/\/diarioelpopular.com\/index.php\/wp-json\/wp\/v2\/users\/99"}],"replies":[{"embeddable":true,"href":"https:\/\/diarioelpopular.com\/index.php\/wp-json\/wp\/v2\/comments?post=526446"}],"version-history":[{"count":1,"href":"https:\/\/diarioelpopular.com\/index.php\/wp-json\/wp\/v2\/posts\/526446\/revisions"}],"predecessor-version":[{"id":526448,"href":"https:\/\/diarioelpopular.com\/index.php\/wp-json\/wp\/v2\/posts\/526446\/revisions\/526448"}],"wp:featuredmedia":[{"embeddable":true,"href":"https:\/\/diarioelpopular.com\/index.php\/wp-json\/wp\/v2\/media\/526447"}],"wp:attachment":[{"href":"https:\/\/diarioelpopular.com\/index.php\/wp-json\/wp\/v2\/media?parent=526446"}],"wp:term":[{"taxonomy":"category","embeddable":true,"href":"https:\/\/diarioelpopular.com\/index.php\/wp-json\/wp\/v2\/categories?post=526446"},{"taxonomy":"post_tag","embeddable":true,"href":"https:\/\/diarioelpopular.com\/index.php\/wp-json\/wp\/v2\/tags?post=526446"}],"curies":[{"name":"wp","href":"https:\/\/api.w.org\/{rel}","templated":true}]}}