{"id":526465,"date":"2024-12-22T14:20:35","date_gmt":"2024-12-22T18:20:35","guid":{"rendered":"https:\/\/diarioelpopular.com\/?p=526465"},"modified":"2024-12-22T14:20:35","modified_gmt":"2024-12-22T18:20:35","slug":"conductor-ebrio-arrestado-tras-chocar-contra-autobus-de-la-ttc","status":"publish","type":"post","link":"https:\/\/diarioelpopular.com\/index.php\/2024\/12\/22\/conductor-ebrio-arrestado-tras-chocar-contra-autobus-de-la-ttc\/","title":{"rendered":"Conductor ebrio arrestado tras chocar contra autob\u00fas de la TTC"},"content":{"rendered":"<div id=\"attachment_526466\" style=\"width: 646px\" class=\"wp-caption alignnone\"><img loading=\"lazy\" decoding=\"async\" aria-describedby=\"caption-attachment-526466\" class=\"wp-image-526466 size-custom-full-size\" src=\"https:\/\/diarioelpopular.com\/wp-content\/uploads\/2024\/12\/Screen-Shot-2024-12-22-at-1.17.08-PM-636x357.png\" alt=\"\" width=\"636\" height=\"357\" srcset=\"https:\/\/diarioelpopular.com\/wp-content\/uploads\/2024\/12\/Screen-Shot-2024-12-22-at-1.17.08-PM-636x357.png 636w, https:\/\/diarioelpopular.com\/wp-content\/uploads\/2024\/12\/Screen-Shot-2024-12-22-at-1.17.08-PM-300x169.png 300w, https:\/\/diarioelpopular.com\/wp-content\/uploads\/2024\/12\/Screen-Shot-2024-12-22-at-1.17.08-PM-768x431.png 768w, https:\/\/diarioelpopular.com\/wp-content\/uploads\/2024\/12\/Screen-Shot-2024-12-22-at-1.17.08-PM-130x73.png 130w, https:\/\/diarioelpopular.com\/wp-content\/uploads\/2024\/12\/Screen-Shot-2024-12-22-at-1.17.08-PM.png 858w\" sizes=\"auto, (max-width: 636px) 100vw, 636px\" \/><p id=\"caption-attachment-526466\" class=\"wp-caption-text\">La foto muestra a la polic\u00eda en el lugar de un choque en North Riverdale. (Foto: Daniel Berry\/CityNews)<\/p><\/div>\n<p>&nbsp;<\/p>\n<ul>\n<li><em><strong>La polic\u00eda de Toronto est\u00e1 investigando despu\u00e9s de que un conductor ebrio chocara su veh\u00edculo contra la parte trasera de un autob\u00fas de la TTC la madrugada de este domingo.<\/strong><\/em><\/li>\n<\/ul>\n<p>&nbsp;<\/p>\n<p>&nbsp;<\/p>\n<p>Los oficiales dijeron que la colisi\u00f3n ocurri\u00f3 poco antes de las 6:00 de la ma\u00f1ana en el vecindario North Riverdale de la ciudad, cerca de Danforth Avenue y Broadview Avenue.<\/p>\n<p>Un portavoz de la TTC confirm\u00f3 que el autob\u00fas estaba parado cuando fue embestido por detr\u00e1s por un sed\u00e1n negro. No hab\u00edan pasajeros a bordo del autob\u00fas en el momento del choque.<\/p>\n<p>La polic\u00eda confirm\u00f3 a CityNews que dos personas estaban dentro del sed\u00e1n en el momento de la colisi\u00f3n. El conductor fue arrestado en el lugar por conducir ebrio y luego trasladado a un hospital local debido a las lesiones sufridas en el choque. El pasajero del sed\u00e1n tambi\u00e9n fue llevado a un hospital para recibir tratamiento, pero se desconoce la gravedad de sus lesiones.<\/p>\n<p>Las fotos de la escena parecen mostrar da\u00f1os significativos en el sed\u00e1n, pero solo da\u00f1os menores en el autob\u00fas.<\/p>\n<p>No se dieron a conocer otros detalles.<\/p>\n","protected":false},"excerpt":{"rendered":"<p>&nbsp; La polic\u00eda de Toronto est\u00e1 investigando despu\u00e9s de que un conductor ebrio chocara su veh\u00edculo contra la parte trasera de un autob\u00fas de la&hellip;<\/p>\n","protected":false},"author":99,"featured_media":526466,"comment_status":"open","ping_status":"open","sticky":false,"template":"","format":"standard","meta":{"footnotes":""},"categories":[11364],"tags":[],"class_list":["post-526465","post","type-post","status-publish","format-standard","has-post-thumbnail","hentry","category-toronto-gta"],"_links":{"self":[{"href":"https:\/\/diarioelpopular.com\/index.php\/wp-json\/wp\/v2\/posts\/526465","targetHints":{"allow":["GET"]}}],"collection":[{"href":"https:\/\/diarioelpopular.com\/index.php\/wp-json\/wp\/v2\/posts"}],"about":[{"href":"https:\/\/diarioelpopular.com\/index.php\/wp-json\/wp\/v2\/types\/post"}],"author":[{"embeddable":true,"href":"https:\/\/diarioelpopular.com\/index.php\/wp-json\/wp\/v2\/users\/99"}],"replies":[{"embeddable":true,"href":"https:\/\/diarioelpopular.com\/index.php\/wp-json\/wp\/v2\/comments?post=526465"}],"version-history":[{"count":1,"href":"https:\/\/diarioelpopular.com\/index.php\/wp-json\/wp\/v2\/posts\/526465\/revisions"}],"predecessor-version":[{"id":526467,"href":"https:\/\/diarioelpopular.com\/index.php\/wp-json\/wp\/v2\/posts\/526465\/revisions\/526467"}],"wp:featuredmedia":[{"embeddable":true,"href":"https:\/\/diarioelpopular.com\/index.php\/wp-json\/wp\/v2\/media\/526466"}],"wp:attachment":[{"href":"https:\/\/diarioelpopular.com\/index.php\/wp-json\/wp\/v2\/media?parent=526465"}],"wp:term":[{"taxonomy":"category","embeddable":true,"href":"https:\/\/diarioelpopular.com\/index.php\/wp-json\/wp\/v2\/categories?post=526465"},{"taxonomy":"post_tag","embeddable":true,"href":"https:\/\/diarioelpopular.com\/index.php\/wp-json\/wp\/v2\/tags?post=526465"}],"curies":[{"name":"wp","href":"https:\/\/api.w.org\/{rel}","templated":true}]}}