{"id":526473,"date":"2024-12-22T14:42:12","date_gmt":"2024-12-22T18:42:12","guid":{"rendered":"https:\/\/diarioelpopular.com\/?p=526473"},"modified":"2024-12-22T14:42:12","modified_gmt":"2024-12-22T18:42:12","slug":"podra-la-gobernadora-general-sacar-a-justin-trudeau-que-se-ha-atornillado-a-su-silla","status":"publish","type":"post","link":"https:\/\/diarioelpopular.com\/index.php\/2024\/12\/22\/podra-la-gobernadora-general-sacar-a-justin-trudeau-que-se-ha-atornillado-a-su-silla\/","title":{"rendered":"\u00bfPodr\u00e1 la Gobernadora General sacar a Justin Trudeau, que se ha atornillado a su silla?"},"content":{"rendered":"<div id=\"attachment_526474\" style=\"width: 646px\" class=\"wp-caption alignnone\"><img loading=\"lazy\" decoding=\"async\" aria-describedby=\"caption-attachment-526474\" class=\"wp-image-526474 size-custom-full-size\" src=\"https:\/\/diarioelpopular.com\/wp-content\/uploads\/2024\/12\/Screen-Shot-2024-12-22-at-1.32.28-PM-636x359.png\" alt=\"\" width=\"636\" height=\"359\" \/><p id=\"caption-attachment-526474\" class=\"wp-caption-text\">El primer ministro Justin Trudeau, la gobernadora general Mary Simon y el l\u00edder conservador Pierre Poilievre aparecen en esta foto compuesta. (Canadian Press)<\/p><\/div>\n<p>&nbsp;<\/p>\n<p>&nbsp;<\/p>\n<ul>\n<li><em><strong>Una semana hist\u00f3ricamente dif\u00edcil para el Primer Ministro Justin Trudeau y su gobierno liberal termin\u00f3 con un nuevo impulso del l\u00edder conservador Pierre Poilievre para derrocar a este gobierno, esta vez en forma de una carta a la Gobernadora General.<\/strong><\/em><\/li>\n<\/ul>\n<p>&nbsp;<\/p>\n<p><em><strong>OTTAWA.-<\/strong><\/em> En una conferencia de prensa el viernes por la tarde, Poilievre dijo a los periodistas que estaba escribiendo a la gobernadora general Mary Simon, &#8220;pidi\u00e9ndole que vuelva a convocar al Parlamento y exija un voto de censura&#8221;.<\/p>\n<p>La carta en s\u00ed no dice eso exactamente; m\u00e1s bien, le implora que &#8220;utilice su autoridad para informar al primer ministro que debe&#8221; convocar a la C\u00e1mara de los Comunes para que se pueda realizar un voto de censura. Le pide que &#8220;converse con&#8221; el primer ministro, &#8220;para asegurarse de que entiende su deber constitucional&#8221;.<\/p>\n<p>Pero, \u00bfpuede la gobernadora general hacer lo que le pide el l\u00edder conservador?<\/p>\n<p>&#8220;En una palabra: no&#8221;, dijo Eric Adams, un experto constitucional y profesor de derecho en la Universidad de Alberta, a CTV News.<\/p>\n<p>&#8220;Tiene un primer ministro; no lo querr\u00edamos de otra manera&#8221;, dijo. &#8220;Ella no acepta consejos del l\u00edder de la oposici\u00f3n. Puedes enviarle cartas, pero ella no acepta sus instrucciones&#8221;.<\/p>\n<p>Poilievre sostuvo el viernes que, si se suman los parlamentarios conservadores, del Bloque y del NDP que ahora finalmente est\u00e1n indicando que han perdido la confianza en el primer ministro, m\u00e1s los m\u00e1s de una docena de parlamentarios liberales que presionan por un nuevo l\u00edder, se llega al 70 por ciento de los parlamentarios.<\/p>\n<p>Pero Adams dice que Trudeau sigue siendo el primer ministro, y si bien puede ser &#8220;casi inevitable&#8221; que pierda un voto de confianza, no importa y sigue atornillado en su silla.<\/p>\n<p>&#8220;Hasta que se pierda ese voto, no importa cu\u00e1ntas personas anuncien que est\u00e1n a punto de votar una moci\u00f3n de censura&#8221;, dijo Adams. &#8220;Se tiene confianza&#8221;.<\/p>\n<p>La oposici\u00f3n oficial ha adoptado la postura de que Simon tiene el derecho y la responsabilidad de aconsejar al primer ministro que solicite una prueba de confianza, bas\u00e1ndose en lo que ha sucedido desde la \u00faltima votaci\u00f3n de ese tipo.<\/p>\n<p>Pero Adams se\u00f1ala la historia, espec\u00edficamente en 2008, cuando el ex primer ministro Stephen Harper prorrog\u00f3 el gobierno, como la raz\u00f3n exacta por la que el Gobernador General no est\u00e1 en posici\u00f3n de tomar medidas sobre las recomendaciones del l\u00edder de la oposici\u00f3n.<\/p>\n<p>\u201c\u00bfPor qu\u00e9 quer\u00eda prorrogar el parlamento? Bueno, porque estaba a punto de perder una moci\u00f3n de censura. Y los aullidos de la oposici\u00f3n en ese momento eran que no, que ten\u00eda que enfrentarse al Parlamento\u201d, dijo Adams, a\u00f1adiendo que lo que se desarroll\u00f3 el viernes no fue m\u00e1s que \u201cun drama en Parliament Hill\u201d.<\/p>\n<p>\u201cLos pol\u00edticos act\u00faan pol\u00edticamente, lo hacen en todo el espectro pol\u00edtico\u201d, dijo. \u201cSe va a desarrollar de acuerdo con las reglas del juego\u201d.<\/p>\n<p>Adams dice que es poco probable que Simon se relacione con Poilievre, y que un buen gobernador general est\u00e1 al tanto de lo que est\u00e1 sucediendo pol\u00edticamente, pero tambi\u00e9n tiene claro d\u00f3nde est\u00e1n las l\u00edneas de autoridad.<\/p>\n<p>\u201cNo hay nadie que se dirija al l\u00edder de la oposici\u00f3n, ni al se\u00f1or Singh ni al l\u00edder del Bloque. Ella tiene un primer ministro. Su nombre es Justin Trudeau. Ella no aceptar\u00e1 consejos de otras personas\u201d. \u00bfY lo que lo que opine la gran mayor\u00eda de ciudadanos, no cuenta?<\/p>\n<p>&nbsp;<\/p>\n","protected":false},"excerpt":{"rendered":"<p>&nbsp; &nbsp; Una semana hist\u00f3ricamente dif\u00edcil para el Primer Ministro Justin Trudeau y su gobierno liberal termin\u00f3 con un nuevo impulso del l\u00edder conservador Pierre&hellip;<\/p>\n","protected":false},"author":99,"featured_media":526475,"comment_status":"open","ping_status":"open","sticky":false,"template":"","format":"standard","meta":{"footnotes":""},"categories":[21,11191],"tags":[],"class_list":["post-526473","post","type-post","status-publish","format-standard","has-post-thumbnail","hentry","category-canada","category-top-news"],"_links":{"self":[{"href":"https:\/\/diarioelpopular.com\/index.php\/wp-json\/wp\/v2\/posts\/526473","targetHints":{"allow":["GET"]}}],"collection":[{"href":"https:\/\/diarioelpopular.com\/index.php\/wp-json\/wp\/v2\/posts"}],"about":[{"href":"https:\/\/diarioelpopular.com\/index.php\/wp-json\/wp\/v2\/types\/post"}],"author":[{"embeddable":true,"href":"https:\/\/diarioelpopular.com\/index.php\/wp-json\/wp\/v2\/users\/99"}],"replies":[{"embeddable":true,"href":"https:\/\/diarioelpopular.com\/index.php\/wp-json\/wp\/v2\/comments?post=526473"}],"version-history":[{"count":1,"href":"https:\/\/diarioelpopular.com\/index.php\/wp-json\/wp\/v2\/posts\/526473\/revisions"}],"predecessor-version":[{"id":526476,"href":"https:\/\/diarioelpopular.com\/index.php\/wp-json\/wp\/v2\/posts\/526473\/revisions\/526476"}],"wp:featuredmedia":[{"embeddable":true,"href":"https:\/\/diarioelpopular.com\/index.php\/wp-json\/wp\/v2\/media\/526475"}],"wp:attachment":[{"href":"https:\/\/diarioelpopular.com\/index.php\/wp-json\/wp\/v2\/media?parent=526473"}],"wp:term":[{"taxonomy":"category","embeddable":true,"href":"https:\/\/diarioelpopular.com\/index.php\/wp-json\/wp\/v2\/categories?post=526473"},{"taxonomy":"post_tag","embeddable":true,"href":"https:\/\/diarioelpopular.com\/index.php\/wp-json\/wp\/v2\/tags?post=526473"}],"curies":[{"name":"wp","href":"https:\/\/api.w.org\/{rel}","templated":true}]}}