{"id":526485,"date":"2024-12-22T15:17:21","date_gmt":"2024-12-22T19:17:21","guid":{"rendered":"https:\/\/diarioelpopular.com\/?p=526485"},"modified":"2024-12-22T15:17:21","modified_gmt":"2024-12-22T19:17:21","slug":"que-son-los-jubileos-la-antigua-tradicion-judia-que-la-iglesia-catolica-celebra-desde-hace-mas-de-7-siglos-y-por-que-habra-uno-a-partir-de-la-vispera-de-navidad","status":"publish","type":"post","link":"https:\/\/diarioelpopular.com\/index.php\/2024\/12\/22\/que-son-los-jubileos-la-antigua-tradicion-judia-que-la-iglesia-catolica-celebra-desde-hace-mas-de-7-siglos-y-por-que-habra-uno-a-partir-de-la-vispera-de-navidad\/","title":{"rendered":"Qu\u00e9 son los jubileos, la antigua tradici\u00f3n jud\u00eda que la Iglesia cat\u00f3lica celebra desde hace m\u00e1s de 7 siglos (y por qu\u00e9 habr\u00e1 uno a partir de la v\u00edspera de Navidad)"},"content":{"rendered":"<p><img loading=\"lazy\" decoding=\"async\" class=\"alignnone size-custom-full-size wp-image-526486\" src=\"https:\/\/diarioelpopular.com\/wp-content\/uploads\/2024\/12\/Screen-Shot-2024-12-22-at-2.16.35-PM-636x361.png\" alt=\"\" width=\"636\" height=\"361\" srcset=\"https:\/\/diarioelpopular.com\/wp-content\/uploads\/2024\/12\/Screen-Shot-2024-12-22-at-2.16.35-PM-636x361.png 636w, https:\/\/diarioelpopular.com\/wp-content\/uploads\/2024\/12\/Screen-Shot-2024-12-22-at-2.16.35-PM-300x170.png 300w, https:\/\/diarioelpopular.com\/wp-content\/uploads\/2024\/12\/Screen-Shot-2024-12-22-at-2.16.35-PM-768x436.png 768w, https:\/\/diarioelpopular.com\/wp-content\/uploads\/2024\/12\/Screen-Shot-2024-12-22-at-2.16.35-PM-129x73.png 129w, https:\/\/diarioelpopular.com\/wp-content\/uploads\/2024\/12\/Screen-Shot-2024-12-22-at-2.16.35-PM.png 1024w\" sizes=\"auto, (max-width: 636px) 100vw, 636px\" \/><\/p>\n<p>Con la apertura de la puerta santa de la Bas\u00edlica de San Pedro se iniciar\u00e1 esta Nochebuena el Jubileo de 2025.<\/p>\n<p>&nbsp;<\/p>\n<div class=\"bbc-19j92fr ebmt73l0\" dir=\"ltr\">\n<ul>\n<li class=\"bbc-hhl7in e17g058b0\" dir=\"ltr\"><em><b>Distinta. As\u00ed ser\u00e1 esta Navidad para los m\u00e1s de 1.400 millones de cat\u00f3licos que hay en el mundo.<\/b><\/em><\/li>\n<\/ul>\n<\/div>\n<div class=\"bbc-19j92fr ebmt73l0\" dir=\"ltr\">\n<p dir=\"ltr\">\n<p class=\"bbc-hhl7in e17g058b0\" dir=\"ltr\">Seg\u00fan la tradici\u00f3n, adem\u00e1s de festejar el nacimiento de Jes\u00fas, este 24 de diciembre, la Iglesia cat\u00f3lica dar\u00e1 inicio a un evento que desde hace siete siglos ha venido registr\u00e1ndose y que solo se produce en un par de ocasiones cada siglo: un A\u00f1o Santo o un Jubileo.<\/p>\n<\/div>\n<div class=\"bbc-19j92fr ebmt73l0\" dir=\"ltr\">\n<p class=\"bbc-hhl7in e17g058b0\" dir=\"ltr\">La celebraci\u00f3n, que tendr\u00e1 por lema \u201cPeregrinos de Esperanza\u201d, se extender\u00e1 a lo largo de 2025 hasta el 6 de enero de 2026, seg\u00fan anunci\u00f3 el papa Francisco.<\/p>\n<\/div>\n<div class=\"bbc-19j92fr ebmt73l0\" dir=\"ltr\">\n<p class=\"bbc-hhl7in e17g058b0\" dir=\"ltr\">Pero, \u00bfqu\u00e9 es un Jubileo? \u00bfDe qu\u00e9 se trata y desde cu\u00e1ndo y con qu\u00e9 motivo se celebra? Para responder a estas y otras inc\u00f3gnitas, se consult\u00f3 a te\u00f3logos e historiadores y revis\u00f3 textos sagrados e hist\u00f3ricos.<\/p>\n<\/div>\n<section class=\"bbc-geybui\" role=\"region\" aria-label=\"Publicidad 2\" aria-hidden=\"true\" data-e2e=\"advertisement\">\n<div id=\"dotcom-mpu\" class=\"dotcom-ad active\" aria-hidden=\"true\">\n<div class=\"dotcom-ad-inner\">\n<div id=\"dotcom-slot-mpu\" class=\"dotcom-slot\" data-google-query-id=\"CMb6k_mIvIoDFX6GpgQdZGc50A\">\n<div id=\"google_ads_iframe_\/4817\/bbcworldservice.live.site.mundo\/mundo_content_1__container__\"><\/div>\n<\/div>\n<\/div>\n<\/div>\n<\/section>\n<figure class=\"bbc-1qn0xuy\">\n<div class=\"bbc-18ywsw9\">\n<div style=\"width: 2132px\" class=\"wp-caption alignnone\"><img loading=\"lazy\" decoding=\"async\" class=\"bbc-139onq\" src=\"https:\/\/ichef.bbci.co.uk\/ace\/ws\/640\/cpsprodpb\/c5b2\/live\/4a18e320-a044-11ef-ab24-d314eb5e785a.jpg.webp\" alt=\"Un rabino jud\u00edo leyendo la Tor\u00e1\" width=\"2122\" height=\"1193\" \/><p class=\"wp-caption-text\">Fuente de la imagen,Getty Images.\u00a0\u00a0El Jubileo es una tradici\u00f3n milenaria que se encuentra en la Tor\u00e1 jud\u00eda y tambi\u00e9n en el Antiguo Testamento de la Biblia.<\/p><\/div>\n<\/div>\n<\/figure>\n<div class=\"bbc-19j92fr ebmt73l0\" dir=\"ltr\">\n<h2 tabindex=\"-1\"><\/h2>\n<h2 id=\"Desde-tiempos-de-Mois\u00e9s\" class=\"bbc-1lgzob2 eglt09e0\" tabindex=\"-1\">Desde tiempos de Mois\u00e9s<\/h2>\n<\/div>\n<div class=\"bbc-19j92fr ebmt73l0\" dir=\"ltr\">\n<p class=\"bbc-hhl7in e17g058b0\" dir=\"ltr\">\u201cJubileo\u201d es el nombre que recibe un a\u00f1o particular y especial en el calendario lit\u00fargico, se lee en la p\u00e1gina web que el Vaticano lanz\u00f3 especialmente para la ocasi\u00f3n.<\/p>\n<\/div>\n<div class=\"bbc-19j92fr ebmt73l0\" dir=\"ltr\">\n<p class=\"bbc-hhl7in e17g058b0\" dir=\"ltr\">El evento tiene\u00a0or\u00edgenes b\u00edblicos.<\/p>\n<\/div>\n<div class=\"bbc-19j92fr ebmt73l0\" dir=\"ltr\">\n<p class=\"bbc-hhl7in e17g058b0\" dir=\"ltr\">\u201cYahv\u00e9 (Dios) dijo a Mois\u00e9s en el monte Sina\u00ed: \u2018El a\u00f1o 50 ser\u00e1 para ustedes un A\u00f1o Santo, un a\u00f1o en que proclamar\u00e1n una amnist\u00eda para todos los habitantes del pa\u00eds. Ser\u00e1 para ustedes el Jubileo\u2019\u201d, se lee en el libro de Lev\u00edtico, texto que forma parte tanto de la Tor\u00e1 jud\u00eda como del Antiguo Testamento de la Biblia cristiana.<\/p>\n<\/div>\n<div class=\"bbc-19j92fr ebmt73l0\" dir=\"ltr\">\n<p class=\"bbc-hhl7in e17g058b0\" dir=\"ltr\">\u201cEra un gran evento de liberaci\u00f3n;\u00a0consist\u00eda en una especie de indulto general\u201d, explic\u00f3 en 2015 el papa Francisco.<\/p>\n<\/div>\n<div class=\"bbc-19j92fr ebmt73l0\" dir=\"ltr\">\n<p class=\"bbc-hhl7in e17g058b0\" dir=\"ltr\">\u201cEra un tiempo para que el israelita restableciera su relaci\u00f3n con Dios y volviera a una vida justa y moralmente recta\u201d, dice Andres Mart\u00ednez Esteban, profesor de Historia de la Iglesia de la Universidad San D\u00e1maso (Espa\u00f1a).<\/p>\n<p dir=\"ltr\">\n<\/div>\n<figure class=\"bbc-1qn0xuy\">\n<div class=\"bbc-18ywsw9\">\n<div style=\"width: 1032px\" class=\"wp-caption alignnone\"><img loading=\"lazy\" decoding=\"async\" class=\"bbc-139onq\" src=\"https:\/\/ichef.bbci.co.uk\/ace\/ws\/640\/cpsprodpb\/6628\/live\/b75b02b0-a044-11ef-ab24-d314eb5e785a.jpg.webp\" alt=\"Un hombre jud\u00edo tocando un cuerno en el Muro de los Lamentos de Jerusal\u00e9n\" width=\"1022\" height=\"575\" \/><p class=\"wp-caption-text\">Fuente de la imagen,Getty Images.\u00a0\u00a0La palabra Jubileo tiene su origen en la palabra hebrea &#8220;yobel&#8221;, que se utiliza para identificar un instrumento empleado en festividades religiosas.<\/p><\/div>\n<\/div>\n<\/figure>\n<div class=\"bbc-19j92fr ebmt73l0\" dir=\"ltr\">\n<p dir=\"ltr\">\n<p dir=\"ltr\">\n<p class=\"bbc-hhl7in e17g058b0\" dir=\"ltr\">Se cree que el t\u00e9rmino Jubileo deriva de la palabra hebrea\u00a0\u201cyobel\u201d, que se utiliza para identificar a un instrumento musical elaborado a partir del cuerno de un carnero y que era usado por los jud\u00edos para marcar el comienzo de esta festividad.<\/p>\n<\/div>\n<div class=\"bbc-19j92fr ebmt73l0\" dir=\"ltr\">\n<h2 id=\"Objetivos-espirituales-y-terrenales\" class=\"bbc-1lgzob2 eglt09e0\" tabindex=\"-1\">Objetivos espirituales y terrenales<\/h2>\n<\/div>\n<div class=\"bbc-19j92fr ebmt73l0\" dir=\"ltr\">\n<p class=\"bbc-hhl7in e17g058b0\" dir=\"ltr\">El Jubileo jud\u00edo ten\u00eda un fin espiritual y tambi\u00e9n material.<\/p>\n<\/div>\n<div class=\"bbc-19j92fr ebmt73l0\" dir=\"ltr\">\n<p class=\"bbc-hhl7in e17g058b0\" dir=\"ltr\">\u201cLos que hab\u00edan tenido que empe\u00f1ar su propiedad, la recobrar\u00e1n. Los esclavos regresar\u00e1n a su familia. Este a\u00f1o 50 ser\u00e1 para ustedes el Jubileo. No sembrar\u00e1n ni segar\u00e1n los rebrotes, ni vendimiar\u00e1n la vi\u00f1a sin cultivar, pues es a\u00f1o jubilar. Ser\u00e1 para ustedes un A\u00f1o Santo en el que comer\u00e1n de lo que el campo produce por s\u00ed solo. Este a\u00f1o jubilar, cada uno volver\u00e1 a su propiedad\u201d, se ordena en el cap\u00edtulo 25 del libro de Lev\u00edtico.<\/p>\n<\/div>\n<div class=\"bbc-19j92fr ebmt73l0\" dir=\"ltr\">\n<p class=\"bbc-hhl7in e17g058b0\" dir=\"ltr\">\u201cEs un a\u00f1o sab\u00e1tico\u201d, agrega Mar\u00eda Jes\u00fas Fern\u00e1ndez Cordero, profesora de Historia de la Iglesia de la Facultad de Teolog\u00eda de la Universidad Pontificia Comillas (Espa\u00f1a).<\/p>\n<\/div>\n<div class=\"bbc-19j92fr ebmt73l0\" dir=\"ltr\">\n<p class=\"bbc-hhl7in e17g058b0\" dir=\"ltr\">\u201cUn a\u00f1o en el que se restitu\u00edan las propiedades, pues las compra-ventas no eran para siempre sino que duraban hasta el Jubileo. Un tiempo en el que se dejaba descansar la tierra y se deb\u00edan liberar a los esclavos hebreos y perdonar las deudas\u201d, dice la experta.<\/p>\n<p dir=\"ltr\">\n<\/div>\n<figure class=\"bbc-1qn0xuy\">\n<div class=\"bbc-18ywsw9\">\n<div style=\"width: 368px\" class=\"wp-caption alignnone\"><img loading=\"lazy\" decoding=\"async\" class=\"bbc-139onq\" src=\"https:\/\/ichef.bbci.co.uk\/ace\/ws\/640\/cpsprodpb\/7d9e\/live\/bd7f0320-a045-11ef-ab24-d314eb5e785a.jpg.webp\" alt=\"Pintura del papa Bonifacio VIII con otros religiosos\" width=\"358\" height=\"201\" \/><p class=\"wp-caption-text\">Fuente de la imagen,Getty Images.\u00a0\u00a0La Iglesia cat\u00f3lica comenz\u00f3 a celebrar jubileos en el siglo XIV, cuando el papa Bonifacio VIII convoc\u00f3 el primero.<\/p><\/div>\n<\/div>\n<\/figure>\n<div class=\"bbc-19j92fr ebmt73l0\" dir=\"ltr\">\n<p dir=\"ltr\">\n<p dir=\"ltr\">\n<p class=\"bbc-hhl7in e17g058b0\" dir=\"ltr\">El propio pont\u00edfice asegur\u00f3 que la celebraci\u00f3n jud\u00eda buscaba\u00a0favorecer materialmente \u201ca los pobres, a los hu\u00e9rfanos y a las viudas\u201d.<\/p>\n<\/div>\n<div class=\"bbc-19j92fr ebmt73l0\" dir=\"ltr\">\n<p class=\"bbc-hhl7in e17g058b0\" dir=\"ltr\">\u201cSe cancelaban las deudas y se restitu\u00edan las tierras a sus propietarios, porque la idea central es que la tierra pertenece a Dios y ha sido confiada a los hombres como administradores\u201d, explic\u00f3 en 2015.<\/p>\n<\/div>\n<div class=\"bbc-19j92fr ebmt73l0\" dir=\"ltr\">\n<h2 id=\"La-cristianizaci\u00f3n-de-la-tradici\u00f3n\" class=\"bbc-1lgzob2 eglt09e0\" tabindex=\"-1\">La cristianizaci\u00f3n de la tradici\u00f3n<\/h2>\n<\/div>\n<div class=\"bbc-19j92fr ebmt73l0\" dir=\"ltr\">\n<p class=\"bbc-hhl7in e17g058b0\" dir=\"ltr\">En el a\u00f1o 1300, el papa Bonifacio VIII incorpor\u00f3 la tradici\u00f3n jud\u00eda al acervo de la Iglesia y convoc\u00f3 al que se considera el primer Jubileo cat\u00f3lico universal.<\/p>\n<\/div>\n<div class=\"bbc-19j92fr ebmt73l0\" dir=\"ltr\">\n<p class=\"bbc-hhl7in e17g058b0\" dir=\"ltr\">La decisi\u00f3n papal vino motivada por\u00a0la petici\u00f3n que le hiciera una multitud de romanos para celebrar el inicio del nuevo siglo, se lee en un libro de los archivos vaticanos.<\/p>\n<\/div>\n<div class=\"bbc-19j92fr ebmt73l0\" dir=\"ltr\">\n<p class=\"bbc-hhl7in e17g058b0\" dir=\"ltr\">\u201cLa Iglesia toma esta tradici\u00f3n gracias a lo que (el evangelio de) Lucas relata que ocurri\u00f3 cuando Jes\u00fas comenz\u00f3 su predica p\u00fablica en la sinagoga de Nazaret\u201d, apunt\u00f3 Fern\u00e1ndez Cordero.<\/p>\n<\/div>\n<div class=\"bbc-19j92fr ebmt73l0\" dir=\"ltr\">\n<p class=\"bbc-hhl7in e17g058b0\" dir=\"ltr\">&#8220;El Esp\u00edritu del Se\u00f1or est\u00e1 sobre m\u00ed, porque me ha ungido y me ha enviado a anunciar la buena nueva a los pobres, a proclamar la liberaci\u00f3n a los cautivos y la vista a los ciegos, a poner en libertad a los oprimidos y a predicar el a\u00f1o de gracia del Se\u00f1or&#8221;, dice el pasaje b\u00edblico al que se refiere la experta.<\/p>\n<\/div>\n<div class=\"bbc-19j92fr ebmt73l0\" dir=\"ltr\">\n<p class=\"bbc-hhl7in e17g058b0\" dir=\"ltr\">Antes de la decisi\u00f3n de Bonifacio VIII otro papa, Calixto II, instaur\u00f3 d\u00e9cadas antes otro jubileo cat\u00f3lico, pero de alcance m\u00e1s limitado:\u00a0el jacobeo (xacobeo en gallego), que se celebra en la ciudad espa\u00f1ola de Santiago de Compostela.<\/p>\n<\/div>\n<div class=\"bbc-19j92fr ebmt73l0\" dir=\"ltr\">\n<p class=\"bbc-hhl7in e17g058b0\" dir=\"ltr\">Este a\u00f1o santo est\u00e1 dedicado a Santiago, uno de los doce ap\u00f3stoles de Jes\u00fas y cuyo sepultro se cree est\u00e1 en la catedral de la ciudad gallega. La celebraci\u00f3n se da cada vez que el 25 de julio, cuando es la fiesta del Ap\u00f3stol, coincide con un domingo.<\/p>\n<\/div>\n<div class=\"bbc-19j92fr ebmt73l0\" dir=\"ltr\">\n<p class=\"bbc-hhl7in e17g058b0\" dir=\"ltr\">Originalmente los jubileos cat\u00f3licos se celebraban cada siglo, pero en 1342 el papa Clemente VI estableci\u00f3 que se producir\u00e1n cada 50 a\u00f1os, como los hebreos, seg\u00fan figura en los registros vaticanos.<\/p>\n<p dir=\"ltr\">\n<\/div>\n<figure class=\"bbc-1qn0xuy\">\n<div class=\"bbc-18ywsw9\">\n<div style=\"width: 1034px\" class=\"wp-caption alignnone\"><img loading=\"lazy\" decoding=\"async\" class=\"bbc-139onq\" src=\"https:\/\/ichef.bbci.co.uk\/ace\/ws\/640\/cpsprodpb\/bf83\/live\/cec10ac0-a045-11ef-ab24-d314eb5e785a.jpg.webp\" alt=\"El fallecido papa Juan Pablo II abriendo la puerta santa en el Jubileo del a\u00f1o 2000\" width=\"1024\" height=\"576\" \/><p class=\"wp-caption-text\">Fuente de la imagen,Getty Images.\u00a0\u00a0La apertura de la puerta santa de la Bas\u00edlica de San Pedro marca el inicio de los jubileos.<\/p><\/div>\n<\/div>\n<\/figure>\n<div class=\"bbc-19j92fr ebmt73l0\" dir=\"ltr\">\n<p dir=\"ltr\">\n<p dir=\"ltr\">\n<p class=\"bbc-hhl7in e17g058b0\" dir=\"ltr\">Sin embargo, en 1389, bajo el pontificado de Urbano VI, se aprueba otra modificaci\u00f3n de los lapsos y se estableci\u00f3 que los a\u00f1os santos se celebrar\u00edan cada 33 a\u00f1os, en memoria del n\u00famero de a\u00f1os que, seg\u00fan la Biblia, vivi\u00f3 Cristo.<\/p>\n<\/div>\n<div class=\"bbc-19j92fr ebmt73l0\" dir=\"ltr\">\n<p class=\"bbc-hhl7in e17g058b0\" dir=\"ltr\">Pero en 1475 otro papa, Sixto IV, decidi\u00f3 que se celebrar\u00edan regularmente cada 25 a\u00f1os, para que \u201ccada generaci\u00f3n participara al menos en uno\u201d, indic\u00f3 el teol\u00f3go Santiago Aus\u00edn Olmos. Esta tradici\u00f3n se mantiene hasta la actualidad.<\/p>\n<\/div>\n<div class=\"bbc-19j92fr ebmt73l0\" dir=\"ltr\">\n<p class=\"bbc-hhl7in e17g058b0\" dir=\"ltr\">No obstante, el l\u00edder de la Iglesia cat\u00f3lica tiene la potestad de convocar jubileos de manera extraordinaria como el que se registr\u00f3 en 1983, decretado por Juan Pablo II para conmemorar los 1.950 a\u00f1os de la crucifixi\u00f3n y resurrecci\u00f3n de Jes\u00fas; o el m\u00e1s reciente de 2015 que Francisco dedic\u00f3 a la misericordia, explicaron los expertos.<\/p>\n<\/div>\n<div class=\"bbc-19j92fr ebmt73l0\" dir=\"ltr\">\n<p class=\"bbc-hhl7in e17g058b0\" dir=\"ltr\">Aunque el pr\u00f3ximo Jubileo se desarrollar\u00e1 a lo largo de 2025, comenzar\u00e1 antes de que el a\u00f1o se inicie como tal, en particular en v\u00edsperas de Navidad. \u00bfPor qu\u00e9?\u00a0\u201cPorque es la fecha religiosa clave m\u00e1s cercana\u201d, responde Mart\u00ednez Esteban.<\/p>\n<\/div>\n<div class=\"bbc-19j92fr ebmt73l0\" dir=\"ltr\">\n<p class=\"bbc-hhl7in e17g058b0\" dir=\"ltr\">Sin embargo, solamente los a\u00f1os santos ordinarios suelen iniciarse en esta festividad. El A\u00f1o Santo de la Misericordia de 2015 se inici\u00f3 el 8 de diciembre y termin\u00f3 el 20 de noviembre del a\u00f1o siguiente.<\/p>\n<p dir=\"ltr\">\n<\/div>\n<figure class=\"bbc-1qn0xuy\">\n<div class=\"bbc-18ywsw9\">\n<div style=\"width: 1027px\" class=\"wp-caption alignnone\"><img loading=\"lazy\" decoding=\"async\" class=\"bbc-139onq\" src=\"https:\/\/ichef.bbci.co.uk\/ace\/ws\/640\/cpsprodpb\/6e73\/live\/34274b40-a046-11ef-ab24-d314eb5e785a.jpg.webp\" alt=\"Multitud en la San Plaza Pedro del Vaticano.\" width=\"1017\" height=\"572\" \/><p class=\"wp-caption-text\">Fuente de la imagen,Getty Images.\u00a0\u00a0Durante los a\u00f1os santos se pide a los fieles viajar a Roma a visitar bas\u00edlicas como San Pedro y otros santuarios.<\/p><\/div>\n<\/div>\n<\/figure>\n<div class=\"bbc-19j92fr ebmt73l0\" dir=\"ltr\">\n<h2 tabindex=\"-1\"><\/h2>\n<h2 id=\"Las-puertas-santas-y-otros-ritos\" class=\"bbc-1lgzob2 eglt09e0\" tabindex=\"-1\">Las puertas santas y otros ritos<\/h2>\n<\/div>\n<div class=\"bbc-19j92fr ebmt73l0\" dir=\"ltr\">\n<p class=\"bbc-hhl7in e17g058b0\" dir=\"ltr\">El Jubileo se iniciar\u00e1 con una tradici\u00f3n que tiene m\u00e1s de cinco siglos de antig\u00fcedad: la apertura de la Puerta Santa que est\u00e1 en la Bas\u00edlica de San Pedro por parte del papa Francisco. As\u00ed se anuncia en la bula<i class=\"bbc-h1y5j7 eih42320\">\u00a0Spes non confundit<\/i>\u00a0(La esperanza no confunde) que el pont\u00edfice argentino public\u00f3 el pasado 9 de mayo.<\/p>\n<\/div>\n<div class=\"bbc-19j92fr ebmt73l0\" dir=\"ltr\">\n<p class=\"bbc-hhl7in e17g058b0\" dir=\"ltr\">Y entre el 29 de diciembre y el 5 de enero se abrir\u00e1n las otras puertas santas que hay en las otras tres bas\u00edlicas papales que hay en Roma (San Juan de Letr\u00e1n; San Mar\u00eda, la Mayor; y San Pablo Extramuros).<\/p>\n<\/div>\n<div class=\"bbc-19j92fr ebmt73l0\" dir=\"ltr\">\n<p class=\"bbc-hhl7in e17g058b0\" dir=\"ltr\">Por estas puertas, que se abren exclusivamente durante a\u00f1os santos, se espera que pasen los millones de fieles que se estima viajar\u00e1n a Roma a lo largo de 2025 como parte de los ritos que deben seguir\u00a0para ganar la \u201cindulgencia\u201d; es decir el perd\u00f3n de los pecados.<\/p>\n<\/div>\n<div class=\"bbc-19j92fr ebmt73l0\" dir=\"ltr\">\n<p class=\"bbc-hhl7in e17g058b0\" dir=\"ltr\">El rito de cruzar las puertas santas tiene su explicaci\u00f3n teol\u00f3gica en el evangelio de San Juan, donde Jes\u00fas asegura:\u00a0\u201cYo soy la puerta: quien entre por m\u00ed se salvar\u00e1&#8221;.<\/p>\n<\/div>\n<div class=\"bbc-19j92fr ebmt73l0\" dir=\"ltr\">\n<p class=\"bbc-hhl7in e17g058b0\" dir=\"ltr\">Sin embargo en esta ocasi\u00f3n, a las cuatro puertas antes mencionadas se sumar\u00e1 otra, que no est\u00e1 ubicada en un templo o santuario, sino en una c\u00e1rcel. En la penitenciaria romana de Rebibbia.<\/p>\n<p dir=\"ltr\">\n<\/div>\n<figure class=\"bbc-1qn0xuy\">\n<div class=\"bbc-18ywsw9\">\n<div style=\"width: 1034px\" class=\"wp-caption alignnone\"><img loading=\"lazy\" decoding=\"async\" class=\"bbc-139onq\" src=\"https:\/\/ichef.bbci.co.uk\/ace\/ws\/640\/cpsprodpb\/18a6\/live\/86479dd0-a046-11ef-ab24-d314eb5e785a.jpg.webp\" alt=\"Peregrinos en la puerta santa de la Bas\u00edlica de San Pedro en 2015.\" width=\"1024\" height=\"576\" \/><p class=\"wp-caption-text\">Fuente de la imagen,Getty Images.\u00a0\u00a0Atravesar la puerta santa de las bas\u00edlicas papales de Roma es uno de los ritos que los peregrinos deben cumplir para ganar la indulgencia.<\/p><\/div>\n<\/div>\n<\/figure>\n<div class=\"bbc-19j92fr ebmt73l0\" dir=\"ltr\">\n<p dir=\"ltr\">\n<p dir=\"ltr\">\n<p class=\"bbc-hhl7in e17g058b0\" dir=\"ltr\">Un gesto con el que Francisco no solo quiere ofrecer \u201ca los presos un signo concreto de cercan\u00eda\u201d, sino con el cual aspira dar fuerza a sus demandas para que a estos se les garanticen sus derechos humanos y los gobiernos proscriban la pena de muerte.<\/p>\n<\/div>\n<div class=\"bbc-19j92fr ebmt73l0\" dir=\"ltr\">\n<p class=\"bbc-hhl7in e17g058b0\" dir=\"ltr\">La exhibici\u00f3n p\u00fablica de reliquias de los santos es otra de las costumbres de los jubileos.<\/p>\n<\/div>\n<div class=\"bbc-19j92fr ebmt73l0\" dir=\"ltr\">\n<h2 id=\"A-caminar-en-busca-del-perd\u00f3n\" class=\"bbc-1lgzob2 eglt09e0\" tabindex=\"-1\">A caminar en busca del perd\u00f3n<\/h2>\n<\/div>\n<div class=\"bbc-19j92fr ebmt73l0\" dir=\"ltr\">\n<p class=\"bbc-hhl7in e17g058b0\" dir=\"ltr\">El principal objetivo de los a\u00f1os santos es que los creyentes obtengan la indulgencia plenaria.<\/p>\n<\/div>\n<div class=\"bbc-19j92fr ebmt73l0\" dir=\"ltr\">\n<p class=\"bbc-hhl7in e17g058b0\" dir=\"ltr\">\u201cPerdonar no cambia el pasado, no puede modificar lo que ya sucedi\u00f3; y, sin embargo,\u00a0el perd\u00f3n puede permitir que cambie el futuro y se viva de una manera diferente, sin rencor, sin ira ni venganza\u201d, escribi\u00f3 el papa en su bula.<\/p>\n<\/div>\n<div class=\"bbc-19j92fr ebmt73l0\" dir=\"ltr\">\n<p class=\"bbc-hhl7in e17g058b0\" dir=\"ltr\">\u201cEl futuro iluminado por el perd\u00f3n hace posible que el pasado se lea con otros ojos, m\u00e1s serenos, aunque est\u00e9n a\u00fan surcados por las l\u00e1grimas\u201d, agreg\u00f3 el l\u00edder de la Iglesia cat\u00f3lica.<\/p>\n<\/div>\n<div class=\"bbc-19j92fr ebmt73l0\" dir=\"ltr\">\n<p class=\"bbc-hhl7in e17g058b0\" dir=\"ltr\">El Vaticano a\u00fan no ha informado detalladamente cu\u00e1les ser\u00e1n los requisitos que los fieles deber\u00e1n cumplir para obtener la absoluci\u00f3n en esta ocasi\u00f3n, pero la peregrinaci\u00f3n a Roma es uno.<\/p>\n<\/div>\n<div class=\"bbc-19j92fr ebmt73l0\" dir=\"ltr\">\n<p class=\"bbc-hhl7in e17g058b0\" dir=\"ltr\">\u201cPonerse en camino es un gesto t\u00edpico de quienes buscan el sentido de la vida\u201d, escribi\u00f3 el Papa.<\/p>\n<\/div>\n<div class=\"bbc-19j92fr ebmt73l0\" dir=\"ltr\">\n<p class=\"bbc-hhl7in e17g058b0\" dir=\"ltr\">Durante el Gran Jubileo del a\u00f1o 2000, 24,5 millones de personas visitaron la llamada ciudad eterna, de acuerdo con los datos del Vaticano, mientras que el Centro Italiano de Estad\u00edstica elev\u00f3 esa cifra a\u00a032 millones.<\/p>\n<\/div>\n<div class=\"bbc-19j92fr ebmt73l0\" dir=\"ltr\">\n<p class=\"bbc-hhl7in e17g058b0\" dir=\"ltr\">En el primer Jubileo se exigi\u00f3 a los fieles que visitaran 30 veces en el a\u00f1o las bas\u00edlicas de San Pedro y de San Pablo Extramuros.<\/p>\n<p dir=\"ltr\">\n<\/div>\n<figure class=\"bbc-1qn0xuy\">\n<div class=\"bbc-18ywsw9\">\n<div style=\"width: 1027px\" class=\"wp-caption alignnone\"><img loading=\"lazy\" decoding=\"async\" class=\"bbc-139onq\" src=\"https:\/\/ichef.bbci.co.uk\/ace\/ws\/640\/cpsprodpb\/7f42\/live\/d1156590-a046-11ef-ab24-d314eb5e785a.jpg.webp\" alt=\"Nacimiento de la plaza de San Pedro del Vaticano\" width=\"1017\" height=\"572\" \/><p class=\"wp-caption-text\">Fuente de la imagen,Getty Images.\u00a0\u00a0Los jubileos ordinarios tienden a comenzar en la v\u00edspera de Navidad, como ocurrir\u00e1 con este pr\u00f3ximo.<\/p><\/div>\n<p class=\"bbc-by8ykd\" role=\"text\">\n<\/div>\n<\/figure>\n<div class=\"bbc-19j92fr ebmt73l0\" dir=\"ltr\">\n<p dir=\"ltr\">\n<p dir=\"ltr\">\n<p class=\"bbc-hhl7in e17g058b0\" dir=\"ltr\">Pero \u00bfpor qu\u00e9 Roma y no Jerusal\u00e9n, Bel\u00e9n o los otros sitios sagrados de Tierra Santa?\u00a0\u201cPor razones hist\u00f3ricas y sentido eclesial\u201d, explica Fern\u00e1ndez Cordero.<\/p>\n<\/div>\n<div class=\"bbc-19j92fr ebmt73l0\" dir=\"ltr\">\n<p class=\"bbc-hhl7in e17g058b0\" dir=\"ltr\">\u201cCuando se celebra el primer Jubileo documentado, en 1300, Jerusal\u00e9n estaba en poder de los musulmanes y el papa (Nicol\u00e1s IV) solo hab\u00eda conseguido, tras negociar con el sult\u00e1n, enviar un grupo de frailes franciscanos para mantener la liturgia latina en el Santo Sepulcro\u201d, apunta la historiadora.<\/p>\n<\/div>\n<div class=\"bbc-19j92fr ebmt73l0\" dir=\"ltr\">\n<p class=\"bbc-hhl7in e17g058b0\" dir=\"ltr\">\u201cDesde la \u00e9poca de los ap\u00f3stoles se considera a Roma como el centro de la cristiandad, porque es ah\u00ed donde el primero de los ap\u00f3stoles (Sim\u00f3n-Pedro) fund\u00f3 la comunidad de la que \u00e9l fue obispo y al poner el centro de la cristiandad en Roma, capital del imperio, quedaba clara su universalidad\u201d, agrega Mart\u00ednez Esteban.<\/p>\n<\/div>\n<div class=\"bbc-19j92fr ebmt73l0\" dir=\"ltr\">\n<p class=\"bbc-hhl7in e17g058b0\" dir=\"ltr\">\u00bfY qu\u00e9 pasa con aquellos que por razones econ\u00f3micas o de salud no puedan trasladarse hasta la capital italiana? Tambi\u00e9n podr\u00e1n conseguir la absoluci\u00f3n, asegur\u00f3 el pont\u00edfice.<\/p>\n<\/div>\n<div class=\"bbc-19j92fr ebmt73l0\" dir=\"ltr\">\n<p class=\"bbc-hhl7in e17g058b0\" dir=\"ltr\">\u201cLa indulgencia jubilar (\u2026) podr\u00e1 obtenerse seg\u00fan las prescripciones contenidas en el mismo ritual para la celebraci\u00f3n del Jubileo en las Iglesias particulares\u201d, anunci\u00f3 el papa en su bula.<\/p>\n<\/div>\n<div class=\"bbc-19j92fr ebmt73l0\" dir=\"ltr\">\n<p class=\"bbc-hhl7in e17g058b0\" dir=\"ltr\">A este A\u00f1o Santo le seguir\u00e1 el que se celebrar\u00e1 en 2033, con motivo de\u00a0los 2.000 a\u00f1os de la muerte y resurrecci\u00f3n de Cristo.<\/p>\n<\/div>\n","protected":false},"excerpt":{"rendered":"<p>Con la apertura de la puerta santa de la Bas\u00edlica de San Pedro se iniciar\u00e1 esta Nochebuena el Jubileo de 2025. &nbsp; Distinta. As\u00ed ser\u00e1&hellip;<\/p>\n","protected":false},"author":99,"featured_media":526486,"comment_status":"open","ping_status":"open","sticky":false,"template":"","format":"standard","meta":{"footnotes":""},"categories":[24],"tags":[],"class_list":["post-526485","post","type-post","status-publish","format-standard","has-post-thumbnail","hentry","category-mundo"],"_links":{"self":[{"href":"https:\/\/diarioelpopular.com\/index.php\/wp-json\/wp\/v2\/posts\/526485","targetHints":{"allow":["GET"]}}],"collection":[{"href":"https:\/\/diarioelpopular.com\/index.php\/wp-json\/wp\/v2\/posts"}],"about":[{"href":"https:\/\/diarioelpopular.com\/index.php\/wp-json\/wp\/v2\/types\/post"}],"author":[{"embeddable":true,"href":"https:\/\/diarioelpopular.com\/index.php\/wp-json\/wp\/v2\/users\/99"}],"replies":[{"embeddable":true,"href":"https:\/\/diarioelpopular.com\/index.php\/wp-json\/wp\/v2\/comments?post=526485"}],"version-history":[{"count":1,"href":"https:\/\/diarioelpopular.com\/index.php\/wp-json\/wp\/v2\/posts\/526485\/revisions"}],"predecessor-version":[{"id":526487,"href":"https:\/\/diarioelpopular.com\/index.php\/wp-json\/wp\/v2\/posts\/526485\/revisions\/526487"}],"wp:featuredmedia":[{"embeddable":true,"href":"https:\/\/diarioelpopular.com\/index.php\/wp-json\/wp\/v2\/media\/526486"}],"wp:attachment":[{"href":"https:\/\/diarioelpopular.com\/index.php\/wp-json\/wp\/v2\/media?parent=526485"}],"wp:term":[{"taxonomy":"category","embeddable":true,"href":"https:\/\/diarioelpopular.com\/index.php\/wp-json\/wp\/v2\/categories?post=526485"},{"taxonomy":"post_tag","embeddable":true,"href":"https:\/\/diarioelpopular.com\/index.php\/wp-json\/wp\/v2\/tags?post=526485"}],"curies":[{"name":"wp","href":"https:\/\/api.w.org\/{rel}","templated":true}]}}