{"id":526498,"date":"2024-12-23T11:19:06","date_gmt":"2024-12-23T15:19:06","guid":{"rendered":"https:\/\/diarioelpopular.com\/?p=526498"},"modified":"2024-12-23T11:19:06","modified_gmt":"2024-12-23T15:19:06","slug":"identifican-a-un-hombre-de-toronto-de-21-anos-como-victima-de-un-apunalamiento-fatal-sospechoso-acusado-de-asesinato","status":"publish","type":"post","link":"https:\/\/diarioelpopular.com\/index.php\/2024\/12\/23\/identifican-a-un-hombre-de-toronto-de-21-anos-como-victima-de-un-apunalamiento-fatal-sospechoso-acusado-de-asesinato\/","title":{"rendered":"Identifican a un hombre de Toronto de 21 a\u00f1os como v\u00edctima de un apu\u00f1alamiento fatal, sospechoso acusado de asesinato"},"content":{"rendered":"<div id=\"attachment_526499\" style=\"width: 646px\" class=\"wp-caption alignnone\"><img loading=\"lazy\" decoding=\"async\" aria-describedby=\"caption-attachment-526499\" class=\"wp-image-526499 size-custom-full-size\" src=\"https:\/\/diarioelpopular.com\/wp-content\/uploads\/2024\/12\/Screen-Shot-2024-12-23-at-10.15.18-AM-636x478.png\" alt=\"\" width=\"636\" height=\"478\" srcset=\"https:\/\/diarioelpopular.com\/wp-content\/uploads\/2024\/12\/Screen-Shot-2024-12-23-at-10.15.18-AM-636x478.png 636w, https:\/\/diarioelpopular.com\/wp-content\/uploads\/2024\/12\/Screen-Shot-2024-12-23-at-10.15.18-AM-300x225.png 300w, https:\/\/diarioelpopular.com\/wp-content\/uploads\/2024\/12\/Screen-Shot-2024-12-23-at-10.15.18-AM-768x577.png 768w, https:\/\/diarioelpopular.com\/wp-content\/uploads\/2024\/12\/Screen-Shot-2024-12-23-at-10.15.18-AM-97x73.png 97w, https:\/\/diarioelpopular.com\/wp-content\/uploads\/2024\/12\/Screen-Shot-2024-12-23-at-10.15.18-AM.png 844w\" sizes=\"auto, (max-width: 636px) 100vw, 636px\" \/><p id=\"caption-attachment-526499\" class=\"wp-caption-text\">La polic\u00eda de Toronto identific\u00f3 a la v\u00edctima del 84.\u00ba homicidio del a\u00f1o en la ciudad como David Cardoso, de 21 a\u00f1os, de Toronto. Foto de la polic\u00eda de Toronto<\/p><\/div>\n<p>&nbsp;<\/p>\n<p>&nbsp;<\/p>\n<p>&nbsp;<\/p>\n<ul>\n<li><em><strong>Un individuo de Toronto de 31 a\u00f1os ha sido acusado de asesinato por el apu\u00f1alamiento fatal de otro hombre el s\u00e1bado por la ma\u00f1ana cerca de Earlscourt Park en St Clair Ave.<\/strong><\/em><\/li>\n<\/ul>\n<p>&nbsp;<\/p>\n<p>La polic\u00eda de Toronto localiz\u00f3 a la v\u00edctima mientras respond\u00eda a un informe de una persona herida en el \u00e1rea de St. Clair Ave. W. y Nairn Ave. poco antes de las 3 de la madrugada. Los oficiales encontraron a un hombre con &#8220;signos evidentes de trauma&#8221;, dijo el sargento detective de homicidios Brandon Price a los periodistas el s\u00e1bado en el lugar.<\/p>\n<p>El hombre fue llevado a un centro de traumatolog\u00eda mediante una carrera de emergencia y se tomaron medidas para salvarle la vida, pero &#8220;finalmente fue declarado muerto en el hospital&#8221; y Price dijo que &#8220;parec\u00eda que el hombre hab\u00eda sido apu\u00f1alado&#8221;.<\/p>\n<p>Price tambi\u00e9n dijo que hubo un &#8220;altercado prolongado&#8221; en el momento del apu\u00f1alamiento en el que participaron hasta cinco personas.<\/p>\n<p>La polic\u00eda identific\u00f3 a la v\u00edctima del 84\u00ba homicidio de la ciudad del a\u00f1o como David Cardoso, de 21 a\u00f1os, de Toronto.<\/p>\n<p>Nelson Raposo Vidinha ha sido arrestado y acusado de asesinato en segundo grado.<\/p>\n<p>\u201cEsta sigue siendo una investigaci\u00f3n activa y en curso\u201d, dijo la agente Laura Brabant el domingo en un comunicado de prensa. \u201cSe insta a cualquier persona que haya presenciado el altercado o que estuviera en el \u00e1rea en ese momento y tenga im\u00e1genes de videovigilancia o de la c\u00e1mara del tablero a que se comunique con la polic\u00eda\u201d.<\/p>\n<p>Cualquier persona que tenga informaci\u00f3n puede comunicarse con la polic\u00eda al 416-808-1300, 416-808-7400 o con Crime Stoppers de forma an\u00f3nima al 416-222-TIPS (8477) o 222tips.com.<\/p>\n","protected":false},"excerpt":{"rendered":"<p>&nbsp; &nbsp; &nbsp; Un individuo de Toronto de 31 a\u00f1os ha sido acusado de asesinato por el apu\u00f1alamiento fatal de otro hombre el s\u00e1bado por&hellip;<\/p>\n","protected":false},"author":99,"featured_media":526499,"comment_status":"open","ping_status":"open","sticky":false,"template":"","format":"standard","meta":{"footnotes":""},"categories":[11364],"tags":[],"class_list":["post-526498","post","type-post","status-publish","format-standard","has-post-thumbnail","hentry","category-toronto-gta"],"_links":{"self":[{"href":"https:\/\/diarioelpopular.com\/index.php\/wp-json\/wp\/v2\/posts\/526498","targetHints":{"allow":["GET"]}}],"collection":[{"href":"https:\/\/diarioelpopular.com\/index.php\/wp-json\/wp\/v2\/posts"}],"about":[{"href":"https:\/\/diarioelpopular.com\/index.php\/wp-json\/wp\/v2\/types\/post"}],"author":[{"embeddable":true,"href":"https:\/\/diarioelpopular.com\/index.php\/wp-json\/wp\/v2\/users\/99"}],"replies":[{"embeddable":true,"href":"https:\/\/diarioelpopular.com\/index.php\/wp-json\/wp\/v2\/comments?post=526498"}],"version-history":[{"count":1,"href":"https:\/\/diarioelpopular.com\/index.php\/wp-json\/wp\/v2\/posts\/526498\/revisions"}],"predecessor-version":[{"id":526500,"href":"https:\/\/diarioelpopular.com\/index.php\/wp-json\/wp\/v2\/posts\/526498\/revisions\/526500"}],"wp:featuredmedia":[{"embeddable":true,"href":"https:\/\/diarioelpopular.com\/index.php\/wp-json\/wp\/v2\/media\/526499"}],"wp:attachment":[{"href":"https:\/\/diarioelpopular.com\/index.php\/wp-json\/wp\/v2\/media?parent=526498"}],"wp:term":[{"taxonomy":"category","embeddable":true,"href":"https:\/\/diarioelpopular.com\/index.php\/wp-json\/wp\/v2\/categories?post=526498"},{"taxonomy":"post_tag","embeddable":true,"href":"https:\/\/diarioelpopular.com\/index.php\/wp-json\/wp\/v2\/tags?post=526498"}],"curies":[{"name":"wp","href":"https:\/\/api.w.org\/{rel}","templated":true}]}}