{"id":526561,"date":"2024-12-24T14:07:20","date_gmt":"2024-12-24T18:07:20","guid":{"rendered":"https:\/\/diarioelpopular.com\/?p=526561"},"modified":"2024-12-24T14:07:20","modified_gmt":"2024-12-24T18:07:20","slug":"que-son-las-puertas-santas-y-por-que-solo-8-iglesias-las-tienen-en-el-mundo","status":"publish","type":"post","link":"https:\/\/diarioelpopular.com\/index.php\/2024\/12\/24\/que-son-las-puertas-santas-y-por-que-solo-8-iglesias-las-tienen-en-el-mundo\/","title":{"rendered":"Qu\u00e9 son las &#8220;puertas santas&#8221; y por qu\u00e9 solo 8 iglesias las tienen en el mundo"},"content":{"rendered":"<div id=\"attachment_526563\" style=\"width: 646px\" class=\"wp-caption alignnone\"><img loading=\"lazy\" decoding=\"async\" aria-describedby=\"caption-attachment-526563\" class=\"wp-image-526563 size-custom-full-size\" src=\"https:\/\/diarioelpopular.com\/wp-content\/uploads\/2024\/12\/Screen-Shot-2024-12-24-at-1.06.44-PM-636x361.png\" alt=\"\" width=\"636\" height=\"361\" srcset=\"https:\/\/diarioelpopular.com\/wp-content\/uploads\/2024\/12\/Screen-Shot-2024-12-24-at-1.06.44-PM-636x361.png 636w, https:\/\/diarioelpopular.com\/wp-content\/uploads\/2024\/12\/Screen-Shot-2024-12-24-at-1.06.44-PM-300x170.png 300w, https:\/\/diarioelpopular.com\/wp-content\/uploads\/2024\/12\/Screen-Shot-2024-12-24-at-1.06.44-PM-768x435.png 768w, https:\/\/diarioelpopular.com\/wp-content\/uploads\/2024\/12\/Screen-Shot-2024-12-24-at-1.06.44-PM-129x73.png 129w, https:\/\/diarioelpopular.com\/wp-content\/uploads\/2024\/12\/Screen-Shot-2024-12-24-at-1.06.44-PM.png 1024w\" sizes=\"auto, (max-width: 636px) 100vw, 636px\" \/><p id=\"caption-attachment-526563\" class=\"wp-caption-text\">A partir de esta Nochebuena la puerta santa de la Bas\u00edlica de San Pedro abrir\u00e1 sus puertas a los peregrinos.<\/p><\/div>\n<p>&nbsp;<\/p>\n<p>&nbsp;<\/p>\n<div class=\"bbc-19j92fr ebmt73l0\" dir=\"ltr\">\n<ul>\n<li class=\"bbc-hhl7in e17g058b0\" dir=\"ltr\"><em><b>&#8220;Yo soy la puerta: quien entre por m\u00ed se salvar\u00e1 y podr\u00e1 entrar y salir, y encontrar\u00e1 pastos&#8221;.<\/b><\/em><\/li>\n<\/ul>\n<\/div>\n<div class=\"bbc-19j92fr ebmt73l0\" dir=\"ltr\">\n<p dir=\"ltr\">\n<p dir=\"ltr\">\n<p class=\"bbc-hhl7in e17g058b0\" dir=\"ltr\">Para millones de cat\u00f3licos el pasaje del Evangelio de San Juan (10:9-11) cobrar\u00e1 otra dimensi\u00f3n a partir de esta Nochebuena, cuando la Iglesia inicie el A\u00f1o Santo o Jubileo de 2025.<\/p>\n<\/div>\n<div class=\"bbc-19j92fr ebmt73l0\" dir=\"ltr\">\n<p class=\"bbc-hhl7in e17g058b0\" dir=\"ltr\">El arranque de la celebraci\u00f3n, la cual se extender\u00e1 hasta el 6 de enero de 2026, lo marcar\u00e1 un rito que viene repiti\u00e9ndose desde hace seis siglos:\u00a0la apertura de la puerta santa por parte del papa Francisco.<\/p>\n<\/div>\n<div class=\"bbc-19j92fr ebmt73l0\" dir=\"ltr\">\n<p class=\"bbc-hhl7in e17g058b0\" dir=\"ltr\">&#8220;Ha llegado el momento de un nuevo Jubileo, para abrir de par en par la puerta santa una vez m\u00e1s y ofrecer la experiencia viva del amor de Dios, que suscita en el coraz\u00f3n la esperanza cierta de la salvaci\u00f3n en Cristo&#8221;, escribi\u00f3 el pont\u00edfice argentino en su bula\u00a0<i class=\"bbc-h1y5j7 eih42320\">Spes non confundit<\/i>\u00a0(La esperanza no confunde), con la cual convoc\u00f3 el evento que tiene sus or\u00edgenes en el juda\u00edsmo.<\/p>\n<\/div>\n<section class=\"bbc-geybui\" role=\"region\" aria-label=\"Publicidad 2\" aria-hidden=\"true\" data-e2e=\"advertisement\">\n<div id=\"dotcom-mpu\" class=\"dotcom-ad active\" aria-hidden=\"true\">\n<div class=\"dotcom-ad-inner\">\n<div id=\"dotcom-slot-mpu\" class=\"dotcom-slot\" data-google-query-id=\"CLHu6M7-wIoDFf-GpgQdXVMsgg\">\n<div id=\"google_ads_iframe_\/4817\/bbcworldservice.live.site.mundo\/mundo_content_1__container__\"><\/div>\n<\/div>\n<\/div>\n<\/div>\n<\/section>\n<figure class=\"bbc-1qn0xuy\">\n<div class=\"bbc-18ywsw9\">\n<div style=\"width: 742px\" class=\"wp-caption alignnone\"><img loading=\"lazy\" decoding=\"async\" class=\"bbc-139onq\" src=\"https:\/\/ichef.bbci.co.uk\/ace\/ws\/640\/cpsprodpb\/a4e9\/live\/744dda50-bba2-11ef-a0f2-fd81ae5962f4.jpg.webp\" alt=\"Retrato del papa Alejandro VI\" width=\"732\" height=\"1024\" \/><p class=\"wp-caption-text\">Fuente de la imagen,Getty Images.\u00a0\u00a0El papa Alejandro VI consolid\u00f3 el rito de las puertas santas al ordenar abrir una en la Bas\u00edlica de San Pedro.<\/p><\/div>\n<\/div>\n<\/figure>\n<div class=\"bbc-19j92fr ebmt73l0\" dir=\"ltr\">\n<h2 tabindex=\"-1\"><\/h2>\n<h2 id=\"San-Pedro-no-tuvo-la-primera\" class=\"bbc-1lgzob2 eglt09e0\" tabindex=\"-1\">San Pedro no tuvo la primera<\/h2>\n<\/div>\n<div class=\"bbc-19j92fr ebmt73l0\" dir=\"ltr\">\n<p class=\"bbc-hhl7in e17g058b0\" dir=\"ltr\">Con la peregrinaci\u00f3n a Roma y la visita a las bas\u00edlicas papales, el cruce de la puerta santa es uno de los ritos m\u00e1s conocidos que realizan los fieles que participan en un a\u00f1o jubilar para conseguir as\u00ed la indulgencia (perd\u00f3n de los pecados).<\/p>\n<\/div>\n<div class=\"bbc-19j92fr ebmt73l0\" dir=\"ltr\">\n<p class=\"bbc-hhl7in e17g058b0\" dir=\"ltr\">Pero \u00bfqu\u00e9 es una puerta santa?\u00a0&#8220;Es la puerta de una iglesia que se abre solamente con motivo del A\u00f1o Santo&#8221;, explic\u00f3 a BBC Mundo el padre Ferm\u00edn Labarga.<\/p>\n<\/div>\n<div class=\"bbc-19j92fr ebmt73l0\" dir=\"ltr\">\n<p class=\"bbc-hhl7in e17g058b0\" dir=\"ltr\">&#8220;Una puerta es elemento de la construcci\u00f3n que nos permite acceder a un lugar. Entonces, Jes\u00fas en s\u00ed mismo es la puerta y quien nos da acceso a la vida eterna es algo simb\u00f3lico&#8221;, agreg\u00f3 el religioso, quien es profesor de Historia de la Iglesia de la Universidad de Navarra (Espa\u00f1a).<\/p>\n<\/div>\n<div class=\"bbc-19j92fr ebmt73l0\" dir=\"ltr\">\n<p class=\"bbc-hhl7in e17g058b0\" dir=\"ltr\">Aunque la Bas\u00edlica de San Pedro en el Vaticano es el principal templo del catolicismo, no fue el primero tener una puerta santa.<\/p>\n<\/div>\n<div class=\"bbc-19j92fr ebmt73l0\" dir=\"ltr\">\n<p class=\"bbc-hhl7in e17g058b0\" dir=\"ltr\">&#8220;La primera y m\u00e1s antigua de las puertas santas es la de la Bas\u00edlica de San Juan de Letr\u00e1n, que fue abierta por el papa Martin V en 1423&#8221;, apunt\u00f3 Labarga.<\/p>\n<\/div>\n<div class=\"bbc-19j92fr ebmt73l0\" dir=\"ltr\">\n<p class=\"bbc-hhl7in e17g058b0\" dir=\"ltr\">El templo, cuyos or\u00edgenes se remontan al siglo IV, es el m\u00e1s antiguo de Occidente y de paso es\u00a0la catedral de Roma.<\/p>\n<p dir=\"ltr\">\n<\/div>\n<figure class=\"bbc-1qn0xuy\">\n<div class=\"bbc-18ywsw9\">\n<div style=\"width: 693px\" class=\"wp-caption alignnone\"><img loading=\"lazy\" decoding=\"async\" class=\"bbc-139onq\" src=\"https:\/\/ichef.bbci.co.uk\/ace\/ws\/640\/cpsprodpb\/7ffb\/live\/ae2633d0-bba2-11ef-aff0-072ce821b6ab.jpg.webp\" alt=\"El papa abre la puerta santa de L'Aquila\" width=\"683\" height=\"1024\" \/><p class=\"wp-caption-text\">Fuente de la imagen,Getty Images.\u00a0\u00a0Las localidades italianas de L&#8217;Aquila y Atri le disputan a Roma el honor de haber tenido las primeras puertas santas.<\/p><\/div>\n<\/div>\n<\/figure>\n<div class=\"bbc-19j92fr ebmt73l0\" dir=\"ltr\">\n<p dir=\"ltr\">\n<p dir=\"ltr\">\n<p class=\"bbc-hhl7in e17g058b0\" dir=\"ltr\">Sin embargo, unas d\u00e9cadas despu\u00e9s, en 1499, el rito de la puerta santa se consolid\u00f3 dentro de las costumbres de los jubileos con la instalaci\u00f3n de una de estas entradas especiales en San Pedro por \u00f3rdenes de\u00a0Alejandro VI.<\/p>\n<\/div>\n<div class=\"bbc-19j92fr ebmt73l0\" dir=\"ltr\">\n<p class=\"bbc-hhl7in e17g058b0\" dir=\"ltr\">El segundo de los papas Borgia tambi\u00e9n mand\u00f3 que se abrieran otras dos en las tambi\u00e9n romanas bas\u00edlicas de Santa Mar\u00eda la Mayor y de San Pablo Extramuros, las cuales estuvieron listas para el a\u00f1o jubilar que se celebr\u00f3 en 1500.<\/p>\n<\/div>\n<div class=\"bbc-19j92fr ebmt73l0\" dir=\"ltr\">\n<p class=\"bbc-hhl7in e17g058b0\" dir=\"ltr\">Las entradas de las cuatro bas\u00edlicas papales ser\u00e1n abiertas por Francisco en el siguiente orden: La primera ser\u00e1 la que est\u00e1 en el extremo derecho de la fachada principal de la Bas\u00edlica de San Pedro, tambi\u00e9n conocida como la\u00a0&#8220;puerta del gran perd\u00f3n&#8221;\u00a0y esto ocurrir\u00e1 el 24 de diciembre.<\/p>\n<\/div>\n<div class=\"bbc-19j92fr ebmt73l0\" dir=\"ltr\">\n<p class=\"bbc-hhl7in e17g058b0\" dir=\"ltr\">Luego, el d\u00eda 29 el pont\u00edfice abrir\u00e1 la que est\u00e1 ubicada en la Bas\u00edlica de San Juan de Letr\u00e1n. Despu\u00e9s el d\u00eda 1 de enero de 2025 la que est\u00e1 en Santa Mar\u00eda la Mayor.<\/p>\n<\/div>\n<div class=\"bbc-19j92fr ebmt73l0\" dir=\"ltr\">\n<p class=\"bbc-hhl7in e17g058b0\" dir=\"ltr\">Y, por \u00faltimo, el d\u00eda 5 abrir\u00e1 la que est\u00e1 en San Pablo Extramuros, de acuerdo con el cronograma que figura en la bula.<\/p>\n<p dir=\"ltr\">\n<\/div>\n<figure class=\"bbc-1qn0xuy\">\n<div class=\"bbc-18ywsw9\">\n<div style=\"width: 1034px\" class=\"wp-caption alignnone\"><img loading=\"lazy\" decoding=\"async\" class=\"bbc-139onq\" src=\"https:\/\/ichef.bbci.co.uk\/ace\/ws\/640\/cpsprodpb\/87e7\/live\/d6d034c0-bba2-11ef-aff0-072ce821b6ab.jpg.webp\" alt=\"Peregrinos pasan por la puerta santa\" width=\"1024\" height=\"683\" \/><p class=\"wp-caption-text\">Fuente de la imagen,Getty Images.\u00a0\u00a0La catedral de Santiago de Compostela, en el norte de Espa\u00f1a, tambi\u00e9n tiene su puerta santa, la cual solo se abre en aquellos a\u00f1os que el 25 de julio (fiesta del ap\u00f3stol Santiago) cae en domingo.<\/p><\/div>\n<\/div>\n<\/figure>\n<div class=\"bbc-19j92fr ebmt73l0\" dir=\"ltr\">\n<h2 tabindex=\"-1\"><\/h2>\n<h2 id=\"No-solo-en-Roma\" class=\"bbc-1lgzob2 eglt09e0\" tabindex=\"-1\">No solo en Roma<\/h2>\n<\/div>\n<div class=\"bbc-19j92fr ebmt73l0\" dir=\"ltr\">\n<p class=\"bbc-hhl7in e17g058b0\" dir=\"ltr\">Aunque en este Jubileo solamente se abrir\u00e1n las puertas que est\u00e1n en las fachadas de las bas\u00edlicas papales romanas y otra temporal que estar\u00e1 en una prisi\u00f3n,\u00a0al menos otras cuatro iglesias en el mundo poseen una de estas entradas especiales.<\/p>\n<\/div>\n<div class=\"bbc-19j92fr ebmt73l0\" dir=\"ltr\">\n<p class=\"bbc-hhl7in e17g058b0\" dir=\"ltr\">Dos de estos de accesos se encuentran tambi\u00e9n en Italia. Una en la Bas\u00edlica de Santa Mar\u00eda de Collemaggio, en la ciudad de L&#8217;Aquila; y otra en la catedral de la Asunci\u00f3n de Mar\u00eda de Atri.<\/p>\n<\/div>\n<div class=\"bbc-19j92fr ebmt73l0\" dir=\"ltr\">\n<p class=\"bbc-hhl7in e17g058b0\" dir=\"ltr\">Ambos templos, ubicados en el centro este del pa\u00eds europeo y separados por menos de 85 kil\u00f3metros de distancia, reclaman poseer las primeras puertas santas de las que se tiene conocimiento.<\/p>\n<\/div>\n<div class=\"bbc-19j92fr ebmt73l0\" dir=\"ltr\">\n<p class=\"bbc-hhl7in e17g058b0\" dir=\"ltr\">El origen de ambos accesos data de 1294, cuando el papa Celestino V emiti\u00f3 una bula en la que conced\u00eda indulgencia a todo aquel que visitara ambos santuarios para escuchar misa y comulgar, y que ingresara por determinados accesos. Este rito se conoce hoy como\u00a0Perdonanza celestiniana, seg\u00fan las p\u00e1ginas web de ambos recintos religiosos.<\/p>\n<\/div>\n<div class=\"bbc-19j92fr ebmt73l0\" dir=\"ltr\">\n<p class=\"bbc-hhl7in e17g058b0\" dir=\"ltr\">A diferencia de las puertas santas romanas, las que se encuentran en los santuarios de las dos localidades italianas\u00a0no se abren \u00fanicamente en a\u00f1os santos, sino que lo hacen anualmente, aunque solo por unos d\u00edas.<\/p>\n<\/div>\n<div class=\"bbc-19j92fr ebmt73l0\" dir=\"ltr\">\n<p class=\"bbc-hhl7in e17g058b0\" dir=\"ltr\">Asimismo, su apertura puede realizarla el papa o alg\u00fan otro jerarca de la Iglesia que \u00e9l designe para ello.<\/p>\n<\/div>\n<div class=\"bbc-19j92fr ebmt73l0\" dir=\"ltr\">\n<p class=\"bbc-hhl7in e17g058b0\" dir=\"ltr\">En L&#8217;Aquila esto ocurre entre el 28 y 29 de agosto, mientras que en Atri es el d\u00eda 14 del mismo mes.<\/p>\n<\/div>\n<div class=\"bbc-19j92fr ebmt73l0\" dir=\"ltr\">\n<p class=\"bbc-hhl7in e17g058b0\" dir=\"ltr\">Pese a que estas puertas parecieran ser m\u00e1s antiguas que la de San Juan de Letr\u00e1n, Labarga duda de esto.<\/p>\n<\/div>\n<div class=\"bbc-19j92fr ebmt73l0\" dir=\"ltr\">\n<p class=\"bbc-hhl7in e17g058b0\" dir=\"ltr\">&#8220;La bula que establece la Perdonanza del papa Celestino V ciertamente es del 29 de septiembre de 1294, pero las puertas son posteriores, probablemente de fines del siglo XV, a\u00a0imitaci\u00f3n de Roma&#8221;, agreg\u00f3 el experto.<\/p>\n<p dir=\"ltr\">\n<\/div>\n<figure class=\"bbc-1qn0xuy\">\n<div class=\"bbc-18ywsw9\">\n<div style=\"width: 1034px\" class=\"wp-caption alignnone\"><img loading=\"lazy\" decoding=\"async\" class=\"bbc-139onq\" src=\"https:\/\/ichef.bbci.co.uk\/ace\/ws\/640\/cpsprodpb\/6e9a\/live\/19a87af0-bba3-11ef-a0f2-fd81ae5962f4.jpg.webp\" alt=\"Un cardenal junto a la puerta santa\" width=\"1024\" height=\"683\" \/><p class=\"wp-caption-text\">Fuente de la imagen,Getty Images.\u00a0\u00a0La actual puerta santa de la Bas\u00edlica de San Pedro data de 1949 y cuenta con 16 paneles que relatan momentos b\u00edblicos, desde el Jard\u00edn del Ed\u00e9n hasta la Resurrecci\u00f3n de Jes\u00fas.<\/p><\/div>\n<p class=\"bbc-by8ykd\" role=\"text\">\n<\/div>\n<\/figure>\n<div class=\"bbc-19j92fr ebmt73l0\" dir=\"ltr\">\n<h2 tabindex=\"-1\"><\/h2>\n<h2 id=\"En-Galicia-y-en-Norte-Am\u00e9rica\" class=\"bbc-1lgzob2 eglt09e0\" tabindex=\"-1\">En Galicia y en Norte Am\u00e9rica<\/h2>\n<\/div>\n<div class=\"bbc-19j92fr ebmt73l0\" dir=\"ltr\">\n<p class=\"bbc-hhl7in e17g058b0\" dir=\"ltr\">En Espa\u00f1a tambi\u00e9n hay otra puerta santa: la que est\u00e1 en la parte trasera de la Catedral de Santiago de Compostela, capital de la regi\u00f3n norte\u00f1a de Galicia.<\/p>\n<\/div>\n<div class=\"bbc-19j92fr ebmt73l0\" dir=\"ltr\">\n<p class=\"bbc-hhl7in e17g058b0\" dir=\"ltr\">&#8220;Una de las partes m\u00e1s simb\u00f3licas de la Catedral de Santiago es, sin duda, la puerta santa. Al igual que las puertas de las grandes bas\u00edlicas romanas (\u2026) esta solo se abre en los a\u00f1os santos.\u00a0En Santiago, un A\u00f1o Santo ocurre cuando el 25 de julio, d\u00eda de la festividad de Santiago, cae en domingo&#8221;, explicaron desde el templo espa\u00f1ol.<\/p>\n<\/div>\n<div class=\"bbc-19j92fr ebmt73l0\" dir=\"ltr\">\n<p class=\"bbc-hhl7in e17g058b0\" dir=\"ltr\">Sobre el origen de este acceso tambi\u00e9n hay dudas.<\/p>\n<\/div>\n<div class=\"bbc-19j92fr ebmt73l0\" dir=\"ltr\">\n<p class=\"bbc-hhl7in e17g058b0\" dir=\"ltr\">&#8220;Algunos expertos creen que podr\u00eda haber\u00a0una tradici\u00f3n medieval anterior a la de los a\u00f1os santos romanos, aunque es m\u00e1s probable que Santiago haya adoptado este ritual del cristianismo&#8221;, se lee en el material hemerogr\u00e1fico que desde el Departamento de Prensa de la catedral enviaron a la prensa.<\/p>\n<\/div>\n<div class=\"bbc-19j92fr ebmt73l0\" dir=\"ltr\">\n<p class=\"bbc-hhl7in e17g058b0\" dir=\"ltr\">&#8220;Se cree que la puerta santa se construy\u00f3 en los primeros a\u00f1os del siglo XVI, bajo el arzobispo Alonso III de Fonseca, quien conoc\u00eda el ritual romano instaurado por el papa Alejandro VI&#8221;, agregan los documentos.<\/p>\n<\/div>\n<div class=\"bbc-19j92fr ebmt73l0\" dir=\"ltr\">\n<p class=\"bbc-hhl7in e17g058b0\" dir=\"ltr\">Y, por \u00faltimo, est\u00e1 la de la Bas\u00edlica-Catedral de Notre Dame de Quebec (Canad\u00e1), la cual fue abierta en 2014 por autorizaci\u00f3n del papa Benedicto XVI y que es\u00a0la \u00fanica fuera de Europa.<\/p>\n<\/div>\n<div class=\"bbc-19j92fr ebmt73l0\" dir=\"ltr\">\n<p class=\"bbc-hhl7in e17g058b0\" dir=\"ltr\">La puerta santa ha estado abierta a lo largo de 2024 para celebrar los 350 a\u00f1os de la fundaci\u00f3n de la di\u00f3cesis, la cual fue la primera cat\u00f3lica en el pa\u00eds norteamericano, explicaron desde el Departamento de Prensa de la Arquidi\u00f3cesis de Qu\u00e9bec.<\/p>\n<\/div>\n<div class=\"bbc-19j92fr ebmt73l0\" dir=\"ltr\">\n<p class=\"bbc-hhl7in e17g058b0\" dir=\"ltr\">\u00bfPor qu\u00e9 solamente estos templos tienen estos accesos especiales? &#8220;Porque as\u00ed lo han decidido los sucesivos papas&#8221;, explic\u00f3 Labarga, quien indic\u00f3 que los pont\u00edfices son quienes tienen la potestad de decidir d\u00f3nde habr\u00e1 una puerta de estas caracter\u00edsticas.<\/p>\n<\/div>\n<div class=\"bbc-19j92fr ebmt73l0\" dir=\"ltr\">\n<p class=\"bbc-hhl7in e17g058b0\" dir=\"ltr\">&#8220;En otros jubileos, los papas decidieron que cada di\u00f3cesis tuviera una puerta jubilar en sus catedrales o santuarios m\u00e1s significativos. As\u00ed ocurri\u00f3 en el anterior de 2015, dedicado a la Misericordia&#8221;, record\u00f3 el historiador.<\/p>\n<\/div>\n<div class=\"bbc-19j92fr ebmt73l0\" dir=\"ltr\">\n<p class=\"bbc-hhl7in e17g058b0\" dir=\"ltr\">Francisco volvi\u00f3 hacer uso de esta facultad y, en esta ocasi\u00f3n, decidi\u00f3 que en la prisi\u00f3n romana de Rebibbia habr\u00e1 una puerta santa para que los reclusos puedan obtener\u00a0la redenci\u00f3n espiritual.<\/p>\n<p dir=\"ltr\">\n<\/div>\n<figure class=\"bbc-1qn0xuy\">\n<div class=\"bbc-18ywsw9\">\n<div style=\"width: 735px\" class=\"wp-caption alignnone\"><img loading=\"lazy\" decoding=\"async\" class=\"bbc-139onq\" src=\"https:\/\/ichef.bbci.co.uk\/ace\/ws\/640\/cpsprodpb\/fe24\/live\/46bd5010-bba3-11ef-a2ca-e99d0c9a24e3.jpg.webp\" alt=\"Obreros desmontando el muro que cubre la puerta santa\" width=\"725\" height=\"1024\" \/><p class=\"wp-caption-text\">Fuente de la imagen,Getty Images.\u00a0\u00a0El ritual para abrir la puerta santa de San Pedro fue modificado luego de que en la Nochebuena de 1974 unos escombros cayeran muy cerca del papa Pablo VI.<\/p><\/div>\n<\/div>\n<\/figure>\n<div class=\"bbc-19j92fr ebmt73l0\" dir=\"ltr\">\n<h2 tabindex=\"-1\"><\/h2>\n<h2 id=\"El-susto-que-se-llev\u00f3-Pablo-VI\" class=\"bbc-1lgzob2 eglt09e0\" tabindex=\"-1\">El susto que se llev\u00f3 Pablo VI<\/h2>\n<\/div>\n<div class=\"bbc-19j92fr ebmt73l0\" dir=\"ltr\">\n<p class=\"bbc-hhl7in e17g058b0\" dir=\"ltr\">Cuando no se celebra un A\u00f1o Santo las puertas permanecen cerradas y hasta no hace mucho algunas\u00a0eran tapiadas con paredes de piedra.<\/p>\n<\/div>\n<div class=\"bbc-19j92fr ebmt73l0\" dir=\"ltr\">\n<p class=\"bbc-hhl7in e17g058b0\" dir=\"ltr\">Sin embargo, esta centenaria costumbre se modific\u00f3 luego de un incidente que le dio un buen susto a un Papa.<\/p>\n<\/div>\n<div class=\"bbc-19j92fr ebmt73l0\" dir=\"ltr\">\n<p class=\"bbc-hhl7in e17g058b0\" dir=\"ltr\">Todo ocurri\u00f3 en la Nochebuena de 1974; hace 50 a\u00f1os. Pablo VI se dispon\u00eda a abrir el acceso de la Bas\u00edlica de San Pedro y as\u00ed dar inicio al Jubileo de 1975.<\/p>\n<\/div>\n<div class=\"bbc-19j92fr ebmt73l0\" dir=\"ltr\">\n<p class=\"bbc-hhl7in e17g058b0\" dir=\"ltr\">El hoy santo golpe\u00f3 en tres ocasiones el muro que cubr\u00eda la puerta con un martillo de plata, mientras recitaba unas oraciones, como manda el ritual, cuando de repente\u00a0unos escombros cayeron a solo cent\u00edmetros de \u00e9l.<\/p>\n<\/div>\n<div class=\"bbc-19j92fr ebmt73l0\" dir=\"ltr\">\n<p class=\"bbc-hhl7in e17g058b0\" dir=\"ltr\">El pont\u00edfice apenas se inmut\u00f3, seg\u00fan se aprecia en un video difundido por Vatican News, la agencia de noticas de la Santa Sede.<\/p>\n<\/div>\n<div class=\"bbc-19j92fr ebmt73l0\" dir=\"ltr\">\n<p class=\"bbc-hhl7in e17g058b0\" dir=\"ltr\">Algunos reportes de la \u00e9poca aseguran que unas piedras golpearon a Pablo VI hiri\u00e9ndolo levemente.<\/p>\n<\/div>\n<div class=\"bbc-19j92fr ebmt73l0\" dir=\"ltr\">\n<p class=\"bbc-hhl7in e17g058b0\" dir=\"ltr\">\u00bfPor qu\u00e9 ocurri\u00f3 el incidente? &#8220;Unos operarios desmontaban el muro al mismo tiempo que el papa ejecutaba el rito, pero luego de este incidente se decidi\u00f3 simplificarlo para hacerlo m\u00e1s r\u00e1pido y menos peligroso&#8221;, explic\u00f3 Labarga.<\/p>\n<\/div>\n<div class=\"bbc-19j92fr ebmt73l0\" dir=\"ltr\">\n<p class=\"bbc-hhl7in e17g058b0\" dir=\"ltr\">As\u00ed, en el caso de San Pedro, la pared que sella la puerta santa ahora es removida d\u00edas antes de que se abra.<\/p>\n<\/div>\n<div class=\"bbc-19j92fr ebmt73l0\" dir=\"ltr\">\n<p class=\"bbc-hhl7in e17g058b0\" dir=\"ltr\">Por su parte, en Santiago, la tradici\u00f3n del muro fue abolida para evitar que los escombros ensucien o da\u00f1en el interior del templo, el cual fue sometido a un extensivo proceso de restauraci\u00f3n en los \u00faltimos a\u00f1os.<\/p>\n<\/div>\n<div class=\"bbc-19j92fr ebmt73l0\" dir=\"ltr\">\n<p class=\"bbc-hhl7in e17g058b0\" dir=\"ltr\">Esta v\u00edspera de Navidad los ojos de 1.400 millones de cat\u00f3licos volver\u00e1n a posarse sobre la puerta dise\u00f1ada por el escultor Vico Consorti en 1949, la cual tiene diecis\u00e9is paneles con pasajes b\u00edblicos que van\u00a0desde la expulsi\u00f3n del jard\u00edn del Ed\u00e9n hasta la resurrecci\u00f3n de Jes\u00fas.<\/p>\n<\/div>\n","protected":false},"excerpt":{"rendered":"<p>&nbsp; &nbsp; &#8220;Yo soy la puerta: quien entre por m\u00ed se salvar\u00e1 y podr\u00e1 entrar y salir, y encontrar\u00e1 pastos&#8221;. Para millones de cat\u00f3licos el&hellip;<\/p>\n","protected":false},"author":99,"featured_media":526563,"comment_status":"open","ping_status":"open","sticky":false,"template":"","format":"standard","meta":{"footnotes":""},"categories":[24],"tags":[],"class_list":["post-526561","post","type-post","status-publish","format-standard","has-post-thumbnail","hentry","category-mundo"],"_links":{"self":[{"href":"https:\/\/diarioelpopular.com\/index.php\/wp-json\/wp\/v2\/posts\/526561","targetHints":{"allow":["GET"]}}],"collection":[{"href":"https:\/\/diarioelpopular.com\/index.php\/wp-json\/wp\/v2\/posts"}],"about":[{"href":"https:\/\/diarioelpopular.com\/index.php\/wp-json\/wp\/v2\/types\/post"}],"author":[{"embeddable":true,"href":"https:\/\/diarioelpopular.com\/index.php\/wp-json\/wp\/v2\/users\/99"}],"replies":[{"embeddable":true,"href":"https:\/\/diarioelpopular.com\/index.php\/wp-json\/wp\/v2\/comments?post=526561"}],"version-history":[{"count":1,"href":"https:\/\/diarioelpopular.com\/index.php\/wp-json\/wp\/v2\/posts\/526561\/revisions"}],"predecessor-version":[{"id":526564,"href":"https:\/\/diarioelpopular.com\/index.php\/wp-json\/wp\/v2\/posts\/526561\/revisions\/526564"}],"wp:featuredmedia":[{"embeddable":true,"href":"https:\/\/diarioelpopular.com\/index.php\/wp-json\/wp\/v2\/media\/526563"}],"wp:attachment":[{"href":"https:\/\/diarioelpopular.com\/index.php\/wp-json\/wp\/v2\/media?parent=526561"}],"wp:term":[{"taxonomy":"category","embeddable":true,"href":"https:\/\/diarioelpopular.com\/index.php\/wp-json\/wp\/v2\/categories?post=526561"},{"taxonomy":"post_tag","embeddable":true,"href":"https:\/\/diarioelpopular.com\/index.php\/wp-json\/wp\/v2\/tags?post=526561"}],"curies":[{"name":"wp","href":"https:\/\/api.w.org\/{rel}","templated":true}]}}