{"id":526583,"date":"2024-12-25T14:20:15","date_gmt":"2024-12-25T18:20:15","guid":{"rendered":"https:\/\/diarioelpopular.com\/?p=526583"},"modified":"2024-12-25T14:20:15","modified_gmt":"2024-12-25T18:20:15","slug":"las-camaras-de-vigilancia-confirman-la-implicacion-de-las-fuerzas-armadas-en-la-desaparicion-de-cuatro-ninos-en-guayaquil","status":"publish","type":"post","link":"https:\/\/diarioelpopular.com\/index.php\/2024\/12\/25\/las-camaras-de-vigilancia-confirman-la-implicacion-de-las-fuerzas-armadas-en-la-desaparicion-de-cuatro-ninos-en-guayaquil\/","title":{"rendered":"Las c\u00e1maras de vigilancia confirman la implicaci\u00f3n de las Fuerzas Armadas en la desaparici\u00f3n de cuatro ni\u00f1os en Guayaquil"},"content":{"rendered":"<div id=\"attachment_526584\" style=\"width: 1210px\" class=\"wp-caption alignnone\"><img loading=\"lazy\" decoding=\"async\" aria-describedby=\"caption-attachment-526584\" class=\"wp-image-526584 size-custom-big-size\" src=\"https:\/\/diarioelpopular.com\/wp-content\/uploads\/2024\/12\/Screen-Shot-2024-12-25-at-1.19.12-PM-1200x674.png\" alt=\"\" width=\"1200\" height=\"674\" srcset=\"https:\/\/diarioelpopular.com\/wp-content\/uploads\/2024\/12\/Screen-Shot-2024-12-25-at-1.19.12-PM-1200x674.png 1200w, https:\/\/diarioelpopular.com\/wp-content\/uploads\/2024\/12\/Screen-Shot-2024-12-25-at-1.19.12-PM-300x168.png 300w, https:\/\/diarioelpopular.com\/wp-content\/uploads\/2024\/12\/Screen-Shot-2024-12-25-at-1.19.12-PM-768x431.png 768w, https:\/\/diarioelpopular.com\/wp-content\/uploads\/2024\/12\/Screen-Shot-2024-12-25-at-1.19.12-PM-636x357.png 636w, https:\/\/diarioelpopular.com\/wp-content\/uploads\/2024\/12\/Screen-Shot-2024-12-25-at-1.19.12-PM-130x73.png 130w, https:\/\/diarioelpopular.com\/wp-content\/uploads\/2024\/12\/Screen-Shot-2024-12-25-at-1.19.12-PM.png 1024w\" sizes=\"auto, (max-width: 1200px) 100vw, 1200px\" \/><p id=\"caption-attachment-526584\" class=\"wp-caption-text\">Imagen de una c\u00e1mara de vigilancia que implica a las Fuerzas Armadas en la desaparici\u00f3n de cuatro ni\u00f1os en Guayaquil, Ecuador. Cortes\u00eda<\/p><\/div>\n<p>&nbsp;<\/p>\n<p>&nbsp;<\/p>\n<h4 class=\"a_st\"><em>&#8211; La Fiscal\u00eda solicita una audiencia para formular cargos contra 16 militares por desaparici\u00f3n forzada<\/em><\/h4>\n<p>&nbsp;<\/p>\n<p class=\"\">A 17 d\u00edas de\u00a0<a href=\"https:\/\/elpais.com\/america\/2024-12-23\/quince-dias-sin-respuestas-la-desaparicion-de-cuatro-ninos-en-guayaquil-apunta-a-un-grupo-de-militares.html\" data-link-track-dtm=\"\" data-mrf-link=\"https:\/\/elpais.com\/america\/2024-12-23\/quince-dias-sin-respuestas-la-desaparicion-de-cuatro-ninos-en-guayaquil-apunta-a-un-grupo-de-militares.html\">la desaparici\u00f3n de los cuatro ni\u00f1os en el sur de Guayaquil,<\/a>\u00a0el Gobierno de Daniel Noboa se ve obligado a reconocer la implicaci\u00f3n de sus fuerzas militares en el hecho.<\/p>\n<p class=\"\">Las c\u00e1maras de vigilancia, que no dejan espacio para la duda, revelaron con estremecedora precisi\u00f3n el momento en que una patrulla militar -compuesta por cerca de diez hombres- persigue y captura a los menores. Los ni\u00f1os fueron subidos a una camioneta, y desde entonces, su paradero sigue siendo un misterio. La imagen es clara: la fuerza p\u00fablica, convertida en sombra, sujetaba del cuello de la camiseta a un menor de edad, hasta ahora, a un destino desconocido.<\/p>\n<p class=\"\">El ministro de Defensa de Ecuador, Giancarlo Loffredo, que apenas dos d\u00edas antes hab\u00eda descartado cualquier implicaci\u00f3n de las Fuerzas Armadas en la desaparici\u00f3n de los cuatro ni\u00f1os afroecuatorianos, recibiendo cr\u00edticas por culpar a<a href=\"https:\/\/elpais.com\/internacional\/2023-02-20\/la-extorsion-crece-un-300-en-ecuador-y-sigue-en-aumento.html\" data-link-track-dtm=\"\" data-mrf-link=\"https:\/\/elpais.com\/internacional\/2023-02-20\/la-extorsion-crece-un-300-en-ecuador-y-sigue-en-aumento.html\">\u00a0\u201cgrupos delincuenciales\u201d,<\/a>\u00a0no tuvo m\u00e1s opci\u00f3n que rectificar. En un giro inesperado, el funcionario admiti\u00f3 que una patrulla integrada por 16 miembros, que acababa de escoltar un cami\u00f3n de carga hasta la aduana de Guayaquil, fue responsable de la aprehensi\u00f3n de los menores en la Avenida 25 de Julio. \u201cExiste un informe en el que se explica lo ocurrido\u201d, se\u00f1al\u00f3 Loffredo, intentando justificar lo sucedido.<\/p>\n<p class=\"\">En varios videos de vigilancia que fueron revisados por la Unidad Antisecuestro y que forman parte del expediente de investigaci\u00f3n de la Fiscal\u00eda, en el que se pueden reconstruir los hechos. Las im\u00e1genes muestran a los ni\u00f1os en el sector de las Malvinas, cerca de su lugar de residencia, justo bajo un puente de desnivel en la intersecci\u00f3n de la Avenida 25 de Julio con Ernesto Alb\u00e1n, una zona muy cercana al hospital Teodoro Maldonado.<\/p>\n<p class=\"\">La secuencia de los videos detalla los cinco minutos que le tom\u00f3 a la patrulla capturar a los menores. A las 20.39 del 8 de diciembre, se observa a un grupo de diez ni\u00f1os debajo del puente. Uno de ellos lleva una camiseta y pantal\u00f3n corto azul, otro una camiseta naranja y pantal\u00f3n corto azul. En ese instante, los ni\u00f1os comienzan a correr y seis militares aparecen en escena, uniformados con camuflaje, intentando detenerlos. A medida que los ni\u00f1os se dispersan, un civil logra capturar al joven con camiseta naranja y pantal\u00f3n corto azul, sujet\u00e1ndolo por el brazo y entreg\u00e1ndolo a un militar.<\/p>\n<p class=\"\">Esto coincide con lo que describe el informe que mencion\u00f3 Loffredo de que oper\u00f3 una patrulla con 16 agentes en ese sector del sur de Guayaquil. \u201cObservan a ocho personas que estaban presuntamente rob\u00e1ndole a una mujer\u201d, mencion\u00f3 el ministro, aunque el presunto robo no est\u00e1 registrado en las im\u00e1genes.<\/p>\n<p class=\"\">De regreso a la escena, en el momento en que es capturado el \u00faltimo ni\u00f1o, otro soldado, apostado en medio de la calle, apunta su arma. Uno de los uniformados se abalanza sobre el ni\u00f1o, lo toma por el cuello y lo arrastra hasta la patrulla, una camioneta doble cabina blanca, equipada con sirena.<\/p>\n<p class=\"\">En el balde de la camioneta, el ni\u00f1o de camiseta y pantal\u00f3n azul est\u00e1 acostado en el piso, custodiado por dos militares. Mientras tanto, el \u00faltimo ni\u00f1o capturado es llevado bajo la mirada indiferente de un patrullero policial que, aunque reduce su velocidad, nunca se detiene. Las im\u00e1genes dejan en evidencia c\u00f3mo los ni\u00f1os, completamente subyugados, son apilados en la parte trasera de la camioneta, uno encima de otro, boca abajo. En un momento, los dos militares que los custodian golpean al joven de camiseta naranja con un pu\u00f1etazo en la cara, mientras \u00e9l se lleva las manos a la nariz tras el impacto.<\/p>\n<p class=\"\">A las 20.44, las im\u00e1genes muestran c\u00f3mo la patrulla arranca de la Avenida 25 de Julio, atravesando el centro de Guayaquil hacia la Avenida Pedro Men\u00e9ndez Gilbert, con direcci\u00f3n a Taura. Esta ruta coincide con lo declarado por Loffredo, quien asegur\u00f3 que los ni\u00f1os fueron dejados en ese sector, una zona lim\u00edtrofe con Dur\u00e1n, la ciudad m\u00e1s violenta del pa\u00eds. \u201cLos ni\u00f1os ya no estaban bajo la custodia de los militares. Los dejaron en Taura y estaban en contacto con sus padres\u201d, explic\u00f3 el ministro en una entrevista radial.<\/p>\n<p class=\"\">Pero esa versi\u00f3n de los hechos no coincide totalmente con la de los familiares. El padre de uno de los menores relat\u00f3 en una entrevista que, en su desesperaci\u00f3n, uno de sus hijos logr\u00f3 contactarlo. \u201cPap\u00e1, ven, s\u00e1lvame\u201d, suplic\u00f3 el ni\u00f1o, quien le confes\u00f3 que los militares los hab\u00edan golpeado y despojado de su ropa. El padre, al solicitar ayuda a la polic\u00eda, no logr\u00f3 encontrar a ninguno de los menores. Desde entonces, nada se sabe de ellos.<\/p>\n<p class=\"\">La Fiscal\u00eda, ante la creciente presi\u00f3n social que movilizado a grupos de la sociedad a protestar frente a las instalaciones judiciales en Quito y Guayaquil, realiz\u00f3 un nuevo allanamiento en la base militar de Taura para realizar pericias a los veh\u00edculos involucrados en el transporte de los ni\u00f1os y requiri\u00f3 ciertas prendas de los soldados que participaron en la patrulla. Mientras los agentes de Criminal\u00edstica inspeccionan una zona cercana a las instalaciones de Taura, donde han encontrado unos cuerpos que est\u00e1n siendo analizados para determinar su identidad, este 24 de diciembre, finalmente, la Fiscal\u00eda ha solicitado una audiencia para formular cargos contra los 16 militares por desaparici\u00f3n forzada. En paralelo, el Comit\u00e9 de Desapariciones Forzadas de las Naciones Unidas ha dictado medidas urgentes en el caso y medidas cautelares para proteger a los familiares de Ismael, Steven, Sa\u00fal y Josu\u00e9.<\/p>\n<p class=\"\">El Comit\u00e9 inst\u00f3 al Estado ecuatoriano a adoptar medidas diligentes para garantizar una investigaci\u00f3n exhaustiva y completa. Tambi\u00e9n se subray\u00f3 la necesidad de explorar todas las hip\u00f3tesis, incluida la de una posible desaparici\u00f3n forzada, dada la presunta participaci\u00f3n de agentes estatales. El presidente Noboa declar\u00f3 que es \u201cprematuro\u201d asumir que se trate de desapariciones forzadas, ante las presiones de la oposici\u00f3n y dijo que ha pedido a una comisi\u00f3n que se declare \u201ch\u00e9roes nacionales\u201d a los ni\u00f1os que fueron vistos por \u00faltima vez en una patrulla militar.<\/p>\n<p class=\"\">Desde que en enero de 2024 el mandatario declarara un \u201cconflicto armado interno\u201d y deleg\u00f3 la seguridad a las fuerzas militares, la Fiscal\u00eda ha recibido ocho casos de desaparici\u00f3n forzada, 15 denuncias por ejecuciones extrajudiciales, 83 por tortura, y 223 por abusos en el uso de la fuerza, seg\u00fan consta en un informe de Human Rights Watch (HRW). El Comit\u00e9 de Derechos Humanos de Guayaquil, por su parte, ha documentado la desaparici\u00f3n de cinco j\u00f3venes, de entre 16 y 23 a\u00f1os, en el contexto de operativos militares, as\u00ed como el asesinato como el asesinato de un joven de 19 a\u00f1os que iba a\u00a0<a href=\"https:\/\/elpais.com\/america\/2024-03-03\/la-muerte-de-javier-el-joven-que-iba-a-vender-un-perro-y-acabo-acribillado-en-un-reten-militar-de-ecuador.html\" data-link-track-dtm=\"\" data-mrf-link=\"https:\/\/elpais.com\/america\/2024-03-03\/la-muerte-de-javier-el-joven-que-iba-a-vender-un-perro-y-acabo-acribillado-en-un-reten-militar-de-ecuador.html\">vender un perro y acab\u00f3 acribillado en un ret\u00e9n militar\u00a0<\/a>en Guayaquil y por el cual, un militar ha sido llamado a juicio por el presunto delito de extralimitaci\u00f3n en la ejecuci\u00f3n de un acto de servicio con resultado de muerte.<\/p>\n","protected":false},"excerpt":{"rendered":"<p>&nbsp; &nbsp; &#8211; La Fiscal\u00eda solicita una audiencia para formular cargos contra 16 militares por desaparici\u00f3n forzada &nbsp; A 17 d\u00edas de\u00a0la desaparici\u00f3n de los&hellip;<\/p>\n","protected":false},"author":99,"featured_media":526584,"comment_status":"open","ping_status":"open","sticky":false,"template":"","format":"standard","meta":{"footnotes":""},"categories":[23],"tags":[],"class_list":["post-526583","post","type-post","status-publish","format-standard","has-post-thumbnail","hentry","category-latinoamerica"],"_links":{"self":[{"href":"https:\/\/diarioelpopular.com\/index.php\/wp-json\/wp\/v2\/posts\/526583","targetHints":{"allow":["GET"]}}],"collection":[{"href":"https:\/\/diarioelpopular.com\/index.php\/wp-json\/wp\/v2\/posts"}],"about":[{"href":"https:\/\/diarioelpopular.com\/index.php\/wp-json\/wp\/v2\/types\/post"}],"author":[{"embeddable":true,"href":"https:\/\/diarioelpopular.com\/index.php\/wp-json\/wp\/v2\/users\/99"}],"replies":[{"embeddable":true,"href":"https:\/\/diarioelpopular.com\/index.php\/wp-json\/wp\/v2\/comments?post=526583"}],"version-history":[{"count":1,"href":"https:\/\/diarioelpopular.com\/index.php\/wp-json\/wp\/v2\/posts\/526583\/revisions"}],"predecessor-version":[{"id":526585,"href":"https:\/\/diarioelpopular.com\/index.php\/wp-json\/wp\/v2\/posts\/526583\/revisions\/526585"}],"wp:featuredmedia":[{"embeddable":true,"href":"https:\/\/diarioelpopular.com\/index.php\/wp-json\/wp\/v2\/media\/526584"}],"wp:attachment":[{"href":"https:\/\/diarioelpopular.com\/index.php\/wp-json\/wp\/v2\/media?parent=526583"}],"wp:term":[{"taxonomy":"category","embeddable":true,"href":"https:\/\/diarioelpopular.com\/index.php\/wp-json\/wp\/v2\/categories?post=526583"},{"taxonomy":"post_tag","embeddable":true,"href":"https:\/\/diarioelpopular.com\/index.php\/wp-json\/wp\/v2\/tags?post=526583"}],"curies":[{"name":"wp","href":"https:\/\/api.w.org\/{rel}","templated":true}]}}