{"id":526615,"date":"2024-12-26T12:39:18","date_gmt":"2024-12-26T16:39:18","guid":{"rendered":"https:\/\/diarioelpopular.com\/?p=526615"},"modified":"2024-12-26T12:39:18","modified_gmt":"2024-12-26T16:39:18","slug":"la-vicepresidente-de-ecuador-acusa-a-presidente-noboa-de-querer-desterrarla","status":"publish","type":"post","link":"https:\/\/diarioelpopular.com\/index.php\/2024\/12\/26\/la-vicepresidente-de-ecuador-acusa-a-presidente-noboa-de-querer-desterrarla\/","title":{"rendered":"La Vicepresidente de Ecuador acusa a presidente Noboa de querer \u201cdesterrarla\u201d"},"content":{"rendered":"<p><img loading=\"lazy\" decoding=\"async\" class=\"alignnone size-custom-big-size wp-image-526616\" src=\"https:\/\/diarioelpopular.com\/wp-content\/uploads\/2024\/12\/Screen-Shot-2024-12-26-at-11.32.01-AM-1200x871.png\" alt=\"\" width=\"1200\" height=\"871\" srcset=\"https:\/\/diarioelpopular.com\/wp-content\/uploads\/2024\/12\/Screen-Shot-2024-12-26-at-11.32.01-AM-1200x871.png 1200w, https:\/\/diarioelpopular.com\/wp-content\/uploads\/2024\/12\/Screen-Shot-2024-12-26-at-11.32.01-AM-300x218.png 300w, https:\/\/diarioelpopular.com\/wp-content\/uploads\/2024\/12\/Screen-Shot-2024-12-26-at-11.32.01-AM-768x558.png 768w, https:\/\/diarioelpopular.com\/wp-content\/uploads\/2024\/12\/Screen-Shot-2024-12-26-at-11.32.01-AM-636x462.png 636w, https:\/\/diarioelpopular.com\/wp-content\/uploads\/2024\/12\/Screen-Shot-2024-12-26-at-11.32.01-AM-101x73.png 101w, https:\/\/diarioelpopular.com\/wp-content\/uploads\/2024\/12\/Screen-Shot-2024-12-26-at-11.32.01-AM.png 1024w\" sizes=\"auto, (max-width: 1200px) 100vw, 1200px\" \/><\/p>\n<p>&nbsp;<\/p>\n<ul>\n<li><em><strong>As\u00ed lo afirma la funcionaria tras su designaci\u00f3n a una misi\u00f3n en Turqu\u00eda y la prohibici\u00f3n a entrar al edificio de la Vicepresidencia en medio de la pugna que sostienen ambos.<\/strong><\/em><\/li>\n<\/ul>\n<p>&nbsp;<\/p>\n<p>La vicepresidente de\u00a0Ecuador, Ver\u00f3nica Abad, se\u00f1al\u00f3 este martes que el mandatario Daniel Noboa busca su \u201cdestierro\u201d al designarla para una misi\u00f3n en Turqu\u00eda en medio de la pugna que sostienen.<\/p>\n<p class=\"font--secondary\">Enemistada con Noboa, Abad recuper\u00f3 su cargo la v\u00edspera tras un fallo judicial que anul\u00f3 una sanci\u00f3n administrativa del ministerio de Trabajo, que la hab\u00eda suspendido por cinco meses debido a un supuesto abandono de funciones.<\/p>\n<div class=\"Article-Widget Article-Widget_related \">\n<div class=\"lazyload-wrapper \">\n<div id=\"Interest for all primero 4\" class=\"Widget \">\n<p class=\"font--secondary\">Ante la sentencia, el gobierno le asign\u00f3 a su vicepresidente la \u00fanica funci\u00f3n de colaborar con las relaciones econ\u00f3micas de\u00a0Ecuador\u00a0con el gobierno de Turqu\u00eda, a donde deber\u00e1 presentarse m\u00e1ximo este 27 de diciembre. Una maniobra m\u00e1s para sacarla del pa\u00eds.<\/p>\n<p class=\"font--secondary\">La \u201cdisposici\u00f3n es un nuevo insulto a los ecuatorianos, buscando mi destierro a \u2018Turkie\u2019 de manera inmediata\u201d, escribi\u00f3 Abad en una carta difundida en la madrugada en su cuenta de X.<\/p>\n<p class=\"font--secondary\">En la pr\u00e1ctica, el fallo judicial que le permiti\u00f3 regresar al cargo deja a Abad habilitada para reemplazar a Noboa cuando \u00e9ste inicie su campa\u00f1a electoral de cara a los comicios del pr\u00f3ximo febrero, como manda la Constituci\u00f3n.<\/p>\n<p class=\"font--secondary\">La sentencia de aplicaci\u00f3n \u201cinmediata\u201d tambi\u00e9n ordena que la ministra de Trabajo, Ivonne N\u00fa\u00f1ez, ofrezca disculpas p\u00fablicas y el pago a la vicepresidente de las remuneraciones que dej\u00f3 de recibir por la sanci\u00f3n, orquestada por Noboa.<\/p>\n<p class=\"font--secondary\">Luego de que se dictara el fallo, Abad se dirigi\u00f3 al despacho de la Vicepresidencia, pero se encontr\u00f3 con vallas y puertas cerradas. Entonces denunci\u00f3 que militares le imped\u00edan ingresar, por lo que present\u00f3 una denuncia ante la Fiscal\u00eda.<\/p>\n<p class=\"font--secondary\">\u201cHe sobrevivido a infames persecuciones, he sido v\u00edctima de lo impensable, nada menos que de mi binomio\u201d, agreg\u00f3 Abad en su carta en referencia a Noboa, sin precisar si cumplir\u00e1 la disposici\u00f3n presidencial.<\/p>\n<p class=\"font--secondary\">Noboa y Abad, ambos empresarios y con poca experiencia pol\u00edtica, fueron la sorpresa en los comicios anticipados del a\u00f1o pasado, pero mantienen una tirante relaci\u00f3n que empeor\u00f3 cuando el mandatario la nombr\u00f3 como embajadora en Israel, para sac\u00e1rsela del paso.<\/p>\n<p class=\"font--secondary\">En septiembre, ante una escalada del conflicto en Oriente Medio, Abad fue trasladada a Turqu\u00eda &#8220;por seguridad&#8221;. La cartera de Trabajo argument\u00f3, al suspenderla, que la funcionaria deb\u00eda instalarse en Ankara hasta el 1 de septiembre, pero que lleg\u00f3 cinco d\u00edas despu\u00e9s.<\/p>\n<p>&nbsp;<\/p>\n<\/div>\n<\/div>\n<\/div>\n","protected":false},"excerpt":{"rendered":"<p>&nbsp; As\u00ed lo afirma la funcionaria tras su designaci\u00f3n a una misi\u00f3n en Turqu\u00eda y la prohibici\u00f3n a entrar al edificio de la Vicepresidencia en&hellip;<\/p>\n","protected":false},"author":99,"featured_media":526616,"comment_status":"open","ping_status":"open","sticky":false,"template":"","format":"standard","meta":{"footnotes":""},"categories":[23],"tags":[],"class_list":["post-526615","post","type-post","status-publish","format-standard","has-post-thumbnail","hentry","category-latinoamerica"],"_links":{"self":[{"href":"https:\/\/diarioelpopular.com\/index.php\/wp-json\/wp\/v2\/posts\/526615","targetHints":{"allow":["GET"]}}],"collection":[{"href":"https:\/\/diarioelpopular.com\/index.php\/wp-json\/wp\/v2\/posts"}],"about":[{"href":"https:\/\/diarioelpopular.com\/index.php\/wp-json\/wp\/v2\/types\/post"}],"author":[{"embeddable":true,"href":"https:\/\/diarioelpopular.com\/index.php\/wp-json\/wp\/v2\/users\/99"}],"replies":[{"embeddable":true,"href":"https:\/\/diarioelpopular.com\/index.php\/wp-json\/wp\/v2\/comments?post=526615"}],"version-history":[{"count":1,"href":"https:\/\/diarioelpopular.com\/index.php\/wp-json\/wp\/v2\/posts\/526615\/revisions"}],"predecessor-version":[{"id":526617,"href":"https:\/\/diarioelpopular.com\/index.php\/wp-json\/wp\/v2\/posts\/526615\/revisions\/526617"}],"wp:featuredmedia":[{"embeddable":true,"href":"https:\/\/diarioelpopular.com\/index.php\/wp-json\/wp\/v2\/media\/526616"}],"wp:attachment":[{"href":"https:\/\/diarioelpopular.com\/index.php\/wp-json\/wp\/v2\/media?parent=526615"}],"wp:term":[{"taxonomy":"category","embeddable":true,"href":"https:\/\/diarioelpopular.com\/index.php\/wp-json\/wp\/v2\/categories?post=526615"},{"taxonomy":"post_tag","embeddable":true,"href":"https:\/\/diarioelpopular.com\/index.php\/wp-json\/wp\/v2\/tags?post=526615"}],"curies":[{"name":"wp","href":"https:\/\/api.w.org\/{rel}","templated":true}]}}