{"id":526645,"date":"2024-12-27T13:23:54","date_gmt":"2024-12-27T17:23:54","guid":{"rendered":"https:\/\/diarioelpopular.com\/?p=526645"},"modified":"2024-12-27T13:23:54","modified_gmt":"2024-12-27T17:23:54","slug":"7-avances-que-hubo-en-2024-en-la-proteccion-del-medio-ambiente-y-la-lucha-contra-el-cambio-climatico","status":"publish","type":"post","link":"https:\/\/diarioelpopular.com\/index.php\/2024\/12\/27\/7-avances-que-hubo-en-2024-en-la-proteccion-del-medio-ambiente-y-la-lucha-contra-el-cambio-climatico\/","title":{"rendered":"7 avances que hubo en 2024 en la protecci\u00f3n del medio ambiente y la lucha contra el cambio clim\u00e1tico"},"content":{"rendered":"<div id=\"attachment_526646\" style=\"width: 646px\" class=\"wp-caption alignnone\"><img loading=\"lazy\" decoding=\"async\" aria-describedby=\"caption-attachment-526646\" class=\"wp-image-526646 size-custom-full-size\" src=\"https:\/\/diarioelpopular.com\/wp-content\/uploads\/2024\/12\/Screen-Shot-2024-12-27-at-12.22.41-PM-636x357.png\" alt=\"\" width=\"636\" height=\"357\" srcset=\"https:\/\/diarioelpopular.com\/wp-content\/uploads\/2024\/12\/Screen-Shot-2024-12-27-at-12.22.41-PM-636x357.png 636w, https:\/\/diarioelpopular.com\/wp-content\/uploads\/2024\/12\/Screen-Shot-2024-12-27-at-12.22.41-PM-300x169.png 300w, https:\/\/diarioelpopular.com\/wp-content\/uploads\/2024\/12\/Screen-Shot-2024-12-27-at-12.22.41-PM-768x432.png 768w, https:\/\/diarioelpopular.com\/wp-content\/uploads\/2024\/12\/Screen-Shot-2024-12-27-at-12.22.41-PM-130x73.png 130w, https:\/\/diarioelpopular.com\/wp-content\/uploads\/2024\/12\/Screen-Shot-2024-12-27-at-12.22.41-PM.png 1024w\" sizes=\"auto, (max-width: 636px) 100vw, 636px\" \/><p id=\"caption-attachment-526646\" class=\"wp-caption-text\">La deforestaci\u00f3n en el Amazonas cay\u00f3 en su nivel m\u00e1s bajo en nueve a\u00f1os.<\/p><\/div>\n<p>&nbsp;<\/p>\n<p>&nbsp;<\/p>\n<div class=\"bbc-19j92fr ebmt73l0\" dir=\"ltr\">\n<ul>\n<li class=\"bbc-hhl7in e17g058b0\" dir=\"ltr\"><em><b>Es cierto que ha sido otro a\u00f1o dif\u00edcil para el clima y la naturaleza.<\/b><\/em><\/li>\n<\/ul>\n<\/div>\n<div class=\"bbc-19j92fr ebmt73l0\" dir=\"ltr\">\n<p dir=\"ltr\">\n<p class=\"bbc-hhl7in e17g058b0\" dir=\"ltr\">Las temperaturas globales aumentaron y los fen\u00f3menos meteorol\u00f3gicos extremos se intensificaron.<\/p>\n<\/div>\n<div class=\"bbc-19j92fr ebmt73l0\" dir=\"ltr\">\n<p class=\"bbc-hhl7in e17g058b0\" dir=\"ltr\">Desde el umbral de 1,5 \u00b0C que se super\u00f3 durante un a\u00f1o completo por primera vez desde que hay registros hasta la decepci\u00f3n que se llevaron las naciones vulnerables en la reciente cumbre clim\u00e1tica de la ONU, puede parecer que el desaf\u00edo es abrumador.<\/p>\n<\/div>\n<div class=\"bbc-19j92fr ebmt73l0\" dir=\"ltr\">\n<p class=\"bbc-hhl7in e17g058b0\" dir=\"ltr\">Pero este 2024 tambi\u00e9n\u00a0hubo algunos avances\u00a0extraordinarios en relaci\u00f3n al\u00a0medio ambiente.<\/p>\n<\/div>\n<div class=\"bbc-19j92fr ebmt73l0\" dir=\"ltr\">\n<p class=\"bbc-hhl7in e17g058b0\" dir=\"ltr\">Y quiz\u00e1s se inform\u00f3 menos de ellos que de los desastres naturales que afectaron a muchos lugares del planeta o de las pol\u00edticas p\u00fablicas fallidas.<\/p>\n<\/div>\n<div class=\"bbc-19j92fr ebmt73l0\" dir=\"ltr\">\n<p class=\"bbc-hhl7in e17g058b0\" dir=\"ltr\">Por eso en esta nota, semanas antes de que comience el 2025, te ofrecemos un resumen de los\u00a0hitos positivos medioambientales m\u00e1s importantes\u00a0que ocurrieron en los \u00faltimos 12 meses.<\/p>\n<\/div>\n<div class=\"bbc-19j92fr ebmt73l0\" dir=\"ltr\">\n<h2 id=\"1-El-fin-del-carb\u00f3n-en-Reino-Unido\" class=\"bbc-1lgzob2 eglt09e0\" tabindex=\"-1\">1. El fin del carb\u00f3n en Reino Unido<\/h2>\n<\/div>\n<div class=\"bbc-19j92fr ebmt73l0\" dir=\"ltr\">\n<p class=\"bbc-hhl7in e17g058b0\" dir=\"ltr\">Reino Unido cerr\u00f3 su \u00faltima central el\u00e9ctrica de carb\u00f3n en 2024.<\/p>\n<\/div>\n<div class=\"bbc-19j92fr ebmt73l0\" dir=\"ltr\">\n<p class=\"bbc-hhl7in e17g058b0\" dir=\"ltr\">Fue un hecho simb\u00f3lico, ya que este pa\u00eds fue\u00a0el primero del mundo en utilizar carb\u00f3n\u00a0para la generaci\u00f3n de energ\u00eda y este combustible f\u00f3sil fue el elemento vital de la\u00a0revoluci\u00f3n industrial\u00a0que all\u00ed comenz\u00f3.<\/p>\n<\/div>\n<div class=\"bbc-19j92fr ebmt73l0\" dir=\"ltr\">\n<p class=\"bbc-hhl7in e17g058b0\" dir=\"ltr\">El 30 de septiembre, las turbinas de la central el\u00e9ctrica de Ratcliffe-on-Soar, en Nottinghamshire, dejaron de funcionar y sus chimeneas dejaron de expulsar humo.<\/p>\n<\/div>\n<div class=\"bbc-19j92fr ebmt73l0\" dir=\"ltr\">\n<p class=\"bbc-hhl7in e17g058b0\" dir=\"ltr\">El sitio ahora se someter\u00e1 a un proceso de desmantelamiento y demolici\u00f3n que durar\u00e1 dos a\u00f1os. No est\u00e1 claro en qu\u00e9 se convertir\u00e1 este lugar, pero una propuesta es que sea un almac\u00e9n para bater\u00edas.<\/p>\n<\/div>\n<div class=\"bbc-19j92fr ebmt73l0\" dir=\"ltr\">\n<p class=\"bbc-hhl7in e17g058b0\" dir=\"ltr\">Esto ya ocurri\u00f3 en West Yorkshire, en la central el\u00e9ctrica desmantelada de Ferrybridge C, que tiene una capacidad de almacenamiento de 150 MW, suficiente para abastecer a 250.000 hogares.<\/p>\n<\/div>\n<div class=\"bbc-19j92fr ebmt73l0\" dir=\"ltr\">\n<p class=\"bbc-hhl7in e17g058b0\" dir=\"ltr\">En un momento en el que los pa\u00edses buscan descarbonizar r\u00e1pidamente sus econom\u00edas, muchas antiguas centrales el\u00e9ctricas de combustibles f\u00f3siles est\u00e1n demostrando ser lugares que se pueden utilizar para colocar bater\u00edas industriales.<\/p>\n<p dir=\"ltr\">\n<\/div>\n<figure class=\"bbc-1qn0xuy\">\n<div class=\"bbc-18ywsw9\">\n<div style=\"width: 1386px\" class=\"wp-caption alignnone\"><img loading=\"lazy\" decoding=\"async\" class=\"bbc-139onq\" src=\"https:\/\/ichef.bbci.co.uk\/ace\/ws\/640\/cpsprodpb\/6b8d\/live\/fcd30480-bbe4-11ef-a2ca-e99d0c9a24e3.jpg.webp\" alt=\"imagen de unas chimeneas de una planta de carb\u00f3n \" width=\"1376\" height=\"774\" \/><p class=\"wp-caption-text\">Fuente de la imagen,Getty Images.\u00a0\u00a0Que Reino Unido haya cerrado su \u00faltima planta de carb\u00f3n fue un momento simb\u00f3lico, pues fue el primer pa\u00eds en producir energ\u00eda con este combustible.<\/p><\/div>\n<\/div>\n<\/figure>\n<div class=\"bbc-19j92fr ebmt73l0\" dir=\"ltr\">\n<h2 tabindex=\"-1\"><\/h2>\n<h2 id=\"2-Aumento-global-de-la-energ\u00eda-verde\" class=\"bbc-1lgzob2 eglt09e0\" tabindex=\"-1\">2. Aumento global de la energ\u00eda verde<\/h2>\n<\/div>\n<div class=\"bbc-19j92fr ebmt73l0\" dir=\"ltr\">\n<p class=\"bbc-hhl7in e17g058b0\" dir=\"ltr\">Las fuentes de energ\u00eda renovable est\u00e1n creciendo r\u00e1pidamente en todo el mundo.<\/p>\n<\/div>\n<div class=\"bbc-19j92fr ebmt73l0\" dir=\"ltr\">\n<p class=\"bbc-hhl7in e17g058b0\" dir=\"ltr\">En Estados Unidos, la generaci\u00f3n de energ\u00eda e\u00f3lica alcanz\u00f3 un r\u00e9cord en abril, superando la generaci\u00f3n a partir de carb\u00f3n.<\/p>\n<\/div>\n<div class=\"bbc-19j92fr ebmt73l0\" dir=\"ltr\">\n<p class=\"bbc-hhl7in e17g058b0\" dir=\"ltr\">La Agencia Internacional de Energ\u00eda (AIE) espera que el mundo a\u00f1ada 5.500 GW de capacidad de energ\u00eda renovable entre 2024 y 2030, y que la capacidad renovable global crezca 2,7 veces en comparaci\u00f3n con 2022.<\/p>\n<\/div>\n<div class=\"bbc-19j92fr ebmt73l0\" dir=\"ltr\">\n<p class=\"bbc-hhl7in e17g058b0\" dir=\"ltr\">Esta cantidad\u00a0queda ligeramente por debajo\u00a0del objetivo de la ONU de triplicar la capacidad para 2030.<\/p>\n<\/div>\n<div class=\"bbc-19j92fr ebmt73l0\" dir=\"ltr\">\n<p class=\"bbc-hhl7in e17g058b0\" dir=\"ltr\">Para fines de esta d\u00e9cada, se prev\u00e9 que las fuentes de energ\u00eda renovables cubran casi la mitad de toda la electricidad.<\/p>\n<\/div>\n<div class=\"bbc-19j92fr ebmt73l0\" dir=\"ltr\">\n<p class=\"bbc-hhl7in e17g058b0\" dir=\"ltr\">La mayor parte de este crecimiento proviene de un solo pa\u00eds: China.<\/p>\n<\/div>\n<div class=\"bbc-19j92fr ebmt73l0\" dir=\"ltr\">\n<p class=\"bbc-hhl7in e17g058b0\" dir=\"ltr\">Seg\u00fan la AIE, se prev\u00e9 que, para 2030, China represente al menos la mitad de la capacidad el\u00e9ctrica renovable acumulada del mundo.<\/p>\n<\/div>\n<div class=\"bbc-19j92fr ebmt73l0\" dir=\"ltr\">\n<p class=\"bbc-hhl7in e17g058b0\" dir=\"ltr\">Fatih Birol, director ejecutivo de la AIE, se\u00f1al\u00f3 en una conferencia de prensa que el &#8220;crecimiento masivo de las energ\u00edas renovables&#8221; en el mundo se debi\u00f3 principalmente a la econom\u00eda, m\u00e1s que a las pol\u00edticas gubernamentales, ya que son la opci\u00f3n m\u00e1s barata en muchos pa\u00edses.<\/p>\n<\/div>\n<div class=\"bbc-19j92fr ebmt73l0\" dir=\"ltr\">\n<p class=\"bbc-hhl7in e17g058b0\" dir=\"ltr\">Esta gran expansi\u00f3n fue una &#8220;hermosa historia&#8221;, dijo, que podr\u00eda resumirse en dos palabras: &#8220;China&#8221; y &#8220;solar&#8221;.<\/p>\n<\/div>\n<div class=\"bbc-19j92fr ebmt73l0\" dir=\"ltr\">\n<h2 id=\"3-Los-r\u00edos-las-monta\u00f1as-las-olas-y-las-ballenas-con-personalidad-jur\u00eddica\" class=\"bbc-1lgzob2 eglt09e0\" tabindex=\"-1\">3. Los r\u00edos, las monta\u00f1as, las olas y las ballenas con personalidad jur\u00eddica<\/h2>\n<\/div>\n<div class=\"bbc-19j92fr ebmt73l0\" dir=\"ltr\">\n<p class=\"bbc-hhl7in e17g058b0\" dir=\"ltr\">En 2021, Ecuador emiti\u00f3 un fallo hist\u00f3rico que establec\u00eda que la miner\u00eda en su bosque nuboso de Los Cedros violaba los derechos de la naturaleza.<\/p>\n<\/div>\n<div class=\"bbc-19j92fr ebmt73l0\" dir=\"ltr\">\n<p class=\"bbc-hhl7in e17g058b0\" dir=\"ltr\">Otro fallo en el mismo pa\u00eds declar\u00f3 que la contaminaci\u00f3n hab\u00eda violado los derechos del r\u00edo Mach\u00e1ngara que atraviesa la capital, Quito.<\/p>\n<\/div>\n<div class=\"bbc-19j92fr ebmt73l0\" dir=\"ltr\">\n<p class=\"bbc-hhl7in e17g058b0\" dir=\"ltr\">Este a\u00f1o, se public\u00f3 un informe que concluy\u00f3 que estas decisiones legales\u00a0pueden ayudar a proteger los ecosistemas\u00a0en peligro.<\/p>\n<\/div>\n<div class=\"bbc-19j92fr ebmt73l0\" dir=\"ltr\">\n<p class=\"bbc-hhl7in e17g058b0\" dir=\"ltr\">M\u00e1s all\u00e1 de Ecuador, otros espacios naturales recibieron personalidad jur\u00eddica en 2024.<\/p>\n<\/div>\n<div class=\"bbc-19j92fr ebmt73l0\" dir=\"ltr\">\n<p class=\"bbc-hhl7in e17g058b0\" dir=\"ltr\">En Nueva Zelanda, los picos del Parque Nacional Egmont, rebautizados como Te Papakura o Taranaki, fueron reconocidos como monta\u00f1as ancestrales y, en conjunto, se convirtieron en una persona jur\u00eddica, conocida como Te K\u0101hui Tupua.<\/p>\n<\/div>\n<div class=\"bbc-19j92fr ebmt73l0\" dir=\"ltr\">\n<p class=\"bbc-hhl7in e17g058b0\" dir=\"ltr\">En Brasil, una parte del oc\u00e9ano recibi\u00f3 personalidad jur\u00eddica: la ciudad costera de Linhares reconoci\u00f3 sus olas como seres vivos, otorg\u00e1ndoles el derecho a la existencia, la regeneraci\u00f3n y la restauraci\u00f3n.<\/p>\n<p dir=\"ltr\">\n<\/div>\n<figure class=\"bbc-1qn0xuy\">\n<div class=\"bbc-18ywsw9\">\n<div style=\"width: 1386px\" class=\"wp-caption alignnone\"><img loading=\"lazy\" decoding=\"async\" class=\"bbc-139onq\" src=\"https:\/\/ichef.bbci.co.uk\/ace\/ws\/640\/cpsprodpb\/99c5\/live\/0bfe6120-bbe5-11ef-a0f2-fd81ae5962f4.jpg.webp\" alt=\"Imagen de una ballena \" width=\"1376\" height=\"774\" \/><p class=\"wp-caption-text\">Fuente de la imagen,Getty Images.\u00a0\u00a0Otorgar personalidad jur\u00eddica a los animales y otras partes de la naturaleza puede conducir a protecciones m\u00e1s fuertes.<\/p><\/div>\n<\/div>\n<\/figure>\n<div class=\"bbc-19j92fr ebmt73l0\" dir=\"ltr\">\n<p dir=\"ltr\">\n<p dir=\"ltr\">\n<p class=\"bbc-hhl7in e17g058b0\" dir=\"ltr\">Mientras, un nuevo tratado firmado por l\u00edderes ind\u00edgenas del Pac\u00edfico permiti\u00f3 que las ballenas y los delfines fueran reconocidos oficialmente como\u00a0&#8220;personas jur\u00eddicas&#8221;.<\/p>\n<\/div>\n<div class=\"bbc-19j92fr ebmt73l0\" dir=\"ltr\">\n<p class=\"bbc-hhl7in e17g058b0\" dir=\"ltr\">&#8220;Un caso presentado para proteger a las ballenas de la navegaci\u00f3n transoce\u00e1nica puede basarse en que una persona alegue que ha sufrido da\u00f1os porque se ha reducido su capacidad para observar ballenas&#8221;, dice Jacqueline Gallant, abogada que trabaja en cambio clim\u00e1tico, biodiversidad y derechos.<\/p>\n<\/div>\n<div class=\"bbc-19j92fr ebmt73l0\" dir=\"ltr\">\n<p class=\"bbc-hhl7in e17g058b0\" dir=\"ltr\">&#8220;Si se reconociera a las ballenas como sujetos jur\u00eddicos, el caso podr\u00eda centrarse con mayor precisi\u00f3n en los da\u00f1os a las ballenas en s\u00ed mismas, en lugar de en la persona que reclama un da\u00f1o secundario para que el tribunal escuche la demanda&#8221;, agreg\u00f3.<\/p>\n<\/div>\n<div class=\"bbc-19j92fr ebmt73l0\" dir=\"ltr\">\n<p class=\"bbc-hhl7in e17g058b0\" dir=\"ltr\">Gallant, quien trabaja para el programa de Investigaci\u00f3n y Acci\u00f3n por los Derechos de la Tierra en la Facultad de Derecho de la Universidad de Nueva York, dice que est\u00e1n ampliando los l\u00edmites de la imaginaci\u00f3n jur\u00eddica.<\/p>\n<\/div>\n<div class=\"bbc-19j92fr ebmt73l0\" dir=\"ltr\">\n<p class=\"bbc-hhl7in e17g058b0\" dir=\"ltr\">&#8220;La personalidad jur\u00eddica implica que la naturaleza y los seres vivos no humanos deben ser entendidos como sujetos [en lugar de objetos], con valor intr\u00ednseco e intereses y necesidades propias&#8221;, afirma.<\/p>\n<\/div>\n<div class=\"bbc-19j92fr ebmt73l0\" dir=\"ltr\">\n<h2 id=\"4-Nuevas-protecciones-oce\u00e1nicas-para-las-Azores\" class=\"bbc-1lgzob2 eglt09e0\" tabindex=\"-1\">4. Nuevas protecciones oce\u00e1nicas para las Azores<\/h2>\n<\/div>\n<div class=\"bbc-19j92fr ebmt73l0\" dir=\"ltr\">\n<p class=\"bbc-hhl7in e17g058b0\" dir=\"ltr\">Las\u00a0Azores\u00a0anunciaron una nueva \u00e1rea marina protegida (AMP) en el Atl\u00e1ntico Norte. Cuando se establezca, ser\u00e1 la m\u00e1s grande de la regi\u00f3n y abarcar\u00e1 el 30% del mar que rodea el archipi\u00e9lago portugu\u00e9s.<\/p>\n<\/div>\n<div class=\"bbc-19j92fr ebmt73l0\" dir=\"ltr\">\n<p class=\"bbc-hhl7in e17g058b0\" dir=\"ltr\">La mitad de los 287.000 km2 de \u00e1rea estar\u00e1n &#8220;totalmente protegidos&#8221;, sin pesca ni extracci\u00f3n de otros recursos naturales, seg\u00fan la iniciativa detr\u00e1s de la AMP. La otra mitad estar\u00e1 &#8220;altamente protegida&#8221;.<\/p>\n<p dir=\"ltr\">\n<\/div>\n<figure class=\"bbc-1qn0xuy\">\n<div class=\"bbc-18ywsw9\">\n<div style=\"width: 1034px\" class=\"wp-caption alignnone\"><img loading=\"lazy\" decoding=\"async\" class=\"bbc-139onq\" src=\"https:\/\/ichef.bbci.co.uk\/ace\/ws\/640\/cpsprodpb\/cea1\/live\/90fcf810-bbe4-11ef-a0f2-fd81ae5962f4.jpg.webp\" alt=\"islas azores en portugal \" width=\"1024\" height=\"680\" \/><p class=\"wp-caption-text\">Fuente de la imagen,Getty Images.\u00a0\u00a0Las \u00e1reas protegidas pueden ser muy eficaces para preservar la biodiversidad marina.<\/p><\/div>\n<\/div>\n<\/figure>\n<div class=\"bbc-19j92fr ebmt73l0\" dir=\"ltr\">\n<p dir=\"ltr\">\n<p dir=\"ltr\">\n<p class=\"bbc-hhl7in e17g058b0\" dir=\"ltr\">El \u00e1rea contiene nueve fuentes hidrotermales, 28 especies de mam\u00edferos marinos y 560 especies de peces, entre muchas otras.<\/p>\n<\/div>\n<div class=\"bbc-19j92fr ebmt73l0\" dir=\"ltr\">\n<p class=\"bbc-hhl7in e17g058b0\" dir=\"ltr\">Las AMP pueden ser muy eficaces para proteger la biodiversidad si sus restricciones se aplican adecuadamente.<\/p>\n<\/div>\n<div class=\"bbc-19j92fr ebmt73l0\" dir=\"ltr\">\n<p class=\"bbc-hhl7in e17g058b0\" dir=\"ltr\">En general, s\u00f3lo el 2,8% de los oc\u00e9anos del mundo est\u00e1 efectivamente protegido y s\u00f3lo el 8,3% est\u00e1 conservado, seg\u00fan un informe de Bloomberg Philanthropies Ocean Initiative.<\/p>\n<\/div>\n<div class=\"bbc-19j92fr ebmt73l0\" dir=\"ltr\">\n<h2 id=\"5-La-deforestaci\u00f3n-en-la-Amazon\u00eda-alcanza-su-nivel-m\u00e1s-bajo-en-nueve-a\u00f1os\" class=\"bbc-1lgzob2 eglt09e0\" tabindex=\"-1\">5. La deforestaci\u00f3n en la Amazon\u00eda alcanza su nivel m\u00e1s bajo en nueve a\u00f1os<\/h2>\n<\/div>\n<div class=\"bbc-19j92fr ebmt73l0\" dir=\"ltr\">\n<p class=\"bbc-hhl7in e17g058b0\" dir=\"ltr\">La deforestaci\u00f3n en la Amazon\u00eda brasile\u00f1a\u00a0cay\u00f3 a su nivel m\u00e1s bajo\u00a0en nueve a\u00f1os en 2024, con una reducci\u00f3n de m\u00e1s del 30% en los 12 meses hasta julio, seg\u00fan datos publicados por el instituto nacional de investigaci\u00f3n espacial de Brasil.<\/p>\n<\/div>\n<div class=\"bbc-19j92fr ebmt73l0\" dir=\"ltr\">\n<p class=\"bbc-hhl7in e17g058b0\" dir=\"ltr\">Se destruyeron aproximadamente 6.288 kil\u00f3metros cuadrados de la selva tropical, un \u00e1rea m\u00e1s grande que el tama\u00f1o del estado de Delaware en Estados Unidos.<\/p>\n<\/div>\n<div class=\"bbc-19j92fr ebmt73l0\" dir=\"ltr\">\n<p class=\"bbc-hhl7in e17g058b0\" dir=\"ltr\">Si bien esta \u00e1rea sigue siendo enorme, es la p\u00e9rdida anual m\u00e1s baja desde 2015.<\/p>\n<\/div>\n<div class=\"bbc-19j92fr ebmt73l0\" dir=\"ltr\">\n<p class=\"bbc-hhl7in e17g058b0\" dir=\"ltr\">La deforestaci\u00f3n disminuy\u00f3 a pesar de que los incendios en la Amazon\u00eda brasile\u00f1a aumentaron casi 18 veces durante el mismo per\u00edodo de tiempo despu\u00e9s de una sequ\u00eda hist\u00f3rica.<\/p>\n<\/div>\n<div class=\"bbc-19j92fr ebmt73l0\" dir=\"ltr\">\n<p class=\"bbc-hhl7in e17g058b0\" dir=\"ltr\">Todo esto sucede casi dos a\u00f1os despu\u00e9s de que el presidente\u00a0Luiz In\u00e1cio Lula da Silva\u00a0asumiera el cargo y se comprometiera a poner fin a la deforestaci\u00f3n para 2030 y a acabar con la tala ilegal.<\/p>\n<\/div>\n<div class=\"bbc-19j92fr ebmt73l0\" dir=\"ltr\">\n<h2 id=\"6-La-conservaci\u00f3n-realmente-puede-marcar-una-diferencia-en-la-biodiversidad\" class=\"bbc-1lgzob2 eglt09e0\" tabindex=\"-1\">6. La conservaci\u00f3n realmente puede marcar una diferencia en la biodiversidad<\/h2>\n<\/div>\n<div class=\"bbc-19j92fr ebmt73l0\" dir=\"ltr\">\n<p class=\"bbc-hhl7in e17g058b0\" dir=\"ltr\">Una importante revisi\u00f3n de las iniciativas de conservaci\u00f3n realizada este a\u00f1o concluy\u00f3 que, en la mayor\u00eda de los casos, son eficaces para frenar o revertir la p\u00e9rdida de biodiversidad.<\/p>\n<\/div>\n<div class=\"bbc-19j92fr ebmt73l0\" dir=\"ltr\">\n<p class=\"bbc-hhl7in e17g058b0\" dir=\"ltr\">Los cient\u00edficos\u00a0revisaron 665 ensayos\u00a0de medidas de conservaci\u00f3n en todo el mundo, incluidos varios hist\u00f3ricos, y descubrieron que hab\u00edan tenido\u00a0un efecto positivo\u00a0en dos de cada tres casos.<\/p>\n<\/div>\n<div class=\"bbc-19j92fr ebmt73l0\" dir=\"ltr\">\n<p class=\"bbc-hhl7in e17g058b0\" dir=\"ltr\">Un ejemplo de ello es la Iniciativa de Conservaci\u00f3n Altyn Dala, que trabaj\u00f3 en Kazajst\u00e1n con socios locales y otras organizaciones internacionales para salvar de la extinci\u00f3n al\u00a0ant\u00edlope saiga, una especie en grave peligro de extinci\u00f3n en la pradera de la Estepa Dorada.<\/p>\n<p dir=\"ltr\">\n<\/div>\n<figure class=\"bbc-1qn0xuy\">\n<div class=\"bbc-18ywsw9\">\n<div style=\"width: 1386px\" class=\"wp-caption alignnone\"><img loading=\"lazy\" decoding=\"async\" class=\"bbc-139onq\" src=\"https:\/\/ichef.bbci.co.uk\/ace\/ws\/640\/cpsprodpb\/c903\/live\/f2f4c5c0-bbe4-11ef-a2ca-e99d0c9a24e3.jpg.webp\" alt=\"Ant\u00edlope saiga \" width=\"1376\" height=\"774\" \/><p class=\"wp-caption-text\">Fuente de la imagen,Getty Images.\u00a0\u00a0El ant\u00edlope saiga fue una de las especies beneficiadas por los esfuerzos de conservaci\u00f3n en 2024.<\/p><\/div>\n<\/div>\n<\/figure>\n<div class=\"bbc-19j92fr ebmt73l0\" dir=\"ltr\">\n<p dir=\"ltr\">\n<p dir=\"ltr\">\n<p class=\"bbc-hhl7in e17g058b0\" dir=\"ltr\">El proyecto utiliz\u00f3 un seguimiento cuidadoso y basado en la ciencia, el etiquetado y la protecci\u00f3n y restauraci\u00f3n del h\u00e1bitat para garantizar la mejor recuperaci\u00f3n del ant\u00edlope saiga, que contaba con tan solo 20.000 ejemplares en 2003.<\/p>\n<\/div>\n<div class=\"bbc-19j92fr ebmt73l0\" dir=\"ltr\">\n<p class=\"bbc-hhl7in e17g058b0\" dir=\"ltr\">Hoy, 2,86 millones de ant\u00edlopes deambulan por la Estepa Dorada, y ha pasado de la categor\u00eda de &#8220;en peligro cr\u00edtico&#8221; a la de &#8220;casi amenazado&#8221; en la Lista Roja de la Uni\u00f3n Internacional para la Conservaci\u00f3n de la Naturaleza.<\/p>\n<\/div>\n<div class=\"bbc-19j92fr ebmt73l0\" dir=\"ltr\">\n<h2 id=\"7-Los-esfuerzos-liderados-por-los-ind\u00edgenas-restauran-los-cielos-y-los-r\u00edos\" class=\"bbc-1lgzob2 eglt09e0\" tabindex=\"-1\">7. Los esfuerzos liderados por los ind\u00edgenas restauran los cielos y los r\u00edos<\/h2>\n<\/div>\n<div class=\"bbc-19j92fr ebmt73l0\" dir=\"ltr\">\n<p class=\"bbc-hhl7in e17g058b0\" dir=\"ltr\">En California, la vida silvestre se ha beneficiado de las campa\u00f1as que durante d\u00e9cadas ha llevado a cabo la tribu nativa americana Yurok para reponer los animales en los territorios tribales.<\/p>\n<\/div>\n<div class=\"bbc-19j92fr ebmt73l0\" dir=\"ltr\">\n<p class=\"bbc-hhl7in e17g058b0\" dir=\"ltr\">En 2024, esto culmin\u00f3 con el regreso del salm\u00f3n al r\u00edo Klamath.<\/p>\n<\/div>\n<div class=\"bbc-19j92fr ebmt73l0\" dir=\"ltr\">\n<p class=\"bbc-hhl7in e17g058b0\" dir=\"ltr\">Despu\u00e9s de un par\u00e9ntesis de 100 a\u00f1os, los peces fueron vistos en la cuenca del r\u00edo Klamath en Oreg\u00f3n, tras la hist\u00f3rica eliminaci\u00f3n de una represa m\u00e1s abajo en el tramo californiano del cuerpo de agua.<\/p>\n<\/div>\n<div class=\"bbc-19j92fr ebmt73l0\" dir=\"ltr\">\n<p class=\"bbc-hhl7in e17g058b0\" dir=\"ltr\">En agosto, se elimin\u00f3 la \u00faltima de las cuatro represas (en lo que fue el mayor proyecto de eliminaci\u00f3n de estas estructuras en Estados Unidos) tras la presi\u00f3n de los ambientalistas y las tribus.<\/p>\n<\/div>\n<div class=\"bbc-19j92fr ebmt73l0\" dir=\"ltr\">\n<p class=\"bbc-hhl7in e17g058b0\" dir=\"ltr\">Los miembros de la tribu esperaban que el salm\u00f3n tardara meses en regresar a los tramos superiores del r\u00edo, ya que su n\u00famero se hab\u00eda visto diezmado por la mala salud del afluente causada por la represa que bloqueaba el flujo natural del agua.<\/p>\n<\/div>\n<div class=\"bbc-19j92fr ebmt73l0\" dir=\"ltr\">\n<p class=\"bbc-hhl7in e17g058b0\" dir=\"ltr\">Pero en octubre,\u00a0los bi\u00f3logos avistaron a estos peces en las aguas dulces de Oreg\u00f3n.<\/p>\n<p dir=\"ltr\">\n<\/div>\n<figure class=\"bbc-1qn0xuy\">\n<div class=\"bbc-18ywsw9\">\n<div style=\"width: 1034px\" class=\"wp-caption alignnone\"><img loading=\"lazy\" decoding=\"async\" class=\"bbc-139onq\" src=\"https:\/\/ichef.bbci.co.uk\/ace\/ws\/640\/cpsprodpb\/96c1\/live\/83fe0670-bbe6-11ef-a0f2-fd81ae5962f4.jpg.webp\" alt=\"bi\u00f3logos atrapan salmones en una red en el r\u00edo Klamath \" width=\"1024\" height=\"745\" \/><p class=\"wp-caption-text\">Fuente de la imagen,Getty Images.\u00a0\u00a0La eliminaci\u00f3n de una represa ayud\u00f3 a que el salm\u00f3n regresara al r\u00edo Klamath.<\/p><\/div>\n<p class=\"bbc-by8ykd\" role=\"text\">\n<\/div>\n<\/figure>\n<div class=\"bbc-19j92fr ebmt73l0\" dir=\"ltr\">\n<p dir=\"ltr\">\n<p class=\"bbc-hhl7in e17g058b0\" dir=\"ltr\">&#8220;Lo que es sorprendente es la gran cantidad de peces que han regresado y el rango geogr\u00e1fico&#8221;, dijo Barry McCovey, bi\u00f3logo pesquero senior de la tribu Yurok.<\/p>\n<\/div>\n<div class=\"bbc-19j92fr ebmt73l0\" dir=\"ltr\">\n<p class=\"bbc-hhl7in e17g058b0\" dir=\"ltr\">&#8220;No pod\u00eda creer que los hubieran visto en Oreg\u00f3n. Fue una noticia incre\u00edble, alucinante. Cuando me enter\u00e9, pens\u00e9: &#8216;\u00a1Espera, ya!&#8217;. Han superado todas las expectativas que cualquiera ten\u00eda&#8221;.<\/p>\n<\/div>\n<div class=\"bbc-19j92fr ebmt73l0\" dir=\"ltr\">\n<p class=\"bbc-hhl7in e17g058b0\" dir=\"ltr\">Mientras tanto, un programa intensivo para reintroducir c\u00f3ndores de California tambi\u00e9n tuvo un \u00e9xito creciente.<\/p>\n<\/div>\n<div class=\"bbc-19j92fr ebmt73l0\" dir=\"ltr\">\n<p class=\"bbc-hhl7in e17g058b0\" dir=\"ltr\">La tribu ha estado llevando a cabo desde 2008 un proyecto de liberaci\u00f3n de este p\u00e1jaro parecido a un buitre, que consideran sagrado.<\/p>\n<\/div>\n<div class=\"bbc-19j92fr ebmt73l0\" dir=\"ltr\">\n<p class=\"bbc-hhl7in e17g058b0\" dir=\"ltr\">El 4 de octubre de este a\u00f1o, la comunidad originaria liber\u00f3 a dos aves m\u00e1s, lo que elev\u00f3 el total de c\u00f3ndores de California en territorio Yurok a 18.<\/p>\n<\/div>\n<div class=\"bbc-19j92fr ebmt73l0\" dir=\"ltr\">\n<p class=\"bbc-hhl7in e17g058b0\" dir=\"ltr\">&#8220;Lo est\u00e1n haciendo muy bien&#8221;, dice Tiana Williams, directora del Departamento de Vida Silvestre de la Tribu Yurok y miembro de la Naci\u00f3n Yurok.<\/p>\n<\/div>\n<div class=\"bbc-19j92fr ebmt73l0\" dir=\"ltr\">\n<p class=\"bbc-hhl7in e17g058b0\" dir=\"ltr\">&#8220;Ha sido realmente emocionante\u00a0ver c\u00f3mo el n\u00famero de ejemplares se expand\u00eda y cambiaba su din\u00e1mica&#8221;.<\/p>\n<\/div>\n<p>&nbsp;<\/p>\n<p>&nbsp;<\/p>\n","protected":false},"excerpt":{"rendered":"<p>&nbsp; &nbsp; Es cierto que ha sido otro a\u00f1o dif\u00edcil para el clima y la naturaleza. Las temperaturas globales aumentaron y los fen\u00f3menos meteorol\u00f3gicos extremos&hellip;<\/p>\n","protected":false},"author":99,"featured_media":526646,"comment_status":"open","ping_status":"open","sticky":false,"template":"","format":"standard","meta":{"footnotes":""},"categories":[24],"tags":[],"class_list":["post-526645","post","type-post","status-publish","format-standard","has-post-thumbnail","hentry","category-mundo"],"_links":{"self":[{"href":"https:\/\/diarioelpopular.com\/index.php\/wp-json\/wp\/v2\/posts\/526645","targetHints":{"allow":["GET"]}}],"collection":[{"href":"https:\/\/diarioelpopular.com\/index.php\/wp-json\/wp\/v2\/posts"}],"about":[{"href":"https:\/\/diarioelpopular.com\/index.php\/wp-json\/wp\/v2\/types\/post"}],"author":[{"embeddable":true,"href":"https:\/\/diarioelpopular.com\/index.php\/wp-json\/wp\/v2\/users\/99"}],"replies":[{"embeddable":true,"href":"https:\/\/diarioelpopular.com\/index.php\/wp-json\/wp\/v2\/comments?post=526645"}],"version-history":[{"count":1,"href":"https:\/\/diarioelpopular.com\/index.php\/wp-json\/wp\/v2\/posts\/526645\/revisions"}],"predecessor-version":[{"id":526647,"href":"https:\/\/diarioelpopular.com\/index.php\/wp-json\/wp\/v2\/posts\/526645\/revisions\/526647"}],"wp:featuredmedia":[{"embeddable":true,"href":"https:\/\/diarioelpopular.com\/index.php\/wp-json\/wp\/v2\/media\/526646"}],"wp:attachment":[{"href":"https:\/\/diarioelpopular.com\/index.php\/wp-json\/wp\/v2\/media?parent=526645"}],"wp:term":[{"taxonomy":"category","embeddable":true,"href":"https:\/\/diarioelpopular.com\/index.php\/wp-json\/wp\/v2\/categories?post=526645"},{"taxonomy":"post_tag","embeddable":true,"href":"https:\/\/diarioelpopular.com\/index.php\/wp-json\/wp\/v2\/tags?post=526645"}],"curies":[{"name":"wp","href":"https:\/\/api.w.org\/{rel}","templated":true}]}}