{"id":526679,"date":"2024-12-28T13:27:36","date_gmt":"2024-12-28T17:27:36","guid":{"rendered":"https:\/\/diarioelpopular.com\/?p=526679"},"modified":"2024-12-28T13:27:36","modified_gmt":"2024-12-28T17:27:36","slug":"olas-de-hasta-cuatro-metros-sacuden-la-costa-peruana-y-obligan-a-clausurar-mas-de-80-puertos","status":"publish","type":"post","link":"https:\/\/diarioelpopular.com\/index.php\/2024\/12\/28\/olas-de-hasta-cuatro-metros-sacuden-la-costa-peruana-y-obligan-a-clausurar-mas-de-80-puertos\/","title":{"rendered":"Olas de hasta cuatro metros sacuden la costa peruana y obligan a clausurar m\u00e1s de 80 puertos"},"content":{"rendered":"<div id=\"attachment_526680\" style=\"width: 1210px\" class=\"wp-caption alignnone\"><img loading=\"lazy\" decoding=\"async\" aria-describedby=\"caption-attachment-526680\" class=\"wp-image-526680 size-custom-big-size\" src=\"https:\/\/diarioelpopular.com\/wp-content\/uploads\/2024\/12\/Screen-Shot-2024-12-28-at-12.26.41-PM-1200x658.png\" alt=\"\" width=\"1200\" height=\"658\" srcset=\"https:\/\/diarioelpopular.com\/wp-content\/uploads\/2024\/12\/Screen-Shot-2024-12-28-at-12.26.41-PM-1200x658.png 1200w, https:\/\/diarioelpopular.com\/wp-content\/uploads\/2024\/12\/Screen-Shot-2024-12-28-at-12.26.41-PM-300x164.png 300w, https:\/\/diarioelpopular.com\/wp-content\/uploads\/2024\/12\/Screen-Shot-2024-12-28-at-12.26.41-PM-768x421.png 768w, https:\/\/diarioelpopular.com\/wp-content\/uploads\/2024\/12\/Screen-Shot-2024-12-28-at-12.26.41-PM-636x349.png 636w, https:\/\/diarioelpopular.com\/wp-content\/uploads\/2024\/12\/Screen-Shot-2024-12-28-at-12.26.41-PM-133x73.png 133w, https:\/\/diarioelpopular.com\/wp-content\/uploads\/2024\/12\/Screen-Shot-2024-12-28-at-12.26.41-PM.png 1024w\" sizes=\"auto, (max-width: 1200px) 100vw, 1200px\" \/><p id=\"caption-attachment-526680\" class=\"wp-caption-text\">Captura de v\u00eddeo de las fuertes olas golpeando los botes en la costa peruana. V\u00eddeo: Reuters<\/p><\/div>\n<p>&nbsp;<\/p>\n<ul>\n<li><em><strong>Olas de hasta cuatro metros remecieron el\u00a0<a href=\"https:\/\/elpais.com\/america-futura\/2024-04-10\/una-decada-esperando-la-ley-que-proteja-el-mar-que-produce-la-mayoria-del-pescado-que-se-consume-en-peru.html\" data-link-track-dtm=\"\" data-mrf-link=\"https:\/\/elpais.com\/america-futura\/2024-04-10\/una-decada-esperando-la-ley-que-proteja-el-mar-que-produce-la-mayoria-del-pescado-que-se-consume-en-peru.html\">litoral peruano<\/a>\u00a0este viernes, provocando la angustia de la poblaci\u00f3n.<\/strong> <\/em><\/li>\n<\/ul>\n<p>&nbsp;<\/p>\n<p class=\"\">El maretazo, que se inici\u00f3 en las playas del norte cercanas a la frontera con Ecuador, volc\u00f3 decenas de embarcaciones artesanales, destruy\u00f3 muelles e infraestructura tur\u00edstica y, adem\u00e1s, ha dejado sin sustento a miles de pescadores que no podr\u00e1n realizar sus faenas en los pr\u00f3ximos d\u00edas. La Direcci\u00f3n General de Capitan\u00eda de Puertos (Dicapi) inform\u00f3 que se han cerrado temporalmente 81 puertos en el litoral norte y centro, que abarca desde Tumbes hasta San Juan de Marcona.<\/p>\n<p class=\"\">Hace unos d\u00edas, la Direcci\u00f3n de Hidrograf\u00eda y Navegaci\u00f3n de la Marina de Guerra del Per\u00fa alert\u00f3 que se presentar\u00eda un oleaje de fuerte intensidad desde el mi\u00e9rcoles 25 y que deb\u00edan tomarse todas las medidas necesarias para minimizar el impacto.<\/p>\n<p class=\"\">No obstante, algunas autoridades locales han aceptado que no se imaginaron la magnitud del evento. \u201cYa hemos tenido oleajes an\u00f3malos en esta zona, pero este ha sido el m\u00e1s devastador, no se esperaba algo as\u00ed\u201d, ha se\u00f1alado Jaime Yacila Boulangger, alcalde de la provincia Contralmirante Villar, en Tumbes.<\/p>\n<p class=\"\">Los negocios cercanos a las playas de M\u00e1ncora, Cabo Blanco, El \u00d1uro, La Caleta y Los \u00d3rganos, balnearios que cada verano acogen a un gran n\u00famero de turistas nacionales y extranjeros en busca de diversi\u00f3n, relajo y tambi\u00e9n aventura, han sido los m\u00e1s afectados. El mar tambi\u00e9n ha golpeado gravemente a Lobitos, en la provincia de Talara, donde hace una semana ocurri\u00f3\u00a0<a href=\"https:\/\/elpais.com\/america\/2024-12-23\/un-derrame-de-petroleo-afecta-a-las-costas-del-norte-de-peru-y-dana-la-vida-marina-de-la-region.html\" data-link-track-dtm=\"\" data-mrf-link=\"https:\/\/elpais.com\/america\/2024-12-23\/un-derrame-de-petroleo-afecta-a-las-costas-del-norte-de-peru-y-dana-la-vida-marina-de-la-region.html\">un derrame de petr\u00f3leo<\/a>\u00a0cuyo impacto todav\u00eda se desconoce, pero que ha acabado con diversas especies marinas.<\/p>\n<h3 class=\"\">Un nuevo golpe para la comunidad pesquera<\/h3>\n<p class=\"\">\u201cEste nuevo golpe se suma a la crisis que vive la comunidad pesquera, que a\u00fan est\u00e1 asimilando el reciente derrame de petr\u00f3leo en Lobitos. La falta de preparaci\u00f3n y las insuficientes acciones de las autoridades han convertido este maretazo en un claro ejemplo de un desastre que pudo haberse evitado con una comunicaci\u00f3n m\u00e1s eficiente con las comunidades afectadas y un plan de prevenci\u00f3n mucho m\u00e1s ajustado a la magnitud del evento\u201d, ha cuestionado la ONG Oceana Per\u00fa.<\/p>\n<p class=\"\">Otras autoridades locales, como el alcalde de Los \u00d3rganos, en Piura, Manuel Garrido, han expresado su preocupaci\u00f3n porque decenas de pescadores se han lanzado mar adentro para evitar que sus embarcaciones sean destruidas por la bravura de las olas. \u201cHemos coordinado con la Marina y la Polic\u00eda Nacional para que les lleven alimentos y nos ayuden a sacarlos. En su desesperaci\u00f3n, han ingresado al mar para llevar sus botes m\u00e1s al fondo y as\u00ed tratar de que la ola que revienta en la playa no los vuelque\u201d, indic\u00f3 Garrido. Seg\u00fan sus c\u00e1lculos, se trata de por lo menos 80 pescadores artesanales los que se encuentran atrapados.<\/p>\n<p class=\"\">Durante la tarde del viernes, el oleaje lleg\u00f3 hasta las costas del Callao, el primer puerto del Per\u00fa, inundando la Plaza Grau. Personal de Defensa Civil instal\u00f3 all\u00ed unas vallas de pl\u00e1stico para contener el desborde que no han servido de mucho. Seg\u00fan la Superintendencia Nacional de Fiscalizaci\u00f3n Laboral (Sunafil), alrededor de 3.000 pescadores artesanales, quienes viven del d\u00eda a d\u00eda, se encuentran imposibilitados de trabajar.<\/p>\n<p class=\"\">\u201cEn coordinaci\u00f3n con la Marina de Guerra del Per\u00fa, nos refieren que hasta el d\u00eda 1 de enero del 2025, en la costa aleda\u00f1a al Callao ser\u00e1 imposible realizar actividades de\u00a0<a href=\"https:\/\/elpais.com\/america-futura\/2024-01-22\/los-astilleros-ilegales-amenazan-las-pesca-en-peru.html\" data-link-track-dtm=\"\" data-mrf-link=\"https:\/\/elpais.com\/america-futura\/2024-01-22\/los-astilleros-ilegales-amenazan-las-pesca-en-peru.html\">pesca<\/a>. De igual forma, en la zona tur\u00edstica de la Plaza Grau, hay 15 embarcaciones que dirigen a turistas hacia la isla San Lorenzo, las cuales tambi\u00e9n han paralizado sus operaciones\u201d, ha informado Dolly Acosta, funcionaria de Sunafil, \u00f3rgano adscrito al Ministerio del Trabajo.<\/p>\n<p class=\"\">Todav\u00eda no hay una estimaci\u00f3n de los da\u00f1os materiales. Pero los sectores m\u00e1s golpeados son los pescadores artesanales y la\u00a0<a href=\"https:\/\/elpais.com\/elviajero\/viajes\/2024-08-01\/un-viaje-a-peru-en-seis-paradas-imprescindibles-ciudades-historicas-maravillas-naturales-y-antiguas-civilizaciones.html\" data-link-track-dtm=\"\" data-mrf-link=\"https:\/\/elpais.com\/elviajero\/viajes\/2024-08-01\/un-viaje-a-peru-en-seis-paradas-imprescindibles-ciudades-historicas-maravillas-naturales-y-antiguas-civilizaciones.html\">industria tur\u00edstica<\/a>\u00a0y hotelera, que a su vez movilizan una red de peque\u00f1as econom\u00edas durante el verano, desde diciembre hasta marzo. Seg\u00fan los especialistas, el pico de este oleaje an\u00f3malo se dar\u00e1 este fin de semana, principalmente este s\u00e1bado 28, por lo que se ha suspendido toda actividad en el litoral, desde deportiva hasta recreativa.<\/p>\n","protected":false},"excerpt":{"rendered":"<p>&nbsp; Olas de hasta cuatro metros remecieron el\u00a0litoral peruano\u00a0este viernes, provocando la angustia de la poblaci\u00f3n. &nbsp; El maretazo, que se inici\u00f3 en las playas&hellip;<\/p>\n","protected":false},"author":99,"featured_media":526680,"comment_status":"open","ping_status":"open","sticky":false,"template":"","format":"standard","meta":{"footnotes":""},"categories":[23],"tags":[],"class_list":["post-526679","post","type-post","status-publish","format-standard","has-post-thumbnail","hentry","category-latinoamerica"],"_links":{"self":[{"href":"https:\/\/diarioelpopular.com\/index.php\/wp-json\/wp\/v2\/posts\/526679","targetHints":{"allow":["GET"]}}],"collection":[{"href":"https:\/\/diarioelpopular.com\/index.php\/wp-json\/wp\/v2\/posts"}],"about":[{"href":"https:\/\/diarioelpopular.com\/index.php\/wp-json\/wp\/v2\/types\/post"}],"author":[{"embeddable":true,"href":"https:\/\/diarioelpopular.com\/index.php\/wp-json\/wp\/v2\/users\/99"}],"replies":[{"embeddable":true,"href":"https:\/\/diarioelpopular.com\/index.php\/wp-json\/wp\/v2\/comments?post=526679"}],"version-history":[{"count":1,"href":"https:\/\/diarioelpopular.com\/index.php\/wp-json\/wp\/v2\/posts\/526679\/revisions"}],"predecessor-version":[{"id":526681,"href":"https:\/\/diarioelpopular.com\/index.php\/wp-json\/wp\/v2\/posts\/526679\/revisions\/526681"}],"wp:featuredmedia":[{"embeddable":true,"href":"https:\/\/diarioelpopular.com\/index.php\/wp-json\/wp\/v2\/media\/526680"}],"wp:attachment":[{"href":"https:\/\/diarioelpopular.com\/index.php\/wp-json\/wp\/v2\/media?parent=526679"}],"wp:term":[{"taxonomy":"category","embeddable":true,"href":"https:\/\/diarioelpopular.com\/index.php\/wp-json\/wp\/v2\/categories?post=526679"},{"taxonomy":"post_tag","embeddable":true,"href":"https:\/\/diarioelpopular.com\/index.php\/wp-json\/wp\/v2\/tags?post=526679"}],"curies":[{"name":"wp","href":"https:\/\/api.w.org\/{rel}","templated":true}]}}