{"id":526683,"date":"2024-12-28T13:31:49","date_gmt":"2024-12-28T17:31:49","guid":{"rendered":"https:\/\/diarioelpopular.com\/?p=526683"},"modified":"2024-12-28T13:31:49","modified_gmt":"2024-12-28T17:31:49","slug":"una-comunidad-mapuche-se-alia-con-cientificos-y-restaura-un-bosque-quemado-en-la-patagonia","status":"publish","type":"post","link":"https:\/\/diarioelpopular.com\/index.php\/2024\/12\/28\/una-comunidad-mapuche-se-alia-con-cientificos-y-restaura-un-bosque-quemado-en-la-patagonia\/","title":{"rendered":"Una comunidad mapuche se al\u00eda con cient\u00edficos y restaura un bosque quemado en la Patagonia"},"content":{"rendered":"<div id=\"attachment_526684\" style=\"width: 1210px\" class=\"wp-caption alignnone\"><img loading=\"lazy\" decoding=\"async\" aria-describedby=\"caption-attachment-526684\" class=\"wp-image-526684 size-custom-big-size\" src=\"https:\/\/diarioelpopular.com\/wp-content\/uploads\/2024\/12\/Screen-Shot-2024-12-28-at-12.30.59-PM-1200x913.png\" alt=\"\" width=\"1200\" height=\"913\" srcset=\"https:\/\/diarioelpopular.com\/wp-content\/uploads\/2024\/12\/Screen-Shot-2024-12-28-at-12.30.59-PM-1200x913.png 1200w, https:\/\/diarioelpopular.com\/wp-content\/uploads\/2024\/12\/Screen-Shot-2024-12-28-at-12.30.59-PM-300x228.png 300w, https:\/\/diarioelpopular.com\/wp-content\/uploads\/2024\/12\/Screen-Shot-2024-12-28-at-12.30.59-PM-768x584.png 768w, https:\/\/diarioelpopular.com\/wp-content\/uploads\/2024\/12\/Screen-Shot-2024-12-28-at-12.30.59-PM-636x484.png 636w, https:\/\/diarioelpopular.com\/wp-content\/uploads\/2024\/12\/Screen-Shot-2024-12-28-at-12.30.59-PM-96x73.png 96w, https:\/\/diarioelpopular.com\/wp-content\/uploads\/2024\/12\/Screen-Shot-2024-12-28-at-12.30.59-PM.png 1024w\" sizes=\"auto, (max-width: 1200px) 100vw, 1200px\" \/><p id=\"caption-attachment-526684\" class=\"wp-caption-text\">Parque Nacional Lan\u00edn, ubicado en la provincia de Neuqu\u00e9n, en la Patagonia argentina. Natalia Furl\u00e1n<\/p><\/div>\n<p>&nbsp;<\/p>\n<h4 class=\"a_st\"><em>&#8211; La comunidad Aigo teji\u00f3 una alianza con bi\u00f3logos y una corporaci\u00f3n estatal para recuperar 1.200 hect\u00e1reas de tierras ancestrales esenciales para su subsistencia<\/em><\/h4>\n<p>&nbsp;<\/p>\n<p class=\"\">La alianza entre una comunidad\u00a0<a href=\"https:\/\/elpais.com\/chile\/2024-12-13\/viktor-naqill-historiador-de-la-lengua-la-revitalizacion-del-mapuzugun-es-sobre-todo-una-cuestion-politica.html\" data-link-track-dtm=\"\" data-mrf-link=\"https:\/\/elpais.com\/chile\/2024-12-13\/viktor-naqill-historiador-de-la-lengua-la-revitalizacion-del-mapuzugun-es-sobre-todo-una-cuestion-politica.html\">mapuche,\u00a0<\/a>una corporaci\u00f3n estatal y un grupo de t\u00e9cnicos y cient\u00edficos ha permitido avanzar en la recuperaci\u00f3n de un bosque ancestral de araucarias, lengas y nires en el Parque Nacional Lan\u00edn, ubicado en la provincia de Neuqu\u00e9n, en la\u00a0<a href=\"https:\/\/elpais.com\/chile\/2024-11-08\/la-metamorfosis-de-la-patagonia-chilena-los-rios-y-glaciares-en-peligro-a-causa-del-cambio-climatico.html\" data-link-track-dtm=\"\" data-mrf-link=\"https:\/\/elpais.com\/chile\/2024-11-08\/la-metamorfosis-de-la-patagonia-chilena-los-rios-y-glaciares-en-peligro-a-causa-del-cambio-climatico.html\">Patagonia<\/a>\u00a0argentina. Los trabajos se llevaron a cabo por etapas en la \u00faltima d\u00e9cada, luego de que un incendio forestal provocado por la acci\u00f3n humana arrasara m\u00e1s de 1.200 hect\u00e1reas entre finales de 2013 e inicios de 2014. Ahora, apuestan al monitoreo del crecimiento de las plantas y a un estudio detallado de la regeneraci\u00f3n natural de las \u00e1reas a partir de un protocolo que se aplicar\u00e1 durante la pr\u00f3xima d\u00e9cada.<\/p>\n<p class=\"\">El devastador incendio ocurri\u00f3 en la zona de Ruca Choroy, cerca de la ciudad de Alumin\u00e9, donde habita la comunidad mapuche Aigo, y consumi\u00f3 no solo miles de ejemplares de especies nativas, sino tambi\u00e9n el ecosistema que le permit\u00eda la subsistencia a los pobladores y garantizaba el acceso a le\u00f1a, forraje y refugio para el ganado. \u201cFue un momento de mucha tristeza. Ver as\u00ed el lugar, el paisaje, c\u00f3mo se quemaba habiendo tantas plantas nativas fue muy triste\u201d, recuerda Franco Colinahuel (27, Ruca Choroy), integrante de la comunidad Aigo, quien en aquel entonces era adolescente y en la actualidad trabaja recorriendo el bosque, un puesto creado especialmente para prevenir posibles incendios.<\/p>\n<p class=\"\">Para las tareas de restauraci\u00f3n del bosque se han construido m\u00e1s de 20 kil\u00f3metros de cercos alambrados y terrazas de contenci\u00f3n que ayudan a prevenir la erosi\u00f3n del suelo, una de las principales amenazas en zonas que fueron afectadas por el fuego. El objetivo no es solo garantizar el crecimiento de los \u00e1rboles que hab\u00edan sido plantados, sino tambi\u00e9n generar las condiciones ambientales para restablecer el ecosistema.<\/p>\n<p class=\"\">Los trabajos se hicieron en conjunto entre la comunidad Aigo, la Corporaci\u00f3n Interestadual Pulmar\u00ed (titular de las tierras que las cede a siete comunidades mapuches que habitan la zona y otorga concesiones al sector privado para desarrollar emprendimientos tur\u00edsticos y otras actividades productivas), la Direcci\u00f3n de Bosques de Neuqu\u00e9n y el Instituto Nacional de Tecnolog\u00eda Agropecuaria (INTA), que se sum\u00f3 en 2022, para evaluar las tareas de restauraci\u00f3n y confeccionar el protocolo. En este, adem\u00e1s de estudiar al detalle el crecimiento de las plantas y de las \u00e1reas que no se quemaron por completo, se estudiar\u00e1 la red de drenaje y el uso humano.<\/p>\n<p class=\"\">Pero la mayor parte de los trabajos ya se han hecho, por etapas, entre 2016 y 2020. La bi\u00f3loga Natalia Furl\u00e1n, t\u00e9cnica del INTA-San Mart\u00edn de los Andes, explica que en ese per\u00edodo se construyeron los cercos y cerramientos con plantaciones de nires, lengas y araucarias, siempre respetando los bosques previos. Para llevar adelante la evaluaci\u00f3n, Furl\u00e1n y los otros miembros del equipo del INTA recorrieron el bosque y marcaron puntos en las zonas quemadas, que visitaron durante dos temporadas de verano, con 22 campa\u00f1as de muestreo en jornadas de entre dos y tres d\u00edas de trabajo. \u201cPudimos diagramar un mapa del estado de la vegetaci\u00f3n, pero adem\u00e1s estudiamos la efectividad de las medidas de restauraci\u00f3n que se llevaron adelante; hubo cosas que se hicieron bien y otras que no\u201d.<\/p>\n<p class=\"\">El incendio que arras\u00f3 1.238 hect\u00e1reas de bosque nativo afect\u00f3 el suelo con distintos grados de severidad. Furl\u00e1n detalla que una zona de pendiente pronunciada con plantaciones de lengas fue de las m\u00e1s da\u00f1adas, no solo por la gravedad, sino por la extensi\u00f3n. Para la bi\u00f3loga, las tareas de evaluaci\u00f3n de la intensidad y severidad son fundamentales. \u201cPrimero se debe hacer un mapeo, trabajar con im\u00e1genes y luego constatar en campo\u201d, remarca.<\/p>\n<p class=\"\">No apurarse a plantar es clave porque hay especies que rebrotan solas, con lo cual esa zona del bosque podr\u00eda tener una recuperaci\u00f3n r\u00e1pida y ser\u00eda una p\u00e9rdida de tiempo y recursos econ\u00f3micos enfocarse all\u00ed. \u201cEl nire tiene m\u00e1s adaptaci\u00f3n al fuego. La lenga, no. Y las araucarias tienen yemas y cortezas gruesas que le dan cierta protecci\u00f3n. Se cierran y, una vez que el incendio pas\u00f3, se abren y pueden seguir creciendo\u201d, precisa Furl\u00e1n, quien resalta que conviene aguardar al menos una temporada antes de iniciar la restauraci\u00f3n. Adem\u00e1s, dice que puede ser conveniente el desarrollo de tareas previas a la plantaci\u00f3n, como la prevenci\u00f3n de la erosi\u00f3n del suelo.<\/p>\n<p>&nbsp;<\/p>\n<figure class=\"a_m a_m-h \">\n<p><div style=\"width: 424px\" class=\"wp-caption alignnone\"><img loading=\"lazy\" decoding=\"async\" class=\"_re lazyload a_m-h\" src=\"https:\/\/imagenes.elpais.com\/resizer\/v2\/MPU6ENW25FCO3NPKOWXXKG4QT4.jpeg?auth=1e431248c59387f4405aac62a8ee180781386b2fafc9ad84c9406693cada109d&amp;width=414\" sizes=\"auto, (min-width:1199px) 1155px,(min-width:1001px) calc(100vw - 44px),(min-width:768px) 767px, 100vw\" srcset=\"https:\/\/imagenes.elpais.com\/resizer\/v2\/MPU6ENW25FCO3NPKOWXXKG4QT4.jpeg?auth=1e431248c59387f4405aac62a8ee180781386b2fafc9ad84c9406693cada109d&amp;width=414 414w,https:\/\/imagenes.elpais.com\/resizer\/v2\/MPU6ENW25FCO3NPKOWXXKG4QT4.jpeg?auth=1e431248c59387f4405aac62a8ee180781386b2fafc9ad84c9406693cada109d&amp;width=828 640w,https:\/\/imagenes.elpais.com\/resizer\/v2\/MPU6ENW25FCO3NPKOWXXKG4QT4.jpeg?auth=1e431248c59387f4405aac62a8ee180781386b2fafc9ad84c9406693cada109d&amp;width=980 1000w,https:\/\/imagenes.elpais.com\/resizer\/v2\/MPU6ENW25FCO3NPKOWXXKG4QT4.jpeg?auth=1e431248c59387f4405aac62a8ee180781386b2fafc9ad84c9406693cada109d&amp;width=1960 1960w\" alt=\"La comunidad Aigo realiz\u00f3 una alianza con bi\u00f3logos y una corporaci\u00f3n estatal para recuperar 1.200 hect\u00e1reas.\" width=\"414\" height=\"311\" \/><p class=\"wp-caption-text\">La comunidad Aigo realiz\u00f3 una alianza con bi\u00f3logos y una corporaci\u00f3n estatal para recuperar 1.200 hect\u00e1reas.Natalia Furl\u00e1n<\/p><\/div><figcaption class=\"a_m_p\"><\/figcaption><\/figure>\n<h3><\/h3>\n<h3 class=\"\">Entre saberes ancestrales y teor\u00eda cient\u00edfica<\/h3>\n<p class=\"\">Furl\u00e1n recuerda que en el equipo ten\u00edan discusiones permanentes sobre las estrategias a aplicar. \u201cLa comunidad necesitaba el territorio para la cosecha de pi\u00f1ones de la araucaria, para el alimento del ganado y abastecerse de le\u00f1a. \u00bfC\u00f3mo se hace para limitar el uso productivo y permitir que el ecosistema se recupere? Es muy dif\u00edcil\u201d, analiza la bi\u00f3loga, resaltando la necesidad de que el proceso de restauraci\u00f3n sea en conjunto con la comunidad. \u201cTiene que intervenir en la toma de decisiones\u201d.<\/p>\n<p class=\"\">Para Fabi\u00e1n Del Prado, gerente general de Pulmar\u00ed, era necesario reducir la carga ganadera de la zona, que limitaba \u2014y en algunos imped\u00eda\u2014 la recuperaci\u00f3n de las plantas. \u201cLa teor\u00eda t\u00e9cnica dice que hay que clausurar y no pueden ingresar animales. Pero la comunidad tiene la necesidad de usar sus campos. No fue sencillo, hubo que hacer acuerdos, cierres perimetrales y sectorizados en las zonas donde el fuego castig\u00f3 m\u00e1s\u201d, resalta.<\/p>\n<p class=\"\">El di\u00e1logo con la comunidad Aigo \u2014la m\u00e1s grande de la zona, con unos 2.000 habitantes\u2014 era clave. \u201cEl conocimiento que tienen es muy importante y no es tan habitual que se las incluya en un proceso as\u00ed\u201d. Su rol fue central, adem\u00e1s, para acompa\u00f1ar las caminatas de las investigadoras del INTA. \u201cNos guiaban, pero tambi\u00e9n informaban a la comisi\u00f3n directiva sobre nuestras tareas. La comunidad deb\u00eda estar al tanto de lo que hici\u00e9ramos y del estado en el que se encontraba el lugar\u201d, cuenta Furl\u00e1n.<\/p>\n<p class=\"\">La recuperaci\u00f3n de las araucarias era fundamental, no solo porque las comunidades mapuches les rinden respeto ancestral, sino tambi\u00e9n porque hacen un uso productivo de su fruto. \u201cEse pi\u00f1\u00f3n nos permite sobrevivir. Podemos hacer negocios con los comerciantes de la zona, as\u00ed que para nosotros es muy importante. Adem\u00e1s, tiene ganchos que se van secando y cuando caen sirven como le\u00f1a, que en invierno es vital\u201d, explica Colinahuel. \u201cHubo una parte de las plantas que cedi\u00f3, otras no. Pero veo buenos resultados\u201d.<\/p>\n<p class=\"\">\u00c9l era adolescente cuando hace una d\u00e9cada el\u00a0<a href=\"https:\/\/elpais.com\/chile\/2024-02-07\/por-que-los-incendios-en-chile-destruyeron-tantas-vidas.html\" data-link-track-dtm=\"\" data-mrf-link=\"https:\/\/elpais.com\/chile\/2024-02-07\/por-que-los-incendios-en-chile-destruyeron-tantas-vidas.html\">incendio<\/a>\u00a0arras\u00f3 el bosque. Unos a\u00f1os despu\u00e9s, se dedic\u00f3 a trabajar en el alambrado que rodea a la zona quemada y luego en la plantaci\u00f3n de lengas y nires. \u201cEn una \u00e9poca plant\u00e1bamos m\u00e1s de mil por d\u00eda\u201d, recuerda. Hoy su trabajo consiste en caminar por distintas zonas para detectar que no haya madera verde cortada y que no se inicien fuegos ni humo en zonas prohibidas, en especial en la temporada alta de turismo. \u201c\u00bfQu\u00e9 mejor que salir al campo a mirar la naturaleza, o ver lugares que estuvieron quemados y donde ahora florecen nires y lengas?\u201d, reflexiona. \u201cLo ideal es permitir la recuperaci\u00f3n, no se deben poner muchos animales. Yo recorro y veo muchas ovejas, chivas y yeguada que comen las plantas que van creciendo\u201d.<\/p>\n<p class=\"\">Del Prado tiene esperanza en que el protocolo elaborado por el INTA permita trabajar de forma m\u00e1s efectiva ante futuros incendios y valora el rol de los integrantes de la comunidad en la prevenci\u00f3n de incendios, en un \u00e1rea de 113.000 hect\u00e1reas que cuenta con 82.000 de bosque nativo. \u201cEs muy propenso a quemarse, en especial en los veranos\u00a0<a href=\"https:\/\/elpais.com\/america-futura\/2024-10-11\/sudamerica-cada-vez-mas-seca-mas-caliente-y-mas-inflamable.html\" data-link-track-dtm=\"\" data-mrf-link=\"https:\/\/elpais.com\/america-futura\/2024-10-11\/sudamerica-cada-vez-mas-seca-mas-caliente-y-mas-inflamable.html\">con sequ\u00edas y mucho calor<\/a>, como los que tuvimos y los que se vienen\u201d, dice con preocupaci\u00f3n.<\/p>\n<p class=\"\">Para Furl\u00e1n, es importante recuperar los bosques quemados porque cumplen una funci\u00f3n esencial para el desarrollo de la vida. \u201cSon los ecosistemas m\u00e1s valiosos, proveen ox\u00edgeno, son fuente de reciclado de la contaminaci\u00f3n, reservorios de carbono y purificadores del aire. Mientras m\u00e1s bosques conservemos, mejor. Son fundamentales para la vida humana, pero tambi\u00e9n para otras especies, desde aves hasta microorganismos. Y adem\u00e1s, las comunidades tienen una coexistencia, una codependencia y una coevoluci\u00f3n. Las culturas tienen convivencia con los bosques\u201d, concluye.<\/p>\n","protected":false},"excerpt":{"rendered":"<p>&nbsp; &#8211; La comunidad Aigo teji\u00f3 una alianza con bi\u00f3logos y una corporaci\u00f3n estatal para recuperar 1.200 hect\u00e1reas de tierras ancestrales esenciales para su subsistencia&hellip;<\/p>\n","protected":false},"author":99,"featured_media":526684,"comment_status":"open","ping_status":"open","sticky":false,"template":"","format":"standard","meta":{"footnotes":""},"categories":[23],"tags":[],"class_list":["post-526683","post","type-post","status-publish","format-standard","has-post-thumbnail","hentry","category-latinoamerica"],"_links":{"self":[{"href":"https:\/\/diarioelpopular.com\/index.php\/wp-json\/wp\/v2\/posts\/526683","targetHints":{"allow":["GET"]}}],"collection":[{"href":"https:\/\/diarioelpopular.com\/index.php\/wp-json\/wp\/v2\/posts"}],"about":[{"href":"https:\/\/diarioelpopular.com\/index.php\/wp-json\/wp\/v2\/types\/post"}],"author":[{"embeddable":true,"href":"https:\/\/diarioelpopular.com\/index.php\/wp-json\/wp\/v2\/users\/99"}],"replies":[{"embeddable":true,"href":"https:\/\/diarioelpopular.com\/index.php\/wp-json\/wp\/v2\/comments?post=526683"}],"version-history":[{"count":1,"href":"https:\/\/diarioelpopular.com\/index.php\/wp-json\/wp\/v2\/posts\/526683\/revisions"}],"predecessor-version":[{"id":526685,"href":"https:\/\/diarioelpopular.com\/index.php\/wp-json\/wp\/v2\/posts\/526683\/revisions\/526685"}],"wp:featuredmedia":[{"embeddable":true,"href":"https:\/\/diarioelpopular.com\/index.php\/wp-json\/wp\/v2\/media\/526684"}],"wp:attachment":[{"href":"https:\/\/diarioelpopular.com\/index.php\/wp-json\/wp\/v2\/media?parent=526683"}],"wp:term":[{"taxonomy":"category","embeddable":true,"href":"https:\/\/diarioelpopular.com\/index.php\/wp-json\/wp\/v2\/categories?post=526683"},{"taxonomy":"post_tag","embeddable":true,"href":"https:\/\/diarioelpopular.com\/index.php\/wp-json\/wp\/v2\/tags?post=526683"}],"curies":[{"name":"wp","href":"https:\/\/api.w.org\/{rel}","templated":true}]}}