{"id":526731,"date":"2024-12-30T11:39:15","date_gmt":"2024-12-30T15:39:15","guid":{"rendered":"https:\/\/diarioelpopular.com\/?p=526731"},"modified":"2024-12-30T11:39:15","modified_gmt":"2024-12-30T15:39:15","slug":"el-ano-que-descubri-que-mexico-es-distinto-al-resto-de-america-latina","status":"publish","type":"post","link":"https:\/\/diarioelpopular.com\/index.php\/2024\/12\/30\/el-ano-que-descubri-que-mexico-es-distinto-al-resto-de-america-latina\/","title":{"rendered":"El a\u00f1o que descubr\u00ed que M\u00e9xico es distinto al resto de Am\u00e9rica Latina"},"content":{"rendered":"<div id=\"attachment_526732\" style=\"width: 646px\" class=\"wp-caption alignnone\"><img loading=\"lazy\" decoding=\"async\" aria-describedby=\"caption-attachment-526732\" class=\"wp-image-526732 size-custom-full-size\" src=\"https:\/\/diarioelpopular.com\/wp-content\/uploads\/2024\/12\/Screen-Shot-2024-12-30-at-10.38.32-AM-636x357.png\" alt=\"\" width=\"636\" height=\"357\" srcset=\"https:\/\/diarioelpopular.com\/wp-content\/uploads\/2024\/12\/Screen-Shot-2024-12-30-at-10.38.32-AM-636x357.png 636w, https:\/\/diarioelpopular.com\/wp-content\/uploads\/2024\/12\/Screen-Shot-2024-12-30-at-10.38.32-AM-300x169.png 300w, https:\/\/diarioelpopular.com\/wp-content\/uploads\/2024\/12\/Screen-Shot-2024-12-30-at-10.38.32-AM-768x432.png 768w, https:\/\/diarioelpopular.com\/wp-content\/uploads\/2024\/12\/Screen-Shot-2024-12-30-at-10.38.32-AM-130x73.png 130w, https:\/\/diarioelpopular.com\/wp-content\/uploads\/2024\/12\/Screen-Shot-2024-12-30-at-10.38.32-AM.png 1024w\" sizes=\"auto, (max-width: 636px) 100vw, 636px\" \/><p id=\"caption-attachment-526732\" class=\"wp-caption-text\">El Z\u00f3calo era, en la ciudad de Tenochtitl\u00e1n, el centro del mundo. Hoy, en la CDMX, sigue siendo visto as\u00ed.<\/p><\/div>\n<p>&nbsp;<\/p>\n<p>&nbsp;<\/p>\n<div class=\"bbc-19j92fr ebmt73l0\" dir=\"ltr\">\n<ul>\n<li class=\"bbc-hhl7in e17g058b0\" dir=\"ltr\"><em><b>Hay cosas que son grandes por su tama\u00f1o, y otras que lo son por su simbolog\u00eda.<\/b><\/em><\/li>\n<\/ul>\n<\/div>\n<div class=\"bbc-19j92fr ebmt73l0\" dir=\"ltr\">\n<p dir=\"ltr\">\n<p class=\"bbc-hhl7in e17g058b0\" dir=\"ltr\">Por Daniel Pardo<\/p>\n<p class=\"bbc-hhl7in e17g058b0\" dir=\"ltr\">El Museo Nacional de Antropolog\u00eda, en Ciudad de M\u00e9xico, es grande en ambos sentidos.<\/p>\n<\/div>\n<div class=\"bbc-19j92fr ebmt73l0\" dir=\"ltr\">\n<p class=\"bbc-hhl7in e17g058b0\" dir=\"ltr\">Y, por eso, la primera vez que fui, m\u00e1s que grandioso, me pareci\u00f3 grandilocuente.<\/p>\n<\/div>\n<div class=\"bbc-19j92fr ebmt73l0\" dir=\"ltr\">\n<p class=\"bbc-hhl7in e17g058b0\" dir=\"ltr\">&#8220;Valor y confianza ante el porvenir hallan los pueblos en la grandeza de su pasado&#8221;, dice un poema del escritor Jaime Mario Torres Bodet tallado en una enorme pared de m\u00e1rmol en la entrada del imponente recinto.<\/p>\n<\/div>\n<div class=\"bbc-19j92fr ebmt73l0\" dir=\"ltr\">\n<p class=\"bbc-hhl7in e17g058b0\" dir=\"ltr\">Y contin\u00faa: &#8220;Mexicano, cont\u00e9mplate en el espejo de esa grandeza. Comprueba aqu\u00ed, extranjero, la unidad del destino humano&#8221;.<\/p>\n<\/div>\n<div class=\"bbc-19j92fr ebmt73l0\" dir=\"ltr\">\n<p class=\"bbc-hhl7in e17g058b0\" dir=\"ltr\">En un principio, la idea de que M\u00e9xico convoca los destinos de la humanidad me son\u00f3 algo vanidosa, algo ensimismada.<\/p>\n<\/div>\n<div class=\"bbc-19j92fr ebmt73l0\" dir=\"ltr\">\n<p class=\"bbc-hhl7in e17g058b0\" dir=\"ltr\">Luego visit\u00e9 el museo por segunda vez. Y tercera, y cuarta. En nueve meses en M\u00e9xico ya son cinco mis visitas a esta galer\u00eda que, en efecto, recoge la historia de una regi\u00f3n, pero sirve como ventana hacia el mundo, hacia el ser humano.<\/p>\n<\/div>\n<div class=\"bbc-19j92fr ebmt73l0\" dir=\"ltr\">\n<p class=\"bbc-hhl7in e17g058b0\" dir=\"ltr\">&#8220;Esta es principalmente la historia de Mesoam\u00e9rica, es verdad&#8221;, me dijo Antonio Saborit, historiador y director del Museo, mientras observ\u00e1bamos la enorme fuente del patio, que relata en una columna de piedra la historia del origen del todo, y la historia de M\u00e9xico.<\/p>\n<\/div>\n<div class=\"bbc-19j92fr ebmt73l0\" dir=\"ltr\">\n<p class=\"bbc-hhl7in e17g058b0\" dir=\"ltr\">&#8220;Pero si t\u00fa te pones a pensar en los paralelos que hay con otras civilizaciones, desde la egipcia hasta la china, encontrar\u00e1s que s\u00ed, que este lugar recoge en realidad la historia de la humanidad&#8221;, agreg\u00f3 Saborit.<\/p>\n<\/div>\n<div class=\"bbc-19j92fr ebmt73l0\" dir=\"ltr\">\n<p class=\"bbc-hhl7in e17g058b0\" dir=\"ltr\">En ese momento entend\u00ed el punto de Torres Bodet: m\u00e1s que un gesto presuntuoso, lo que hay detr\u00e1s de estas palabras es una cosmovisi\u00f3n, una creencia hist\u00f3rica, que los mexicanos tienen de s\u00ed mismos, y que el resto de latinoamericanos tenemos mucho menos.<\/p>\n<\/div>\n<div class=\"bbc-19j92fr ebmt73l0\" dir=\"ltr\">\n<p class=\"bbc-hhl7in e17g058b0\" dir=\"ltr\">Es la idea, presente desde tiempos prehisp\u00e1nicos, de que este es el centro del universo y el origen de las cosas. Algo que en muchos sentidos es, como pens\u00e9 a priori, exagerado. Pero que revela la magnitud \u2014la soberbia en el sentido amplio de la palabra\u2014 de un pa\u00eds que en realidad es una civilizaci\u00f3n y bien podr\u00eda considerarse como un continente.<\/p>\n<\/div>\n<div class=\"bbc-19j92fr ebmt73l0\" dir=\"ltr\">\n<p class=\"bbc-hhl7in e17g058b0\" dir=\"ltr\">Este 2024 fue el a\u00f1o que llegu\u00e9 a M\u00e9xico despu\u00e9s de una d\u00e9cada cubriendo el resto de Am\u00e9rica Latina. Fue el a\u00f1o en que entend\u00ed que este pa\u00eds no es como los otros. Y les voy a contar las principales variables diferenciadoras que encontr\u00e9.<\/p>\n<p dir=\"ltr\">\n<\/div>\n<figure class=\"bbc-1qn0xuy\">\n<div class=\"bbc-18ywsw9\"><img loading=\"lazy\" decoding=\"async\" class=\"bbc-139onq\" src=\"https:\/\/ichef.bbci.co.uk\/ace\/ws\/640\/cpsprodpb\/7dfe\/live\/7cece6a0-c3d7-11ef-ad97-659e59e9cb4c.jpg.webp\" sizes=\"auto, (min-width: 1008px) 760px, 100vw\" srcset=\"https:\/\/ichef.bbci.co.uk\/ace\/ws\/240\/cpsprodpb\/7dfe\/live\/7cece6a0-c3d7-11ef-ad97-659e59e9cb4c.jpg.webp 240w, https:\/\/ichef.bbci.co.uk\/ace\/ws\/320\/cpsprodpb\/7dfe\/live\/7cece6a0-c3d7-11ef-ad97-659e59e9cb4c.jpg.webp 320w, https:\/\/ichef.bbci.co.uk\/ace\/ws\/480\/cpsprodpb\/7dfe\/live\/7cece6a0-c3d7-11ef-ad97-659e59e9cb4c.jpg.webp 480w, https:\/\/ichef.bbci.co.uk\/ace\/ws\/624\/cpsprodpb\/7dfe\/live\/7cece6a0-c3d7-11ef-ad97-659e59e9cb4c.jpg.webp 624w, https:\/\/ichef.bbci.co.uk\/ace\/ws\/800\/cpsprodpb\/7dfe\/live\/7cece6a0-c3d7-11ef-ad97-659e59e9cb4c.jpg.webp 800w\" alt=\"Una mujer con traje pre-hisp\u00e1nico en un desfile por la Madre Tierra en Ciudad de M\u00e9xico.\" width=\"1024\" height=\"576\" \/><\/div>\n<p class=\"bbc-by8ykd\" role=\"text\">\n<\/figure>\n<div class=\"bbc-19j92fr ebmt73l0\" dir=\"ltr\">\n<h2 id=\"El-mejor-pa\u00eds-del-mundo\" class=\"bbc-1lgzob2 eglt09e0\" tabindex=\"-1\">&#8220;El mejor pa\u00eds del mundo&#8221;<\/h2>\n<\/div>\n<div class=\"bbc-19j92fr ebmt73l0\" dir=\"ltr\">\n<p class=\"bbc-hhl7in e17g058b0\" dir=\"ltr\">Adem\u00e1s de visitar el Museo de Antropolog\u00eda, este a\u00f1o cubr\u00ed la llegada al poder de\u00a0Claudia Sheinbaum, una cient\u00edfica, ambientalista y exalcaldesa que se convirti\u00f3 en la primera mujer presidente en la historia.<\/p>\n<\/div>\n<div class=\"bbc-19j92fr ebmt73l0\" dir=\"ltr\">\n<p class=\"bbc-hhl7in e17g058b0\" dir=\"ltr\">Y algo que me sorprendi\u00f3 de sus discursos en campa\u00f1a, y ya como presidente, es que repet\u00eda una frase: &#8220;Este es el mejor pa\u00eds del mundo&#8221;.<\/p>\n<\/div>\n<div class=\"bbc-19j92fr ebmt73l0\" dir=\"ltr\">\n<p class=\"bbc-hhl7in e17g058b0\" dir=\"ltr\">&#8220;Por su cultura, sus tradiciones, sus lugares, su gastronom\u00eda y su gente&#8221;, dec\u00eda la entonces candidata. &#8220;Vamos a seguir haciendo de M\u00e9xico el mejor pa\u00eds del mundo&#8221;, promet\u00eda.<\/p>\n<\/div>\n<div class=\"bbc-19j92fr ebmt73l0\" dir=\"ltr\">\n<p class=\"bbc-hhl7in e17g058b0\" dir=\"ltr\">Y la gente respond\u00eda con aliento.<\/p>\n<\/div>\n<div class=\"bbc-19j92fr ebmt73l0\" dir=\"ltr\">\n<p class=\"bbc-hhl7in e17g058b0\" dir=\"ltr\">Todas las naciones se sienten \u2014quiz\u00e1 lo son\u2014 las mejores en el algo: mi pa\u00eds, Colombia, se entiende a s\u00ed mismo como &#8220;el mejor vividero del mundo&#8221;.<\/p>\n<\/div>\n<div class=\"bbc-19j92fr ebmt73l0\" dir=\"ltr\">\n<p class=\"bbc-hhl7in e17g058b0\" dir=\"ltr\">Pero, con todo y eso, en M\u00e9xico me encuentro superlativos de ese estilo en cada esquina: la ciudad m\u00e1s grande, el metrocable m\u00e1s extenso, la comida m\u00e1s picante. Incluso recientemente hice un reportaje sobre\u00a0<a class=\"focusIndicatorReducedWidth bbc-n8oauk e1p3sufg0\" href=\"https:\/\/www.bbc.com\/mundo\/articles\/cj9030890djo\">&#8220;la ciudad m\u00e1s mexicana&#8221;<\/a>.<\/p>\n<\/div>\n<div class=\"bbc-19j92fr ebmt73l0\" dir=\"ltr\">\n<p class=\"bbc-hhl7in e17g058b0\" dir=\"ltr\">Ac\u00e1 todo es<i class=\"bbc-h1y5j7 eih42320\">\u00a0lo m\u00e1s<\/i>. Y a veces es cierto; a veces no. Lo interesante, m\u00e1s que si son, es la creencia:\u00a0\u00bfqu\u00e9 tiene que pasar en la historia de un pueblo para desarrollar una percepci\u00f3n grandiosa de s\u00ed mismo?<\/p>\n<p dir=\"ltr\">\n<\/div>\n<figure class=\"bbc-1qn0xuy\">\n<div class=\"bbc-18ywsw9\">\n<div style=\"width: 986px\" class=\"wp-caption alignnone\"><img loading=\"lazy\" decoding=\"async\" class=\"bbc-139onq\" src=\"https:\/\/ichef.bbci.co.uk\/ace\/ws\/640\/cpsprodpb\/5fd6\/live\/ba05e4c0-c22d-11ef-a0f2-fd81ae5962f4.jpg.webp\" alt=\"Sheinbaum. e indigenas \" width=\"976\" height=\"549\" \/><p class=\"wp-caption-text\">Fuente de la imagen,Getty Images.\u00a0\u00a0Sheinbaum jur\u00f3 como presidente en una ceremonia que mostr\u00f3 el poder y la vigencia de las culturas prehisp\u00e1nicas en M\u00e9xico.<\/p><\/div>\n<\/div>\n<\/figure>\n<div class=\"bbc-19j92fr ebmt73l0\" dir=\"ltr\">\n<p dir=\"ltr\">\n<p dir=\"ltr\">\n<p class=\"bbc-hhl7in e17g058b0\" dir=\"ltr\">Mucho, creo, tiene que ver con la historia prehisp\u00e1nica de M\u00e9xico, que no solo se reduce al Imperio Azteca, el \u00faltimo, el m\u00e1s grande, el m\u00e1s sangriento, sino que incluye a vastas y complejas civilizaciones como los mayas, los toltecas, los mixtecos, los olmecas, los huastecos y los zapotecas.<\/p>\n<\/div>\n<div class=\"bbc-19j92fr ebmt73l0\" dir=\"ltr\">\n<p class=\"bbc-hhl7in e17g058b0\" dir=\"ltr\">En casi todas estas culturas, de maneras distintas, hab\u00eda una cosmovisi\u00f3n que part\u00eda de sentirse centro del mundo; en t\u00e9rminos culturales y pol\u00edticos, pero sobre todo geogr\u00e1ficos y astrol\u00f3gicos.\u00a0Son las civilizaciones que le dieron al mundo el ma\u00edz, el algod\u00f3n y la domesticaci\u00f3n del perro, entre otras cosas.<\/p>\n<\/div>\n<div class=\"bbc-19j92fr ebmt73l0\" dir=\"ltr\">\n<p class=\"bbc-hhl7in e17g058b0\" dir=\"ltr\">Solo en una regi\u00f3n de Am\u00e9rica hubo una civilizaci\u00f3n tan poderosa \u2014de nuevo, en el sentido amplio de la palabra\u2014 como las mesoamericanas: en donde hoy est\u00e1 Per\u00fa.<\/p>\n<\/div>\n<div class=\"bbc-19j92fr ebmt73l0\" dir=\"ltr\">\n<p class=\"bbc-hhl7in e17g058b0\" dir=\"ltr\">El Imperio Inca, como el Azteca, expandi\u00f3 su gobierno por una diversidad de pueblos que terminaron articulados bajo un mito, una causa: ser el centro del mundo.<\/p>\n<\/div>\n<div class=\"bbc-19j92fr ebmt73l0\" dir=\"ltr\">\n<p class=\"bbc-hhl7in e17g058b0\" dir=\"ltr\">Cusco, como Tenochtitl\u00e1n, se consideraba el origen del todo. Y en Per\u00fa, como en M\u00e9xico, mucho del legado prehisp\u00e1nico pervive: en su gastronom\u00eda, en sus rituales, en sus artesan\u00edas.<\/p>\n<\/div>\n<div class=\"bbc-19j92fr ebmt73l0\" dir=\"ltr\">\n<p class=\"bbc-hhl7in e17g058b0\" dir=\"ltr\">Pero no es com\u00fan, entiendo, que un pol\u00edtico o ciudadano peruano hable de su pa\u00eds como &#8220;el mejor del mundo&#8221;. En M\u00e9xico, en cambio, lo dicen de la presidente para abajo.<\/p>\n<\/div>\n<div class=\"bbc-19j92fr ebmt73l0\" dir=\"ltr\">\n<p class=\"bbc-hhl7in e17g058b0\" dir=\"ltr\">&#8220;En tanto que permanezca el mundo, no acabar\u00e1 la fama y la gloria de M\u00e9xico-Tenochtitlan&#8221;, dice otras de las frases talladas en las parades del Museo de Antropolog\u00eda. Es del historiador ind\u00edgena nahua Chimalpahin en el siglo XVI.<\/p>\n<\/div>\n<div class=\"bbc-19j92fr ebmt73l0\" dir=\"ltr\">\n<p class=\"bbc-hhl7in e17g058b0\" dir=\"ltr\">Mi punto es este: los mexicanos piensan, quiz\u00e1 en una forma m\u00e1s pronunciada que el resto de latinoamericanos, que su naci\u00f3n est\u00e1 hecha para grandes cosas.<\/p>\n<p dir=\"ltr\">\n<\/div>\n<figure class=\"bbc-1qn0xuy\">\n<div class=\"bbc-18ywsw9\">\n<div style=\"width: 986px\" class=\"wp-caption alignnone\"><img loading=\"lazy\" decoding=\"async\" class=\"bbc-139onq\" src=\"https:\/\/ichef.bbci.co.uk\/ace\/ws\/640\/cpsprodpb\/869e\/live\/f546a7e0-c22d-11ef-a0f2-fd81ae5962f4.jpg.webp\" alt=\"Indigenas y campesino en Mexico\" width=\"976\" height=\"549\" \/><p class=\"wp-caption-text\">Fuente de la imagen,Getty Images.\u00a0\u00a0M\u00e9xico ha sido influenciado por cualquier cantidad de culturas, pero sus rituales m\u00e1s ancestrales siguen vigentes.<\/p><\/div>\n<\/div>\n<\/figure>\n<div class=\"bbc-19j92fr ebmt73l0\" dir=\"ltr\">\n<h2 tabindex=\"-1\"><\/h2>\n<h2 id=\"Grande-en-todo-sentido\" class=\"bbc-1lgzob2 eglt09e0\" tabindex=\"-1\">Grande, en todo sentido<\/h2>\n<\/div>\n<div class=\"bbc-19j92fr ebmt73l0\" dir=\"ltr\">\n<p class=\"bbc-hhl7in e17g058b0\" dir=\"ltr\">Y cuando digo\u00a0<i class=\"bbc-h1y5j7 eih42320\">grandes cosas<\/i>\u00a0lo hago, tambi\u00e9n, en t\u00e9rminos literales.<\/p>\n<\/div>\n<div class=\"bbc-19j92fr ebmt73l0\" dir=\"ltr\">\n<p class=\"bbc-hhl7in e17g058b0\" dir=\"ltr\">Porque en M\u00e9xico todo es grande: las porciones de la comida, las pi\u00f1atas, las autopistas, los camiones, las plazas, las puertas, las esculturas. Las cosas ac\u00e1, m\u00e1s que tama\u00f1o, tienen escala mexicana.<\/p>\n<\/div>\n<div class=\"bbc-19j92fr ebmt73l0\" dir=\"ltr\">\n<p class=\"bbc-hhl7in e17g058b0\" dir=\"ltr\">Lo pens\u00e9 el d\u00eda que fui a un supuesto sitio de tapas espa\u00f1olas en el mercado San Juan de CDMX, donde venden pan con jam\u00f3n y queso como en Espa\u00f1a pero en una cantidad, en una torre que no cabe en la boca, que para un espa\u00f1ol ser\u00eda un esc\u00e1ndalo. Ac\u00e1 no: es la manera de hacer las cosas. En grande. Exagerado.<\/p>\n<\/div>\n<div class=\"bbc-19j92fr ebmt73l0\" dir=\"ltr\">\n<p class=\"bbc-hhl7in e17g058b0\" dir=\"ltr\">Tanto como una torta ahogada, una banda de corridos tumbados, una cerveza michelada con goma, tamarindo y chile.<\/p>\n<\/div>\n<div class=\"bbc-19j92fr ebmt73l0\" dir=\"ltr\">\n<p class=\"bbc-hhl7in e17g058b0\" dir=\"ltr\">Que son cosas heredadas de otras culturas, pero llevadas a escala mexicana. Pensadas\u00a0<i class=\"bbc-h1y5j7 eih42320\">en grande<\/i>, en todo el sentido de la palabra.<\/p>\n<\/div>\n<div class=\"bbc-19j92fr ebmt73l0\" dir=\"ltr\">\n<p class=\"bbc-hhl7in e17g058b0\" dir=\"ltr\">O como lo dijo el escritor Carlos Padilla en un reciente reportaje sobre el paste, una empanada mexicana tra\u00edda de Inglaterra: &#8220;El paste es una gran muestra de lo que hacemos en M\u00e9xico: todo lo que nos llega, lo mejoramos, especialmente con la comida&#8221;.<\/p>\n<p dir=\"ltr\">\n<\/div>\n<figure class=\"bbc-1qn0xuy\">\n<div class=\"bbc-18ywsw9\">\n<div style=\"width: 986px\" class=\"wp-caption alignnone\"><img loading=\"lazy\" decoding=\"async\" class=\"bbc-139onq\" src=\"https:\/\/ichef.bbci.co.uk\/ace\/ws\/640\/cpsprodpb\/44fa\/live\/5004a2e0-c22e-11ef-a0f2-fd81ae5962f4.jpg.webp\" alt=\"Torta ahogada\" width=\"976\" height=\"549\" \/><p class=\"wp-caption-text\">Fuente de la imagen,Getty Images.\u00a0\u00a0La torta ahogada es apenas uno de los ejemplos culinarios que se nos ocurren para ilustrar la magnitud de las cosas en M\u00e9xico.<\/p><\/div>\n<\/div>\n<\/figure>\n<div class=\"bbc-19j92fr ebmt73l0\" dir=\"ltr\">\n<h2 tabindex=\"-1\"><\/h2>\n<h2 id=\"Vecinos-del-centro-del-mundo\" class=\"bbc-1lgzob2 eglt09e0\" tabindex=\"-1\">Vecinos del centro del mundo<\/h2>\n<\/div>\n<div class=\"bbc-19j92fr ebmt73l0\" dir=\"ltr\">\n<p class=\"bbc-hhl7in e17g058b0\" dir=\"ltr\">En t\u00e9rminos de magnitudes, pues, el \u00fanico pa\u00eds de la regi\u00f3n comparable con M\u00e9xico es Brasil \u2014que, de nuevo, bien podr\u00eda considerarse un continente. Pero con dos diferencias.<\/p>\n<\/div>\n<div class=\"bbc-19j92fr ebmt73l0\" dir=\"ltr\">\n<p class=\"bbc-hhl7in e17g058b0\" dir=\"ltr\">M\u00e9xico, primero, es frontera con la primera potencia del mundo durante el siglo XX y lo que llevamos del XXI, una vecindad que marca su econom\u00eda, su cultura, su pol\u00edtica y, bueno, el tama\u00f1o de las porciones de la comida, porque en Estados Unidos las tienen iguales.<\/p>\n<\/div>\n<div class=\"bbc-19j92fr ebmt73l0\" dir=\"ltr\">\n<p class=\"bbc-hhl7in e17g058b0\" dir=\"ltr\">Hay algo de\u00a0pertenecer a Norteam\u00e9rica que hace de M\u00e9xico algo distinto a los dem\u00e1s latinoamericanos.<\/p>\n<\/div>\n<div class=\"bbc-19j92fr ebmt73l0\" dir=\"ltr\">\n<p class=\"bbc-hhl7in e17g058b0\" dir=\"ltr\">No es solo que mitad de Hollywood vive ac\u00e1, y que medio Hollywood depende de la mano de obra mexicana, sino, tambi\u00e9n, que en M\u00e9xico se firman tratados de libre comercio de impacto global, que de repente el pa\u00eds es un punto clave de la globalizaci\u00f3n, que gente de todo el mundo pasa por ac\u00e1 queriendo migrar al norte, que este ha sido centro del mundo \u2014ah\u00ed s\u00ed\u2014 para importantes movimientos literarios, feministas, arquitect\u00f3nicos.<\/p>\n<p dir=\"ltr\">\n<\/div>\n<figure class=\"bbc-1qn0xuy\">\n<div class=\"bbc-18ywsw9\">\n<div style=\"width: 986px\" class=\"wp-caption alignnone\"><img loading=\"lazy\" decoding=\"async\" class=\"bbc-139onq\" src=\"https:\/\/ichef.bbci.co.uk\/ace\/ws\/640\/cpsprodpb\/627f\/live\/8ae25e70-c22e-11ef-a0f2-fd81ae5962f4.jpg.webp\" alt=\"M\u00e9xico y sus autopistas\" width=\"976\" height=\"549\" \/><p class=\"wp-caption-text\">Fuente de la imagen,Getty Images.\u00a0\u00a0A pesar de la adversidad topogr\u00e1fica, M\u00e9xico es un pa\u00eds articulado a trav\u00e9s de grandes, peque\u00f1as y medianas v\u00edas por todo el pa\u00eds.<\/p><\/div>\n<\/div>\n<\/figure>\n<div class=\"bbc-19j92fr ebmt73l0\" dir=\"ltr\">\n<h2 tabindex=\"-1\"><\/h2>\n<h2 id=\"El-punto-de-inflexi\u00f3n\" class=\"bbc-1lgzob2 eglt09e0\" tabindex=\"-1\">El punto de inflexi\u00f3n<\/h2>\n<\/div>\n<div class=\"bbc-19j92fr ebmt73l0\" dir=\"ltr\">\n<p class=\"bbc-hhl7in e17g058b0\" dir=\"ltr\">Y esa vecindad con Estados Unidos no es lo \u00fanico que diferencia a M\u00e9xico de Brasil, y del resto de la regi\u00f3n: tambi\u00e9n es su Revoluci\u00f3n, con R may\u00fascula.<\/p>\n<\/div>\n<div class=\"bbc-19j92fr ebmt73l0\" dir=\"ltr\">\n<p class=\"bbc-hhl7in e17g058b0\" dir=\"ltr\">A principios del siglo XX, cuando la mayor\u00eda de la regi\u00f3n a\u00fan estaba gobernada por \u00e9lites aristocr\u00e1ticas heredadas de la Colonia, M\u00e9xico vivi\u00f3 una revuelta popular que le marc\u00f3 hasta hoy.<\/p>\n<\/div>\n<div class=\"bbc-19j92fr ebmt73l0\" dir=\"ltr\">\n<p class=\"bbc-hhl7in e17g058b0\" dir=\"ltr\">Este fue el primer pa\u00eds de Am\u00e9rica Latina en hacer una reforma agraria, en garantizar derechos de los trabajadores, en desarrollar un sistema nacional de educaci\u00f3n p\u00fablica, en institucionalizar una noci\u00f3n sobre lo p\u00fablico, en priorizar la inversi\u00f3n en cultura y educaci\u00f3n y en consolidar una narrativa pol\u00edtica y cultural sobre el contenido de la naci\u00f3n.<\/p>\n<\/div>\n<div class=\"bbc-19j92fr ebmt73l0\" dir=\"ltr\">\n<p class=\"bbc-hhl7in e17g058b0\" dir=\"ltr\">Eso marc\u00f3 a toda la regi\u00f3n:\u00a0desde el peronismo argentino hasta la revoluci\u00f3n cubana pasando por el movimiento de identidad mestiza de Getulio Vergas en Brasil; es dif\u00edcil pensar en un movimiento popular en Am\u00e9rica Latina que no se inspirara en el caso mexicano.<\/p>\n<\/div>\n<div class=\"bbc-19j92fr ebmt73l0\" dir=\"ltr\">\n<p class=\"bbc-hhl7in e17g058b0\" dir=\"ltr\">Que consiguieran sus consignas es otra cosa. Que tuvieran raz\u00f3n, otra. Que en M\u00e9xico los principios democr\u00e1ticos de la Revoluci\u00f3n se hayan revertido por la corrupci\u00f3n y la violencia, otra.<\/p>\n<p dir=\"ltr\">\n<\/div>\n<figure class=\"bbc-1qn0xuy\">\n<div class=\"bbc-18ywsw9\">\n<div style=\"width: 986px\" class=\"wp-caption alignnone\"><img loading=\"lazy\" decoding=\"async\" class=\"bbc-139onq\" src=\"https:\/\/ichef.bbci.co.uk\/ace\/ws\/640\/cpsprodpb\/f3c2\/live\/d7c5e6d0-c22e-11ef-a0f2-fd81ae5962f4.jpg.webp\" alt=\"El patio central del Museo de Antropolog\u00eda\" width=\"976\" height=\"549\" \/><p class=\"wp-caption-text\">Fuente de la imagen,Getty Images.\u00a0\u00a0El patio central del Museo de Antropolog\u00eda, basado en principios arquitect\u00f3nicos y astron\u00f3micos mayas. Grande, en todo sentido.<\/p><\/div>\n<\/div>\n<\/figure>\n<div class=\"bbc-19j92fr ebmt73l0\" dir=\"ltr\">\n<p dir=\"ltr\">\n<p dir=\"ltr\">\n<p class=\"bbc-hhl7in e17g058b0\" dir=\"ltr\">Pero esa sensaci\u00f3n, ese antecedente, de que el pueblo lleg\u00f3 al poder para gobernar en su favor, de que en alg\u00fan momento se reivindicaron sus luchas e identidades, es algo que en M\u00e9xico ocurri\u00f3 de primeras.<\/p>\n<\/div>\n<div class=\"bbc-19j92fr ebmt73l0\" dir=\"ltr\">\n<p class=\"bbc-hhl7in e17g058b0\" dir=\"ltr\">Y algo que ac\u00e1 est\u00e1 m\u00e1s vigente que en cualquier lado: Sheinbaum y su movimiento, por ejemplo, se ven a s\u00ed mismos como una &#8220;transformaci\u00f3n&#8221; tan profunda \u2014y en la misma l\u00ednea\u2014 que la Revoluci\u00f3n.<\/p>\n<\/div>\n<div class=\"bbc-19j92fr ebmt73l0\" dir=\"ltr\">\n<p class=\"bbc-hhl7in e17g058b0\" dir=\"ltr\">Tal vez toda esta reflexi\u00f3n se reduce a mi nada pionero descubrimiento de que\u00a0M\u00e9xico, como todos los pa\u00edses, se ve distinto de fuera que de dentro.<\/p>\n<\/div>\n<div class=\"bbc-19j92fr ebmt73l0\" dir=\"ltr\">\n<p class=\"bbc-hhl7in e17g058b0\" dir=\"ltr\">Otra cosa que descubr\u00ed, para darles otro ejemplo, es que el Chavo del 8 ac\u00e1 es visto con recelo, mientras que en el resto la regi\u00f3n es objeto de culto.<\/p>\n<\/div>\n<div class=\"bbc-19j92fr ebmt73l0\" dir=\"ltr\">\n<p class=\"bbc-hhl7in e17g058b0\" dir=\"ltr\">Hay cosas, por supuesto, en las que M\u00e9xico s\u00ed es igual al resto: el idioma, la religi\u00f3n, la desigualdad, la violencia, el machismo.<\/p>\n<\/div>\n<div class=\"bbc-19j92fr ebmt73l0\" dir=\"ltr\">\n<p class=\"bbc-hhl7in e17g058b0\" dir=\"ltr\">No digo que no sea Am\u00e9rica Latina, ni que sea el mejor pa\u00eds del mundo: solo digo que M\u00e9xico es distinto.<\/p>\n<\/div>\n","protected":false},"excerpt":{"rendered":"<p>&nbsp; &nbsp; Hay cosas que son grandes por su tama\u00f1o, y otras que lo son por su simbolog\u00eda. Por Daniel Pardo El Museo Nacional de&hellip;<\/p>\n","protected":false},"author":99,"featured_media":526732,"comment_status":"open","ping_status":"open","sticky":false,"template":"","format":"standard","meta":{"footnotes":""},"categories":[23],"tags":[],"class_list":["post-526731","post","type-post","status-publish","format-standard","has-post-thumbnail","hentry","category-latinoamerica"],"_links":{"self":[{"href":"https:\/\/diarioelpopular.com\/index.php\/wp-json\/wp\/v2\/posts\/526731","targetHints":{"allow":["GET"]}}],"collection":[{"href":"https:\/\/diarioelpopular.com\/index.php\/wp-json\/wp\/v2\/posts"}],"about":[{"href":"https:\/\/diarioelpopular.com\/index.php\/wp-json\/wp\/v2\/types\/post"}],"author":[{"embeddable":true,"href":"https:\/\/diarioelpopular.com\/index.php\/wp-json\/wp\/v2\/users\/99"}],"replies":[{"embeddable":true,"href":"https:\/\/diarioelpopular.com\/index.php\/wp-json\/wp\/v2\/comments?post=526731"}],"version-history":[{"count":1,"href":"https:\/\/diarioelpopular.com\/index.php\/wp-json\/wp\/v2\/posts\/526731\/revisions"}],"predecessor-version":[{"id":526733,"href":"https:\/\/diarioelpopular.com\/index.php\/wp-json\/wp\/v2\/posts\/526731\/revisions\/526733"}],"wp:featuredmedia":[{"embeddable":true,"href":"https:\/\/diarioelpopular.com\/index.php\/wp-json\/wp\/v2\/media\/526732"}],"wp:attachment":[{"href":"https:\/\/diarioelpopular.com\/index.php\/wp-json\/wp\/v2\/media?parent=526731"}],"wp:term":[{"taxonomy":"category","embeddable":true,"href":"https:\/\/diarioelpopular.com\/index.php\/wp-json\/wp\/v2\/categories?post=526731"},{"taxonomy":"post_tag","embeddable":true,"href":"https:\/\/diarioelpopular.com\/index.php\/wp-json\/wp\/v2\/tags?post=526731"}],"curies":[{"name":"wp","href":"https:\/\/api.w.org\/{rel}","templated":true}]}}