{"id":526735,"date":"2024-12-30T12:15:00","date_gmt":"2024-12-30T16:15:00","guid":{"rendered":"https:\/\/diarioelpopular.com\/?p=526735"},"modified":"2024-12-30T12:15:00","modified_gmt":"2024-12-30T16:15:00","slug":"23-personalidades-que-murieron-en-2024","status":"publish","type":"post","link":"https:\/\/diarioelpopular.com\/index.php\/2024\/12\/30\/23-personalidades-que-murieron-en-2024\/","title":{"rendered":"23 personalidades que murieron en 2024"},"content":{"rendered":"<p><img loading=\"lazy\" decoding=\"async\" class=\"alignnone size-custom-full-size wp-image-526736\" src=\"https:\/\/diarioelpopular.com\/wp-content\/uploads\/2024\/12\/Screen-Shot-2024-12-30-at-11.14.23-AM-636x359.png\" alt=\"\" width=\"636\" height=\"359\" srcset=\"https:\/\/diarioelpopular.com\/wp-content\/uploads\/2024\/12\/Screen-Shot-2024-12-30-at-11.14.23-AM-636x359.png 636w, https:\/\/diarioelpopular.com\/wp-content\/uploads\/2024\/12\/Screen-Shot-2024-12-30-at-11.14.23-AM-300x169.png 300w, https:\/\/diarioelpopular.com\/wp-content\/uploads\/2024\/12\/Screen-Shot-2024-12-30-at-11.14.23-AM-768x434.png 768w, https:\/\/diarioelpopular.com\/wp-content\/uploads\/2024\/12\/Screen-Shot-2024-12-30-at-11.14.23-AM-129x73.png 129w, https:\/\/diarioelpopular.com\/wp-content\/uploads\/2024\/12\/Screen-Shot-2024-12-30-at-11.14.23-AM.png 1024w\" sizes=\"auto, (max-width: 636px) 100vw, 636px\" \/><\/p>\n<p>&nbsp;<\/p>\n<div class=\"bbc-19j92fr ebmt73l0\" dir=\"ltr\">\n<ul>\n<li class=\"bbc-hhl7in e17g058b0\" dir=\"ltr\"><em><b>Desde celebridades del cine hasta l\u00edderes pol\u00edticos, pasando por \u00eddolos de la m\u00fasica y del deporte; 2024 vio partir a muchos famosos de Am\u00e9rica Latina y el mundo que dejaron una huella.<\/b><\/em><\/li>\n<\/ul>\n<\/div>\n<div class=\"bbc-19j92fr ebmt73l0\" dir=\"ltr\">\n<p dir=\"ltr\">\n<p class=\"bbc-hhl7in e17g058b0\" dir=\"ltr\">Se ha recopilado una lista de algunos de estos personajes que murieron en este a\u00f1o que termina, que incluye tambi\u00e9n a cient\u00edficos y escritores, y a una mujer ecuatoriana que cambi\u00f3 la historia legal de su pa\u00eds.<\/p>\n<\/div>\n<figure class=\"bbc-1qn0xuy\">\n<div class=\"bbc-18ywsw9\"><img loading=\"lazy\" decoding=\"async\" class=\"bbc-139onq\" src=\"https:\/\/ichef.bbci.co.uk\/ace\/ws\/640\/cpsprodpb\/17e2\/live\/0337a6e0-c5eb-11ef-a0f2-fd81ae5962f4.png.webp\" sizes=\"auto, (min-width: 1008px) 760px, 100vw\" srcset=\"https:\/\/ichef.bbci.co.uk\/ace\/ws\/240\/cpsprodpb\/17e2\/live\/0337a6e0-c5eb-11ef-a0f2-fd81ae5962f4.png.webp 240w, https:\/\/ichef.bbci.co.uk\/ace\/ws\/320\/cpsprodpb\/17e2\/live\/0337a6e0-c5eb-11ef-a0f2-fd81ae5962f4.png.webp 320w, https:\/\/ichef.bbci.co.uk\/ace\/ws\/480\/cpsprodpb\/17e2\/live\/0337a6e0-c5eb-11ef-a0f2-fd81ae5962f4.png.webp 480w, https:\/\/ichef.bbci.co.uk\/ace\/ws\/624\/cpsprodpb\/17e2\/live\/0337a6e0-c5eb-11ef-a0f2-fd81ae5962f4.png.webp 624w, https:\/\/ichef.bbci.co.uk\/ace\/ws\/800\/cpsprodpb\/17e2\/live\/0337a6e0-c5eb-11ef-a0f2-fd81ae5962f4.png.webp 800w\" alt=\"l\u00ednea gris\" width=\"800\" height=\"100\" \/><\/div>\n<\/figure>\n<div class=\"bbc-19j92fr ebmt73l0\" dir=\"ltr\">\n<h2 id=\"1-David-Soul\" class=\"bbc-1lgzob2 eglt09e0\" tabindex=\"-1\">1. David Soul<\/h2>\n<\/div>\n<div class=\"bbc-19j92fr ebmt73l0\" dir=\"ltr\">\n<p class=\"bbc-hhl7in e17g058b0\" dir=\"ltr\"><i class=\"bbc-h1y5j7 eih42320\"><b>4 de enero, 80 a\u00f1os<\/b><\/i><\/p>\n<\/div>\n<figure class=\"bbc-1qn0xuy\">\n<div class=\"bbc-18ywsw9\">\n<div style=\"width: 1034px\" class=\"wp-caption alignnone\"><img loading=\"lazy\" decoding=\"async\" class=\"bbc-139onq\" src=\"https:\/\/ichef.bbci.co.uk\/ace\/ws\/640\/cpsprodpb\/8bfc\/live\/9763f0e0-c699-11ef-aff0-072ce821b6ab.jpg.webp\" alt=\"David Soul\" width=\"1024\" height=\"706\" \/><p class=\"wp-caption-text\">Fuente de la imagen,Getty Images.\u00a0\u00a0Naci\u00f3 en Chicago el 28 de agosto de 1943.<\/p><\/div>\n<\/div>\n<\/figure>\n<div class=\"bbc-19j92fr ebmt73l0\" dir=\"ltr\">\n<p dir=\"ltr\">\n<p dir=\"ltr\">\n<p class=\"bbc-hhl7in e17g058b0\" dir=\"ltr\">El actor estadounidense se convirti\u00f3 en una de las mayores estrellas de la televisi\u00f3n de los a\u00f1os 70 con su papel de Ken &#8220;Hutch&#8221; Hutchinson, uno de los dos integrantes del d\u00fao de polic\u00edas &#8220;<i class=\"bbc-h1y5j7 eih42320\">Starsky &amp; Hutch&#8221;.<\/i><\/p>\n<\/div>\n<section class=\"bbc-geybui\" role=\"region\" aria-label=\"Publicidad 2\" aria-hidden=\"true\" data-e2e=\"advertisement\">\n<div id=\"dotcom-mpu\" class=\"dotcom-ad active\" aria-hidden=\"true\">\n<div class=\"dotcom-ad-inner\"><\/div>\n<\/div>\n<\/section>\n<div class=\"bbc-19j92fr ebmt73l0\" dir=\"ltr\">\n<p class=\"bbc-hhl7in e17g058b0\" dir=\"ltr\">Su fama lo llev\u00f3 a una carrera musical paralela con dos \u00e9xitos inolvidables; &#8220;<i class=\"bbc-h1y5j7 eih42320\">Don&#8217;t Give Up On Us Baby&#8221;<\/i>\u00a0y &#8220;<i class=\"bbc-h1y5j7 eih42320\">Silver Lady&#8221;<\/i>. M\u00e1s tarde se traslad\u00f3 al Reino Unido, donde actu\u00f3 en teatro y televisi\u00f3n.<\/p>\n<\/div>\n<div class=\"bbc-19j92fr ebmt73l0\" dir=\"ltr\">\n<h2 id=\"2-Sebasti\u00e1n-Pi\u00f1era\" class=\"bbc-1lgzob2 eglt09e0\" tabindex=\"-1\">2. Sebasti\u00e1n Pi\u00f1era<\/h2>\n<\/div>\n<div class=\"bbc-19j92fr ebmt73l0\" dir=\"ltr\">\n<p class=\"bbc-hhl7in e17g058b0\" dir=\"ltr\"><i class=\"bbc-h1y5j7 eih42320\"><b>6 de febrero, 74 a\u00f1os<\/b><\/i><\/p>\n<\/div>\n<figure class=\"bbc-1qn0xuy\">\n<div class=\"bbc-18ywsw9\">\n<div style=\"width: 1034px\" class=\"wp-caption alignnone\"><img loading=\"lazy\" decoding=\"async\" class=\"bbc-139onq\" src=\"https:\/\/ichef.bbci.co.uk\/ace\/ws\/640\/cpsprodpb\/2f48\/live\/75f63c40-c5ec-11ef-a2ca-e99d0c9a24e3.jpg.webp\" alt=\"Sebasti\u00e1n Pi\u00f1era\" width=\"1024\" height=\"712\" \/><p class=\"wp-caption-text\">Fuente de la imagen,Getty Images.\u00a0\u00a0El exmandatario chileno gobern\u00f3 el pa\u00eds latinoamericano por dos periodos.<\/p><\/div>\n<p class=\"bbc-by8ykd\" role=\"text\">\n<\/div>\n<\/figure>\n<div class=\"bbc-19j92fr ebmt73l0\" dir=\"ltr\">\n<p dir=\"ltr\">\n<p class=\"bbc-hhl7in e17g058b0\" dir=\"ltr\">El dos veces presidente de Chile falleci\u00f3 en un tr\u00e1gico accidente a inicios de 2024. El exmandatario piloteaba su helic\u00f3ptero en el Lago Ranco, al sur de ese pa\u00eds, cuando perdi\u00f3 el control de la aeronave, la que cay\u00f3 al agua y se sumergi\u00f3 hasta 28 metros de profundidad.<\/p>\n<\/div>\n<div class=\"bbc-19j92fr ebmt73l0\" dir=\"ltr\">\n<p class=\"bbc-hhl7in e17g058b0\" dir=\"ltr\">El dirigente de derecha -que gobern\u00f3 en los periodos 2010-2014 y 2018-2022-, muri\u00f3 de asfixia por sumersi\u00f3n, mientras que sus acompa\u00f1antes, entre ellos su hermana Magdalena, sobrevivieron.<\/p>\n<\/div>\n<div class=\"bbc-19j92fr ebmt73l0\" dir=\"ltr\">\n<p class=\"bbc-hhl7in e17g058b0\" dir=\"ltr\">El presidente Gabriel Boric declar\u00f3 duelo nacional y ofreci\u00f3 un funeral de Estado en su nombre.<\/p>\n<\/div>\n<div class=\"bbc-19j92fr ebmt73l0\" dir=\"ltr\">\n<h2 id=\"3-Alexei-Navalny\" class=\"bbc-1lgzob2 eglt09e0\" tabindex=\"-1\">3. Alexei Navalny<\/h2>\n<\/div>\n<div class=\"bbc-19j92fr ebmt73l0\" dir=\"ltr\">\n<p class=\"bbc-hhl7in e17g058b0\" dir=\"ltr\"><i class=\"bbc-h1y5j7 eih42320\"><b>16 de febrero, 47 a\u00f1os<\/b><\/i><\/p>\n<\/div>\n<figure class=\"bbc-1qn0xuy\">\n<div class=\"bbc-18ywsw9\">\n<div style=\"width: 1034px\" class=\"wp-caption alignnone\"><img loading=\"lazy\" decoding=\"async\" class=\"bbc-139onq\" src=\"https:\/\/ichef.bbci.co.uk\/ace\/ws\/640\/cpsprodpb\/505b\/live\/92dbc760-c5ee-11ef-a2ca-e99d0c9a24e3.jpg.webp\" alt=\"Alexei Navalny\" width=\"1024\" height=\"730\" \/><p class=\"wp-caption-text\">Fuente de la imagen,Getty Images.\u00a0\u00a0Fue uno de los opositores m\u00e1s prominentes de Vladimir Putin.<\/p><\/div>\n<\/div>\n<\/figure>\n<div class=\"bbc-19j92fr ebmt73l0\" dir=\"ltr\">\n<p dir=\"ltr\">\n<p dir=\"ltr\">\n<p class=\"bbc-hhl7in e17g058b0\" dir=\"ltr\">Uno de los pol\u00edticos opositores m\u00e1s destacado de Rusia hizo una campa\u00f1a implacable contra el presidente Vladimir Putin, acus\u00e1ndolo de dirigir un Estado corrupto y &#8220;feudal&#8221;.<\/p>\n<\/div>\n<div class=\"bbc-19j92fr ebmt73l0\" dir=\"ltr\">\n<p class=\"bbc-hhl7in e17g058b0\" dir=\"ltr\">Tras sobrevivir a repetidos intentos de envenenamiento, muri\u00f3 a inicios de este a\u00f1o en circunstancias poco claras en una prisi\u00f3n rusa.<\/p>\n<\/div>\n<div class=\"bbc-19j92fr ebmt73l0\" dir=\"ltr\">\n<p class=\"bbc-hhl7in e17g058b0\" dir=\"ltr\">Ah\u00ed, cumpl\u00eda una condena de 19 a\u00f1os por cargos de extremismo que \u00e9l siempre atribuy\u00f3 una persecusi\u00f3n pol\u00edtica.<\/p>\n<\/div>\n<div class=\"bbc-19j92fr ebmt73l0\" dir=\"ltr\">\n<h2 id=\"4-Paola-Rold\u00e1n\" class=\"bbc-1lgzob2 eglt09e0\" tabindex=\"-1\">4. Paola Rold\u00e1n<\/h2>\n<\/div>\n<div class=\"bbc-19j92fr ebmt73l0\" dir=\"ltr\">\n<p class=\"bbc-hhl7in e17g058b0\" dir=\"ltr\"><i class=\"bbc-h1y5j7 eih42320\"><b>11 de marzo, 42 a\u00f1os<\/b><\/i><\/p>\n<\/div>\n<figure class=\"bbc-1qn0xuy\">\n<div class=\"bbc-18ywsw9\">\n<div style=\"width: 1527px\" class=\"wp-caption alignnone\"><img loading=\"lazy\" decoding=\"async\" class=\"bbc-139onq\" src=\"https:\/\/ichef.bbci.co.uk\/ace\/ws\/640\/cpsprodpb\/b3cb\/live\/90157210-c607-11ef-aff0-072ce821b6ab.png.webp\" alt=\"Instagram de Paola Rold\u00e1n\" width=\"1517\" height=\"1201\" \/><p class=\"wp-caption-text\">Fuente de la imagen,Instagram Paola Rold\u00e1n.\u00a0\u00a0La ecuatoriana padec\u00eda esclerosis lateral amiotr\u00f3fica (ELA).<\/p><\/div>\n<p class=\"bbc-by8ykd\" role=\"text\">\n<\/div>\n<\/figure>\n<div class=\"bbc-19j92fr ebmt73l0\" dir=\"ltr\">\n<p dir=\"ltr\">\n<p class=\"bbc-hhl7in e17g058b0\" dir=\"ltr\">Despu\u00e9s de padecer una larga y dolorosa enfermedad, esta mujer ecuatoriana falleci\u00f3 debido a complicaciones en su estado de salud, tras librar una batalla legal que permiti\u00f3 la despenalizaci\u00f3n de la eutanasia en Ecuador.<\/p>\n<\/div>\n<div class=\"bbc-19j92fr ebmt73l0\" dir=\"ltr\">\n<p class=\"bbc-hhl7in e17g058b0\" dir=\"ltr\">La mujer, que sensibiliz\u00f3 al pa\u00eds sobre el derecho a la muerte digna, viv\u00eda acostada y conectada a un respirador.<\/p>\n<\/div>\n<div class=\"bbc-19j92fr ebmt73l0\" dir=\"ltr\">\n<p class=\"bbc-hhl7in e17g058b0\" dir=\"ltr\">No pod\u00eda moverse debido a una rara enfermedad degenerativa llamada esclerosis lateral amiotr\u00f3fica (ELA), que se produce cuando las neuronas se desgastan o mueren y no pueden enviar mensajes a los m\u00fasculos.<\/p>\n<\/div>\n<div class=\"bbc-19j92fr ebmt73l0\" dir=\"ltr\">\n<h2 id=\"5-Peter-Higgs\" class=\"bbc-1lgzob2 eglt09e0\" tabindex=\"-1\">5. Peter Higgs<\/h2>\n<\/div>\n<div class=\"bbc-19j92fr ebmt73l0\" dir=\"ltr\">\n<p class=\"bbc-hhl7in e17g058b0\" dir=\"ltr\"><i class=\"bbc-h1y5j7 eih42320\"><b>8 de abril, 94 a\u00f1os<\/b><\/i><\/p>\n<\/div>\n<figure class=\"bbc-1qn0xuy\">\n<div class=\"bbc-18ywsw9\">\n<div style=\"width: 1034px\" class=\"wp-caption alignnone\"><img loading=\"lazy\" decoding=\"async\" class=\"bbc-139onq\" src=\"https:\/\/ichef.bbci.co.uk\/ace\/ws\/640\/cpsprodpb\/396e\/live\/075843f0-c5f1-11ef-a2ca-e99d0c9a24e3.jpg.webp\" alt=\"Peter Higss\" width=\"1024\" height=\"677\" \/><p class=\"wp-caption-text\">Fuente de la imagen,Getty Images.\u00a0\u00a0El f\u00edsico brit\u00e1nico contribuy\u00f3 con una de las teor\u00edas m\u00e1s revolucionarias de la f\u00edsica.<\/p><\/div>\n<p class=\"bbc-by8ykd\" role=\"text\">\n<\/div>\n<\/figure>\n<div class=\"bbc-19j92fr ebmt73l0\" dir=\"ltr\">\n<p class=\"bbc-hhl7in e17g058b0\" dir=\"ltr\">&#8220;A veces es muy agradable tener raz\u00f3n&#8221;.<\/p>\n<\/div>\n<div class=\"bbc-19j92fr ebmt73l0\" dir=\"ltr\">\n<p class=\"bbc-hhl7in e17g058b0\" dir=\"ltr\">Esas fueron las palabras del cient\u00edfico brit\u00e1nico galardonado con el Premio Nobel de F\u00edsica cuando en 2012 se confirm\u00f3 la existencia de la part\u00edcula con que a\u00f1os antes \u00e9l hab\u00eda explicado algo tan b\u00e1sico pero tan complejo como lo que mantiene unido al universo.<\/p>\n<\/div>\n<div class=\"bbc-19j92fr ebmt73l0\" dir=\"ltr\">\n<p class=\"bbc-hhl7in e17g058b0\" dir=\"ltr\">La idea revolucionaria se le ocurri\u00f3 en la d\u00e9cada de 1960 cuando quiso explicar por qu\u00e9 los componentes b\u00e1sicos del universo -los \u00e1tomos- tienen masa.<\/p>\n<\/div>\n<div class=\"bbc-19j92fr ebmt73l0\" dir=\"ltr\">\n<p class=\"bbc-hhl7in e17g058b0\" dir=\"ltr\">Su teor\u00eda, en la que otros cient\u00edficos tambi\u00e9n trabajaron al mismo tiempo, desencaden\u00f3 una b\u00fasqueda de 50 a\u00f1os del que fue denominado el Santo Grial de la F\u00edsica, hoy conocido en su honor como el bos\u00f3n de Higgs.<\/p>\n<\/div>\n<div class=\"bbc-19j92fr ebmt73l0\" dir=\"ltr\">\n<h2 id=\"6-Paul-Auster\" class=\"bbc-1lgzob2 eglt09e0\" tabindex=\"-1\">6. Paul Auster<\/h2>\n<\/div>\n<div class=\"bbc-19j92fr ebmt73l0\" dir=\"ltr\">\n<p class=\"bbc-hhl7in e17g058b0\" dir=\"ltr\"><i class=\"bbc-h1y5j7 eih42320\"><b>30 de abril, 77 a\u00f1os<\/b><\/i><\/p>\n<\/div>\n<figure class=\"bbc-1qn0xuy\">\n<div class=\"bbc-18ywsw9\">\n<div style=\"width: 1034px\" class=\"wp-caption alignnone\"><img loading=\"lazy\" decoding=\"async\" class=\"bbc-139onq\" src=\"https:\/\/ichef.bbci.co.uk\/ace\/ws\/640\/cpsprodpb\/054b\/live\/7f9ce180-c5f2-11ef-a2ca-e99d0c9a24e3.jpg.webp\" alt=\"Paul Auster\" width=\"1024\" height=\"684\" \/><p class=\"wp-caption-text\">Fuente de la imagen,Getty Images.\u00a0\u00a0Su obra literaria cuenta con m\u00e1s de 30 t\u00edtulos y ha sido traducida a m\u00e1s de 40 idiomas.<\/p><\/div>\n<p class=\"bbc-by8ykd\" role=\"text\">\n<\/div>\n<\/figure>\n<div class=\"bbc-19j92fr ebmt73l0\" dir=\"ltr\">\n<p dir=\"ltr\">\n<p class=\"bbc-hhl7in e17g058b0\" dir=\"ltr\">El aclamado escritor estadounidense escribi\u00f3 m\u00e1s de 30 libros a lo largo de su carrera y alcanz\u00f3 el estatus de autor de culto en las d\u00e9cadas de 1980 y 1990.<\/p>\n<\/div>\n<div class=\"bbc-19j92fr ebmt73l0\" dir=\"ltr\">\n<p class=\"bbc-hhl7in e17g058b0\" dir=\"ltr\">Sus novelas eran a menudo historias existencialistas sobre personajes marginales, y tuvieron especial \u00e9xito en Europa.<\/p>\n<\/div>\n<div class=\"bbc-19j92fr ebmt73l0\" dir=\"ltr\">\n<p class=\"bbc-hhl7in e17g058b0\" dir=\"ltr\">El escritor falleci\u00f3 debido a complicaciones derivadas de un c\u00e1ncer de pulm\u00f3n.<\/p>\n<\/div>\n<div class=\"bbc-19j92fr ebmt73l0\" dir=\"ltr\">\n<p class=\"bbc-hhl7in e17g058b0\" dir=\"ltr\">Entre sus obras m\u00e1s emblem\u00e1ticas est\u00e1 &#8220;La Trilog\u00eda de Nueva York&#8221;, una colecci\u00f3n de novelas polic\u00edacas con un toque filos\u00f3fico.<\/p>\n<\/div>\n<div class=\"bbc-19j92fr ebmt73l0\" dir=\"ltr\">\n<h2 id=\"7-C\u00e9sar-Luis-Menotti\" class=\"bbc-1lgzob2 eglt09e0\" tabindex=\"-1\">7. C\u00e9sar Luis Menotti<\/h2>\n<\/div>\n<div class=\"bbc-19j92fr ebmt73l0\" dir=\"ltr\">\n<p class=\"bbc-hhl7in e17g058b0\" dir=\"ltr\"><i class=\"bbc-h1y5j7 eih42320\"><b>5 de mayo, 85 a\u00f1os<\/b><\/i><\/p>\n<\/div>\n<figure class=\"bbc-1qn0xuy\">\n<div class=\"bbc-18ywsw9\">\n<div style=\"width: 1034px\" class=\"wp-caption alignnone\"><img loading=\"lazy\" decoding=\"async\" class=\"bbc-139onq\" src=\"https:\/\/ichef.bbci.co.uk\/ace\/ws\/640\/cpsprodpb\/8ac5\/live\/b0d7d420-c607-11ef-a2ca-e99d0c9a24e3.jpg.webp\" alt=\"Luis Menotti \" width=\"1024\" height=\"732\" \/><p class=\"wp-caption-text\">Fuente de la imagen,Getty Images.\u00a0\u00a0Como jugador integr\u00f3 el Rosario Central y otros equipos, pero fue su trabajo como t\u00e9cnico el que lo dio a conocer globalmente.<\/p><\/div>\n<\/div>\n<\/figure>\n<div class=\"bbc-19j92fr ebmt73l0\" dir=\"ltr\">\n<p dir=\"ltr\">\n<p dir=\"ltr\">\n<p class=\"bbc-hhl7in e17g058b0\" dir=\"ltr\">Fue el t\u00e9cnico que llev\u00f3 a Argentina a conseguir el primer campeonato mundial de f\u00fatbol en 1978.<\/p>\n<\/div>\n<div class=\"bbc-19j92fr ebmt73l0\" dir=\"ltr\">\n<p class=\"bbc-hhl7in e17g058b0\" dir=\"ltr\">&#8220;Su figura es ineludible e indispensable para cualquiera que aborde al f\u00fatbol m\u00e1s all\u00e1 del reduccionismo de un resultado&#8221;, escribi\u00f3 el diario La Naci\u00f3n tras su fallecimiento.<\/p>\n<\/div>\n<div class=\"bbc-19j92fr ebmt73l0\" dir=\"ltr\">\n<p class=\"bbc-hhl7in e17g058b0\" dir=\"ltr\">&#8220;&#8216;El Flaco&#8217; fue m\u00e1s un custodio de las convicciones por el juego que un centinela de la vitrina de trofeos&#8221;, agreg\u00f3 el medio argentino al publicar su obiturario.<\/p>\n<\/div>\n<div class=\"bbc-19j92fr ebmt73l0\" dir=\"ltr\">\n<p class=\"bbc-hhl7in e17g058b0\" dir=\"ltr\">El futbolista y entrenador muri\u00f3 tras un cuadro de anemia severa.<\/p>\n<\/div>\n<div class=\"bbc-19j92fr ebmt73l0\" dir=\"ltr\">\n<h2 id=\"8-Alice-Munro\" class=\"bbc-1lgzob2 eglt09e0\" tabindex=\"-1\">8. Alice Munro<\/h2>\n<\/div>\n<div class=\"bbc-19j92fr ebmt73l0\" dir=\"ltr\">\n<p class=\"bbc-hhl7in e17g058b0\" dir=\"ltr\"><i class=\"bbc-h1y5j7 eih42320\"><b>13 de mayo, 92 a\u00f1os<\/b><\/i><\/p>\n<\/div>\n<figure class=\"bbc-1qn0xuy\">\n<div class=\"bbc-18ywsw9\">\n<div style=\"width: 714px\" class=\"wp-caption alignnone\"><img loading=\"lazy\" decoding=\"async\" class=\"bbc-139onq\" src=\"https:\/\/ichef.bbci.co.uk\/ace\/ws\/640\/cpsprodpb\/a8c6\/live\/eb0e5330-c607-11ef-a2ca-e99d0c9a24e3.jpg.webp\" alt=\"Alice Munro\" width=\"704\" height=\"1024\" \/><p class=\"wp-caption-text\">Fuente de la imagen,Getty Images.\u00a0\u00a0En 2013 se convirti\u00f3 en la primera canadiense en recibir el Premio Nobel de Literatura.<\/p><\/div>\n<\/div>\n<\/figure>\n<div class=\"bbc-19j92fr ebmt73l0\" dir=\"ltr\">\n<p dir=\"ltr\">\n<p dir=\"ltr\">\n<p class=\"bbc-hhl7in e17g058b0\" dir=\"ltr\">Emblema de la escritura canadiense y ganadora del premio Nobel de Literatura. Eso fue, entre muchas otras cosas, Alice Munro.<\/p>\n<\/div>\n<div class=\"bbc-19j92fr ebmt73l0\" dir=\"ltr\">\n<p class=\"bbc-hhl7in e17g058b0\" dir=\"ltr\">La valoraci\u00f3n de su legado autoral se vio te\u00f1ido poco despu\u00e9s de su muerte por una denuncia de su hija, Andrea Robin Skinner. La mujer acus\u00f3 a su madre de haber sabido de los abusos sexuales que su padrastro ejerci\u00f3 en su contra cuando era solo una ni\u00f1a de 9 a\u00f1os, los que luego se extendieron a su adolescencia.<\/p>\n<\/div>\n<div class=\"bbc-19j92fr ebmt73l0\" dir=\"ltr\">\n<p class=\"bbc-hhl7in e17g058b0\" dir=\"ltr\">La hija menor de la escritora se\u00f1al\u00f3 que al contarle a Munro ella &#8220;reaccion\u00f3 exactamente como yo hab\u00eda temido que lo hiciera; como si se hubiera enterado de una infidelidad&#8221;.<\/p>\n<\/div>\n<div class=\"bbc-19j92fr ebmt73l0\" dir=\"ltr\">\n<h2 id=\"9-Anouk-Aim\u00e9e\" class=\"bbc-1lgzob2 eglt09e0\" tabindex=\"-1\">9. Anouk Aim\u00e9e<\/h2>\n<\/div>\n<div class=\"bbc-19j92fr ebmt73l0\" dir=\"ltr\">\n<p class=\"bbc-hhl7in e17g058b0\" dir=\"ltr\"><i class=\"bbc-h1y5j7 eih42320\"><b>18 de junio, 92 a\u00f1os<\/b><\/i><\/p>\n<\/div>\n<figure class=\"bbc-1qn0xuy\">\n<div class=\"bbc-18ywsw9\">\n<div style=\"width: 1034px\" class=\"wp-caption alignnone\"><img loading=\"lazy\" decoding=\"async\" class=\"bbc-139onq\" src=\"https:\/\/ichef.bbci.co.uk\/ace\/ws\/640\/cpsprodpb\/f3d1\/live\/58e8bb20-c608-11ef-a2ca-e99d0c9a24e3.jpg.webp\" alt=\"Anouk Aim\u00e9e\" width=\"1024\" height=\"976\" \/><p class=\"wp-caption-text\">Fuente de la imagen,Getty Images.\u00a0\u00a0Fue favorita de varios de los directores m\u00e1s influyentes de Europa.<\/p><\/div>\n<\/div>\n<\/figure>\n<div class=\"bbc-19j92fr ebmt73l0\" dir=\"ltr\">\n<p dir=\"ltr\">\n<p dir=\"ltr\">\n<p class=\"bbc-hhl7in e17g058b0\" dir=\"ltr\">La estrella de cine francesa protagoniz\u00f3 la pel\u00edcula &#8220;Un hombre y una mujer&#8221;<i class=\"bbc-h1y5j7 eih42320\">\u00a0(1966),\u00a0<\/i>interpretaci\u00f3n que le vali\u00f3 un Globo de Oro y un premio Bafta a la mejor actriz, as\u00ed como una nominaci\u00f3n al Oscar.<\/p>\n<\/div>\n<div class=\"bbc-19j92fr ebmt73l0\" dir=\"ltr\">\n<p class=\"bbc-hhl7in e17g058b0\" dir=\"ltr\">Esa fue la primera vez que un actor o actriz era nominado en esta categor\u00eda al premio de la Academia de Hollywood por una interpretaci\u00f3n en lengua francesa.<\/p>\n<\/div>\n<div class=\"bbc-19j92fr ebmt73l0\" dir=\"ltr\">\n<p class=\"bbc-hhl7in e17g058b0\" dir=\"ltr\">Su primer gran salt\u00f3 lo hab\u00eda dado a\u00f1os antes en &#8220;<i class=\"bbc-h1y5j7 eih42320\">La Dolce Vita&#8221;<\/i>\u00a0de Fellini (1960), una de las pel\u00edculas m\u00e1s aclamadas de la historia del cine italiano.<\/p>\n<\/div>\n<div class=\"bbc-19j92fr ebmt73l0\" dir=\"ltr\">\n<h2 id=\"10-Donald-Sutherland\" class=\"bbc-1lgzob2 eglt09e0\" tabindex=\"-1\">10. Donald Sutherland<\/h2>\n<\/div>\n<div class=\"bbc-19j92fr ebmt73l0\" dir=\"ltr\">\n<p class=\"bbc-hhl7in e17g058b0\" dir=\"ltr\"><i class=\"bbc-h1y5j7 eih42320\"><b>20 de junio, 88 a\u00f1os<\/b><\/i><\/p>\n<\/div>\n<figure class=\"bbc-1qn0xuy\">\n<div class=\"bbc-18ywsw9\">\n<div style=\"width: 1034px\" class=\"wp-caption alignnone\"><img loading=\"lazy\" decoding=\"async\" class=\"bbc-139onq\" src=\"https:\/\/ichef.bbci.co.uk\/ace\/ws\/640\/cpsprodpb\/1b72\/live\/431d59d0-c613-11ef-aff0-072ce821b6ab.jpg.webp\" alt=\"Donald Sutherland\" width=\"1024\" height=\"681\" \/><p class=\"wp-caption-text\">Fuente de la imagen,Getty Images.\u00a0\u00a0Sutherland fue conocido por su activismo pol\u00edtico a lo largo de su carrera, por ejemplo, al protestar contra la guerra de Vietnam.<\/p><\/div>\n<\/div>\n<\/figure>\n<div class=\"bbc-19j92fr ebmt73l0\" dir=\"ltr\">\n<p dir=\"ltr\">\n<p dir=\"ltr\">\n<p class=\"bbc-hhl7in e17g058b0\" dir=\"ltr\">El actor canadiense logr\u00f3 el estrellato cinematogr\u00e1fico en las pel\u00edculas b\u00e9licas &#8220;Los doce del pat\u00edbulo&#8221; y &#8220;Los h\u00e9roes de Kelly&#8221;.<\/p>\n<\/div>\n<div class=\"bbc-19j92fr ebmt73l0\" dir=\"ltr\">\n<p class=\"bbc-hhl7in e17g058b0\" dir=\"ltr\">Entre sus muchos trabajos destacados figuran &#8220;MASH&#8221;, &#8220;No miren ahora&#8221;, &#8220;Casanova&#8221;, &#8220;La invasi\u00f3n de los ladrones de cuerpos&#8221; y &#8220;Gente corriente&#8221;. M\u00e1s recientemente, protagoniz\u00f3 la trilog\u00eda de &#8220;Los juegos del hambre&#8221; en el papel del malvado presidente Snow.<\/p>\n<\/div>\n<div class=\"bbc-19j92fr ebmt73l0\" dir=\"ltr\">\n<p class=\"bbc-hhl7in e17g058b0\" dir=\"ltr\">A pesar de sus numerosos papeles, nunca fue nominado a un Oscar, aunque recibi\u00f3 un premio honor\u00edfico de la Academia en 2017.<\/p>\n<\/div>\n<div class=\"bbc-19j92fr ebmt73l0\" dir=\"ltr\">\n<h2 id=\"11-Shelley-Duvall\" class=\"bbc-1lgzob2 eglt09e0\" tabindex=\"-1\">11. Shelley Duvall<\/h2>\n<\/div>\n<div class=\"bbc-19j92fr ebmt73l0\" dir=\"ltr\">\n<p class=\"bbc-hhl7in e17g058b0\" dir=\"ltr\"><i class=\"bbc-h1y5j7 eih42320\"><b>11 de julio, 75 a\u00f1os<\/b><\/i><\/p>\n<\/div>\n<figure class=\"bbc-1qn0xuy\">\n<div class=\"bbc-18ywsw9\">\n<div style=\"width: 1034px\" class=\"wp-caption alignnone\"><img loading=\"lazy\" decoding=\"async\" class=\"bbc-139onq\" src=\"https:\/\/ichef.bbci.co.uk\/ace\/ws\/640\/cpsprodpb\/22bc\/live\/612417f0-c60b-11ef-a2ca-e99d0c9a24e3.jpg.webp\" alt=\"Shelley Duvall\" width=\"1024\" height=\"752\" \/><p class=\"wp-caption-text\">Fuente de la imagen,Getty Images.\u00a0\u00a0La galardonada actriz estuvo muchos a\u00f1os fuera de la pantalla tras su \u00e9poca dorada.<\/p><\/div>\n<p class=\"bbc-by8ykd\" role=\"text\">\n<\/div>\n<\/figure>\n<div class=\"bbc-19j92fr ebmt73l0\" dir=\"ltr\">\n<p dir=\"ltr\">\n<p class=\"bbc-hhl7in e17g058b0\" dir=\"ltr\">El papel cinematogr\u00e1fico m\u00e1s famoso de Shelley Duvall fue probablemente el de Wendy, la aterrorizada esposa de Jack Nicholson en &#8220;El resplandor&#8221;, de Stanley Kubrick.<\/p>\n<\/div>\n<div class=\"bbc-19j92fr ebmt73l0\" dir=\"ltr\">\n<p class=\"bbc-hhl7in e17g058b0\" dir=\"ltr\">Pero tambi\u00e9n protagoniz\u00f3 otras pel\u00edculas aclamadas por la cr\u00edtica, como &#8220;Annie Hall&#8221;, &#8220;Nashville&#8221; y &#8220;Ladrones como nosotros&#8221;, adem\u00e1s de aparecer como Olive Oyl en el musical de Popeye.<\/p>\n<\/div>\n<div class=\"bbc-19j92fr ebmt73l0\" dir=\"ltr\">\n<p class=\"bbc-hhl7in e17g058b0\" dir=\"ltr\">Otros cr\u00e9ditos incluyen el drama de 1977 &#8220;3 mujeres&#8221;, dirigido por Robert Altman, por el que gan\u00f3 el premio a la mejor actriz del Festival de Cine de Cannes y fue nominada a un Bafta.<\/p>\n<\/div>\n<div class=\"bbc-19j92fr ebmt73l0\" dir=\"ltr\">\n<h2 id=\"12-Gena-Rowlands\" class=\"bbc-1lgzob2 eglt09e0\" tabindex=\"-1\">12. Gena Rowlands<\/h2>\n<\/div>\n<div class=\"bbc-19j92fr ebmt73l0\" dir=\"ltr\">\n<p class=\"bbc-hhl7in e17g058b0\" dir=\"ltr\"><i class=\"bbc-h1y5j7 eih42320\"><b>14 de agosto, 94 a\u00f1os<\/b><\/i><\/p>\n<\/div>\n<figure class=\"bbc-1qn0xuy\">\n<div class=\"bbc-18ywsw9\">\n<div style=\"width: 1034px\" class=\"wp-caption alignnone\"><img loading=\"lazy\" decoding=\"async\" class=\"bbc-139onq\" src=\"https:\/\/ichef.bbci.co.uk\/ace\/ws\/640\/cpsprodpb\/4c6f\/live\/e65cbfc0-c60c-11ef-aff0-072ce821b6ab.jpg.webp\" alt=\"Gena Rowlands\" width=\"1024\" height=\"682\" \/><p class=\"wp-caption-text\">Fuente de la imagen,Getty Images.\u00a0\u00a0En sus \u00faltimos a\u00f1os de vida, se conoci\u00f3 que padec\u00eda Alzheimer.<\/p><\/div>\n<\/div>\n<\/figure>\n<div class=\"bbc-19j92fr ebmt73l0\" dir=\"ltr\">\n<p dir=\"ltr\">\n<p dir=\"ltr\">\n<p class=\"bbc-hhl7in e17g058b0\" dir=\"ltr\">La actriz estadounidense fue mundialmente reconocida por sus papeles en aclamadas cintas como &#8220;Una mujer bajo la influencia&#8221; y &#8220;Diario de una pasi\u00f3n&#8221;.<\/p>\n<\/div>\n<div class=\"bbc-19j92fr ebmt73l0\" dir=\"ltr\">\n<p class=\"bbc-hhl7in e17g058b0\" dir=\"ltr\">Fue nominada al Oscar de Mejor Actriz en 1974 por su papel en &#8220;Una mujer bajo la influencia&#8221; y en 1980 por &#8220;Gloria&#8221;. En ambos comparti\u00f3 pantalla con el tambi\u00e9n actor y director John Cassavetes con quien estuvo casada 35 a\u00f1os.<\/p>\n<\/div>\n<div class=\"bbc-19j92fr ebmt73l0\" dir=\"ltr\">\n<p class=\"bbc-hhl7in e17g058b0\" dir=\"ltr\">A lo largo de su carrera gan\u00f3 cuatro premios Emmy y dos Globos de Oro.<\/p>\n<\/div>\n<div class=\"bbc-19j92fr ebmt73l0\" dir=\"ltr\">\n<h2 id=\"13-Alain-Delon\" class=\"bbc-1lgzob2 eglt09e0\" tabindex=\"-1\">13. Alain Delon<\/h2>\n<\/div>\n<div class=\"bbc-19j92fr ebmt73l0\" dir=\"ltr\">\n<p class=\"bbc-hhl7in e17g058b0\" dir=\"ltr\"><i class=\"bbc-h1y5j7 eih42320\"><b>18 de agosto, 88 a\u00f1os<\/b><\/i><\/p>\n<\/div>\n<figure class=\"bbc-1qn0xuy\">\n<div class=\"bbc-18ywsw9\">\n<div style=\"width: 1028px\" class=\"wp-caption alignnone\"><img loading=\"lazy\" decoding=\"async\" class=\"bbc-139onq\" src=\"https:\/\/ichef.bbci.co.uk\/ace\/ws\/640\/cpsprodpb\/49e9\/live\/b82e95f0-c60d-11ef-a0f2-fd81ae5962f4.jpg.webp\" alt=\"Alain Delon\" width=\"1018\" height=\"1024\" \/><p class=\"wp-caption-text\">Fuente de la imagen,Getty Images.\u00a0\u00a0Su salud se hab\u00eda deteriorado en los \u00faltimos a\u00f1os. En 2019, sufri\u00f3 un derrame cerebral y padec\u00eda otra afecci\u00f3n grave.<\/p><\/div>\n<\/div>\n<\/figure>\n<div class=\"bbc-19j92fr ebmt73l0\" dir=\"ltr\">\n<p dir=\"ltr\">\n<p dir=\"ltr\">\n<p class=\"bbc-hhl7in e17g058b0\" dir=\"ltr\">Fue una leyenda del cine franc\u00e9s. Descrito en su d\u00eda como el hombre m\u00e1s bello de la pantalla grande, Alain Delon protagoniz\u00f3 \u00e9xitos de los a\u00f1os 60 como &#8220;El gatopardo&#8221; y &#8220;Rocco y sus hermanos&#8221;.<\/p>\n<\/div>\n<div class=\"bbc-19j92fr ebmt73l0\" dir=\"ltr\">\n<p class=\"bbc-hhl7in e17g058b0\" dir=\"ltr\">El parisino fue una de las principales estrellas de cine europeo en las d\u00e9cadas de 1960 y 1970.<\/p>\n<\/div>\n<div class=\"bbc-19j92fr ebmt73l0\" dir=\"ltr\">\n<p class=\"bbc-hhl7in e17g058b0\" dir=\"ltr\">Su \u00faltima gran aparici\u00f3n p\u00fablica fue para recibir una Palma de Oro honor\u00edfica en el Festival de Cannes, en mayo de 2019.<\/p>\n<\/div>\n<div class=\"bbc-19j92fr ebmt73l0\" dir=\"ltr\">\n<h2 id=\"14-Sergio-Mendes\" class=\"bbc-1lgzob2 eglt09e0\" tabindex=\"-1\">14. Sergio Mendes<\/h2>\n<\/div>\n<div class=\"bbc-19j92fr ebmt73l0\" dir=\"ltr\">\n<p class=\"bbc-hhl7in e17g058b0\" dir=\"ltr\"><i class=\"bbc-h1y5j7 eih42320\"><b>5 de septiembre, 83 a\u00f1os<\/b><\/i><\/p>\n<\/div>\n<figure class=\"bbc-1qn0xuy\">\n<div class=\"bbc-18ywsw9\">\n<div style=\"width: 1034px\" class=\"wp-caption alignnone\"><img loading=\"lazy\" decoding=\"async\" class=\"bbc-139onq\" src=\"https:\/\/ichef.bbci.co.uk\/ace\/ws\/640\/cpsprodpb\/bdf3\/live\/e73ef780-c60e-11ef-a2ca-e99d0c9a24e3.jpg.webp\" alt=\"Sergio Mendes\" width=\"1024\" height=\"685\" \/><p class=\"wp-caption-text\">Fuente de la imagen,Getty Images.\u00a0\u00a0Grab\u00f3 m\u00e1s de 35 \u00e1lbumes, muchos de los cuales fueron disco de oro o platino en Estados Unidos.<\/p><\/div>\n<p class=\"bbc-by8ykd\" role=\"text\">\n<\/div>\n<\/figure>\n<div class=\"bbc-19j92fr ebmt73l0\" dir=\"ltr\">\n<p dir=\"ltr\">\n<p class=\"bbc-hhl7in e17g058b0\" dir=\"ltr\">El m\u00fasico brasile\u00f1o ayud\u00f3 a popularizar la bossa nova y la samba lejos de las fronteras de su tierra natal.<\/p>\n<\/div>\n<div class=\"bbc-19j92fr ebmt73l0\" dir=\"ltr\">\n<p class=\"bbc-hhl7in e17g058b0\" dir=\"ltr\">El compositor es reconocido por la exitosa &#8220;M\u00e1s Que Nada&#8221; y por darle un toque brasile\u00f1o a canciones inglesas como\u00a0<i class=\"bbc-h1y5j7 eih42320\">&#8220;The Fool On The Hill&#8221;<\/i>\u00a0de los Beatles.<\/p>\n<\/div>\n<div class=\"bbc-19j92fr ebmt73l0\" dir=\"ltr\">\n<p class=\"bbc-hhl7in e17g058b0\" dir=\"ltr\">El m\u00fasico recibi\u00f3 una nominaci\u00f3n al Oscar en 2012 por coescribir la canci\u00f3n &#8220;<i class=\"bbc-h1y5j7 eih42320\">Real in Rio&#8221;<\/i>\u00a0de la pel\u00edcula animada R\u00edo.<\/p>\n<\/div>\n<div class=\"bbc-19j92fr ebmt73l0\" dir=\"ltr\">\n<h2 id=\"15-James-Earl-Jones\" class=\"bbc-1lgzob2 eglt09e0\" tabindex=\"-1\">15. James Earl Jones<\/h2>\n<\/div>\n<div class=\"bbc-19j92fr ebmt73l0\" dir=\"ltr\">\n<p class=\"bbc-hhl7in e17g058b0\" dir=\"ltr\"><i class=\"bbc-h1y5j7 eih42320\"><b>9 de septiembre, 93 a\u00f1os<\/b><\/i><\/p>\n<\/div>\n<figure class=\"bbc-1qn0xuy\">\n<div class=\"bbc-18ywsw9\">\n<div style=\"width: 1034px\" class=\"wp-caption alignnone\"><img loading=\"lazy\" decoding=\"async\" class=\"bbc-139onq\" src=\"https:\/\/ichef.bbci.co.uk\/ace\/ws\/640\/cpsprodpb\/4a12\/live\/1ed76ef0-c616-11ef-aff0-072ce821b6ab.jpg.webp\" alt=\"James Earl Jones\" width=\"1024\" height=\"683\" \/><p class=\"wp-caption-text\">Fuente de la imagen,Getty Images.\u00a0\u00a0Naci\u00f3 en Arkabutla, Misisipi, el 17 de enero de 1931.<\/p><\/div>\n<\/div>\n<\/figure>\n<div class=\"bbc-19j92fr ebmt73l0\" dir=\"ltr\">\n<p dir=\"ltr\">\n<p dir=\"ltr\">\n<p class=\"bbc-hhl7in e17g058b0\" dir=\"ltr\">El actor estadounidense fue quien le dio voz al personaje de Darth Vader en &#8220;La guerra de las galaxias&#8221;.<\/p>\n<\/div>\n<div class=\"bbc-19j92fr ebmt73l0\" dir=\"ltr\">\n<p class=\"bbc-hhl7in e17g058b0\" dir=\"ltr\">James Earl Jones, tuvo una prol\u00edfica carrera que incluye t\u00edtulos como &#8220;Campo de sue\u00f1os&#8221;, &#8220;Un pr\u00edncipe en Nueva York&#8221; y &#8220;Conan el B\u00e1rbaro&#8221;. Adem\u00e1s, en 1994 fue la voz de Mufasa en la pel\u00edcula de Disney &#8220;El Rey Le\u00f3n&#8221;.<\/p>\n<\/div>\n<div class=\"bbc-19j92fr ebmt73l0\" dir=\"ltr\">\n<p class=\"bbc-hhl7in e17g058b0\" dir=\"ltr\">El actor prest\u00f3 su voz a Vader en la pel\u00edcula original de Star Wars, que se estren\u00f3 en 1977, y en sus secuelas &#8220;El imperio contraataca&#8221; y &#8220;El regreso del Jedi&#8221;.<\/p>\n<\/div>\n<div class=\"bbc-19j92fr ebmt73l0\" dir=\"ltr\">\n<p class=\"bbc-hhl7in e17g058b0\" dir=\"ltr\">Luego repiti\u00f3 el papel en pel\u00edculas posteriores de la saga.<\/p>\n<\/div>\n<div class=\"bbc-19j92fr ebmt73l0\" dir=\"ltr\">\n<h2 id=\"16-Alberto-Fujimori\" class=\"bbc-1lgzob2 eglt09e0\" tabindex=\"-1\">16. Alberto Fujimori<\/h2>\n<\/div>\n<div class=\"bbc-19j92fr ebmt73l0\" dir=\"ltr\">\n<p class=\"bbc-hhl7in e17g058b0\" dir=\"ltr\"><i class=\"bbc-h1y5j7 eih42320\"><b>11 de septiembre, 86 a\u00f1os<\/b><\/i><\/p>\n<\/div>\n<figure class=\"bbc-1qn0xuy\">\n<div class=\"bbc-18ywsw9\">\n<div style=\"width: 1034px\" class=\"wp-caption alignnone\"><img loading=\"lazy\" decoding=\"async\" class=\"bbc-139onq\" src=\"https:\/\/ichef.bbci.co.uk\/ace\/ws\/640\/cpsprodpb\/cdc6\/live\/32f243a0-c617-11ef-aff0-072ce821b6ab.jpg.webp\" alt=\"Alberto Fujimori\" width=\"1024\" height=\"683\" \/><p class=\"wp-caption-text\">Fuente de la imagen,Getty Images.\u00a0\u00a0El exmandatario de Per\u00fa padec\u00eda de c\u00e1ncer.<\/p><\/div>\n<\/div>\n<\/figure>\n<div class=\"bbc-19j92fr ebmt73l0\" dir=\"ltr\">\n<p dir=\"ltr\">\n<p dir=\"ltr\">\n<p class=\"bbc-hhl7in e17g058b0\" dir=\"ltr\">Pocos personajes en la historia de Per\u00fa polarizaron tanto al pa\u00eds como la de Alberto Fujimori. Fue presidente entre 1990 y 2000 y su figura sigue dividiendo a los peruanos.<\/p>\n<\/div>\n<div class=\"bbc-19j92fr ebmt73l0\" dir=\"ltr\">\n<p class=\"bbc-hhl7in e17g058b0\" dir=\"ltr\">Su \u00faltima pol\u00e9mica ocurri\u00f3 en diciembre de 2023, tras su salida de la c\u00e1rcel en la que cumpl\u00eda condena por cr\u00edmenes contra los derechos humanos.<\/p>\n<\/div>\n<div class=\"bbc-19j92fr ebmt73l0\" dir=\"ltr\">\n<p class=\"bbc-hhl7in e17g058b0\" dir=\"ltr\">Para sus millones de simpatizantes, salv\u00f3 al pa\u00eds de un doble mal: la cruel y volenta guerrilla senderista\u00a0 y el colapso econ\u00f3mico. Para sus detractores, fue un autoritario.<\/p>\n<\/div>\n<div class=\"bbc-19j92fr ebmt73l0\" dir=\"ltr\">\n<h2 id=\"17-Dame-Maggie-Smith\" class=\"bbc-1lgzob2 eglt09e0\" tabindex=\"-1\">17. Dame Maggie Smith<\/h2>\n<\/div>\n<div class=\"bbc-19j92fr ebmt73l0\" dir=\"ltr\">\n<p class=\"bbc-hhl7in e17g058b0\" dir=\"ltr\"><i class=\"bbc-h1y5j7 eih42320\"><b>27 de septiembre, 89 a\u00f1os<\/b><\/i><\/p>\n<\/div>\n<figure class=\"bbc-1qn0xuy\">\n<div class=\"bbc-18ywsw9\">\n<div style=\"width: 1034px\" class=\"wp-caption alignnone\"><img loading=\"lazy\" decoding=\"async\" class=\"bbc-139onq\" src=\"https:\/\/ichef.bbci.co.uk\/ace\/ws\/640\/cpsprodpb\/bcfe\/live\/f46e3c60-c616-11ef-a2ca-e99d0c9a24e3.jpg.webp\" alt=\"Dame Maggie Smith\" width=\"1024\" height=\"637\" \/><p class=\"wp-caption-text\">Fuente de la imagen,Getty Images.\u00a0\u00a0Recibi\u00f3 cuatro nominaciones a los premios de Hollywood y ocho premios Bafta de la Academia brit\u00e1nica.<\/p><\/div>\n<\/div>\n<\/figure>\n<div class=\"bbc-19j92fr ebmt73l0\" dir=\"ltr\">\n<p dir=\"ltr\">\n<p dir=\"ltr\">\n<p class=\"bbc-hhl7in e17g058b0\" dir=\"ltr\">Una carrera de m\u00e1s de 70 a\u00f1os en teatro, cine y televisi\u00f3n es parte del legado de Dame Maggie Smith. Entre sus papeles cinematogr\u00e1ficos m\u00e1s conocidos figuran los de Minerva McGonagall en\u00a0<i class=\"bbc-h1y5j7 eih42320\">Harry Potter<\/i>\u00a0y Violet en la serie\u00a0<i class=\"bbc-h1y5j7 eih42320\">Downton Abbey<\/i>.<\/p>\n<\/div>\n<div class=\"bbc-19j92fr ebmt73l0\" dir=\"ltr\">\n<p class=\"bbc-hhl7in e17g058b0\" dir=\"ltr\">Leyenda del cine y el teatro brit\u00e1nicos, gan\u00f3 dos Oscar durante su carrera. Uno por<i class=\"bbc-h1y5j7 eih42320\">\u00a0&#8220;The Prime of Miss Jean Brodie&#8221;<\/i>\u00a0(traducida como &#8220;La primavera de una solterona&#8221; o &#8220;Los mejores a\u00f1os de Miss Brodie&#8221;), y otro por &#8220;<i class=\"bbc-h1y5j7 eih42320\">California Suite&#8221;.<\/i><\/p>\n<\/div>\n<div class=\"bbc-19j92fr ebmt73l0\" dir=\"ltr\">\n<h2 id=\"18-Antonio-Sk\u00e1rmeta\" class=\"bbc-1lgzob2 eglt09e0\" tabindex=\"-1\">18. Antonio Sk\u00e1rmeta<\/h2>\n<\/div>\n<div class=\"bbc-19j92fr ebmt73l0\" dir=\"ltr\">\n<p class=\"bbc-hhl7in e17g058b0\" dir=\"ltr\"><i class=\"bbc-h1y5j7 eih42320\"><b>15 de octubre, 83 a\u00f1os<\/b><\/i><\/p>\n<\/div>\n<figure class=\"bbc-1qn0xuy\">\n<div class=\"bbc-18ywsw9\">\n<div style=\"width: 1034px\" class=\"wp-caption alignnone\"><img loading=\"lazy\" decoding=\"async\" class=\"bbc-139onq\" src=\"https:\/\/ichef.bbci.co.uk\/ace\/ws\/640\/cpsprodpb\/3d48\/live\/64fbb920-c695-11ef-a2ca-e99d0c9a24e3.jpg.webp\" alt=\"Antonio Sk\u00e1rmeta\" width=\"1024\" height=\"683\" \/><p class=\"wp-caption-text\">Fuente de la imagen,Getty Images.\u00a0\u00a0Fue uno de los escritores chilenos m\u00e1s reconocidos de las \u00faltimas d\u00e9cadas.<\/p><\/div>\n<p class=\"bbc-by8ykd\" role=\"text\">\n<\/div>\n<\/figure>\n<div class=\"bbc-19j92fr ebmt73l0\" dir=\"ltr\">\n<p dir=\"ltr\">\n<p class=\"bbc-hhl7in e17g058b0\" dir=\"ltr\">Antonio Sk\u00e1rmeta dej\u00f3 un extenso legado art\u00edstico en sus novelas, cuentos, obras de teatro, guiones de pel\u00edculas y libros infantiles.<\/p>\n<\/div>\n<div class=\"bbc-19j92fr ebmt73l0\" dir=\"ltr\">\n<p class=\"bbc-hhl7in e17g058b0\" dir=\"ltr\">Recibi\u00f3 el premio Nacional de Literatura en 2014, y fue reconocido m\u00e1s all\u00e1 de las fronteras de Chile; tres de sus libros fueron llevados al cine: &#8220;Ardiente paciencia&#8221; (en 1983 con el mismo t\u00edtulo y en 1994 como &#8220;El cartero de Neruda&#8221;), &#8220;El baile de la Victoria&#8221; y &#8220;El plebiscito&#8221;, que inspir\u00f3 el gui\u00f3n de la cinta &#8220;No&#8221;, del cineasta Pablo Larra\u00edn.<\/p>\n<\/div>\n<div class=\"bbc-19j92fr ebmt73l0\" dir=\"ltr\">\n<h2 id=\"19-Liam-James-Payne\" class=\"bbc-1lgzob2 eglt09e0\" tabindex=\"-1\">19. Liam James Payne<\/h2>\n<\/div>\n<div class=\"bbc-19j92fr ebmt73l0\" dir=\"ltr\">\n<p class=\"bbc-hhl7in e17g058b0\" dir=\"ltr\"><i class=\"bbc-h1y5j7 eih42320\"><b>16 de octubre, 31 a\u00f1os<\/b><\/i><\/p>\n<\/div>\n<figure class=\"bbc-1qn0xuy\">\n<div class=\"bbc-18ywsw9\">\n<div style=\"width: 1034px\" class=\"wp-caption alignnone\"><img loading=\"lazy\" decoding=\"async\" class=\"bbc-139onq\" src=\"https:\/\/ichef.bbci.co.uk\/ace\/ws\/640\/cpsprodpb\/b4a3\/live\/91cdc0b0-c618-11ef-a0f2-fd81ae5962f4.jpg.webp\" alt=\"Liam James Payne\" width=\"1024\" height=\"683\" \/><p class=\"wp-caption-text\">Fuente de la imagen,Getty Images.\u00a0\u00a0El joven de 31 a\u00f1os muri\u00f3 tras caer del tercer piso de un hotel en la capital de Argentina.<\/p><\/div>\n<p class=\"bbc-by8ykd\" role=\"text\">\n<\/div>\n<\/figure>\n<div class=\"bbc-19j92fr ebmt73l0\" dir=\"ltr\">\n<p dir=\"ltr\">\n<p class=\"bbc-hhl7in e17g058b0\" dir=\"ltr\">Liam Payne fue uno de los cinco solistas competidores de Factor X, en 2010, a quienes los jueces les dijeron que se unieran en una banda y compitieran como conjunto. El resultado fue\u00a0<i class=\"bbc-h1y5j7 eih42320\">One Direction.<\/i><\/p>\n<\/div>\n<div class=\"bbc-19j92fr ebmt73l0\" dir=\"ltr\">\n<p class=\"bbc-hhl7in e17g058b0\" dir=\"ltr\">Pese a que terminaron terceros en la competencia de talentos, se convirtieron en una de las bandas brit\u00e1nicas m\u00e1s importantes del siglo XXI, con cuatro \u00e1lbumes n\u00famero uno en el Reino Unido y singles de \u00e9xito en todo el mundo.<\/p>\n<\/div>\n<div class=\"bbc-19j92fr ebmt73l0\" dir=\"ltr\">\n<p class=\"bbc-hhl7in e17g058b0\" dir=\"ltr\">Payne tambi\u00e9n tuvo cierto \u00e9xito en solitario antes de su tr\u00e1gica muerte prematura. La justicia argentina ha imputado a cinco personas como las responsables de su muerte.<\/p>\n<\/div>\n<div class=\"bbc-19j92fr ebmt73l0\" dir=\"ltr\">\n<h2 id=\"20-Quincy-Jones\" class=\"bbc-1lgzob2 eglt09e0\" tabindex=\"-1\">20. Quincy Jones<\/h2>\n<\/div>\n<div class=\"bbc-19j92fr ebmt73l0\" dir=\"ltr\">\n<p class=\"bbc-hhl7in e17g058b0\" dir=\"ltr\"><i class=\"bbc-h1y5j7 eih42320\"><b>3 de noviembre, 91 a\u00f1os<\/b><\/i><\/p>\n<\/div>\n<figure class=\"bbc-1qn0xuy\">\n<div class=\"bbc-18ywsw9\">\n<div style=\"width: 1034px\" class=\"wp-caption alignnone\"><img loading=\"lazy\" decoding=\"async\" class=\"bbc-139onq\" src=\"https:\/\/ichef.bbci.co.uk\/ace\/ws\/640\/cpsprodpb\/eda0\/live\/3bb50200-c6a0-11ef-a0f2-fd81ae5962f4.jpg.webp\" alt=\"Quincy Jones\" width=\"1024\" height=\"722\" \/><p class=\"wp-caption-text\">Fuente de la imagen,Getty Images.\u00a0\u00a0Fue int\u00e9rprete, compositor, productor y ejecutivo discogr\u00e1fico.<\/p><\/div>\n<\/div>\n<\/figure>\n<div class=\"bbc-19j92fr ebmt73l0\" dir=\"ltr\">\n<p dir=\"ltr\">\n<p dir=\"ltr\">\n<p class=\"bbc-hhl7in e17g058b0\" dir=\"ltr\">Uno de los productores musicales m\u00e1s relevantes del siglo XX.<\/p>\n<\/div>\n<div class=\"bbc-19j92fr ebmt73l0\" dir=\"ltr\">\n<p class=\"bbc-hhl7in e17g058b0\" dir=\"ltr\">Quincy Jones comenz\u00f3 su carrera trabajando con nada menos que Frank Sinatra. En los 80 produjo los discos m\u00e1s \u00e9xitosos de Michael Jackson: &#8220;<i class=\"bbc-h1y5j7 eih42320\">Thriller&#8221;\u00a0<\/i>y &#8220;<i class=\"bbc-h1y5j7 eih42320\">Bad&#8221;.<\/i><\/p>\n<\/div>\n<div class=\"bbc-19j92fr ebmt73l0\" dir=\"ltr\">\n<p class=\"bbc-hhl7in e17g058b0\" dir=\"ltr\">Tambi\u00e9n es reconocido por ser el art\u00edfice del himno de USA por \u00c1frica<i class=\"bbc-h1y5j7 eih42320\">\u00a0&#8220;We Are The World&#8221;.<\/i><\/p>\n<\/div>\n<div class=\"bbc-19j92fr ebmt73l0\" dir=\"ltr\">\n<h2 id=\"21-Silvia-Pinal\" class=\"bbc-1lgzob2 eglt09e0\" tabindex=\"-1\">21. Silvia Pinal<\/h2>\n<\/div>\n<div class=\"bbc-19j92fr ebmt73l0\" dir=\"ltr\">\n<p class=\"bbc-hhl7in e17g058b0\" dir=\"ltr\"><i class=\"bbc-h1y5j7 eih42320\"><b>28 de noviembre, 93 a\u00f1os<\/b><\/i><\/p>\n<\/div>\n<figure class=\"bbc-1qn0xuy\">\n<div class=\"bbc-18ywsw9\">\n<div style=\"width: 1034px\" class=\"wp-caption alignnone\"><img loading=\"lazy\" decoding=\"async\" class=\"bbc-139onq\" src=\"https:\/\/ichef.bbci.co.uk\/ace\/ws\/640\/cpsprodpb\/1c46\/live\/b6ea0700-c618-11ef-aff0-072ce821b6ab.jpg.webp\" alt=\"Silvia Pinal \" width=\"1024\" height=\"833\" \/><p class=\"wp-caption-text\">Fuente de la imagen,Getty Images.\u00a0\u00a0La actriz naci\u00f3 el 16 de septiembre de 1931 en Ciudad de M\u00e9xico.<\/p><\/div>\n<\/div>\n<\/figure>\n<div class=\"bbc-19j92fr ebmt73l0\" dir=\"ltr\">\n<p dir=\"ltr\">\n<p dir=\"ltr\">\n<p class=\"bbc-hhl7in e17g058b0\" dir=\"ltr\">A Silvia Pinal se le consideraba &#8220;la \u00faltima gran diva de M\u00e9xico&#8221; y entre las razones para la definici\u00f3n destacan las pel\u00edculas &#8220;Viridiana&#8221;, &#8220;El \u00e1ngel exterminador&#8221; y &#8220;Sim\u00f3n del Desierto&#8221;.<\/p>\n<\/div>\n<div class=\"bbc-19j92fr ebmt73l0\" dir=\"ltr\">\n<p class=\"bbc-hhl7in e17g058b0\" dir=\"ltr\">En su pa\u00eds natal la llamaban &#8220;la musa de Bu\u00f1uel&#8221;, en alusi\u00f3n al director de cine mexicano de origen espa\u00f1ol, Luis Bu\u00f1uel.<\/p>\n<\/div>\n<div class=\"bbc-19j92fr ebmt73l0\" dir=\"ltr\">\n<p class=\"bbc-hhl7in e17g058b0\" dir=\"ltr\">&#8220;Yo escog\u00ed a Bu\u00f1el, no \u00e9l a m\u00ed&#8221;, presumi\u00f3 a\u00f1os antes de su fallecimiento.<\/p>\n<\/div>\n<div class=\"bbc-19j92fr ebmt73l0\" dir=\"ltr\">\n<h2 id=\"22-Olivia-Hussey\" class=\"bbc-1lgzob2 eglt09e0\" tabindex=\"-1\">22. Olivia Hussey<\/h2>\n<\/div>\n<div class=\"bbc-19j92fr ebmt73l0\" dir=\"ltr\">\n<p class=\"bbc-hhl7in e17g058b0\" dir=\"ltr\"><i class=\"bbc-h1y5j7 eih42320\"><b>27 de diciembre, 73 a\u00f1os<\/b><\/i><\/p>\n<\/div>\n<figure class=\"bbc-1qn0xuy\">\n<div class=\"bbc-18ywsw9\">\n<div style=\"width: 678px\" class=\"wp-caption alignnone\"><img loading=\"lazy\" decoding=\"async\" class=\"bbc-139onq\" src=\"https:\/\/ichef.bbci.co.uk\/ace\/ws\/640\/cpsprodpb\/40ef\/live\/cd44c750-c61e-11ef-aff0-072ce821b6ab.jpg.webp\" alt=\"Olivia Hussey\" width=\"668\" height=\"1024\" \/><p class=\"wp-caption-text\">Fuente de la imagen,Getty Images.\u00a0La aclamada acrtiz padeci\u00f3 un c\u00e1ncer de mama por varios a\u00f1os.<\/p><\/div>\n<\/div>\n<\/figure>\n<div class=\"bbc-19j92fr ebmt73l0\" dir=\"ltr\">\n<p dir=\"ltr\">\n<p dir=\"ltr\">\n<p class=\"bbc-hhl7in e17g058b0\" dir=\"ltr\">Olivia Hussey salt\u00f3 a la fama internacional cuando era adolescente. Lo hizo con su papel en la aclamada versi\u00f3n cinematogr\u00e1fica de &#8220;Romeo y Julieta&#8221; de 1968.<\/p>\n<\/div>\n<div class=\"bbc-19j92fr ebmt73l0\" dir=\"ltr\">\n<p class=\"bbc-hhl7in e17g058b0\" dir=\"ltr\">Nacida en Argentina y criada en Londres, Hussey gan\u00f3 el Globo de Oro a la mejor actriz revelaci\u00f3n por su papel de Julieta, ese mismo a\u00f1o.<\/p>\n<\/div>\n<div class=\"bbc-19j92fr ebmt73l0\" dir=\"ltr\">\n<p class=\"bbc-hhl7in e17g058b0\" dir=\"ltr\">Luego ser\u00eda recordada por otro de sus roles m\u00e1s notables: el de la Virgen Mar\u00eda en la miniserie de televisi\u00f3n de 1977 &#8220;Jes\u00fas de Nazaret&#8221;, del director italiano Franco Zeffirelli.<\/p>\n<\/div>\n<div class=\"bbc-19j92fr ebmt73l0\" dir=\"ltr\">\n<h2 id=\"23-Jimmy-Carter\" class=\"bbc-1lgzob2 eglt09e0\" tabindex=\"-1\">23. Jimmy Carter<\/h2>\n<\/div>\n<div class=\"bbc-19j92fr ebmt73l0\" dir=\"ltr\">\n<p class=\"bbc-hhl7in e17g058b0\" dir=\"ltr\"><i class=\"bbc-h1y5j7 eih42320\"><b>29 de diciembre, 100 a\u00f1os<\/b><\/i><\/p>\n<\/div>\n<figure class=\"bbc-1qn0xuy\">\n<div class=\"bbc-18ywsw9\">\n<div style=\"width: 1034px\" class=\"wp-caption alignnone\"><img loading=\"lazy\" decoding=\"async\" class=\"bbc-139onq\" src=\"https:\/\/ichef.bbci.co.uk\/ace\/ws\/640\/cpsprodpb\/ee41\/live\/a48fe5f0-c697-11ef-a0f2-fd81ae5962f4.jpg.webp\" alt=\"Jimmy Carter\" width=\"1024\" height=\"683\" \/><p class=\"wp-caption-text\">Fuente de la imagen,Getty Images.\u00a0\u00a0Fue el presidente n\u00famero 39 de los Estados Unidos y recibi\u00f3 el Nobel de la Paz en 2002.<\/p><\/div>\n<p class=\"bbc-by8ykd\" role=\"text\">\n<\/div>\n<\/figure>\n<div class=\"bbc-19j92fr ebmt73l0\" dir=\"ltr\">\n<p class=\"bbc-hhl7in e17g058b0\" dir=\"ltr\">Se convirti\u00f3 en el mandatario m\u00e1s longevo de su pa\u00eds al fallecer a los 100 a\u00f1os a pocas horas del fin de 2024.<\/p>\n<\/div>\n<div class=\"bbc-19j92fr ebmt73l0\" dir=\"ltr\">\n<p class=\"bbc-hhl7in e17g058b0\" dir=\"ltr\">James Earl Carter Jr. gobern\u00f3 Estados Unidos desde 1977 a 1981. Eran tiempos complejos, en plena Guerra Fr\u00eda, donde evit\u00f3 escalar conflictos militares ante desaf\u00edos internacionales e impuls\u00f3 un crucial acuerdo de paz en Medio Oriente. el que firmaron Israel y Egipto.<\/p>\n<\/div>\n<div class=\"bbc-19j92fr ebmt73l0\" dir=\"ltr\">\n<p class=\"bbc-hhl7in e17g058b0\" dir=\"ltr\">El dem\u00f3crata cambi\u00f3 la relaci\u00f3n de Washington con Am\u00e9rica Latina.<\/p>\n<\/div>\n","protected":false},"excerpt":{"rendered":"<p>&nbsp; Desde celebridades del cine hasta l\u00edderes pol\u00edticos, pasando por \u00eddolos de la m\u00fasica y del deporte; 2024 vio partir a muchos famosos de Am\u00e9rica&hellip;<\/p>\n","protected":false},"author":99,"featured_media":526736,"comment_status":"open","ping_status":"open","sticky":false,"template":"","format":"standard","meta":{"footnotes":""},"categories":[24],"tags":[],"class_list":["post-526735","post","type-post","status-publish","format-standard","has-post-thumbnail","hentry","category-mundo"],"_links":{"self":[{"href":"https:\/\/diarioelpopular.com\/index.php\/wp-json\/wp\/v2\/posts\/526735","targetHints":{"allow":["GET"]}}],"collection":[{"href":"https:\/\/diarioelpopular.com\/index.php\/wp-json\/wp\/v2\/posts"}],"about":[{"href":"https:\/\/diarioelpopular.com\/index.php\/wp-json\/wp\/v2\/types\/post"}],"author":[{"embeddable":true,"href":"https:\/\/diarioelpopular.com\/index.php\/wp-json\/wp\/v2\/users\/99"}],"replies":[{"embeddable":true,"href":"https:\/\/diarioelpopular.com\/index.php\/wp-json\/wp\/v2\/comments?post=526735"}],"version-history":[{"count":1,"href":"https:\/\/diarioelpopular.com\/index.php\/wp-json\/wp\/v2\/posts\/526735\/revisions"}],"predecessor-version":[{"id":526737,"href":"https:\/\/diarioelpopular.com\/index.php\/wp-json\/wp\/v2\/posts\/526735\/revisions\/526737"}],"wp:featuredmedia":[{"embeddable":true,"href":"https:\/\/diarioelpopular.com\/index.php\/wp-json\/wp\/v2\/media\/526736"}],"wp:attachment":[{"href":"https:\/\/diarioelpopular.com\/index.php\/wp-json\/wp\/v2\/media?parent=526735"}],"wp:term":[{"taxonomy":"category","embeddable":true,"href":"https:\/\/diarioelpopular.com\/index.php\/wp-json\/wp\/v2\/categories?post=526735"},{"taxonomy":"post_tag","embeddable":true,"href":"https:\/\/diarioelpopular.com\/index.php\/wp-json\/wp\/v2\/tags?post=526735"}],"curies":[{"name":"wp","href":"https:\/\/api.w.org\/{rel}","templated":true}]}}