{"id":526779,"date":"2024-12-31T14:11:25","date_gmt":"2024-12-31T18:11:25","guid":{"rendered":"https:\/\/diarioelpopular.com\/?p=526779"},"modified":"2024-12-31T14:11:25","modified_gmt":"2024-12-31T18:11:25","slug":"la-lujosa-vida-de-los-zoneitas-los-estadounidenses-que-habitaron-la-zona-del-canal-de-panama-durante-casi-100-anos","status":"publish","type":"post","link":"https:\/\/diarioelpopular.com\/index.php\/2024\/12\/31\/la-lujosa-vida-de-los-zoneitas-los-estadounidenses-que-habitaron-la-zona-del-canal-de-panama-durante-casi-100-anos\/","title":{"rendered":"La lujosa vida de los &#8220;zone\u00edtas&#8221;, los estadounidenses que habitaron la Zona del Canal de Panam\u00e1 durante casi 100 a\u00f1os"},"content":{"rendered":"<div id=\"attachment_526780\" style=\"width: 646px\" class=\"wp-caption alignnone\"><img loading=\"lazy\" decoding=\"async\" aria-describedby=\"caption-attachment-526780\" class=\"wp-image-526780 size-custom-full-size\" src=\"https:\/\/diarioelpopular.com\/wp-content\/uploads\/2024\/12\/Screen-Shot-2024-12-31-at-1.10.24-PM-636x359.png\" alt=\"\" width=\"636\" height=\"359\" srcset=\"https:\/\/diarioelpopular.com\/wp-content\/uploads\/2024\/12\/Screen-Shot-2024-12-31-at-1.10.24-PM-636x359.png 636w, https:\/\/diarioelpopular.com\/wp-content\/uploads\/2024\/12\/Screen-Shot-2024-12-31-at-1.10.24-PM-300x169.png 300w, https:\/\/diarioelpopular.com\/wp-content\/uploads\/2024\/12\/Screen-Shot-2024-12-31-at-1.10.24-PM-768x433.png 768w, https:\/\/diarioelpopular.com\/wp-content\/uploads\/2024\/12\/Screen-Shot-2024-12-31-at-1.10.24-PM-129x73.png 129w, https:\/\/diarioelpopular.com\/wp-content\/uploads\/2024\/12\/Screen-Shot-2024-12-31-at-1.10.24-PM.png 1024w\" sizes=\"auto, (max-width: 636px) 100vw, 636px\" \/><p id=\"caption-attachment-526780\" class=\"wp-caption-text\">Durante la construcci\u00f3n del Canal eran habituales las visitas de turistas estadounidenses que quer\u00eda ser testigo de la gran obra.<\/p><\/div>\n<p>&nbsp;<\/p>\n<p>&nbsp;<\/p>\n<div class=\"bbc-19j92fr ebmt73l0\" dir=\"ltr\">\n<ul>\n<li class=\"bbc-hhl7in e17g058b0\" dir=\"ltr\"><em><b>Hubo un tiempo en el que vivir cerca del Canal de Panam\u00e1 era equivalente a disfrutar de ciertos privilegios. Al menos, si eras estadounidense.<\/b><\/em><\/li>\n<\/ul>\n<\/div>\n<div class=\"bbc-19j92fr ebmt73l0\" dir=\"ltr\">\n<p dir=\"ltr\">\n<p dir=\"ltr\">\n<p class=\"bbc-hhl7in e17g058b0\" dir=\"ltr\">Los nacidos en la zona eran llamados &#8220;zone\u00edtas&#8221;, aunque hab\u00eda distintas clases en aquel &#8220;Ed\u00e9n&#8221;: los estadounidenses ten\u00edan un salario mayor y viv\u00edan con lujos, algo que no se aplicaba a los paname\u00f1os.<\/p>\n<\/div>\n<div class=\"bbc-19j92fr ebmt73l0\" dir=\"ltr\">\n<p class=\"bbc-hhl7in e17g058b0\" dir=\"ltr\">Fue as\u00ed hasta 1999, cuando el territorio dej\u00f3 oficialmente de pertenecer a Estados Unidos.<\/p>\n<p dir=\"ltr\">\n<\/div>\n<figure class=\"bbc-1qn0xuy\">\n<div class=\"bbc-18ywsw9\">\n<div style=\"width: 1034px\" class=\"wp-caption alignnone\"><img loading=\"lazy\" decoding=\"async\" class=\"bbc-139onq\" src=\"https:\/\/ichef.bbci.co.uk\/ace\/ws\/640\/cpsprodpb\/8c7f\/live\/df80d820-b3cf-11ef-a2ca-e99d0c9a24e3.jpg.webp\" alt=\"Canal de Panam\u00e1 \" width=\"1024\" height=\"991\" \/><p class=\"wp-caption-text\">Fuente de la imagen,Getty Images.\u00a0\u00a0El Ancon fue el primer barco que atraves\u00f3 el Canal de Panam\u00e1 el d\u00eda de su inauguraci\u00f3n, en agosto de 1914.<\/p><\/div>\n<\/div>\n<\/figure>\n<div class=\"bbc-19j92fr ebmt73l0\" dir=\"ltr\">\n<p dir=\"ltr\">\n<p dir=\"ltr\">\n<p class=\"bbc-hhl7in e17g058b0\" dir=\"ltr\">Por casi 100 a\u00f1os, miles de estadounidenses vivieron con todo lujo en tranquilas comunidades tropicales cerca de la bah\u00eda de Panam\u00e1.<\/p>\n<\/div>\n<div class=\"bbc-19j92fr ebmt73l0\" dir=\"ltr\">\n<p class=\"bbc-hhl7in e17g058b0\" dir=\"ltr\">Se encargaban del mantenimiento de una de las mayores obras de ingenier\u00eda del mundo,\u00a0el canal de Panam\u00e1, y se les conoc\u00eda como zone\u00edtas o zonianos (por el t\u00e9rmino en ingl\u00e9s, zonians).<\/p>\n<\/div>\n<div class=\"bbc-19j92fr ebmt73l0\" dir=\"ltr\">\n<p class=\"bbc-hhl7in e17g058b0\" dir=\"ltr\">La Zona del Canal de Panam\u00e1 fue una colonia de Estados Unidos establecida en el pa\u00eds centroamericano en 1903.<\/p>\n<\/div>\n<div class=\"bbc-19j92fr ebmt73l0\" dir=\"ltr\">\n<p class=\"bbc-hhl7in e17g058b0\" dir=\"ltr\">Constitu\u00eda un hogar lejos de casa para aquellos estadounidenses que construyeron el canal y aquellos que posteriormente se encargaron de su mantenimiento, as\u00ed como de sus familiares y los trabajadores de los servicios dirigidos a \u00e9stos.<\/p>\n<\/div>\n<div class=\"bbc-19j92fr ebmt73l0\" dir=\"ltr\">\n<p class=\"bbc-hhl7in e17g058b0\" dir=\"ltr\">Se trataba de\u00a0un \u00e1rea de 1.380 kil\u00f3metros cuadrados\u00a0a lo largo del canal y controlada por Estados Unidos. Las familias recib\u00edan generosos beneficios, incluidas viviendas de protecci\u00f3n, largas vacaciones, economatos bien surtidos y un personal amable.<\/p>\n<p dir=\"ltr\">\n<\/div>\n<figure class=\"bbc-1qn0xuy\">\n<div class=\"bbc-18ywsw9\">\n<div style=\"width: 2126px\" class=\"wp-caption alignnone\"><img loading=\"lazy\" decoding=\"async\" class=\"bbc-139onq\" src=\"https:\/\/ichef.bbci.co.uk\/ace\/ws\/640\/cpsprodpb\/cdd2\/live\/2e2152c0-b3d0-11ef-a2ca-e99d0c9a24e3.jpg.webp\" alt=\"El Puente de las Am\u00e9ricas atraviesa el Canal de Panam\u00e1.\" width=\"2116\" height=\"1416\" \/><p class=\"wp-caption-text\">Fuente de la imagen,Getty Images.\u00a0\u00a0El Puente de las Am\u00e9ricas atraviesa el Canal de Panam\u00e1.<\/p><\/div>\n<\/div>\n<\/figure>\n<div class=\"bbc-19j92fr ebmt73l0\" dir=\"ltr\">\n<p dir=\"ltr\">\n<p dir=\"ltr\">\n<p class=\"bbc-hhl7in e17g058b0\" dir=\"ltr\">Los residentes de la zona disfrutaban del buen clima y el relajado estilo de vida del lugar. Pero a su vez viv\u00edan en c\u00f3modas casas del estilo de su pa\u00eds de origen, recib\u00edan una educaci\u00f3n de primera clase y gozaban de todos los beneficios que les ofrec\u00eda la ciudadan\u00eda estadounidense.<\/p>\n<\/div>\n<div class=\"bbc-19j92fr ebmt73l0\" dir=\"ltr\">\n<p class=\"bbc-hhl7in e17g058b0\" dir=\"ltr\">&#8220;Era un extra\u00f1o lugar artificial&#8221;,\u00a0dice Michael Donoghue, autor de Borderland on the Isthmus: Race, Culture, and the Struggle for the Canal Zone(&#8220;Zona Fronteriza en el istmo: raza, cultura y la Lucha por la Zona del Canal&#8221;, 2014).<\/p>\n<\/div>\n<div class=\"bbc-19j92fr ebmt73l0\" dir=\"ltr\">\n<p class=\"bbc-hhl7in e17g058b0\" dir=\"ltr\">Su padre recorri\u00f3 el \u00e1rea durante la Segunda Guerra Mundial y la compar\u00f3 con &#8220;un peque\u00f1o pueblo sure\u00f1o trasplantado en medio de Centroam\u00e9rica&#8221;.<\/p>\n<p dir=\"ltr\">\n<\/div>\n<figure class=\"bbc-1qn0xuy\">\n<div class=\"bbc-18ywsw9\">\n<div style=\"width: 1034px\" class=\"wp-caption alignnone\"><img loading=\"lazy\" decoding=\"async\" class=\"bbc-139onq\" src=\"https:\/\/ichef.bbci.co.uk\/ace\/ws\/640\/cpsprodpb\/c301\/live\/6e55f030-b3d0-11ef-a0f2-fd81ae5962f4.jpg.webp\" alt=\"La est\u00e9tica de muchos edificios recordaba a Estados Unidos.\" width=\"1024\" height=\"656\" \/><p class=\"wp-caption-text\">Fuente de la imagen,Getty Images.\u00a0\u00a0La est\u00e9tica de muchos edificios recordaba a Estados Unidos.<\/p><\/div>\n<\/div>\n<\/figure>\n<div class=\"bbc-19j92fr ebmt73l0\" dir=\"ltr\">\n<h2 tabindex=\"-1\"><\/h2>\n<h2 id=\"Recuerdos-de-la-zona\" class=\"bbc-1lgzob2 eglt09e0\" tabindex=\"-1\">Recuerdos de la zona<\/h2>\n<\/div>\n<div class=\"bbc-19j92fr ebmt73l0\" dir=\"ltr\">\n<p class=\"bbc-hhl7in e17g058b0\" dir=\"ltr\">&#8220;Ten\u00edan un chiste&#8221;, recuerda Jill Bany, quien creci\u00f3 en la Zona. &#8220;\u00bfCu\u00e1ntos zone\u00edtas hacen falta para cambiar una bombilla?&#8221;, pregunta. Y se responde a s\u00ed mismo: &#8220;Dos. Uno para llamar al casero y el otro para mezclar las bebidas&#8221;.<\/p>\n<\/div>\n<div class=\"bbc-19j92fr ebmt73l0\" dir=\"ltr\">\n<p class=\"bbc-hhl7in e17g058b0\" dir=\"ltr\">Durante la Guerra de Corea (1950-1953), 100.000 estadounidenses viv\u00edan en la Zona, una d\u00e9cima parte de la poblaci\u00f3n del pa\u00eds. En tiempos de paz, eran la mitad.<\/p>\n<\/div>\n<div class=\"bbc-19j92fr ebmt73l0\" dir=\"ltr\">\n<p class=\"bbc-hhl7in e17g058b0\" dir=\"ltr\">El ingl\u00e9s era la lengua predominante e incluso aquellos que llevaban toda la vida en la Zona del Canal pod\u00edan vivir sin hablar una palabra de espa\u00f1ol.<\/p>\n<\/div>\n<div class=\"bbc-19j92fr ebmt73l0\" dir=\"ltr\">\n<p class=\"bbc-hhl7in e17g058b0\" dir=\"ltr\">&#8220;Estaban aislados de la poblaci\u00f3n paname\u00f1a por voluntad propia&#8221;, cuenta Alonzo Delaguardia, el vicerrector para relaciones universitarias del campus en Panam\u00e1 de la Universidad Estatal de Florida. El centro fue establecido en la Zona en 1957, por solicitud del Departamento de Defensa de Estados Unidos y para proveer educaci\u00f3n a los zone\u00edtas.<\/p>\n<\/div>\n<div class=\"bbc-19j92fr ebmt73l0\" dir=\"ltr\">\n<p class=\"bbc-hhl7in e17g058b0\" dir=\"ltr\">&#8220;Ten\u00edan todo aqu\u00ed&#8221;, dice desde el campus. &#8220;No necesitaban ir a Ciudad de Panam\u00e1&#8221;.<\/p>\n<\/div>\n<div class=\"bbc-19j92fr ebmt73l0\" dir=\"ltr\">\n<p class=\"bbc-hhl7in e17g058b0\" dir=\"ltr\">En efecto, los zone\u00edtas ten\u00edan sus propios clubs sociales y equipos deportivos.\u00a0Hab\u00eda en la Zona cines que proyectaban pel\u00edculas estadounidenses y tiendas en las que se vend\u00edan productos procedentes del aquel pa\u00eds.<\/p>\n<\/div>\n<div class=\"bbc-19j92fr ebmt73l0\" dir=\"ltr\">\n<p class=\"bbc-hhl7in e17g058b0\" dir=\"ltr\">Los estudiantes de las escuelas secundarias de Balboa y C\u00f3rdova formaban parte de un equipo de buceo y un coro, adem\u00e1s de estudiar biolog\u00eda marina y matem\u00e1ticas.<\/p>\n<\/div>\n<div class=\"bbc-19j92fr ebmt73l0\" dir=\"ltr\">\n<p class=\"bbc-hhl7in e17g058b0\" dir=\"ltr\">&#8220;Ten\u00edamos loros y monos en el patio trasero. Salir all\u00e1 era como poner un pie en la jungla&#8221;, recuerda Bany. A lo que a\u00f1ade que los habitantes de la Zona no sent\u00edan temor cuando sus hijos jugaban en la calle. &#8220;Era seguro&#8221;.<\/p>\n<\/div>\n<div class=\"bbc-19j92fr ebmt73l0\" dir=\"ltr\">\n<h2 id=\"Segregaci\u00f3n\" class=\"bbc-1lgzob2 eglt09e0\" tabindex=\"-1\">Segregaci\u00f3n<\/h2>\n<\/div>\n<figure class=\"bbc-1qn0xuy\">\n<div class=\"bbc-18ywsw9\">\n<div style=\"width: 1034px\" class=\"wp-caption alignnone\"><img loading=\"lazy\" decoding=\"async\" class=\"bbc-139onq\" src=\"https:\/\/ichef.bbci.co.uk\/ace\/ws\/640\/cpsprodpb\/f2aa\/live\/06377810-b3d1-11ef-aff0-072ce821b6ab.jpg.webp\" alt=\"En enero de 1964 hubo fuertes enfrentamientos entre estudiantes y agentes de la polic\u00eda.\" width=\"1024\" height=\"689\" \/><p class=\"wp-caption-text\">Fuente de la imagen,Getty Images.\u00a0\u00a0En enero de 1964 hubo fuertes enfrentamientos entre estudiantes y agentes de la polic\u00eda.<\/p><\/div>\n<p class=\"bbc-by8ykd\" role=\"text\">\n<\/div>\n<\/figure>\n<div class=\"bbc-19j92fr ebmt73l0\" dir=\"ltr\">\n<p dir=\"ltr\">\n<p class=\"bbc-hhl7in e17g058b0\" dir=\"ltr\">Pero no todo era id\u00edlico. Durante mucho tiempo la segregaci\u00f3n entre estadounidenses y trabajadores del Caribe en general y de las islas brit\u00e1nicas fue una realidad en la zona. Exist\u00edan diferentes servicios para unos y otros, los primeros &#8220;de oro&#8221; y los segundos &#8220;de plata&#8221;.<\/p>\n<\/div>\n<div class=\"bbc-19j92fr ebmt73l0\" dir=\"ltr\">\n<p class=\"bbc-hhl7in e17g058b0\" dir=\"ltr\">Estos t\u00e9rminos hac\u00edan referencia a la \u00e9poca en la que se construy\u00f3 la l\u00ednea de ferrocarril, en el siglo XIX. Los estadounidenses recibieron sueldos m\u00e1s altos, en oro, y los inmigrantes de las islas brit\u00e1nicas m\u00e1s bajos, en plata.<\/p>\n<\/div>\n<div class=\"bbc-19j92fr ebmt73l0\" dir=\"ltr\">\n<p class=\"bbc-hhl7in e17g058b0\" dir=\"ltr\">La eliminaci\u00f3n de la segregaci\u00f3n escolar y el Acta de Derechos Civiles no se aplic\u00f3 hasta la d\u00e9cada de 1970,\u00a0casi 20 a\u00f1os despu\u00e9s de que fueran implementados en EE.UU.<\/p>\n<\/div>\n<div class=\"bbc-19j92fr ebmt73l0\" dir=\"ltr\">\n<p class=\"bbc-hhl7in e17g058b0\" dir=\"ltr\">&#8220;Nac\u00ed en el mismo hospital que John McCain, pero \u00e9l sali\u00f3 estadounidense y yo sal\u00ed paname\u00f1a&#8221;, se\u00f1ala Yvette Modest\u00edn.<\/p>\n<\/div>\n<div class=\"bbc-19j92fr ebmt73l0\" dir=\"ltr\">\n<p class=\"bbc-hhl7in e17g058b0\" dir=\"ltr\">El senador McCain, quien fuera candidato presidencial, pas\u00f3 sus primeros cinco a\u00f1os de vida en Panam\u00e1, como hijo de un almirante de la Marina. Por su parte, Modest\u00edn creci\u00f3 en la Zona, pero se nutri\u00f3 de una cultura con ra\u00edces paname\u00f1as y caribe\u00f1as.<\/p>\n<\/div>\n<div class=\"bbc-19j92fr ebmt73l0\" dir=\"ltr\">\n<p class=\"bbc-hhl7in e17g058b0\" dir=\"ltr\">Ella no tuvo contacto con los zone\u00edtas blancos hasta que se elimin\u00f3 la segregaci\u00f3n de las escuelas. Pero esto no afect\u00f3 a su educaci\u00f3n, asegura.<\/p>\n<\/div>\n<div class=\"bbc-19j92fr ebmt73l0\" dir=\"ltr\">\n<p class=\"bbc-hhl7in e17g058b0\" dir=\"ltr\">&#8220;Conoc\u00ed enfermeras, m\u00e9dicos, bomberos y profesores negros, por lo que supe que pod\u00eda convertirme en uno de ellos&#8221;, explica.\u00a0&#8220;Sab\u00edamos que no pose\u00edamos lo que ten\u00eda la comunidad blanca, pero no lo quer\u00edamos&#8221;.<\/p>\n<\/div>\n<div class=\"bbc-19j92fr ebmt73l0\" dir=\"ltr\">\n<p class=\"bbc-hhl7in e17g058b0\" dir=\"ltr\">A pesar de ser consciente del brutal racismo sufrido por sus padres y abuelos, se sent\u00eda orgullosa del trabajo que su familia y su comunidad hizo para construir el canal.<\/p>\n<\/div>\n<div class=\"bbc-19j92fr ebmt73l0\" dir=\"ltr\">\n<p class=\"bbc-hhl7in e17g058b0\" dir=\"ltr\">Tanto Modest\u00edn como Bany recuerdan haber participado en la carrera anual de cayucos, en la que los zone\u00edtas remaban por el canal durante tres d\u00edas.<\/p>\n<\/div>\n<div class=\"bbc-19j92fr ebmt73l0\" dir=\"ltr\">\n<h2 id=\"Alta-tensi\u00f3n\" class=\"bbc-1lgzob2 eglt09e0\" tabindex=\"-1\">Alta tensi\u00f3n<\/h2>\n<\/div>\n<div class=\"bbc-19j92fr ebmt73l0\" dir=\"ltr\">\n<p class=\"bbc-hhl7in e17g058b0\" dir=\"ltr\">Pero fuera de la Zona del Canal la tensi\u00f3n era alta.<\/p>\n<\/div>\n<div class=\"bbc-19j92fr ebmt73l0\" dir=\"ltr\">\n<p class=\"bbc-hhl7in e17g058b0\" dir=\"ltr\">Yvette Modest\u00edn fue la primera animadora negra de que la escuela secundaria Crist\u00f3bal, tras el fin de la segregaci\u00f3n escolar.<\/p>\n<\/div>\n<div class=\"bbc-19j92fr ebmt73l0\" dir=\"ltr\">\n<p class=\"bbc-hhl7in e17g058b0\" dir=\"ltr\">&#8220;La mayor\u00eda de los zone\u00edtas no eran conscientes del resentimiento que hab\u00edan empezado a provocar entre los paname\u00f1os&#8221;, dice Donoghue.<\/p>\n<\/div>\n<div class=\"bbc-19j92fr ebmt73l0\" dir=\"ltr\">\n<p class=\"bbc-hhl7in e17g058b0\" dir=\"ltr\">Mientras los estadounidenses viv\u00edan con privilegios, los paname\u00f1os &#8220;a veces no pod\u00edan cruzar su pa\u00eds sin el permiso de la polic\u00eda for\u00e1nea&#8221;, explica. Esos agentes hablaban otra lengua, el ingl\u00e9s, y aplicaban otra ley, la estadounidense.<\/p>\n<\/div>\n<div class=\"bbc-19j92fr ebmt73l0\" dir=\"ltr\">\n<p class=\"bbc-hhl7in e17g058b0\" dir=\"ltr\">Incluso enviaron a algunos paname\u00f1os que quebraron estas leyes a la c\u00e1rcel administrada por EE.UU. en la Zona.<\/p>\n<\/div>\n<div class=\"bbc-19j92fr ebmt73l0\" dir=\"ltr\">\n<p class=\"bbc-hhl7in e17g058b0\" dir=\"ltr\">Cuando Estados Unidos firm\u00f3 el contrato para terminar el canal en 1903, el gobierno de Panam\u00e1 garantiz\u00f3 los derechos de aquel pa\u00eds en la Zona del Canal &#8220;como si fuera soberano y en perpetuidad&#8221;.<\/p>\n<\/div>\n<div class=\"bbc-19j92fr ebmt73l0\" dir=\"ltr\">\n<p class=\"bbc-hhl7in e17g058b0\" dir=\"ltr\">Las violentas protestas de 1964 contra la Zona causaron la muerte de 21 paname\u00f1os y cuatro soldados estadounidenses.<\/p>\n<p dir=\"ltr\">\n<\/div>\n<figure class=\"bbc-1qn0xuy\">\n<div class=\"bbc-18ywsw9\">\n<div style=\"width: 1034px\" class=\"wp-caption alignnone\"><img loading=\"lazy\" decoding=\"async\" class=\"bbc-139onq\" src=\"https:\/\/ichef.bbci.co.uk\/ace\/ws\/640\/cpsprodpb\/5c0d\/live\/cda87100-b3dc-11ef-9f3f-05ad5186cede.jpg.webp\" alt=\"El canal de Panam\u00e1 \" width=\"1024\" height=\"576\" \/><p class=\"wp-caption-text\">Fuente de la imagen,Getty Images.\u00a0\u00a0La Zona del Canal de Panam\u00e1 fue una colonia de Estados Unidos establecida en el pa\u00eds centroamericano en 1903.<\/p><\/div>\n<\/div>\n<\/figure>\n<div class=\"bbc-19j92fr ebmt73l0\" dir=\"ltr\">\n<p dir=\"ltr\">\n<p dir=\"ltr\">\n<p class=\"bbc-hhl7in e17g058b0\" dir=\"ltr\">El 7 de septiembre de 1977 el presidente de EE.UU., Jimmy Carter, y el jefe de gobierno de Panam\u00e1, Omar Torrijos, firmaron el Tratado Torrijos-Carter, seg\u00fan el cual\u00a0Estados Unidos se comprometi\u00f3 a devolver a Panam\u00e1 el control completo del canal el 31 de diciembre de 1999.<\/p>\n<\/div>\n<div class=\"bbc-19j92fr ebmt73l0\" dir=\"ltr\">\n<p class=\"bbc-hhl7in e17g058b0\" dir=\"ltr\">El 60% de la Zona fue devuelta a Panam\u00e1 en 1979 y, como consecuencia, los hijos de estadounidenses nacidos en aquel \u00e1rea despu\u00e9s no fueron considerados oficialmente zone\u00edtas por m\u00e1s tiempo.<\/p>\n<\/div>\n<div class=\"bbc-19j92fr ebmt73l0\" dir=\"ltr\">\n<p class=\"bbc-hhl7in e17g058b0\" dir=\"ltr\">Al terminar la transferencia del control sobre el canal el 31 de diciembre de 1999,\u00a0la mayor\u00eda de los estadounidenses regresaron a su pa\u00eds.<\/p>\n<\/div>\n<div class=\"bbc-19j92fr ebmt73l0\" dir=\"ltr\">\n<h2 id=\"El-\u00e9xodo\" class=\"bbc-1lgzob2 eglt09e0\" tabindex=\"-1\">El \u00e9xodo<\/h2>\n<\/div>\n<div class=\"bbc-19j92fr ebmt73l0\" dir=\"ltr\">\n<p class=\"bbc-hhl7in e17g058b0\" dir=\"ltr\">&#8220;Tuve una infancia normal, con amigos del barrio en un bonito vecindario de los suburbios, con c\u00e9sped bien segado. Y de repente todo el mundo se hab\u00eda ido&#8221;, dice Zach Kunkel, quien naci\u00f3 en 1976.\u00a0&#8220;De un d\u00eda para otro, qued\u00f3 claro que todo hab\u00eda cambiado y que no hab\u00eda vuelta atr\u00e1s&#8221;.<\/p>\n<\/div>\n<div class=\"bbc-19j92fr ebmt73l0\" dir=\"ltr\">\n<p class=\"bbc-hhl7in e17g058b0\" dir=\"ltr\">M\u00e1rquez, cuya familia tambi\u00e9n se qued\u00f3 en Panam\u00e1, recuerda c\u00f3mo de los 180 alumnos de su clase, 160 se marcharon.<\/p>\n<\/div>\n<div class=\"bbc-19j92fr ebmt73l0\" dir=\"ltr\">\n<p class=\"bbc-hhl7in e17g058b0\" dir=\"ltr\">Por haber sido residentes de la Zona, su familia tuvo en su momento la opci\u00f3n de comprar uno de los d\u00faplex blancos id\u00e9nticos del \u00e1rea residencial. Despu\u00e9s lo vendieron y se mudaron a la ciudad.<\/p>\n<\/div>\n<div class=\"bbc-19j92fr ebmt73l0\" dir=\"ltr\">\n<p class=\"bbc-hhl7in e17g058b0\" dir=\"ltr\">Ahora aquellas casas lucen de colores y ya no son iguales.<\/p>\n<\/div>\n<div class=\"bbc-19j92fr ebmt73l0\" dir=\"ltr\">\n<p class=\"bbc-hhl7in e17g058b0\" dir=\"ltr\">Muchos las personalizaron, a\u00f1adiendo porches y otros elementos, para olvidar la uniformidad que rein\u00f3 en otra \u00e9poca en la Zona del Canal.<\/p>\n<\/div>\n<div class=\"bbc-19j92fr ebmt73l0\" dir=\"ltr\">\n<p class=\"bbc-hhl7in e17g058b0\" dir=\"ltr\">Pero Panam\u00e1 tambi\u00e9n dej\u00f3 su marca en los zone\u00edtas que regresaron a Estados Unidos.\u00a0Cada a\u00f1o, cientos de ellos se re\u00fanen en Tampa (Florida, EE.UU.).<\/p>\n<\/div>\n<div class=\"bbc-19j92fr ebmt73l0\" dir=\"ltr\">\n<p class=\"bbc-hhl7in e17g058b0\" dir=\"ltr\">&#8220;Si hubiera sido m\u00e1s mayor, nunca me hubiera ido de Panam\u00e1&#8221;, dice Bany, quien tuvo que mudarse con su familia a Tulsa (Oklahoma, EE.UU.).<\/p>\n<\/div>\n<div class=\"bbc-19j92fr ebmt73l0\" dir=\"ltr\">\n<p class=\"bbc-hhl7in e17g058b0\" dir=\"ltr\">&#8220;Era un lugar perfecto&#8221;.<\/p>\n<p dir=\"ltr\">\n<\/div>\n<figure class=\"bbc-1qn0xuy\">\n<div class=\"bbc-18ywsw9\">\n<div style=\"width: 1034px\" class=\"wp-caption alignnone\"><img loading=\"lazy\" decoding=\"async\" class=\"bbc-139onq\" src=\"https:\/\/ichef.bbci.co.uk\/ace\/ws\/640\/cpsprodpb\/e01a\/live\/556083a0-b3d1-11ef-a0f2-fd81ae5962f4.jpg.webp\" alt=\"Entrada a la Zona del Canal de Panam\u00e1, 1968.\" width=\"1024\" height=\"699\" \/><p class=\"wp-caption-text\">Fuente de la imagen,Getty Images.\u00a0\u00a0Entrada a la Zona del Canal de Panam\u00e1, 1968.<\/p><\/div>\n<p class=\"bbc-by8ykd\" role=\"text\">\n<\/div>\n<\/figure>\n","protected":false},"excerpt":{"rendered":"<p>&nbsp; &nbsp; Hubo un tiempo en el que vivir cerca del Canal de Panam\u00e1 era equivalente a disfrutar de ciertos privilegios. Al menos, si eras&hellip;<\/p>\n","protected":false},"author":99,"featured_media":526780,"comment_status":"open","ping_status":"open","sticky":false,"template":"","format":"standard","meta":{"footnotes":""},"categories":[23],"tags":[],"class_list":["post-526779","post","type-post","status-publish","format-standard","has-post-thumbnail","hentry","category-latinoamerica"],"_links":{"self":[{"href":"https:\/\/diarioelpopular.com\/index.php\/wp-json\/wp\/v2\/posts\/526779","targetHints":{"allow":["GET"]}}],"collection":[{"href":"https:\/\/diarioelpopular.com\/index.php\/wp-json\/wp\/v2\/posts"}],"about":[{"href":"https:\/\/diarioelpopular.com\/index.php\/wp-json\/wp\/v2\/types\/post"}],"author":[{"embeddable":true,"href":"https:\/\/diarioelpopular.com\/index.php\/wp-json\/wp\/v2\/users\/99"}],"replies":[{"embeddable":true,"href":"https:\/\/diarioelpopular.com\/index.php\/wp-json\/wp\/v2\/comments?post=526779"}],"version-history":[{"count":1,"href":"https:\/\/diarioelpopular.com\/index.php\/wp-json\/wp\/v2\/posts\/526779\/revisions"}],"predecessor-version":[{"id":526781,"href":"https:\/\/diarioelpopular.com\/index.php\/wp-json\/wp\/v2\/posts\/526779\/revisions\/526781"}],"wp:featuredmedia":[{"embeddable":true,"href":"https:\/\/diarioelpopular.com\/index.php\/wp-json\/wp\/v2\/media\/526780"}],"wp:attachment":[{"href":"https:\/\/diarioelpopular.com\/index.php\/wp-json\/wp\/v2\/media?parent=526779"}],"wp:term":[{"taxonomy":"category","embeddable":true,"href":"https:\/\/diarioelpopular.com\/index.php\/wp-json\/wp\/v2\/categories?post=526779"},{"taxonomy":"post_tag","embeddable":true,"href":"https:\/\/diarioelpopular.com\/index.php\/wp-json\/wp\/v2\/tags?post=526779"}],"curies":[{"name":"wp","href":"https:\/\/api.w.org\/{rel}","templated":true}]}}