{"id":526787,"date":"2024-12-31T14:25:16","date_gmt":"2024-12-31T18:25:16","guid":{"rendered":"https:\/\/diarioelpopular.com\/?p=526787"},"modified":"2024-12-31T14:25:16","modified_gmt":"2024-12-31T18:25:16","slug":"las-imagenes-que-marcaron-el-2024-en-america","status":"publish","type":"post","link":"https:\/\/diarioelpopular.com\/index.php\/2024\/12\/31\/las-imagenes-que-marcaron-el-2024-en-america\/","title":{"rendered":"Las im\u00e1genes que marcaron el 2024 en Am\u00e9rica"},"content":{"rendered":"<p><img loading=\"lazy\" decoding=\"async\" class=\"alignnone size-custom-big-size wp-image-526788\" src=\"https:\/\/diarioelpopular.com\/wp-content\/uploads\/2024\/12\/Screen-Shot-2024-12-31-at-1.24.43-PM-1200x646.png\" alt=\"\" width=\"1200\" height=\"646\" srcset=\"https:\/\/diarioelpopular.com\/wp-content\/uploads\/2024\/12\/Screen-Shot-2024-12-31-at-1.24.43-PM-1200x646.png 1200w, https:\/\/diarioelpopular.com\/wp-content\/uploads\/2024\/12\/Screen-Shot-2024-12-31-at-1.24.43-PM-300x162.png 300w, https:\/\/diarioelpopular.com\/wp-content\/uploads\/2024\/12\/Screen-Shot-2024-12-31-at-1.24.43-PM-768x414.png 768w, https:\/\/diarioelpopular.com\/wp-content\/uploads\/2024\/12\/Screen-Shot-2024-12-31-at-1.24.43-PM-636x343.png 636w, https:\/\/diarioelpopular.com\/wp-content\/uploads\/2024\/12\/Screen-Shot-2024-12-31-at-1.24.43-PM-136x73.png 136w, https:\/\/diarioelpopular.com\/wp-content\/uploads\/2024\/12\/Screen-Shot-2024-12-31-at-1.24.43-PM.png 1024w\" sizes=\"auto, (max-width: 1200px) 100vw, 1200px\" \/><\/p>\n<p>&nbsp;<\/p>\n<p>&nbsp;<\/p>\n<header class=\"a_e _pr a_e--m\">\n<div class=\"a_e_txt _df\">\n<h4 class=\"a_st\"><em>&#8211; El atentado a Donald Trump, el triunfo del magnate como nuevo presidente de los Estados Unidos, los huracanes golpeando con fuerza las costas y la violencia en Hait\u00ed son algunos de los momentos que marcaron el 2024 en el continente<\/em><\/h4>\n<\/div>\n<\/header>\n<div class=\"a_md _g _g-xs \"><\/div>\n<div><\/div>\n<div>\n<div id=\"gallery-slider\" class=\"gallery-slider-container\">\n<div class=\"gal__figs-scl\">\n<div class=\"a_gl\" data-dtm-region=\"articulo_sumarioenlaces-fototexto\">\n<figure class=\"a_m _pr gallery-photo-1 gallery-slider__photo  first a_m-h \"><span class=\"a_m_w _db\"><img loading=\"lazy\" decoding=\"async\" id=\"foto_gal_1\" class=\"_re lazyload a_m-h\" src=\"https:\/\/imagenes.elpais.com\/resizer\/v2\/GRYAWHO6VVHWBIMA4VQUYJCX6Q.jpg?auth=64b35376c8706fe6fad03932786fbb692ec89614b4cd0f7dab28ad668c83ad37&amp;width=414\" sizes=\"auto, (min-width:1199px) 1155px,(min-width:1001px) calc(100vw - 44px),(min-width:768px) 767px, 100vw\" srcset=\"https:\/\/imagenes.elpais.com\/resizer\/v2\/GRYAWHO6VVHWBIMA4VQUYJCX6Q.jpg?auth=64b35376c8706fe6fad03932786fbb692ec89614b4cd0f7dab28ad668c83ad37&amp;width=414 414w,https:\/\/imagenes.elpais.com\/resizer\/v2\/GRYAWHO6VVHWBIMA4VQUYJCX6Q.jpg?auth=64b35376c8706fe6fad03932786fbb692ec89614b4cd0f7dab28ad668c83ad37&amp;width=828 640w,https:\/\/imagenes.elpais.com\/resizer\/v2\/GRYAWHO6VVHWBIMA4VQUYJCX6Q.jpg?auth=64b35376c8706fe6fad03932786fbb692ec89614b4cd0f7dab28ad668c83ad37&amp;width=980 1000w,https:\/\/imagenes.elpais.com\/resizer\/v2\/GRYAWHO6VVHWBIMA4VQUYJCX6Q.jpg?auth=64b35376c8706fe6fad03932786fbb692ec89614b4cd0f7dab28ad668c83ad37&amp;width=1960 1960w\" alt=\"El paisaje en la carretera federal 20, durante una tormenta de nieve cerca de Galva, Iowa, el 13 de enero de 2024. \" width=\"414\" height=\"276\" \/><\/span><figcaption class=\"a_m_p\">El paisaje en la carretera federal 20, durante una tormenta de nieve cerca de Galva, Iowa, el 13 de enero de 2024.<span class=\"a_m_m\">Carolyn Kaster (AP)<\/span><\/figcaption><\/figure>\n<figure class=\"a_m _pr gallery-photo-2 gallery-slider__photo  a_m-h \"><span class=\"a_m_w _db\"><img loading=\"lazy\" decoding=\"async\" id=\"foto_gal_2\" class=\"_re lazyload a_m-h\" src=\"https:\/\/imagenes.elpais.com\/resizer\/v2\/3XPP424WH5AJZPP3RWFEEG7J2A.jpg?auth=a2d3d8d0af3490aefb37feae10b1b7409cc34e745f19e79ebc94869bde4acdb8&amp;width=414\" sizes=\"auto, (min-width:1199px) 1155px,(min-width:1001px) calc(100vw - 44px),(min-width:768px) 767px, 100vw\" srcset=\"https:\/\/imagenes.elpais.com\/resizer\/v2\/3XPP424WH5AJZPP3RWFEEG7J2A.jpg?auth=a2d3d8d0af3490aefb37feae10b1b7409cc34e745f19e79ebc94869bde4acdb8&amp;width=414 414w,https:\/\/imagenes.elpais.com\/resizer\/v2\/3XPP424WH5AJZPP3RWFEEG7J2A.jpg?auth=a2d3d8d0af3490aefb37feae10b1b7409cc34e745f19e79ebc94869bde4acdb8&amp;width=828 640w,https:\/\/imagenes.elpais.com\/resizer\/v2\/3XPP424WH5AJZPP3RWFEEG7J2A.jpg?auth=a2d3d8d0af3490aefb37feae10b1b7409cc34e745f19e79ebc94869bde4acdb8&amp;width=980 1000w,https:\/\/imagenes.elpais.com\/resizer\/v2\/3XPP424WH5AJZPP3RWFEEG7J2A.jpg?auth=a2d3d8d0af3490aefb37feae10b1b7409cc34e745f19e79ebc94869bde4acdb8&amp;width=1960 1960w\" alt=\"La gente pesca junto al drenaje que desemboca en el r\u00edo Paraguay de Asunci\u00f3n, el 28 de enero de 2024. \" width=\"414\" height=\"276\" \/><\/span><figcaption class=\"a_m_p\">La gente pesca junto al drenaje que desemboca en el r\u00edo Paraguay de Asunci\u00f3n, el 28 de enero de 2024.<span class=\"a_m_m\">Jorge Saenz (AP)<\/span><\/figcaption><\/figure>\n<figure class=\"a_m _pr gallery-photo-3 gallery-slider__photo  a_m-h \"><span class=\"a_m_w _db\"><img loading=\"lazy\" decoding=\"async\" id=\"foto_gal_3\" class=\"_re lazyload a_m-h\" src=\"https:\/\/imagenes.elpais.com\/resizer\/v2\/2KFBVE4CHREOHK432VO3HLM4CI.jpg?auth=4ca260cd20b4c3f87227ec11b2629347ea03f865745d2bf5743ce2ce726dd9fe&amp;width=414\" sizes=\"auto, (min-width:1199px) 1155px,(min-width:1001px) calc(100vw - 44px),(min-width:768px) 767px, 100vw\" srcset=\"https:\/\/imagenes.elpais.com\/resizer\/v2\/2KFBVE4CHREOHK432VO3HLM4CI.jpg?auth=4ca260cd20b4c3f87227ec11b2629347ea03f865745d2bf5743ce2ce726dd9fe&amp;width=414 414w,https:\/\/imagenes.elpais.com\/resizer\/v2\/2KFBVE4CHREOHK432VO3HLM4CI.jpg?auth=4ca260cd20b4c3f87227ec11b2629347ea03f865745d2bf5743ce2ce726dd9fe&amp;width=828 640w,https:\/\/imagenes.elpais.com\/resizer\/v2\/2KFBVE4CHREOHK432VO3HLM4CI.jpg?auth=4ca260cd20b4c3f87227ec11b2629347ea03f865745d2bf5743ce2ce726dd9fe&amp;width=980 1000w,https:\/\/imagenes.elpais.com\/resizer\/v2\/2KFBVE4CHREOHK432VO3HLM4CI.jpg?auth=4ca260cd20b4c3f87227ec11b2629347ea03f865745d2bf5743ce2ce726dd9fe&amp;width=1960 1960w\" alt=\"Incendio Achupallas\" width=\"414\" height=\"277\" \/><\/span><figcaption class=\"a_m_p\">Un hombre sobre los restos de su casa tras el incendio que afect\u00f3 el sector de Achupallas de Vi\u00f1a del Mar, Chile, el pasado 5 de febrero.<span class=\"a_m_m\">Raul Goycoolea<\/span><\/figcaption><\/figure>\n<figure class=\"a_m _pr gallery-photo-4 gallery-slider__photo  a_m-h \"><span class=\"a_m_w _db\"><img loading=\"lazy\" decoding=\"async\" id=\"foto_gal_4\" class=\"_re lazyload a_m-h\" src=\"https:\/\/imagenes.elpais.com\/resizer\/v2\/TI24RGDLU5DRBJ5MSL7FJ6L2U4.jpg?auth=02250704b661257d0b31fdca5265dac99042bd45f55c00ffd828a8bb353e1890&amp;width=414\" sizes=\"auto, (min-width:1199px) 1155px,(min-width:1001px) calc(100vw - 44px),(min-width:768px) 767px, 100vw\" srcset=\"https:\/\/imagenes.elpais.com\/resizer\/v2\/TI24RGDLU5DRBJ5MSL7FJ6L2U4.jpg?auth=02250704b661257d0b31fdca5265dac99042bd45f55c00ffd828a8bb353e1890&amp;width=414 414w,https:\/\/imagenes.elpais.com\/resizer\/v2\/TI24RGDLU5DRBJ5MSL7FJ6L2U4.jpg?auth=02250704b661257d0b31fdca5265dac99042bd45f55c00ffd828a8bb353e1890&amp;width=828 640w,https:\/\/imagenes.elpais.com\/resizer\/v2\/TI24RGDLU5DRBJ5MSL7FJ6L2U4.jpg?auth=02250704b661257d0b31fdca5265dac99042bd45f55c00ffd828a8bb353e1890&amp;width=980 1000w,https:\/\/imagenes.elpais.com\/resizer\/v2\/TI24RGDLU5DRBJ5MSL7FJ6L2U4.jpg?auth=02250704b661257d0b31fdca5265dac99042bd45f55c00ffd828a8bb353e1890&amp;width=1960 1960w\" alt=\"Un mural de  Mar\u00eda Eva Duarte de Per\u00f3n, m\u00e1s conocida como Eva Per\u00f3n o Evita, que la representa con un halo de santa, adorna una pared dentro del restaurante Per\u00f3n Per\u00f3n en el barrio de San Telmo de Buenos Aires, Argentina, el viernes 9 de febrero de 2024. \" width=\"414\" height=\"276\" \/><\/span><figcaption class=\"a_m_p\">Un mural de Mar\u00eda Eva Duarte de Per\u00f3n, m\u00e1s conocida como Eva Per\u00f3n o Evita, que la representa con un halo de santa, adorna una pared dentro del restaurante Per\u00f3n Per\u00f3n en el barrio de San Telmo de Buenos Aires, Argentina, el viernes 9 de febrero de 2024.<span class=\"a_m_m\">Natacha Pisarenko (AP)<\/span><\/figcaption><\/figure>\n<figure class=\"a_m _pr gallery-photo-5 gallery-slider__photo  a_m-h \"><span class=\"a_m_w _db\"><img loading=\"lazy\" decoding=\"async\" id=\"foto_gal_5\" class=\"_re lazyload a_m-h\" src=\"https:\/\/imagenes.elpais.com\/resizer\/v2\/GCN4XG6EQFBTNHP3M4OGLBP4X4.jpg?auth=fc4a5add755b8277aa40beec193457709baaf3f90e70f5044f2c7667b7148a2c&amp;width=414\" sizes=\"auto, (min-width:1199px) 1155px,(min-width:1001px) calc(100vw - 44px),(min-width:768px) 767px, 100vw\" srcset=\"https:\/\/imagenes.elpais.com\/resizer\/v2\/GCN4XG6EQFBTNHP3M4OGLBP4X4.jpg?auth=fc4a5add755b8277aa40beec193457709baaf3f90e70f5044f2c7667b7148a2c&amp;width=414 414w,https:\/\/imagenes.elpais.com\/resizer\/v2\/GCN4XG6EQFBTNHP3M4OGLBP4X4.jpg?auth=fc4a5add755b8277aa40beec193457709baaf3f90e70f5044f2c7667b7148a2c&amp;width=828 640w,https:\/\/imagenes.elpais.com\/resizer\/v2\/GCN4XG6EQFBTNHP3M4OGLBP4X4.jpg?auth=fc4a5add755b8277aa40beec193457709baaf3f90e70f5044f2c7667b7148a2c&amp;width=980 1000w,https:\/\/imagenes.elpais.com\/resizer\/v2\/GCN4XG6EQFBTNHP3M4OGLBP4X4.jpg?auth=fc4a5add755b8277aa40beec193457709baaf3f90e70f5044f2c7667b7148a2c&amp;width=1960 1960w\" alt=\"El f\u00e9retro del expresidente chileno Sebasti\u00e1n Pi\u00f1era es llevado por guardias de honor a la Catedral de Santiago de Chile tras fallecer en un accidente de helic\u00f3ptero, el viernes 9 de febrero de 2024. \" width=\"414\" height=\"276\" \/><\/span><figcaption class=\"a_m_p\">El f\u00e9retro del expresidente chileno Sebasti\u00e1n Pi\u00f1era es llevado por guardias de honor a la Catedral de Santiago de Chile tras fallecer en un accidente de helic\u00f3ptero, el viernes 9 de febrero de 2024.<span class=\"a_m_m\">Matias Basualdo (AP)<\/span><\/figcaption><\/figure>\n<figure class=\"a_m _pr gallery-photo-6 gallery-slider__photo  a_m-h \"><span class=\"a_m_w _db\"><img loading=\"lazy\" decoding=\"async\" id=\"foto_gal_6\" class=\"_re lazyload a_m-h\" src=\"https:\/\/imagenes.elpais.com\/resizer\/v2\/XP2RVLD7A5FTNIG7NNSBT23YSI.jpg?auth=68f852649d01adfcac646f645e5a0607c8aa4fadde6dd0007aa2660f0228efe0&amp;width=414\" sizes=\"auto, (min-width:1199px) 1155px,(min-width:1001px) calc(100vw - 44px),(min-width:768px) 767px, 100vw\" srcset=\"https:\/\/imagenes.elpais.com\/resizer\/v2\/XP2RVLD7A5FTNIG7NNSBT23YSI.jpg?auth=68f852649d01adfcac646f645e5a0607c8aa4fadde6dd0007aa2660f0228efe0&amp;width=414 414w,https:\/\/imagenes.elpais.com\/resizer\/v2\/XP2RVLD7A5FTNIG7NNSBT23YSI.jpg?auth=68f852649d01adfcac646f645e5a0607c8aa4fadde6dd0007aa2660f0228efe0&amp;width=828 640w,https:\/\/imagenes.elpais.com\/resizer\/v2\/XP2RVLD7A5FTNIG7NNSBT23YSI.jpg?auth=68f852649d01adfcac646f645e5a0607c8aa4fadde6dd0007aa2660f0228efe0&amp;width=980 1000w,https:\/\/imagenes.elpais.com\/resizer\/v2\/XP2RVLD7A5FTNIG7NNSBT23YSI.jpg?auth=68f852649d01adfcac646f645e5a0607c8aa4fadde6dd0007aa2660f0228efe0&amp;width=1960 1960w\" alt=\"Un jugador de los Marineros de Seattle lanza una pelota contra su propia sombra, durante los entrenamientos de primavera, el 15 de febrero de 2024, en Peoria, Arizona. \" width=\"414\" height=\"276\" \/><\/span><figcaption class=\"a_m_p\">Un jugador de los Marineros de Seattle lanza una pelota contra su propia sombra, durante los entrenamientos de primavera, el 15 de febrero de 2024, en Peoria, Arizona.<span class=\"a_m_m\">Lindsey Wasson (AP)<\/span><\/figcaption><\/figure>\n<figure class=\"a_m _pr gallery-photo-7 gallery-slider__photo  a_m-h \"><span class=\"a_m_w _db\"><img loading=\"lazy\" decoding=\"async\" id=\"foto_gal_7\" class=\"_re lazyload a_m-h\" src=\"https:\/\/imagenes.elpais.com\/resizer\/v2\/W4LOUAJGS5FXLJKQI53DUU7D5Y.jpg?auth=bc660cb37717a78363ac4b0dcc7c1fe347e056d4488b076bca9ad398a1a738d6&amp;width=414\" sizes=\"auto, (min-width:1199px) 1155px,(min-width:1001px) calc(100vw - 44px),(min-width:768px) 767px, 100vw\" srcset=\"https:\/\/imagenes.elpais.com\/resizer\/v2\/W4LOUAJGS5FXLJKQI53DUU7D5Y.jpg?auth=bc660cb37717a78363ac4b0dcc7c1fe347e056d4488b076bca9ad398a1a738d6&amp;width=414 414w,https:\/\/imagenes.elpais.com\/resizer\/v2\/W4LOUAJGS5FXLJKQI53DUU7D5Y.jpg?auth=bc660cb37717a78363ac4b0dcc7c1fe347e056d4488b076bca9ad398a1a738d6&amp;width=828 640w,https:\/\/imagenes.elpais.com\/resizer\/v2\/W4LOUAJGS5FXLJKQI53DUU7D5Y.jpg?auth=bc660cb37717a78363ac4b0dcc7c1fe347e056d4488b076bca9ad398a1a738d6&amp;width=980 1000w,https:\/\/imagenes.elpais.com\/resizer\/v2\/W4LOUAJGS5FXLJKQI53DUU7D5Y.jpg?auth=bc660cb37717a78363ac4b0dcc7c1fe347e056d4488b076bca9ad398a1a738d6&amp;width=1960 1960w\" alt=\"Alicia Keys, durante el espect\u00e1culo de medio tiempo en la  Super Bowl 58, el 11 de febrero de 2024 en Las Vegas. \" width=\"414\" height=\"276\" \/><\/span><figcaption class=\"a_m_p\">Alicia Keys, durante el espect\u00e1culo de medio tiempo en la Super Bowl 58, el 11 de febrero de 2024 en Las Vegas.<span class=\"a_m_m\">David J. Phillip (AP)<\/span><\/figcaption><\/figure>\n<figure class=\"a_m _pr gallery-photo-8 gallery-slider__photo  a_m-h \"><span class=\"a_m_w _db\"><img loading=\"lazy\" decoding=\"async\" id=\"foto_gal_8\" class=\"_re lazyload a_m-h\" src=\"https:\/\/imagenes.elpais.com\/resizer\/v2\/5K3PBLSIEBE35LBJRY3CLCF76Y.jpg?auth=9c2f03622ac5a5c55c4566c99669b8e216fbbddccbd199421e2ef43acf3b3599&amp;width=414\" sizes=\"auto, (min-width:1199px) 1155px,(min-width:1001px) calc(100vw - 44px),(min-width:768px) 767px, 100vw\" srcset=\"https:\/\/imagenes.elpais.com\/resizer\/v2\/5K3PBLSIEBE35LBJRY3CLCF76Y.jpg?auth=9c2f03622ac5a5c55c4566c99669b8e216fbbddccbd199421e2ef43acf3b3599&amp;width=414 414w,https:\/\/imagenes.elpais.com\/resizer\/v2\/5K3PBLSIEBE35LBJRY3CLCF76Y.jpg?auth=9c2f03622ac5a5c55c4566c99669b8e216fbbddccbd199421e2ef43acf3b3599&amp;width=828 640w,https:\/\/imagenes.elpais.com\/resizer\/v2\/5K3PBLSIEBE35LBJRY3CLCF76Y.jpg?auth=9c2f03622ac5a5c55c4566c99669b8e216fbbddccbd199421e2ef43acf3b3599&amp;width=980 1000w,https:\/\/imagenes.elpais.com\/resizer\/v2\/5K3PBLSIEBE35LBJRY3CLCF76Y.jpg?auth=9c2f03622ac5a5c55c4566c99669b8e216fbbddccbd199421e2ef43acf3b3599&amp;width=1960 1960w\" alt=\"El ala cerrada de los jefes de Kansas City, Travis Kelce, besa a su novia Taylor Swift despu\u00e9s de la Super Bowl 58 el 11 de febrero de 2024 en Las Vegas. Los Chiefs ganaron el juego con un marcador de 25 a 22. \" width=\"414\" height=\"277\" \/><\/span><figcaption class=\"a_m_p\">El ala cerrada de los jefes de Kansas City, Travis Kelce, besa a su novia Taylor Swift despu\u00e9s de la Super Bowl 58 el 11 de febrero de 2024 en Las Vegas. Los Chiefs ganaron el juego con un marcador de 25 a 22.<span class=\"a_m_m\">John Locher (AP)<\/span><\/figcaption><\/figure>\n<figure class=\"a_m _pr gallery-photo-9 gallery-slider__photo  a_m-h \"><span class=\"a_m_w _db\"><img loading=\"lazy\" decoding=\"async\" id=\"foto_gal_9\" class=\"_re lazyload a_m-h\" src=\"https:\/\/imagenes.elpais.com\/resizer\/v2\/FILXDX2EOBEEBPZOS3R7KQENIQ.jpg?auth=814adf134bb94bbefda0d2ed493e49bd8ead316d6bc1f900bee29258956ff1e6&amp;width=414\" sizes=\"auto, (min-width:1199px) 1155px,(min-width:1001px) calc(100vw - 44px),(min-width:768px) 767px, 100vw\" srcset=\"https:\/\/imagenes.elpais.com\/resizer\/v2\/FILXDX2EOBEEBPZOS3R7KQENIQ.jpg?auth=814adf134bb94bbefda0d2ed493e49bd8ead316d6bc1f900bee29258956ff1e6&amp;width=414 414w,https:\/\/imagenes.elpais.com\/resizer\/v2\/FILXDX2EOBEEBPZOS3R7KQENIQ.jpg?auth=814adf134bb94bbefda0d2ed493e49bd8ead316d6bc1f900bee29258956ff1e6&amp;width=828 640w,https:\/\/imagenes.elpais.com\/resizer\/v2\/FILXDX2EOBEEBPZOS3R7KQENIQ.jpg?auth=814adf134bb94bbefda0d2ed493e49bd8ead316d6bc1f900bee29258956ff1e6&amp;width=980 1000w,https:\/\/imagenes.elpais.com\/resizer\/v2\/FILXDX2EOBEEBPZOS3R7KQENIQ.jpg?auth=814adf134bb94bbefda0d2ed493e49bd8ead316d6bc1f900bee29258956ff1e6&amp;width=1960 1960w\" alt=\"Personas privadas de libertad realizan ejercicios guiados por personal militar, en el Centro de Rehabilitaci\u00f3n Social de Cotopaxi, Ecuador, el 22 de febrero de 2024. Foto: Karen Toro\" width=\"414\" height=\"277\" \/><\/span><figcaption class=\"a_m_p\">Personas privadas de libertad realizan ejercicios guiados por personal militar, en el Centro de Rehabilitaci\u00f3n Social de Cotopaxi, Ecuador, el 22 de febrero de 2024. Foto: Karen Toro<span class=\"a_m_m\">Karen Toro<\/span><\/figcaption><\/figure>\n<figure class=\"a_m _pr gallery-photo-10 gallery-slider__photo  a_m-h \"><span class=\"a_m_w _db\"><img loading=\"lazy\" decoding=\"async\" id=\"foto_gal_10\" class=\"_re lazyload a_m-h\" src=\"https:\/\/imagenes.elpais.com\/resizer\/v2\/FQ6CRU7HWBBTHEYTDSP2JRH3KY.jpg?auth=6274c5cf329405e19e49a9505cae2e8eeb9b2322e86f6356535dfbfaad92e7df&amp;width=414\" sizes=\"auto, (min-width:1199px) 1155px,(min-width:1001px) calc(100vw - 44px),(min-width:768px) 767px, 100vw\" srcset=\"https:\/\/imagenes.elpais.com\/resizer\/v2\/FQ6CRU7HWBBTHEYTDSP2JRH3KY.jpg?auth=6274c5cf329405e19e49a9505cae2e8eeb9b2322e86f6356535dfbfaad92e7df&amp;width=414 414w,https:\/\/imagenes.elpais.com\/resizer\/v2\/FQ6CRU7HWBBTHEYTDSP2JRH3KY.jpg?auth=6274c5cf329405e19e49a9505cae2e8eeb9b2322e86f6356535dfbfaad92e7df&amp;width=828 640w,https:\/\/imagenes.elpais.com\/resizer\/v2\/FQ6CRU7HWBBTHEYTDSP2JRH3KY.jpg?auth=6274c5cf329405e19e49a9505cae2e8eeb9b2322e86f6356535dfbfaad92e7df&amp;width=980 1000w,https:\/\/imagenes.elpais.com\/resizer\/v2\/FQ6CRU7HWBBTHEYTDSP2JRH3KY.jpg?auth=6274c5cf329405e19e49a9505cae2e8eeb9b2322e86f6356535dfbfaad92e7df&amp;width=1960 1960w\" alt=\"El l\u00edder de la banda Jimmy 'Barbecue' Cherizier (centro) con miembros de la banda de la federaci\u00f3n G-9 en la zona de Delmas 3, el 22 de febrero de 2024 en Puerto Pr\u00edncipe, Hait\u00ed. \" width=\"414\" height=\"277\" \/><\/span><figcaption class=\"a_m_p\">El l\u00edder de la banda Jimmy &#8216;Barbecue&#8217; Cherizier (centro) con miembros de la banda de la federaci\u00f3n G-9 en la zona de Delmas 3, el 22 de febrero de 2024 en Puerto Pr\u00edncipe, Hait\u00ed.<span class=\"a_m_m\">Giles Clarke (Getty Images)<\/span><\/figcaption><\/figure>\n<figure class=\"a_m _pr gallery-photo-11 gallery-slider__photo  a_m-h \"><span class=\"a_m_w _db\"><img loading=\"lazy\" decoding=\"async\" id=\"foto_gal_11\" class=\"_re lazyload a_m-h\" src=\"https:\/\/imagenes.elpais.com\/resizer\/v2\/XFXMNSZ2URFPBANTD2232B3N7A.jpg?auth=5995ae988ad0fb1bb5570c9e29705a850d2c64e8200f29b6959fe111f033e2cf&amp;width=414\" sizes=\"auto, (min-width:1199px) 1155px,(min-width:1001px) calc(100vw - 44px),(min-width:768px) 767px, 100vw\" srcset=\"https:\/\/imagenes.elpais.com\/resizer\/v2\/XFXMNSZ2URFPBANTD2232B3N7A.jpg?auth=5995ae988ad0fb1bb5570c9e29705a850d2c64e8200f29b6959fe111f033e2cf&amp;width=414 414w,https:\/\/imagenes.elpais.com\/resizer\/v2\/XFXMNSZ2URFPBANTD2232B3N7A.jpg?auth=5995ae988ad0fb1bb5570c9e29705a850d2c64e8200f29b6959fe111f033e2cf&amp;width=828 640w,https:\/\/imagenes.elpais.com\/resizer\/v2\/XFXMNSZ2URFPBANTD2232B3N7A.jpg?auth=5995ae988ad0fb1bb5570c9e29705a850d2c64e8200f29b6959fe111f033e2cf&amp;width=980 1000w,https:\/\/imagenes.elpais.com\/resizer\/v2\/XFXMNSZ2URFPBANTD2232B3N7A.jpg?auth=5995ae988ad0fb1bb5570c9e29705a850d2c64e8200f29b6959fe111f033e2cf&amp;width=1960 1960w\" alt=\"El paisaje desolador luego de las fuertes tormentas en Lakeview, Ohio, el 15 de marzo de 2024. \" width=\"414\" height=\"276\" \/><\/span><figcaption class=\"a_m_p\">El paisaje desolador luego de las fuertes tormentas en Lakeview, Ohio, el 15 de marzo de 2024.<span class=\"a_m_m\">Joshua A. Bickel (AP)<\/span><\/figcaption><\/figure>\n<figure class=\"a_m _pr gallery-photo-12 gallery-slider__photo  a_m-h \"><span class=\"a_m_w _db\"><img loading=\"lazy\" decoding=\"async\" id=\"foto_gal_12\" class=\"_re lazyload a_m-h\" src=\"https:\/\/imagenes.elpais.com\/resizer\/v2\/HSRCLJBU2NBOPGE3FV6GFETCZY.jpg?auth=fb4c87f9d38ba227fe639ff148cc9adcbf284c75366957d3dbff43049a60e9fb&amp;width=414\" sizes=\"auto, (min-width:1199px) 1155px,(min-width:1001px) calc(100vw - 44px),(min-width:768px) 767px, 100vw\" srcset=\"https:\/\/imagenes.elpais.com\/resizer\/v2\/HSRCLJBU2NBOPGE3FV6GFETCZY.jpg?auth=fb4c87f9d38ba227fe639ff148cc9adcbf284c75366957d3dbff43049a60e9fb&amp;width=414 414w,https:\/\/imagenes.elpais.com\/resizer\/v2\/HSRCLJBU2NBOPGE3FV6GFETCZY.jpg?auth=fb4c87f9d38ba227fe639ff148cc9adcbf284c75366957d3dbff43049a60e9fb&amp;width=828 640w,https:\/\/imagenes.elpais.com\/resizer\/v2\/HSRCLJBU2NBOPGE3FV6GFETCZY.jpg?auth=fb4c87f9d38ba227fe639ff148cc9adcbf284c75366957d3dbff43049a60e9fb&amp;width=980 1000w,https:\/\/imagenes.elpais.com\/resizer\/v2\/HSRCLJBU2NBOPGE3FV6GFETCZY.jpg?auth=fb4c87f9d38ba227fe639ff148cc9adcbf284c75366957d3dbff43049a60e9fb&amp;width=1960 1960w\" alt=\"Ba\u00f1istas se refrescan en el mar de la playa de Ipanema tras un d\u00eda de intenso calor que alcanz\u00f3 una sensaci\u00f3n t\u00e9rmica de m\u00e1s de 60\u00baC. El 20 de marzo de 2024, en R\u00edo de Janeiro (Brasil).\" width=\"414\" height=\"276\" \/><\/span><figcaption class=\"a_m_p\">Ba\u00f1istas se refrescan en el mar de la playa de Ipanema tras un d\u00eda de intenso calor que alcanz\u00f3 una sensaci\u00f3n t\u00e9rmica de m\u00e1s de 60\u00baC. El 20 de marzo de 2024, en R\u00edo de Janeiro (Brasil).<span class=\"a_m_m\">Leonardo Carrato<\/span><\/figcaption><\/figure>\n<figure class=\"a_m _pr gallery-photo-13 gallery-slider__photo  a_m-h \"><span class=\"a_m_w _db\"><img loading=\"lazy\" decoding=\"async\" id=\"foto_gal_13\" class=\"_re lazyload a_m-h\" src=\"https:\/\/imagenes.elpais.com\/resizer\/v2\/R2TU4CZJNFBXFLNDIHW6ZMDO6I.jpg?auth=039a86e2453b51ff22f31e952e086b5b8612a05c7501d96d812226630b351457&amp;width=414\" sizes=\"auto, (min-width:1199px) 1155px,(min-width:1001px) calc(100vw - 44px),(min-width:768px) 767px, 100vw\" srcset=\"https:\/\/imagenes.elpais.com\/resizer\/v2\/R2TU4CZJNFBXFLNDIHW6ZMDO6I.jpg?auth=039a86e2453b51ff22f31e952e086b5b8612a05c7501d96d812226630b351457&amp;width=414 414w,https:\/\/imagenes.elpais.com\/resizer\/v2\/R2TU4CZJNFBXFLNDIHW6ZMDO6I.jpg?auth=039a86e2453b51ff22f31e952e086b5b8612a05c7501d96d812226630b351457&amp;width=828 640w,https:\/\/imagenes.elpais.com\/resizer\/v2\/R2TU4CZJNFBXFLNDIHW6ZMDO6I.jpg?auth=039a86e2453b51ff22f31e952e086b5b8612a05c7501d96d812226630b351457&amp;width=980 1000w,https:\/\/imagenes.elpais.com\/resizer\/v2\/R2TU4CZJNFBXFLNDIHW6ZMDO6I.jpg?auth=039a86e2453b51ff22f31e952e086b5b8612a05c7501d96d812226630b351457&amp;width=1960 1960w\" alt=\"Personal de emergencia rescata a una ni\u00f1a de 4 a\u00f1os que fue atrapada bajo su casa derrumbada despu\u00e9s de fuertes lluvias en Petr\u00f3polis, Estado de R\u00edo de Janeiro, Brasil, el 23 de marzo de 2024. \" width=\"414\" height=\"277\" \/><\/span><figcaption class=\"a_m_p\">Personal de emergencia rescata a una ni\u00f1a de 4 a\u00f1os que fue atrapada bajo su casa derrumbada despu\u00e9s de fuertes lluvias en Petr\u00f3polis, Estado de R\u00edo de Janeiro, Brasil, el 23 de marzo de 2024.<span class=\"a_m_m\">Bruna Prado (AP)<\/span><\/figcaption><\/figure>\n<figure class=\"a_m _pr gallery-photo-14 gallery-slider__photo  a_m-h \"><span class=\"a_m_w _db\"><img loading=\"lazy\" decoding=\"async\" id=\"foto_gal_14\" class=\"_re lazyload a_m-h\" src=\"https:\/\/imagenes.elpais.com\/resizer\/v2\/MGAIH3S4Y5GJXBVP6BU5QCSELY.jpg?auth=16afa1159a76a9696b8281ceb23b0213e1d9661785ca08e20fc76f39e2e3d4c8&amp;width=414\" sizes=\"auto, (min-width:1199px) 1155px,(min-width:1001px) calc(100vw - 44px),(min-width:768px) 767px, 100vw\" srcset=\"https:\/\/imagenes.elpais.com\/resizer\/v2\/MGAIH3S4Y5GJXBVP6BU5QCSELY.jpg?auth=16afa1159a76a9696b8281ceb23b0213e1d9661785ca08e20fc76f39e2e3d4c8&amp;width=414 414w,https:\/\/imagenes.elpais.com\/resizer\/v2\/MGAIH3S4Y5GJXBVP6BU5QCSELY.jpg?auth=16afa1159a76a9696b8281ceb23b0213e1d9661785ca08e20fc76f39e2e3d4c8&amp;width=828 640w,https:\/\/imagenes.elpais.com\/resizer\/v2\/MGAIH3S4Y5GJXBVP6BU5QCSELY.jpg?auth=16afa1159a76a9696b8281ceb23b0213e1d9661785ca08e20fc76f39e2e3d4c8&amp;width=980 1000w,https:\/\/imagenes.elpais.com\/resizer\/v2\/MGAIH3S4Y5GJXBVP6BU5QCSELY.jpg?auth=16afa1159a76a9696b8281ceb23b0213e1d9661785ca08e20fc76f39e2e3d4c8&amp;width=1960 1960w\" alt=\"El buque portacontenedores Dali, propiedad de Grace Ocean PTE, impactado contra los restos del puente Francis Scott Key sobre el el r\u00edo Patapsco el mi\u00e9rcoles 27 de marzo de 2024, en  Maryland. \" width=\"414\" height=\"276\" \/><\/span><figcaption class=\"a_m_p\">El buque portacontenedores Dali, propiedad de Grace Ocean PTE, impactado contra los restos del puente Francis Scott Key sobre el el r\u00edo Patapsco el mi\u00e9rcoles 27 de marzo de 2024, en Maryland.<span class=\"a_m_m\">Alex Brandon (AP)<\/span><\/figcaption><\/figure>\n<figure class=\"a_m _pr gallery-photo-15 gallery-slider__photo  a_m-h \"><span class=\"a_m_w _db\"><img loading=\"lazy\" decoding=\"async\" id=\"foto_gal_15\" class=\"_re lazyload a_m-h\" src=\"https:\/\/imagenes.elpais.com\/resizer\/v2\/CNLJHR7X5JFX5KZ2ZGPNSQVG4U.jpg?auth=2849d01e0a71ed5596c76dd5aeee7dfa22243b20e44276de8ba006a063ce85e4&amp;width=414\" sizes=\"auto, (min-width:1199px) 1155px,(min-width:1001px) calc(100vw - 44px),(min-width:768px) 767px, 100vw\" srcset=\"https:\/\/imagenes.elpais.com\/resizer\/v2\/CNLJHR7X5JFX5KZ2ZGPNSQVG4U.jpg?auth=2849d01e0a71ed5596c76dd5aeee7dfa22243b20e44276de8ba006a063ce85e4&amp;width=414 414w,https:\/\/imagenes.elpais.com\/resizer\/v2\/CNLJHR7X5JFX5KZ2ZGPNSQVG4U.jpg?auth=2849d01e0a71ed5596c76dd5aeee7dfa22243b20e44276de8ba006a063ce85e4&amp;width=828 640w,https:\/\/imagenes.elpais.com\/resizer\/v2\/CNLJHR7X5JFX5KZ2ZGPNSQVG4U.jpg?auth=2849d01e0a71ed5596c76dd5aeee7dfa22243b20e44276de8ba006a063ce85e4&amp;width=980 1000w,https:\/\/imagenes.elpais.com\/resizer\/v2\/CNLJHR7X5JFX5KZ2ZGPNSQVG4U.jpg?auth=2849d01e0a71ed5596c76dd5aeee7dfa22243b20e44276de8ba006a063ce85e4&amp;width=1960 1960w\" alt=\"Una madre ofrece a su peque\u00f1a hija una cucharada de arroz en refugio improvisado para personas desplazadas por la violencia en Puerto Pr\u00edncipe, Hait\u00ed, el 8 de mayo de 2024. \" width=\"414\" height=\"289\" \/><\/span><figcaption class=\"a_m_p\">Una madre ofrece a su peque\u00f1a hija una cucharada de arroz en refugio improvisado para personas desplazadas por la violencia en Puerto Pr\u00edncipe, Hait\u00ed, el 8 de mayo de 2024.<span class=\"a_m_m\">Ramon Espinosa (AP)<\/span><\/figcaption><\/figure>\n<figure class=\"a_m _pr gallery-photo-16 gallery-slider__photo  a_m-h \"><span class=\"a_m_w _db\"><img loading=\"lazy\" decoding=\"async\" id=\"foto_gal_16\" class=\"_re lazyload a_m-h\" src=\"https:\/\/imagenes.elpais.com\/resizer\/v2\/QHC3DVHQPFHMFK6LJ7FKYAA74U.jpg?auth=861966a95c248c0575da5a30842e8ec496c257fc0a489c2a88b67048cfac9ee1&amp;width=414\" sizes=\"auto, (min-width:1199px) 1155px,(min-width:1001px) calc(100vw - 44px),(min-width:768px) 767px, 100vw\" srcset=\"https:\/\/imagenes.elpais.com\/resizer\/v2\/QHC3DVHQPFHMFK6LJ7FKYAA74U.jpg?auth=861966a95c248c0575da5a30842e8ec496c257fc0a489c2a88b67048cfac9ee1&amp;width=414 414w,https:\/\/imagenes.elpais.com\/resizer\/v2\/QHC3DVHQPFHMFK6LJ7FKYAA74U.jpg?auth=861966a95c248c0575da5a30842e8ec496c257fc0a489c2a88b67048cfac9ee1&amp;width=828 640w,https:\/\/imagenes.elpais.com\/resizer\/v2\/QHC3DVHQPFHMFK6LJ7FKYAA74U.jpg?auth=861966a95c248c0575da5a30842e8ec496c257fc0a489c2a88b67048cfac9ee1&amp;width=980 1000w,https:\/\/imagenes.elpais.com\/resizer\/v2\/QHC3DVHQPFHMFK6LJ7FKYAA74U.jpg?auth=861966a95c248c0575da5a30842e8ec496c257fc0a489c2a88b67048cfac9ee1&amp;width=1960 1960w\" alt=\"Una cigarra peri\u00f3dica adulta muda su piel de ninfa el 11 de mayo de 2024 en Cincinnati. Tiene dos grandes ojos compuestos, que se utilizan para percibir visualmente el mundo que la rodea, y tres ojos peque\u00f1os, simples y con forma de joya, llamados ocelos, en el centro.\" width=\"414\" height=\"276\" \/><\/span><figcaption class=\"a_m_p\">Una cigarra peri\u00f3dica adulta muda su piel de ninfa el 11 de mayo de 2024 en Cincinnati. Tiene dos grandes ojos compuestos, que se utilizan para percibir visualmente el mundo que la rodea, y tres ojos peque\u00f1os, simples y con forma de joya, llamados ocelos, en el centro.<span class=\"a_m_m\">Carolyn Kaster (AP)<\/span><\/figcaption><\/figure>\n<figure class=\"a_m _pr gallery-photo-17 gallery-slider__photo  a_m-h \"><span class=\"a_m_w _db\"><img loading=\"lazy\" decoding=\"async\" id=\"foto_gal_17\" class=\"_re lazyload a_m-h\" src=\"https:\/\/imagenes.elpais.com\/resizer\/v2\/6JPRQJJDHJHAPBLJ3BVSOGBP7U.jpg?auth=ab79e807a27debb7c1b4f95ea26f212b9986cc267751ba4b81d642acb5ddb703&amp;width=414\" sizes=\"auto, (min-width:1199px) 1155px,(min-width:1001px) calc(100vw - 44px),(min-width:768px) 767px, 100vw\" srcset=\"https:\/\/imagenes.elpais.com\/resizer\/v2\/6JPRQJJDHJHAPBLJ3BVSOGBP7U.jpg?auth=ab79e807a27debb7c1b4f95ea26f212b9986cc267751ba4b81d642acb5ddb703&amp;width=414 414w,https:\/\/imagenes.elpais.com\/resizer\/v2\/6JPRQJJDHJHAPBLJ3BVSOGBP7U.jpg?auth=ab79e807a27debb7c1b4f95ea26f212b9986cc267751ba4b81d642acb5ddb703&amp;width=828 640w,https:\/\/imagenes.elpais.com\/resizer\/v2\/6JPRQJJDHJHAPBLJ3BVSOGBP7U.jpg?auth=ab79e807a27debb7c1b4f95ea26f212b9986cc267751ba4b81d642acb5ddb703&amp;width=980 1000w,https:\/\/imagenes.elpais.com\/resizer\/v2\/6JPRQJJDHJHAPBLJ3BVSOGBP7U.jpg?auth=ab79e807a27debb7c1b4f95ea26f212b9986cc267751ba4b81d642acb5ddb703&amp;width=1960 1960w\" alt=\"Dolientes lloran y se re\u00fanen alrededor de los restos de Rosario R\u00edos, durante su servicio de entierro en el cementerio de Sucusari, Per\u00fa, el 29 de mayo de 2024. \" width=\"414\" height=\"276\" \/><\/span><figcaption class=\"a_m_p\">Dolientes lloran y se re\u00fanen alrededor de los restos de Rosario R\u00edos, durante su servicio de entierro en el cementerio de Sucusari, Per\u00fa, el 29 de mayo de 2024.<span class=\"a_m_m\">Rodrigo Abd (AP)<\/span><\/figcaption><\/figure>\n<figure class=\"a_m _pr gallery-photo-18 gallery-slider__photo  a_m-h \"><span class=\"a_m_w _db\"><img loading=\"lazy\" decoding=\"async\" id=\"foto_gal_18\" class=\"_re lazyload a_m-h\" src=\"https:\/\/imagenes.elpais.com\/resizer\/v2\/6JWA3Y7NAJHJLHRKLIUETWFVNM.jpg?auth=ab5b257f557da526abf64d9e3be53373dd57e4a898293484af2e5f915ac9cea2&amp;width=414\" sizes=\"auto, (min-width:1199px) 1155px,(min-width:1001px) calc(100vw - 44px),(min-width:768px) 767px, 100vw\" srcset=\"https:\/\/imagenes.elpais.com\/resizer\/v2\/6JWA3Y7NAJHJLHRKLIUETWFVNM.jpg?auth=ab5b257f557da526abf64d9e3be53373dd57e4a898293484af2e5f915ac9cea2&amp;width=414 414w,https:\/\/imagenes.elpais.com\/resizer\/v2\/6JWA3Y7NAJHJLHRKLIUETWFVNM.jpg?auth=ab5b257f557da526abf64d9e3be53373dd57e4a898293484af2e5f915ac9cea2&amp;width=828 640w,https:\/\/imagenes.elpais.com\/resizer\/v2\/6JWA3Y7NAJHJLHRKLIUETWFVNM.jpg?auth=ab5b257f557da526abf64d9e3be53373dd57e4a898293484af2e5f915ac9cea2&amp;width=980 1000w,https:\/\/imagenes.elpais.com\/resizer\/v2\/6JWA3Y7NAJHJLHRKLIUETWFVNM.jpg?auth=ab5b257f557da526abf64d9e3be53373dd57e4a898293484af2e5f915ac9cea2&amp;width=1960 1960w\" alt=\"Amigos y familiares se re\u00fanen para tomarse una foto con una quincea\u00f1era en la Plaza Col\u00f3n, en la Zona Colonial de Santo Domingo, Rep\u00fablica Dominicana, el mi\u00e9rcoles 15 de mayo de 2024. Las celebraciones de 15 a\u00f1os siguen siendo una de las fiestas familiares de m\u00e1s arraigo en Latinoam\u00e9rica. \" width=\"414\" height=\"276\" \/><\/span><figcaption class=\"a_m_p\">Amigos y familiares se re\u00fanen para tomarse una foto con una quincea\u00f1era en la Plaza Col\u00f3n, en la Zona Colonial de Santo Domingo, Rep\u00fablica Dominicana, el mi\u00e9rcoles 15 de mayo de 2024. Las celebraciones de 15 a\u00f1os siguen siendo una de las fiestas familiares de m\u00e1s arraigo en Latinoam\u00e9rica.<span class=\"a_m_m\">Matias Delacroix (AP)<\/span><\/figcaption><\/figure>\n<figure class=\"a_m _pr gallery-photo-19 gallery-slider__photo  a_m-h \"><span class=\"a_m_w _db\"><img loading=\"lazy\" decoding=\"async\" id=\"foto_gal_19\" class=\"_re lazyload a_m-h\" src=\"https:\/\/imagenes.elpais.com\/resizer\/v2\/SZZTPLYU2NF67O5LLZ776YLWWU.jpg?auth=40b711ea8a47639d43c1f8a5482a669c04828e79b5ac1cb5e1d17423d7e13974&amp;width=414\" sizes=\"auto, (min-width:1199px) 1155px,(min-width:1001px) calc(100vw - 44px),(min-width:768px) 767px, 100vw\" srcset=\"https:\/\/imagenes.elpais.com\/resizer\/v2\/SZZTPLYU2NF67O5LLZ776YLWWU.jpg?auth=40b711ea8a47639d43c1f8a5482a669c04828e79b5ac1cb5e1d17423d7e13974&amp;width=414 414w,https:\/\/imagenes.elpais.com\/resizer\/v2\/SZZTPLYU2NF67O5LLZ776YLWWU.jpg?auth=40b711ea8a47639d43c1f8a5482a669c04828e79b5ac1cb5e1d17423d7e13974&amp;width=828 640w,https:\/\/imagenes.elpais.com\/resizer\/v2\/SZZTPLYU2NF67O5LLZ776YLWWU.jpg?auth=40b711ea8a47639d43c1f8a5482a669c04828e79b5ac1cb5e1d17423d7e13974&amp;width=980 1000w,https:\/\/imagenes.elpais.com\/resizer\/v2\/SZZTPLYU2NF67O5LLZ776YLWWU.jpg?auth=40b711ea8a47639d43c1f8a5482a669c04828e79b5ac1cb5e1d17423d7e13974&amp;width=1960 1960w\" alt=\" Miembros de la Guardia Municipal vigilan las calles inundadas del Mercado P\u00fablico de Porto Alegre el 17 de mayo de 2024 en Porto Alegre, Brasil.\" width=\"414\" height=\"277\" \/><\/span><figcaption class=\"a_m_p\">Miembros de la Guardia Municipal vigilan las calles inundadas del Mercado P\u00fablico de Porto Alegre el 17 de mayo de 2024 en Porto Alegre, Brasil.<span class=\"a_m_m\">Jefferson Bernardes (Getty Images)<\/span><\/figcaption><\/figure>\n<figure class=\"a_m _pr gallery-photo-20 gallery-slider__photo  a_m-h \"><span class=\"a_m_w _db\"><img loading=\"lazy\" decoding=\"async\" id=\"foto_gal_20\" class=\"_re lazyload a_m-h\" src=\"https:\/\/imagenes.elpais.com\/resizer\/v2\/VMFXVZGAPNGOPDWJQ4OHFFHFVI.jpg?auth=617aecc14463fac975d7afb3f3175cf67ab48956cc811eb748504f5b28c17aa0&amp;width=414\" sizes=\"auto, (min-width:1199px) 1155px,(min-width:1001px) calc(100vw - 44px),(min-width:768px) 767px, 100vw\" srcset=\"https:\/\/imagenes.elpais.com\/resizer\/v2\/VMFXVZGAPNGOPDWJQ4OHFFHFVI.jpg?auth=617aecc14463fac975d7afb3f3175cf67ab48956cc811eb748504f5b28c17aa0&amp;width=414 414w,https:\/\/imagenes.elpais.com\/resizer\/v2\/VMFXVZGAPNGOPDWJQ4OHFFHFVI.jpg?auth=617aecc14463fac975d7afb3f3175cf67ab48956cc811eb748504f5b28c17aa0&amp;width=828 640w,https:\/\/imagenes.elpais.com\/resizer\/v2\/VMFXVZGAPNGOPDWJQ4OHFFHFVI.jpg?auth=617aecc14463fac975d7afb3f3175cf67ab48956cc811eb748504f5b28c17aa0&amp;width=980 1000w,https:\/\/imagenes.elpais.com\/resizer\/v2\/VMFXVZGAPNGOPDWJQ4OHFFHFVI.jpg?auth=617aecc14463fac975d7afb3f3175cf67ab48956cc811eb748504f5b28c17aa0&amp;width=1960 1960w\" alt=\"Un militar opera un cami\u00f3n blindado en la Plaza Murillo durante el intento de golpe de Estado contra el Gobierno de Luis Arce, el 26 de junio de 2024 en La Paz, Bolivia. \" width=\"414\" height=\"276\" \/><\/span><figcaption class=\"a_m_p\">Un militar opera un cami\u00f3n blindado en la Plaza Murillo durante el intento de golpe de Estado contra el Gobierno de Luis Arce, el 26 de junio de 2024 en La Paz, Bolivia.<span class=\"a_m_m\">Gaston Brito Miserocchi (Getty Images)<\/span><\/figcaption><\/figure>\n<figure class=\"a_m _pr gallery-photo-21 gallery-slider__photo  a_m-h \"><span class=\"a_m_w _db\"><img loading=\"lazy\" decoding=\"async\" id=\"foto_gal_21\" class=\"_re lazyload a_m-h\" src=\"https:\/\/imagenes.elpais.com\/resizer\/v2\/FQMMQZLG5NGI7BESN3XJCAGFAE.jpg?auth=7d8351c1f4da01606a230a2074c840183d3a6742557dc385fd5ff5a2ee80a3f1&amp;width=414\" sizes=\"auto, (min-width:1199px) 1155px,(min-width:1001px) calc(100vw - 44px),(min-width:768px) 767px, 100vw\" srcset=\"https:\/\/imagenes.elpais.com\/resizer\/v2\/FQMMQZLG5NGI7BESN3XJCAGFAE.jpg?auth=7d8351c1f4da01606a230a2074c840183d3a6742557dc385fd5ff5a2ee80a3f1&amp;width=414 414w,https:\/\/imagenes.elpais.com\/resizer\/v2\/FQMMQZLG5NGI7BESN3XJCAGFAE.jpg?auth=7d8351c1f4da01606a230a2074c840183d3a6742557dc385fd5ff5a2ee80a3f1&amp;width=828 640w,https:\/\/imagenes.elpais.com\/resizer\/v2\/FQMMQZLG5NGI7BESN3XJCAGFAE.jpg?auth=7d8351c1f4da01606a230a2074c840183d3a6742557dc385fd5ff5a2ee80a3f1&amp;width=980 1000w,https:\/\/imagenes.elpais.com\/resizer\/v2\/FQMMQZLG5NGI7BESN3XJCAGFAE.jpg?auth=7d8351c1f4da01606a230a2074c840183d3a6742557dc385fd5ff5a2ee80a3f1&amp;width=1960 1960w\" alt=\"Los l\u00edderes opositores Mar\u00eda Corina Machado y Edmundo Gonz\u00e1lez saludan a simpatizantes durante una protesta contra los resultados oficiales de las elecciones presidenciales que declararon ganador a Nicol\u00e1s Maduro, el 30 de julio de 2024, dos d\u00edas despu\u00e9s de la votaci\u00f3n, en Caracas, Venezuela.\" width=\"414\" height=\"276\" \/><\/span><figcaption class=\"a_m_p\">Los l\u00edderes opositores Mar\u00eda Corina Machado y Edmundo Gonz\u00e1lez saludan a simpatizantes durante una protesta contra los resultados oficiales de las elecciones presidenciales que declararon ganador a Nicol\u00e1s Maduro, el 30 de julio de 2024, dos d\u00edas despu\u00e9s de la votaci\u00f3n, en Caracas, Venezuela.<span class=\"a_m_m\">Matias Delacroix (AP)<\/span><\/figcaption><\/figure>\n<figure class=\"a_m _pr gallery-photo-22 gallery-slider__photo  a_m-h \"><span class=\"a_m_w _db\"><img loading=\"lazy\" decoding=\"async\" id=\"foto_gal_22\" class=\"_re lazyload a_m-h\" src=\"https:\/\/imagenes.elpais.com\/resizer\/v2\/HWPPB2KQDRE4XGQXZS252XYKXA.jpg?auth=4d645946d09586ee6b532f934f1ff9ed3ef9ded9031d30b61854bf8b6c2a83c6&amp;width=414\" sizes=\"auto, (min-width:1199px) 1155px,(min-width:1001px) calc(100vw - 44px),(min-width:768px) 767px, 100vw\" srcset=\"https:\/\/imagenes.elpais.com\/resizer\/v2\/HWPPB2KQDRE4XGQXZS252XYKXA.jpg?auth=4d645946d09586ee6b532f934f1ff9ed3ef9ded9031d30b61854bf8b6c2a83c6&amp;width=414 414w,https:\/\/imagenes.elpais.com\/resizer\/v2\/HWPPB2KQDRE4XGQXZS252XYKXA.jpg?auth=4d645946d09586ee6b532f934f1ff9ed3ef9ded9031d30b61854bf8b6c2a83c6&amp;width=828 640w,https:\/\/imagenes.elpais.com\/resizer\/v2\/HWPPB2KQDRE4XGQXZS252XYKXA.jpg?auth=4d645946d09586ee6b532f934f1ff9ed3ef9ded9031d30b61854bf8b6c2a83c6&amp;width=980 1000w,https:\/\/imagenes.elpais.com\/resizer\/v2\/HWPPB2KQDRE4XGQXZS252XYKXA.jpg?auth=4d645946d09586ee6b532f934f1ff9ed3ef9ded9031d30b61854bf8b6c2a83c6&amp;width=1960 1960w\" alt=\"Los presos extienden la mano desde sus celdas para pedir pan a la hora del almuerzo en la prisi\u00f3n Juan de la Vega en Emboscada, Paraguay, el 12 de julio de 2024. \" width=\"414\" height=\"276\" \/><\/span><figcaption class=\"a_m_p\">Los presos extienden la mano desde sus celdas para pedir pan a la hora del almuerzo en la prisi\u00f3n Juan de la Vega en Emboscada, Paraguay, el 12 de julio de 2024.<span class=\"a_m_m\">Rodrigo Abd (AP)<\/span><\/figcaption><\/figure>\n<figure class=\"a_m _pr gallery-photo-23 gallery-slider__photo  a_m-h \"><span class=\"a_m_w _db\"><img loading=\"lazy\" decoding=\"async\" id=\"foto_gal_23\" class=\"_re lazyload a_m-h\" src=\"https:\/\/imagenes.elpais.com\/resizer\/v2\/UEHFCG4AURFSNEGQO6DVR4RACY.jpg?auth=a1f00876f70e1254b9eed7a79d98058f6451bec3b1d2607bd3ca4fa1a63be934&amp;width=414\" sizes=\"auto, (min-width:1199px) 1155px,(min-width:1001px) calc(100vw - 44px),(min-width:768px) 767px, 100vw\" srcset=\"https:\/\/imagenes.elpais.com\/resizer\/v2\/UEHFCG4AURFSNEGQO6DVR4RACY.jpg?auth=a1f00876f70e1254b9eed7a79d98058f6451bec3b1d2607bd3ca4fa1a63be934&amp;width=414 414w,https:\/\/imagenes.elpais.com\/resizer\/v2\/UEHFCG4AURFSNEGQO6DVR4RACY.jpg?auth=a1f00876f70e1254b9eed7a79d98058f6451bec3b1d2607bd3ca4fa1a63be934&amp;width=828 640w,https:\/\/imagenes.elpais.com\/resizer\/v2\/UEHFCG4AURFSNEGQO6DVR4RACY.jpg?auth=a1f00876f70e1254b9eed7a79d98058f6451bec3b1d2607bd3ca4fa1a63be934&amp;width=980 1000w,https:\/\/imagenes.elpais.com\/resizer\/v2\/UEHFCG4AURFSNEGQO6DVR4RACY.jpg?auth=a1f00876f70e1254b9eed7a79d98058f6451bec3b1d2607bd3ca4fa1a63be934&amp;width=1960 1960w\" alt=\"Donald Trump es protegido por agentes del Servicio Secreto de Estados Unidos en Pensilvania.\" width=\"414\" height=\"277\" \/><\/span><figcaption class=\"a_m_p\">Donald Trump es rodeado por agentes del Servicio Secreto de Estados Unidos mientras lo escoltan a su camioneta luego de sufrir un atentado durante un mitin de campa\u00f1a, el s\u00e1bado 13 de julio de 2024, en Butler, Pensilvania.<span class=\"a_m_m\">Evan Vucci (AP)<\/span><\/figcaption><\/figure>\n<figure class=\"a_m _pr gallery-photo-24 gallery-slider__photo  a_m-h \"><span class=\"a_m_w _db\"><img loading=\"lazy\" decoding=\"async\" id=\"foto_gal_24\" class=\"_re lazyload a_m-h\" src=\"https:\/\/imagenes.elpais.com\/resizer\/v2\/LAPSORFX4JA3DBTKXYIDY7IMF4.jpg?auth=6e3c494bb6f2aa241e5b01c5e7f2de88dba192ca729cad4f9cb4ff4c9665d3ac&amp;width=414\" sizes=\"auto, (min-width:1199px) 1155px,(min-width:1001px) calc(100vw - 44px),(min-width:768px) 767px, 100vw\" srcset=\"https:\/\/imagenes.elpais.com\/resizer\/v2\/LAPSORFX4JA3DBTKXYIDY7IMF4.jpg?auth=6e3c494bb6f2aa241e5b01c5e7f2de88dba192ca729cad4f9cb4ff4c9665d3ac&amp;width=414 414w,https:\/\/imagenes.elpais.com\/resizer\/v2\/LAPSORFX4JA3DBTKXYIDY7IMF4.jpg?auth=6e3c494bb6f2aa241e5b01c5e7f2de88dba192ca729cad4f9cb4ff4c9665d3ac&amp;width=828 640w,https:\/\/imagenes.elpais.com\/resizer\/v2\/LAPSORFX4JA3DBTKXYIDY7IMF4.jpg?auth=6e3c494bb6f2aa241e5b01c5e7f2de88dba192ca729cad4f9cb4ff4c9665d3ac&amp;width=980 1000w,https:\/\/imagenes.elpais.com\/resizer\/v2\/LAPSORFX4JA3DBTKXYIDY7IMF4.jpg?auth=6e3c494bb6f2aa241e5b01c5e7f2de88dba192ca729cad4f9cb4ff4c9665d3ac&amp;width=1960 1960w\" alt=\"Un hombre porta una pistola y un cartel que representa al candidato presidencial republicano, Donald Trump, a las afueras de la Convenci\u00f3n Nacional Republicana en Milwaukee el 18 de julio de 2024. \" width=\"414\" height=\"276\" \/><\/span><figcaption class=\"a_m_p\">Un hombre porta una pistola y un cartel que representa al candidato presidencial republicano, Donald Trump, a las afueras de la Convenci\u00f3n Nacional Republicana en Milwaukee el 18 de julio de 2024.<span class=\"a_m_m\">Jae C. Hong (AP)<\/span><\/figcaption><\/figure>\n<figure class=\"a_m _pr gallery-photo-25 gallery-slider__photo  a_m-h \"><span class=\"a_m_w _db\"><img loading=\"lazy\" decoding=\"async\" id=\"foto_gal_25\" class=\"_re lazyload a_m-h\" src=\"https:\/\/imagenes.elpais.com\/resizer\/v2\/QSJDD4CGPZBVBLH7E6AOYXNZYQ.jpg?auth=9cdea66a350fab81efc33d289ff6101bbe4990448ca015b2421ac0098979acd5&amp;width=414\" sizes=\"auto, (min-width:1199px) 1155px,(min-width:1001px) calc(100vw - 44px),(min-width:768px) 767px, 100vw\" srcset=\"https:\/\/imagenes.elpais.com\/resizer\/v2\/QSJDD4CGPZBVBLH7E6AOYXNZYQ.jpg?auth=9cdea66a350fab81efc33d289ff6101bbe4990448ca015b2421ac0098979acd5&amp;width=414 414w,https:\/\/imagenes.elpais.com\/resizer\/v2\/QSJDD4CGPZBVBLH7E6AOYXNZYQ.jpg?auth=9cdea66a350fab81efc33d289ff6101bbe4990448ca015b2421ac0098979acd5&amp;width=828 640w,https:\/\/imagenes.elpais.com\/resizer\/v2\/QSJDD4CGPZBVBLH7E6AOYXNZYQ.jpg?auth=9cdea66a350fab81efc33d289ff6101bbe4990448ca015b2421ac0098979acd5&amp;width=980 1000w,https:\/\/imagenes.elpais.com\/resizer\/v2\/QSJDD4CGPZBVBLH7E6AOYXNZYQ.jpg?auth=9cdea66a350fab81efc33d289ff6101bbe4990448ca015b2421ac0098979acd5&amp;width=1960 1960w\" alt=\"Un peque\u00f1o zorro huye de las llamas mientras el incendio arrasa la comunidad de Cohasset en el condado de Butte, California, el 25 de julio de 2024. \" width=\"414\" height=\"277\" \/><\/span><figcaption class=\"a_m_p\">Un peque\u00f1o zorro huye de las llamas mientras el incendio arrasa la comunidad de Cohasset en el condado de Butte, California, el 25 de julio de 2024.<span class=\"a_m_m\">Noah Berger (AP)<\/span><\/figcaption><\/figure>\n<figure class=\"a_m _pr gallery-photo-26 gallery-slider__photo  a_m-h \"><span class=\"a_m_w _db\"><img loading=\"lazy\" decoding=\"async\" id=\"foto_gal_26\" class=\"_re lazyload a_m-h\" src=\"https:\/\/imagenes.elpais.com\/resizer\/v2\/5QB3OM5SRNEEBKD34DKU747GMM.jpg?auth=6443fafc0f60368844e6f6bae7bcd7c114745342a276815a6f6eeaa65aa77435&amp;width=414\" sizes=\"auto, (min-width:1199px) 1155px,(min-width:1001px) calc(100vw - 44px),(min-width:768px) 767px, 100vw\" srcset=\"https:\/\/imagenes.elpais.com\/resizer\/v2\/5QB3OM5SRNEEBKD34DKU747GMM.jpg?auth=6443fafc0f60368844e6f6bae7bcd7c114745342a276815a6f6eeaa65aa77435&amp;width=414 414w,https:\/\/imagenes.elpais.com\/resizer\/v2\/5QB3OM5SRNEEBKD34DKU747GMM.jpg?auth=6443fafc0f60368844e6f6bae7bcd7c114745342a276815a6f6eeaa65aa77435&amp;width=828 640w,https:\/\/imagenes.elpais.com\/resizer\/v2\/5QB3OM5SRNEEBKD34DKU747GMM.jpg?auth=6443fafc0f60368844e6f6bae7bcd7c114745342a276815a6f6eeaa65aa77435&amp;width=980 1000w,https:\/\/imagenes.elpais.com\/resizer\/v2\/5QB3OM5SRNEEBKD34DKU747GMM.jpg?auth=6443fafc0f60368844e6f6bae7bcd7c114745342a276815a6f6eeaa65aa77435&amp;width=1960 1960w\" alt=\"Zoila Ochoa Garay, lideresa ind\u00edgena del pueblo Murui-Muinani\" width=\"414\" height=\"276\" \/><\/span><figcaption class=\"a_m_p\">Zoila Ochoa Garay, lideresa ind\u00edgena del pueblo Murui-Muinan\u0268 se prepara para la danza t\u00edpica en la maloca (caba\u00f1a comunal) de La Chorrera, en la comunidad Centro Arenal de la regi\u00f3n de Loreto, Per\u00fa.<span class=\"a_m_m\">SEBASTIAN CASTA\u00d1EDA<\/span><\/figcaption><\/figure>\n<figure class=\"a_m _pr gallery-photo-27 gallery-slider__photo  a_m-h \"><span class=\"a_m_w _db\"><img loading=\"lazy\" decoding=\"async\" id=\"foto_gal_27\" class=\"_re lazyload a_m-h\" src=\"https:\/\/imagenes.elpais.com\/resizer\/v2\/VFOLM2VMAJG5BPWF3U3AKYCSOA.jpg?auth=5467f50459fc25b5cb51091a22136734a1050532f5a901e2434d8adbfa0cbbdd&amp;width=414\" sizes=\"auto, (min-width:1199px) 1155px,(min-width:1001px) calc(100vw - 44px),(min-width:768px) 767px, 100vw\" srcset=\"https:\/\/imagenes.elpais.com\/resizer\/v2\/VFOLM2VMAJG5BPWF3U3AKYCSOA.jpg?auth=5467f50459fc25b5cb51091a22136734a1050532f5a901e2434d8adbfa0cbbdd&amp;width=414 414w,https:\/\/imagenes.elpais.com\/resizer\/v2\/VFOLM2VMAJG5BPWF3U3AKYCSOA.jpg?auth=5467f50459fc25b5cb51091a22136734a1050532f5a901e2434d8adbfa0cbbdd&amp;width=828 640w,https:\/\/imagenes.elpais.com\/resizer\/v2\/VFOLM2VMAJG5BPWF3U3AKYCSOA.jpg?auth=5467f50459fc25b5cb51091a22136734a1050532f5a901e2434d8adbfa0cbbdd&amp;width=980 1000w,https:\/\/imagenes.elpais.com\/resizer\/v2\/VFOLM2VMAJG5BPWF3U3AKYCSOA.jpg?auth=5467f50459fc25b5cb51091a22136734a1050532f5a901e2434d8adbfa0cbbdd&amp;width=1960 1960w\" alt=\"Seguidores de Donald Trump, sostienen carteles mientras la candidata presidencial dem\u00f3crata, Kamala Harris, pasa en su autob\u00fas camino a una parada de campa\u00f1a  en Pittsburgh, el 18 de agosto de 2024. \" width=\"414\" height=\"276\" \/><\/span><figcaption class=\"a_m_p\">Seguidores de Donald Trump, sostienen carteles mientras la candidata presidencial dem\u00f3crata, Kamala Harris, pasa en su autob\u00fas camino a una parada de campa\u00f1a en Pittsburgh, el 18 de agosto de 2024.<span class=\"a_m_m\">Julia Demaree Nikhinson (AP)<\/span><\/figcaption><\/figure>\n<figure class=\"a_m _pr gallery-photo-28 gallery-slider__photo  a_m-h \"><span class=\"a_m_w _db\"><img loading=\"lazy\" decoding=\"async\" id=\"foto_gal_28\" class=\"_re lazyload a_m-h\" src=\"https:\/\/imagenes.elpais.com\/resizer\/v2\/K7W5T6EIZMO3MQEKPXYP36QOVU.jpg?auth=c55692175de5a41464c9ffccde54c7b3189ee3a2993e3fcadd2a0822242ea04f&amp;width=414\" sizes=\"auto, (min-width:1199px) 1155px,(min-width:1001px) calc(100vw - 44px),(min-width:768px) 767px, 100vw\" srcset=\"https:\/\/imagenes.elpais.com\/resizer\/v2\/K7W5T6EIZMO3MQEKPXYP36QOVU.jpg?auth=c55692175de5a41464c9ffccde54c7b3189ee3a2993e3fcadd2a0822242ea04f&amp;width=414 414w,https:\/\/imagenes.elpais.com\/resizer\/v2\/K7W5T6EIZMO3MQEKPXYP36QOVU.jpg?auth=c55692175de5a41464c9ffccde54c7b3189ee3a2993e3fcadd2a0822242ea04f&amp;width=828 640w,https:\/\/imagenes.elpais.com\/resizer\/v2\/K7W5T6EIZMO3MQEKPXYP36QOVU.jpg?auth=c55692175de5a41464c9ffccde54c7b3189ee3a2993e3fcadd2a0822242ea04f&amp;width=980 1000w,https:\/\/imagenes.elpais.com\/resizer\/v2\/K7W5T6EIZMO3MQEKPXYP36QOVU.jpg?auth=c55692175de5a41464c9ffccde54c7b3189ee3a2993e3fcadd2a0822242ea04f&amp;width=1960 1960w\" alt=\"El ojo del hurac\u00e1n Milton sobre el Golfo de M\u00e9xico en su camino hacia la costa oeste de Florida, el 8 de septiembre de 2024.  Fotograf\u00eda capturada desde la Estaci\u00f3n Espacial Internacional. \" width=\"414\" height=\"277\" \/><\/span><figcaption class=\"a_m_p\">El ojo del hurac\u00e1n Milton sobre el Golfo de M\u00e9xico en su camino hacia la costa oeste de Florida, el 8 de septiembre de 2024. Fotograf\u00eda capturada desde la Estaci\u00f3n Espacial Internacional.<span class=\"a_m_m\">Cortes\u00eda (EFE)<\/span><\/figcaption><\/figure>\n<figure class=\"a_m _pr gallery-photo-29 gallery-slider__photo  a_m-h \"><span class=\"a_m_w _db\"><img loading=\"lazy\" decoding=\"async\" id=\"foto_gal_29\" class=\"_re lazyload a_m-h\" src=\"https:\/\/imagenes.elpais.com\/resizer\/v2\/3DRXSEGAKNFVZC47UWIBSJAFEA.jpg?auth=e3c153c2f38c2fad68b9ffa69ee757c41b0091f3473525b70ccdb016d44cff7e&amp;width=414\" sizes=\"auto, (min-width:1199px) 1155px,(min-width:1001px) calc(100vw - 44px),(min-width:768px) 767px, 100vw\" srcset=\"https:\/\/imagenes.elpais.com\/resizer\/v2\/3DRXSEGAKNFVZC47UWIBSJAFEA.jpg?auth=e3c153c2f38c2fad68b9ffa69ee757c41b0091f3473525b70ccdb016d44cff7e&amp;width=414 414w,https:\/\/imagenes.elpais.com\/resizer\/v2\/3DRXSEGAKNFVZC47UWIBSJAFEA.jpg?auth=e3c153c2f38c2fad68b9ffa69ee757c41b0091f3473525b70ccdb016d44cff7e&amp;width=828 640w,https:\/\/imagenes.elpais.com\/resizer\/v2\/3DRXSEGAKNFVZC47UWIBSJAFEA.jpg?auth=e3c153c2f38c2fad68b9ffa69ee757c41b0091f3473525b70ccdb016d44cff7e&amp;width=980 1000w,https:\/\/imagenes.elpais.com\/resizer\/v2\/3DRXSEGAKNFVZC47UWIBSJAFEA.jpg?auth=e3c153c2f38c2fad68b9ffa69ee757c41b0091f3473525b70ccdb016d44cff7e&amp;width=1960 1960w\" alt=\"Keiko Fujimori coloca una flor sobre el ata\u00fad de su padre, el expresidente Alberto Fujimori, en Lima, Per\u00fa, el 14 de septiembre de 2024.\" width=\"414\" height=\"277\" \/><\/span><figcaption class=\"a_m_p\">Keiko Fujimori coloca una flor sobre el ata\u00fad de su padre, el expresidente Alberto Fujimori, en Lima, Per\u00fa, el 14 de septiembre de 2024.<span class=\"a_m_m\">Guadalupe Pardo (AP)<\/span><\/figcaption><\/figure>\n<figure class=\"a_m _pr gallery-photo-30 gallery-slider__photo  a_m-h \"><span class=\"a_m_w _db\"><img loading=\"lazy\" decoding=\"async\" id=\"foto_gal_30\" class=\"_re lazyload a_m-h\" src=\"https:\/\/imagenes.elpais.com\/resizer\/v2\/SISBRZU2KJDLVM3DTG6J7XXJGY.jpg?auth=f041a9fc39b6924526cc879110b9e1204125dc08a67737c81be23d279eb31f20&amp;width=414\" sizes=\"auto, (min-width:1199px) 1155px,(min-width:1001px) calc(100vw - 44px),(min-width:768px) 767px, 100vw\" srcset=\"https:\/\/imagenes.elpais.com\/resizer\/v2\/SISBRZU2KJDLVM3DTG6J7XXJGY.jpg?auth=f041a9fc39b6924526cc879110b9e1204125dc08a67737c81be23d279eb31f20&amp;width=414 414w,https:\/\/imagenes.elpais.com\/resizer\/v2\/SISBRZU2KJDLVM3DTG6J7XXJGY.jpg?auth=f041a9fc39b6924526cc879110b9e1204125dc08a67737c81be23d279eb31f20&amp;width=828 640w,https:\/\/imagenes.elpais.com\/resizer\/v2\/SISBRZU2KJDLVM3DTG6J7XXJGY.jpg?auth=f041a9fc39b6924526cc879110b9e1204125dc08a67737c81be23d279eb31f20&amp;width=980 1000w,https:\/\/imagenes.elpais.com\/resizer\/v2\/SISBRZU2KJDLVM3DTG6J7XXJGY.jpg?auth=f041a9fc39b6924526cc879110b9e1204125dc08a67737c81be23d279eb31f20&amp;width=1960 1960w\" alt=\"Una mujer vestida de novia en el Bajo Manhattan. Los Estados Unidos se preparan para un proceso de elecci\u00f3n hist\u00f3rico. \" width=\"414\" height=\"276\" \/><\/span><figcaption class=\"a_m_p\">Una mujer vestida de novia en el Bajo Manhattan. Los Estados Unidos se preparan para un proceso de elecci\u00f3n hist\u00f3rico.<span class=\"a_m_m\">Hector Guerrero<\/span><\/figcaption><\/figure>\n<figure class=\"a_m _pr gallery-photo-31 gallery-slider__photo  a_m-h \"><span class=\"a_m_w _db\"><img loading=\"lazy\" decoding=\"async\" id=\"foto_gal_31\" class=\"_re lazyload a_m-h\" src=\"https:\/\/imagenes.elpais.com\/resizer\/v2\/OJPKYEG42FC6XCY5AOKGPEJJCE.jpg?auth=a16b158895c3d583f898cb691442825b29293590b9b813434c6e5eaa93132abc&amp;width=414\" sizes=\"auto, (min-width:1199px) 1155px,(min-width:1001px) calc(100vw - 44px),(min-width:768px) 767px, 100vw\" srcset=\"https:\/\/imagenes.elpais.com\/resizer\/v2\/OJPKYEG42FC6XCY5AOKGPEJJCE.jpg?auth=a16b158895c3d583f898cb691442825b29293590b9b813434c6e5eaa93132abc&amp;width=414 414w,https:\/\/imagenes.elpais.com\/resizer\/v2\/OJPKYEG42FC6XCY5AOKGPEJJCE.jpg?auth=a16b158895c3d583f898cb691442825b29293590b9b813434c6e5eaa93132abc&amp;width=828 640w,https:\/\/imagenes.elpais.com\/resizer\/v2\/OJPKYEG42FC6XCY5AOKGPEJJCE.jpg?auth=a16b158895c3d583f898cb691442825b29293590b9b813434c6e5eaa93132abc&amp;width=980 1000w,https:\/\/imagenes.elpais.com\/resizer\/v2\/OJPKYEG42FC6XCY5AOKGPEJJCE.jpg?auth=a16b158895c3d583f898cb691442825b29293590b9b813434c6e5eaa93132abc&amp;width=1960 1960w\" alt=\"Un oso polar y un cachorro buscan restos de carne en una gran pila de huesos de ballena de Groenlandia que quedaron de la caza de subsistencia de la aldea Kaktovik en Alaska, el 15 de octubre de 2024. \" width=\"414\" height=\"276\" \/><\/span><figcaption class=\"a_m_p\">Un oso polar y un cachorro buscan restos de carne en una gran pila de huesos de ballena de Groenlandia que quedaron de la caza de subsistencia de la aldea Kaktovik en Alaska, el 15 de octubre de 2024.<span class=\"a_m_m\">Lindsey Wasson (AP)<\/span><\/figcaption><\/figure>\n<figure class=\"a_m _pr gallery-photo-32 gallery-slider__photo  a_m-h \"><span class=\"a_m_w _db\"><img loading=\"lazy\" decoding=\"async\" id=\"foto_gal_32\" class=\"_re lazyload a_m-h\" src=\"https:\/\/imagenes.elpais.com\/resizer\/v2\/2U4YFLH2WND2TNAZ77NKSRQYBY.jpg?auth=be5f54a4a0d7717486543961c3cb148d36b74bfeb1a38d0f497a04d3860eb284&amp;width=414\" sizes=\"auto, (min-width:1199px) 1155px,(min-width:1001px) calc(100vw - 44px),(min-width:768px) 767px, 100vw\" srcset=\"https:\/\/imagenes.elpais.com\/resizer\/v2\/2U4YFLH2WND2TNAZ77NKSRQYBY.jpg?auth=be5f54a4a0d7717486543961c3cb148d36b74bfeb1a38d0f497a04d3860eb284&amp;width=414 414w,https:\/\/imagenes.elpais.com\/resizer\/v2\/2U4YFLH2WND2TNAZ77NKSRQYBY.jpg?auth=be5f54a4a0d7717486543961c3cb148d36b74bfeb1a38d0f497a04d3860eb284&amp;width=828 640w,https:\/\/imagenes.elpais.com\/resizer\/v2\/2U4YFLH2WND2TNAZ77NKSRQYBY.jpg?auth=be5f54a4a0d7717486543961c3cb148d36b74bfeb1a38d0f497a04d3860eb284&amp;width=980 1000w,https:\/\/imagenes.elpais.com\/resizer\/v2\/2U4YFLH2WND2TNAZ77NKSRQYBY.jpg?auth=be5f54a4a0d7717486543961c3cb148d36b74bfeb1a38d0f497a04d3860eb284&amp;width=1960 1960w\" alt=\"Un grupo habitantes caminan sobre una parte del r\u00edo Amazonas que muestra signos de sequ\u00eda en Santa Sof\u00eda, en las afueras de Leticia, Colombia, el 20 de octubre de 2024. \" width=\"414\" height=\"276\" \/><\/span><figcaption class=\"a_m_p\">Un grupo habitantes caminan sobre una parte del r\u00edo Amazonas que muestra signos de sequ\u00eda en Santa Sof\u00eda, en las afueras de Leticia, Colombia, el 20 de octubre de 2024.<span class=\"a_m_m\">Ivan Valencia (AP)<\/span><\/figcaption><\/figure>\n<figure class=\"a_m _pr gallery-photo-33 gallery-slider__photo  a_m-h \"><span class=\"a_m_w _db\"><img loading=\"lazy\" decoding=\"async\" id=\"foto_gal_33\" class=\"_re lazyload a_m-h\" src=\"https:\/\/imagenes.elpais.com\/resizer\/v2\/5PPYUFDXKZEUZE7DU3ZQRUMA7A.jpg?auth=80f099603cb6dcffbd7680cb2439f29038b7fcb89fae80c8840cadee1770cc39&amp;width=414\" sizes=\"auto, (min-width:1199px) 1155px,(min-width:1001px) calc(100vw - 44px),(min-width:768px) 767px, 100vw\" srcset=\"https:\/\/imagenes.elpais.com\/resizer\/v2\/5PPYUFDXKZEUZE7DU3ZQRUMA7A.jpg?auth=80f099603cb6dcffbd7680cb2439f29038b7fcb89fae80c8840cadee1770cc39&amp;width=414 414w,https:\/\/imagenes.elpais.com\/resizer\/v2\/5PPYUFDXKZEUZE7DU3ZQRUMA7A.jpg?auth=80f099603cb6dcffbd7680cb2439f29038b7fcb89fae80c8840cadee1770cc39&amp;width=828 640w,https:\/\/imagenes.elpais.com\/resizer\/v2\/5PPYUFDXKZEUZE7DU3ZQRUMA7A.jpg?auth=80f099603cb6dcffbd7680cb2439f29038b7fcb89fae80c8840cadee1770cc39&amp;width=980 1000w,https:\/\/imagenes.elpais.com\/resizer\/v2\/5PPYUFDXKZEUZE7DU3ZQRUMA7A.jpg?auth=80f099603cb6dcffbd7680cb2439f29038b7fcb89fae80c8840cadee1770cc39&amp;width=1960 1960w\" alt=\"Kamala Harris, mira un monitor detr\u00e1s del escenario justo antes de subir al frente para su \u00faltimo mitin de campa\u00f1a en Filadelfia, el 4 de noviembre de 2024, un d\u00eda antes de las elecciones que perder\u00eda frente al republicano Donald Trump. \" width=\"414\" height=\"277\" \/><\/span><figcaption class=\"a_m_p\">Kamala Harris, mira un monitor detr\u00e1s del escenario justo antes de subir al frente para su \u00faltimo mitin de campa\u00f1a en Filadelfia, el 4 de noviembre de 2024, un d\u00eda antes de las elecciones que perder\u00eda frente al republicano Donald Trump.<span class=\"a_m_m\">Jacquelyn Martin (AP)<\/span><\/figcaption><\/figure>\n<figure class=\"a_m _pr gallery-photo-34 gallery-slider__photo  a_m-h \"><span class=\"a_m_w _db\"><img loading=\"lazy\" decoding=\"async\" id=\"foto_gal_34\" class=\"_re lazyload a_m-h\" src=\"https:\/\/imagenes.elpais.com\/resizer\/v2\/H4FTDVPU6ZG5VASRAFEZSHTRVI.jpg?auth=3f827ff0c7f18a42b7ca4392cbe43b31774a6573bcdfbdea967c400397c75d66&amp;width=414\" sizes=\"auto, (min-width:1199px) 1155px,(min-width:1001px) calc(100vw - 44px),(min-width:768px) 767px, 100vw\" srcset=\"https:\/\/imagenes.elpais.com\/resizer\/v2\/H4FTDVPU6ZG5VASRAFEZSHTRVI.jpg?auth=3f827ff0c7f18a42b7ca4392cbe43b31774a6573bcdfbdea967c400397c75d66&amp;width=414 414w,https:\/\/imagenes.elpais.com\/resizer\/v2\/H4FTDVPU6ZG5VASRAFEZSHTRVI.jpg?auth=3f827ff0c7f18a42b7ca4392cbe43b31774a6573bcdfbdea967c400397c75d66&amp;width=828 640w,https:\/\/imagenes.elpais.com\/resizer\/v2\/H4FTDVPU6ZG5VASRAFEZSHTRVI.jpg?auth=3f827ff0c7f18a42b7ca4392cbe43b31774a6573bcdfbdea967c400397c75d66&amp;width=980 1000w,https:\/\/imagenes.elpais.com\/resizer\/v2\/H4FTDVPU6ZG5VASRAFEZSHTRVI.jpg?auth=3f827ff0c7f18a42b7ca4392cbe43b31774a6573bcdfbdea967c400397c75d66&amp;width=1960 1960w\" alt=\"Una familia en su peque\u00f1o auto conduce por un camino destruido tras el paso del hurac\u00e1n Rafael en San Antonio de los Ba\u00f1os, Cuba, el 7 de noviembre de 2024. \" width=\"414\" height=\"276\" \/><\/span><figcaption class=\"a_m_p\">Una familia en su peque\u00f1o auto conduce por un camino destruido tras el paso del hurac\u00e1n Rafael en San Antonio de los Ba\u00f1os, Cuba, el 7 de noviembre de 2024.<span class=\"a_m_m\">Ramon Espinosa (AP)<\/span><\/figcaption><\/figure>\n<figure class=\"a_m _pr gallery-photo-35 gallery-slider__photo  a_m-h \"><span class=\"a_m_w _db\"><img loading=\"lazy\" decoding=\"async\" id=\"foto_gal_35\" class=\"_re lazyload a_m-h\" src=\"https:\/\/imagenes.elpais.com\/resizer\/v2\/BB4AU5Y5WJFFZGJYHI27NGIGYY.jpg?auth=2c52e0e7a81ea6961c2f813f47e80dc445e36be0127419885166c8ae8e37b6b6&amp;width=414\" sizes=\"auto, (min-width:1199px) 1155px,(min-width:1001px) calc(100vw - 44px),(min-width:768px) 767px, 100vw\" srcset=\"https:\/\/imagenes.elpais.com\/resizer\/v2\/BB4AU5Y5WJFFZGJYHI27NGIGYY.jpg?auth=2c52e0e7a81ea6961c2f813f47e80dc445e36be0127419885166c8ae8e37b6b6&amp;width=414 414w,https:\/\/imagenes.elpais.com\/resizer\/v2\/BB4AU5Y5WJFFZGJYHI27NGIGYY.jpg?auth=2c52e0e7a81ea6961c2f813f47e80dc445e36be0127419885166c8ae8e37b6b6&amp;width=828 640w,https:\/\/imagenes.elpais.com\/resizer\/v2\/BB4AU5Y5WJFFZGJYHI27NGIGYY.jpg?auth=2c52e0e7a81ea6961c2f813f47e80dc445e36be0127419885166c8ae8e37b6b6&amp;width=980 1000w,https:\/\/imagenes.elpais.com\/resizer\/v2\/BB4AU5Y5WJFFZGJYHI27NGIGYY.jpg?auth=2c52e0e7a81ea6961c2f813f47e80dc445e36be0127419885166c8ae8e37b6b6&amp;width=1960 1960w\" alt=\"futbol en argentina\" width=\"414\" height=\"276\" \/><\/span><figcaption class=\"a_m_p\">Un ni\u00f1o con la camiseta de la selecci\u00f3n argentina de Lionel Messi, entrena en el Club Atl\u00e9tico General Lamadrid, en el barrio porte\u00f1o de Devoto, Buenos Aires, 13 de noviembre de 2024.<span class=\"a_m_m\">MARIANA NEDELCU<\/span><\/figcaption><\/figure>\n<\/div>\n<\/div>\n<\/div>\n<footer class=\"_g _g-lg a_bf\">\n<aside class=\"a_com w w-com _df\"><\/aside>\n<\/footer>\n<\/div>\n","protected":false},"excerpt":{"rendered":"<p>&nbsp; &nbsp; &#8211; El atentado a Donald Trump, el triunfo del magnate como nuevo presidente de los Estados Unidos, los huracanes golpeando con fuerza las&hellip;<\/p>\n","protected":false},"author":99,"featured_media":526788,"comment_status":"open","ping_status":"open","sticky":false,"template":"","format":"standard","meta":{"footnotes":""},"categories":[24],"tags":[],"class_list":["post-526787","post","type-post","status-publish","format-standard","has-post-thumbnail","hentry","category-mundo"],"_links":{"self":[{"href":"https:\/\/diarioelpopular.com\/index.php\/wp-json\/wp\/v2\/posts\/526787","targetHints":{"allow":["GET"]}}],"collection":[{"href":"https:\/\/diarioelpopular.com\/index.php\/wp-json\/wp\/v2\/posts"}],"about":[{"href":"https:\/\/diarioelpopular.com\/index.php\/wp-json\/wp\/v2\/types\/post"}],"author":[{"embeddable":true,"href":"https:\/\/diarioelpopular.com\/index.php\/wp-json\/wp\/v2\/users\/99"}],"replies":[{"embeddable":true,"href":"https:\/\/diarioelpopular.com\/index.php\/wp-json\/wp\/v2\/comments?post=526787"}],"version-history":[{"count":1,"href":"https:\/\/diarioelpopular.com\/index.php\/wp-json\/wp\/v2\/posts\/526787\/revisions"}],"predecessor-version":[{"id":526789,"href":"https:\/\/diarioelpopular.com\/index.php\/wp-json\/wp\/v2\/posts\/526787\/revisions\/526789"}],"wp:featuredmedia":[{"embeddable":true,"href":"https:\/\/diarioelpopular.com\/index.php\/wp-json\/wp\/v2\/media\/526788"}],"wp:attachment":[{"href":"https:\/\/diarioelpopular.com\/index.php\/wp-json\/wp\/v2\/media?parent=526787"}],"wp:term":[{"taxonomy":"category","embeddable":true,"href":"https:\/\/diarioelpopular.com\/index.php\/wp-json\/wp\/v2\/categories?post=526787"},{"taxonomy":"post_tag","embeddable":true,"href":"https:\/\/diarioelpopular.com\/index.php\/wp-json\/wp\/v2\/tags?post=526787"}],"curies":[{"name":"wp","href":"https:\/\/api.w.org\/{rel}","templated":true}]}}