{"id":526801,"date":"2025-01-01T15:06:59","date_gmt":"2025-01-01T19:06:59","guid":{"rendered":"https:\/\/diarioelpopular.com\/?p=526801"},"modified":"2025-01-01T15:06:59","modified_gmt":"2025-01-01T19:06:59","slug":"el-bloque-liberal-de-quebec-pide-la-dimision-de-trudeau-lo-que-aumenta-la-presion","status":"publish","type":"post","link":"https:\/\/diarioelpopular.com\/index.php\/2025\/01\/01\/el-bloque-liberal-de-quebec-pide-la-dimision-de-trudeau-lo-que-aumenta-la-presion\/","title":{"rendered":"El bloque liberal de Quebec pide la dimisi\u00f3n de Trudeau, lo que aumenta la presi\u00f3n"},"content":{"rendered":"<p><img loading=\"lazy\" decoding=\"async\" class=\"alignnone size-custom-full-size wp-image-526802\" src=\"https:\/\/diarioelpopular.com\/wp-content\/uploads\/2025\/01\/Screen-Shot-2025-01-01-at-2.06.28-PM-636x399.png\" alt=\"\" width=\"636\" height=\"399\" srcset=\"https:\/\/diarioelpopular.com\/wp-content\/uploads\/2025\/01\/Screen-Shot-2025-01-01-at-2.06.28-PM-636x399.png 636w, https:\/\/diarioelpopular.com\/wp-content\/uploads\/2025\/01\/Screen-Shot-2025-01-01-at-2.06.28-PM-300x188.png 300w, https:\/\/diarioelpopular.com\/wp-content\/uploads\/2025\/01\/Screen-Shot-2025-01-01-at-2.06.28-PM-768x482.png 768w, https:\/\/diarioelpopular.com\/wp-content\/uploads\/2025\/01\/Screen-Shot-2025-01-01-at-2.06.28-PM-116x73.png 116w, https:\/\/diarioelpopular.com\/wp-content\/uploads\/2025\/01\/Screen-Shot-2025-01-01-at-2.06.28-PM.png 858w\" sizes=\"auto, (max-width: 636px) 100vw, 636px\" \/><\/p>\n<p>&nbsp;<\/p>\n<p>&nbsp;<\/p>\n<p><em><strong>Todos los diputados liberales de Quebec est\u00e1n pidiendo que el primer ministro Justin Trudeau renuncie antes de las pr\u00f3ximas elecciones federales, convirti\u00e9ndose en el tercer bloque regional en hacerlo<\/strong><\/em><\/p>\n<p>&nbsp;<\/p>\n<p>&nbsp;<\/p>\n<p>Los diputados de Quebec han estado discutiendo el destino del primer ministro entre ellos desde que la C\u00e1mara de los Comunes se levant\u00f3 para el receso de invierno el 17 de diciembre, y llegaron a la conclusi\u00f3n de que Trudeau debe dimitir, seg\u00fan ha informado a Global News una fuente con conocimiento directo de las discusiones.<\/p>\n<p>Stephane Lauzon, que preside el bloque liberal de Quebec, ha recibido la tarea de transmitir ese mensaje a los l\u00edderes del bloque nacional, seg\u00fan ha afirmado la fuente.<\/p>\n<p>La noticia de las discusiones de los diputados de Quebec fue informada previamente por iPolitics, citando a fuentes dentro del bloque que dijeron que Lauzon hab\u00eda enviado una carta al bloque ejecutivo para informarles de la decisi\u00f3n de los diputados. CBC News y el Globe and Mail tambi\u00e9n informaron sobre las conversaciones, pero no confirmaron la existencia de una carta.<\/p>\n<p>En un comunicado publicado el martes, Lauzon no confirm\u00f3 las conversaciones privadas ni neg\u00f3 los informes sobre la conclusi\u00f3n del grupo parlamentario de que Trudeau deber\u00eda renunciar.<\/p>\n<p>Sin embargo, dijo que no ha habido reuniones oficiales del grupo parlamentario desde el 11 de diciembre y que &#8220;ninguna carta ha sido firmada o circulada dentro del grupo parlamentario liberal de Quebec antes, durante o despu\u00e9s&#8221; de esa reuni\u00f3n.<\/p>\n<p>&#8220;Esos son los pilares principales de la base liberal, y si ese es el caso, se vuelve realmente, realmente dif\u00edcil ver c\u00f3mo (Trudeau) puede seguir adelante&#8221;, dijo a Global News Lori Turnbull, profesora de ciencias pol\u00edticas en la Universidad de Dalhousie.<\/p>\n<p>&#8220;Esto es una muerte por mil cortes&#8221;.<\/p>\n<p>La fuente dijo a Global News que la posici\u00f3n de Trudeau era insostenible y espera que enfrente una revuelta del grupo parlamentario completo si no se hace a un lado.<\/p>\n<p>En una entrevista que se emiti\u00f3 en The West Block el mes pasado, poco despu\u00e9s de que la C\u00e1mara de los Comunes se levantara para las vacaciones de invierno, el diputado liberal de Quebec, Anthony Housefather, dijo que Trudeau debe irse y que la &#8220;gran mayor\u00eda&#8221; de los colegas del grupo parlamentario con los que hab\u00eda hablado en privado estaban de acuerdo con \u00e9l.<\/p>\n<p>Un n\u00famero cada vez mayor de diputados liberales de todo el pa\u00eds han instado p\u00fablicamente a Trudeau a renunciar desde que su antigua aliada incondicional, Chrystia Freeland, renunci\u00f3 abruptamente como ministra de finanzas y viceprimera ministra el mes pasado en un golpe impactante para el gabinete.<\/p>\n<p>Trudeau se encuentra actualmente de vacaciones con su familia en British Columbia, pero el diputado liberal de Ontario, Chandra Arya, dijo a Global News el mes pasado que cre\u00eda que el primer ministro estaba &#8220;considerando seriamente&#8221; su futuro, ante el cual no tiene muchas alternativas. Se va o se va.<\/p>\n<p>&#8220;La cuesti\u00f3n es cu\u00e1ndo se va; esa es la cuesti\u00f3n clave ahora, si hay que hacerlo ahora&#8221;, dijo Arya.<\/p>\n<p>El presidente del bloque atl\u00e1ntico y diputado por Nova Scotia, Kody Blois, escribi\u00f3 una carta a Trudeau el mes pasado, que fue compartida p\u00fablicamente por el diputado por New Brunswick Wayne Long, en la que dec\u00eda que ya no es &#8220;sostenible&#8221; que Trudeau siga liderando el partido.<\/p>\n<p>Trudeau y los liberales han estado rezagados cda vez m\u00e1s en las encuestas durante m\u00e1s de un a\u00f1o, pero han tocado nuevos m\u00ednimos en las \u00faltimas semanas.<\/p>\n<p>Una encuesta del 20 de diciembre realizada por Ipsos para Global News encontr\u00f3 que Trudeau estaba solo un punto por encima del m\u00ednimo hist\u00f3rico de apoyo registrado por el ex l\u00edder liberal Michael Ignatieff en 2011, con solo el 23 por ciento de los encuestados diciendo que creen que Trudeau merece la reelecci\u00f3n. Casi tres cuartas partes de los encuestados dijeron que deber\u00eda renunciar.<\/p>\n<p>La encuesta, que sugiere que el 53 por ciento de los canadienses ahora quieren una elecci\u00f3n anticipada, empat\u00f3 a los liberales con el NDP con un 20 por ciento de apoyo.<\/p>\n<p>Diez d\u00edas despu\u00e9s de esa encuesta, Angus Reid public\u00f3 datos que mostraban que los liberales estaban terminando el a\u00f1o con solo el 16 por ciento de apoyo, el nivel m\u00e1s bajo desde 2014 y peor que el que recibieron los liberales bajo Ignatieff en la elecci\u00f3n de 2011. Trudeau recibi\u00f3 solo el 22 por ciento de apoyo en esa encuesta.<\/p>\n<p>Angus Reid tambi\u00e9n encontr\u00f3 que casi la mitad de los canadienses quieren que Trudeau renuncie y d\u00e9 paso a una contienda por el liderazgo para reemplazarlo de inmediato, mientras que dos de cada cinco quieren una elecci\u00f3n tan pronto como en febrero.<\/p>\n<p>La pr\u00f3xima elecci\u00f3n est\u00e1 programada actualmente para no m\u00e1s tarde de octubre de 2025.<\/p>\n<p>La C\u00e1mara de los Comunes est\u00e1 programada para regresar el 27 de enero, y tanto los conservadores como el NDP han dicho que planean presentar mociones de censura para derrocar al gobierno y provocar una elecci\u00f3n lo antes posible.<\/p>\n<p>Turnbull dijo que es \u201cmuy posible\u201d que Trudeau, en cambio, prorrogue el Parlamento antes de que la C\u00e1mara regrese (suspendiendo todos los asuntos legislativos y de comit\u00e9s por un per\u00edodo de tiempo espec\u00edfico) para ganar tiempo para permanecer como primer ministro o permitir una carrera por el liderazgo para reemplazarlo.<\/p>\n<p>La investidura, que se acerca r\u00e1pidamente el 20 de enero, del presidente electo de Estados Unidos, Donald Trump (que ha amenazado con imponer aranceles del 25 por ciento a todas las importaciones canadienses), pone presi\u00f3n adicional sobre Trudeau.<\/p>\n","protected":false},"excerpt":{"rendered":"<p>&nbsp; &nbsp; Todos los diputados liberales de Quebec est\u00e1n pidiendo que el primer ministro Justin Trudeau renuncie antes de las pr\u00f3ximas elecciones federales, convirti\u00e9ndose en&hellip;<\/p>\n","protected":false},"author":99,"featured_media":526802,"comment_status":"open","ping_status":"open","sticky":false,"template":"","format":"standard","meta":{"footnotes":""},"categories":[21,11191],"tags":[],"class_list":["post-526801","post","type-post","status-publish","format-standard","has-post-thumbnail","hentry","category-canada","category-top-news"],"_links":{"self":[{"href":"https:\/\/diarioelpopular.com\/index.php\/wp-json\/wp\/v2\/posts\/526801","targetHints":{"allow":["GET"]}}],"collection":[{"href":"https:\/\/diarioelpopular.com\/index.php\/wp-json\/wp\/v2\/posts"}],"about":[{"href":"https:\/\/diarioelpopular.com\/index.php\/wp-json\/wp\/v2\/types\/post"}],"author":[{"embeddable":true,"href":"https:\/\/diarioelpopular.com\/index.php\/wp-json\/wp\/v2\/users\/99"}],"replies":[{"embeddable":true,"href":"https:\/\/diarioelpopular.com\/index.php\/wp-json\/wp\/v2\/comments?post=526801"}],"version-history":[{"count":1,"href":"https:\/\/diarioelpopular.com\/index.php\/wp-json\/wp\/v2\/posts\/526801\/revisions"}],"predecessor-version":[{"id":526803,"href":"https:\/\/diarioelpopular.com\/index.php\/wp-json\/wp\/v2\/posts\/526801\/revisions\/526803"}],"wp:featuredmedia":[{"embeddable":true,"href":"https:\/\/diarioelpopular.com\/index.php\/wp-json\/wp\/v2\/media\/526802"}],"wp:attachment":[{"href":"https:\/\/diarioelpopular.com\/index.php\/wp-json\/wp\/v2\/media?parent=526801"}],"wp:term":[{"taxonomy":"category","embeddable":true,"href":"https:\/\/diarioelpopular.com\/index.php\/wp-json\/wp\/v2\/categories?post=526801"},{"taxonomy":"post_tag","embeddable":true,"href":"https:\/\/diarioelpopular.com\/index.php\/wp-json\/wp\/v2\/tags?post=526801"}],"curies":[{"name":"wp","href":"https:\/\/api.w.org\/{rel}","templated":true}]}}