{"id":526809,"date":"2025-01-01T15:27:06","date_gmt":"2025-01-01T19:27:06","guid":{"rendered":"https:\/\/diarioelpopular.com\/?p=526809"},"modified":"2025-01-01T15:27:06","modified_gmt":"2025-01-01T19:27:06","slug":"milei-habilita-por-decreto-a-las-fuerzas-armadas-para-intervenir-en-asuntos-de-seguridad-interior","status":"publish","type":"post","link":"https:\/\/diarioelpopular.com\/index.php\/2025\/01\/01\/milei-habilita-por-decreto-a-las-fuerzas-armadas-para-intervenir-en-asuntos-de-seguridad-interior\/","title":{"rendered":"Milei habilita por decreto a las Fuerzas Armadas para intervenir en asuntos de seguridad interior"},"content":{"rendered":"<div id=\"attachment_526810\" style=\"width: 1210px\" class=\"wp-caption alignnone\"><img loading=\"lazy\" decoding=\"async\" aria-describedby=\"caption-attachment-526810\" class=\"wp-image-526810 size-custom-big-size\" src=\"https:\/\/diarioelpopular.com\/wp-content\/uploads\/2025\/01\/Screen-Shot-2025-01-01-at-2.26.22-PM-1200x794.png\" alt=\"\" width=\"1200\" height=\"794\" srcset=\"https:\/\/diarioelpopular.com\/wp-content\/uploads\/2025\/01\/Screen-Shot-2025-01-01-at-2.26.22-PM-1200x794.png 1200w, https:\/\/diarioelpopular.com\/wp-content\/uploads\/2025\/01\/Screen-Shot-2025-01-01-at-2.26.22-PM-300x199.png 300w, https:\/\/diarioelpopular.com\/wp-content\/uploads\/2025\/01\/Screen-Shot-2025-01-01-at-2.26.22-PM-768x508.png 768w, https:\/\/diarioelpopular.com\/wp-content\/uploads\/2025\/01\/Screen-Shot-2025-01-01-at-2.26.22-PM-85x55.png 85w, https:\/\/diarioelpopular.com\/wp-content\/uploads\/2025\/01\/Screen-Shot-2025-01-01-at-2.26.22-PM-636x421.png 636w, https:\/\/diarioelpopular.com\/wp-content\/uploads\/2025\/01\/Screen-Shot-2025-01-01-at-2.26.22-PM-110x73.png 110w, https:\/\/diarioelpopular.com\/wp-content\/uploads\/2025\/01\/Screen-Shot-2025-01-01-at-2.26.22-PM.png 1024w\" sizes=\"auto, (max-width: 1200px) 100vw, 1200px\" \/><p id=\"caption-attachment-526810\" class=\"wp-caption-text\">Javier Milei encabez\u00f3 el acto de egreso de las tres fuerzas en el Colegio Militar, el 17 de diciembre de 2024.\u00a0 \u00a0 \u00a0 \u00a0 \u00a0 \u00a0 \u00a0 \u00a0 \u00a0 \u00a0 \u00a0 \u00a0 \u00a0 \u00a0 PRENSA PRESIDENCIA ARGENTINA<\/p><\/div>\n<p>&nbsp;<\/p>\n<p>&nbsp;<\/p>\n<h4 class=\"a_st\"><em>&#8211; El presidente argentino rompe con la distinci\u00f3n entre defensa y seguridad vigente en el pa\u00eds desde la restauraci\u00f3n de la democracia, tras los cr\u00edmenes de la dictadura militar<\/em><\/h4>\n<p>&nbsp;<\/p>\n<p class=\"\">El desguace y debilitamiento del Estado que proclama\u00a0<a href=\"https:\/\/elpais.com\/argentina\/2024-12-27\/el-gobierno-de-milei-asegura-que-el-salario-minimo-es-un-error-si-hay-personas-dispuestas-a-trabajar-por-menos-no-las-podes-contratar.html\" data-link-track-dtm=\"\" data-mrf-link=\"https:\/\/elpais.com\/argentina\/2024-12-27\/el-gobierno-de-milei-asegura-que-el-salario-minimo-es-un-error-si-hay-personas-dispuestas-a-trabajar-por-menos-no-las-podes-contratar.html\">Javier Milei<\/a>\u00a0en Argentina es selectivo: en determinadas \u00e1reas, el presidente impulsa un proceso inverso de fortalecimiento y ampliaci\u00f3n de atribuciones. Tal es el caso de la defensa nacional.<\/p>\n<p class=\"\">A lo largo de su primer a\u00f1o de mandato, Milei ha se\u00f1alado en diversas oportunidades su prop\u00f3sito de\u00a0<a href=\"https:\/\/www.argentina.gob.ar\/noticias\/javier-milei-desde-el-colegio-militar-estamos-reconciliando-las-fuerzas-armadas-con-la\" data-link-track-dtm=\"\" data-mrf-link=\"https:\/\/www.argentina.gob.ar\/noticias\/javier-milei-desde-el-colegio-militar-estamos-reconciliando-las-fuerzas-armadas-con-la\">reivindicar a las Fuerzas Armadas<\/a>\u00a0y ha anunciado la\u00a0<a href=\"https:\/\/elpais.com\/argentina\/2024-04-16\/milei-estrecha-el-vinculo-con-estados-unidos-y-compra-f-16-usados-para-modernizar-la-fuerza-aerea.html\" data-link-track-dtm=\"\" data-mrf-link=\"https:\/\/elpais.com\/argentina\/2024-04-16\/milei-estrecha-el-vinculo-con-estados-unidos-y-compra-f-16-usados-para-modernizar-la-fuerza-aerea.html\">compra de armamento y veh\u00edculos militares<\/a>. Ahora, con dos decretos que le permitieron evitar el debate p\u00fablico, dispuso que el Ej\u00e9rcito, la Fuerza A\u00e9rea y la Armada pueden intervenir en asuntos de seguridad interior, algo hasta ahora vedado. El poder de decidir c\u00f3mo y cu\u00e1ndo actuar\u00e1n los militares se lo reserva el propio Ejecutivo, es decir, que no mediar\u00e1n mecanismos de control.<\/p>\n<p class=\"\">Se trata de las primeras medidas concretas de Milei encaminadas a revertir la distinci\u00f3n entre defensa y seguridad, una separaci\u00f3n que est\u00e1 en la base de la restauraci\u00f3n democr\u00e1tica en el pa\u00eds. Tras los cr\u00edmenes aberrantes de la \u00faltima dictadura militar (1976-1983), hace 36 a\u00f1os el Congreso resolvi\u00f3 por ley que las Fuerzas Armadas solo pueden actuar ante una \u201cagresi\u00f3n de origen externo\u201d. El actual Gobierno hizo un intento de modificar ese consenso en agosto pasado, con un proyecto que no tuvo apoyos en el Parlamento y nunca fue tratado. Ahora Milei volvi\u00f3 a la carga con los decretos\u00a0<a href=\"https:\/\/www.boletinoficial.gob.ar\/detalleAviso\/primera\/318420\/20241219\" data-link-track-dtm=\"\" data-mrf-link=\"https:\/\/www.boletinoficial.gob.ar\/detalleAviso\/primera\/318420\/20241219\">1107<\/a>\u00a0y\u00a0<a href=\"https:\/\/www.boletinoficial.gob.ar\/detalleAviso\/primera\/318502\/20241220\" data-link-track-dtm=\"\" data-mrf-link=\"https:\/\/www.boletinoficial.gob.ar\/detalleAviso\/primera\/318502\/20241220\">1112<\/a>, firmados el 18 y el 19 de diciembre pasados.<\/p>\n<p class=\"\">El primer decreto habilita a las Fuerzas Armadas a custodiar \u201cobjetivos de valor estrat\u00e9gico\u201d, definidos sin demasiada precisi\u00f3n como \u201ccualquier bien, instalaci\u00f3n o conjunto de instalaciones fijas\u201d, as\u00ed como \u201clas entidades materiales de vital importancia para el Estado nacional\u201d. La potestad de convocar a los militares con ese fin \u2014que antes solo estaba prevista excepcionalmente y requer\u00eda conformar un comit\u00e9 de crisis o declarar el estado de sitio\u2014 queda concentrada en el Ministerio de Seguridad. A cargo de esa cartera hoy est\u00e1\u00a0<a href=\"https:\/\/elpais.com\/argentina\/2023-12-01\/bullrich-consuma-su-alianza-con-milei-como-ministra-de-seguridad.html\" target=\"_blank\" rel=\"noopener\" data-link-track-dtm=\"\" data-mrf-link=\"https:\/\/elpais.com\/argentina\/2023-12-01\/bullrich-consuma-su-alianza-con-milei-como-ministra-de-seguridad.html\">Patricia Bullrich<\/a>, mentora de las medidas y quien ya las hab\u00eda impulsado durante el Gobierno del conservador Mauricio Macri (2015-2019).<\/p>\n<p class=\"\">El segundo decreto es m\u00e1s extenso y, bajo la forma de una reglamentaci\u00f3n, implica una reforma del sistema de defensa nacional. Entre otras cosas, establece que las Fuerzas Armadas no solo deben intervenir ante ataques de otros Estados, sino tambi\u00e9n ante agresiones o amenazas de \u201corganismos paraestatales extranjeros, de organizaciones terroristas u otras organizaciones trasnacionales\u201d. El \u00e1mbito de acci\u00f3n se ampl\u00eda y abarca, adem\u00e1s de espacios terrestres, mar\u00edtimos, fluviales, lacustres y a\u00e9reos, al ciberespacio y al \u201cespectro electromagn\u00e9tico\u201d. La norma habilita a las fuerzas militares a colaborar \u201cen tiempos de paz\u201d con las fuerzas de seguridad en tareas de vigilancia y control de fronteras.<\/p>\n<p class=\"\">Uno de los puntos m\u00e1s cuestionados del decreto 1112 es el que autoriza a los uniformados a ejercer el poder de polic\u00eda. En el marco de sus nuevas potestades para custodiar sus equipos e instalaciones, tanto en los cuarteles como en tr\u00e1nsito rumbo a ejercicios u otras actividades, ahora pueden \u201cproceder a la aprehensi\u00f3n transitoria de personas que se encuentren cometiendo delitos\u201d.<\/p>\n<p class=\"\">\u201cEstamos jerarquizando y fortaleciendo a nuestras Fuerzas Armadas\u201d, fueron las palabras con que el ministro de Defensa,\u00a0<a href=\"https:\/\/x.com\/luispetri\/status\/1870155196430516327?t=JhM1d94FqBDm7p-bLyU5tw&amp;s=19\" data-link-track-dtm=\"\" data-mrf-link=\"https:\/\/x.com\/luispetri\/status\/1870155196430516327?t=JhM1d94FqBDm7p-bLyU5tw&amp;s=19\">Luis Petri<\/a>, promocion\u00f3 los decretos. Asegur\u00f3 que las nuevas atribuciones les permitir\u00e1n a los militares \u201cintervenir ante amenazas terroristas\u201d y servir\u00e1n para \u201cproteger m\u00e1s y mejor a los argentinos\u201d.<\/p>\n<p class=\"\">La oposici\u00f3n pol\u00edtica rechaz\u00f3 los decretos. Un conjunto de diputados del Frente de Todos (peronismo) manifest\u00f3 \u201cprofunda preocupaci\u00f3n\u201d por las medidas y, en particular, por la decisi\u00f3n de Milei de saltear al Congreso para modificar las leyes vigentes. \u201cArgentina ha sido testigo de los peligros de involucrar a las Fuerzas Armadas en tareas internas\u201d, advirtieron. \u201cBajo el pretexto de \u2018nuevas amenazas\u2019, como el narcotr\u00e1fico o el cibercrimen\u201d, se\u00f1alaron, \u201cestas normas podr\u00edan promover la militarizaci\u00f3n de problemas que requieren soluciones integrales y democr\u00e1ticas\u201d. Los legisladores del\u00a0<a href=\"https:\/\/x.com\/monschlotthauer\/status\/1871266272719069536\" data-link-track-dtm=\"\" data-mrf-link=\"https:\/\/x.com\/monschlotthauer\/status\/1871266272719069536\">Frente de Izquierda<\/a>, por su parte, presentaron un proyecto para anular los decretos porque \u2014argumentaron\u2014 constituyen \u201cuna violaci\u00f3n flagrante de la Ley de Seguridad Interior y un avance represivo inadmisible\u201d.<\/p>\n<h3 class=\"\">Los riesgos y los temores<\/h3>\n<p class=\"\">Organizaciones\u00a0<a href=\"https:\/\/x.com\/CTAAutonoma\/status\/1870172326622310801\" data-link-track-dtm=\"\" data-mrf-link=\"https:\/\/x.com\/CTAAutonoma\/status\/1870172326622310801\">sindicales<\/a>\u00a0y de\u00a0<a href=\"https:\/\/x.com\/hijos_capital\/status\/1872277487440593141\" data-link-track-dtm=\"\" data-mrf-link=\"https:\/\/x.com\/hijos_capital\/status\/1872277487440593141\">derechos humanos<\/a>\u00a0tambi\u00e9n alertaron sobre los riesgos que implican las iniciativas de Milei. \u201cEl Gobierno instala la posibilidad de que cualquier cosa sea declarada un \u2018objetivo de valor estrat\u00e9gico\u2019 y que, por lo tanto, el Ministerio de Seguridad pueda pedir la intervenci\u00f3n de las Fuerzas Armadas. Teniendo en cuenta que este Gobierno ha llamado \u2018terroristas\u2019 a manifestantes, a trabajadores organizados o a comunidades ind\u00edgenas, banalizando la categor\u00eda de \u2018terrorismo\u2019, el temor es que estas normas se utilicen para militarizar conflictos sociales\u201d, explica Manuel Tufr\u00f3, director del \u00e1rea de Justicia y Seguridad del Centro de Estudios Legales y Sociales (CELS).<\/p>\n<p class=\"\">El experto se\u00f1ala, adem\u00e1s, que la reformulaci\u00f3n de la noci\u00f3n de agresi\u00f3n externa, extendi\u00e9ndola m\u00e1s all\u00e1 de su car\u00e1cter militar, implica \u201cfacultar a las Fuerzas Armadas a intervenir ante una actividad criminal si es de car\u00e1cter transnacional. La cuesti\u00f3n del origen externo pasa a ser lo que justifica la intervenci\u00f3n militar y ya no el car\u00e1cter o la magnitud de la amenaza\u201d.<\/p>\n<p class=\"\">La antrop\u00f3loga\u00a0<a href=\"https:\/\/elpais.com\/internacional\/2019\/12\/27\/argentina\/1577467075_533495.html\" target=\"_blank\" rel=\"noopener\" data-link-track-dtm=\"\" data-mrf-link=\"https:\/\/elpais.com\/internacional\/2019\/12\/27\/argentina\/1577467075_533495.html\">Sabina Frederic<\/a>, investigadora del Conicet y exministra de Seguridad (2019-2021), observa que, al margen del debate ideol\u00f3gico sobre el rol de los militares, \u201chay un problema instrumental. A partir de nuestra historia, con la manera en que las Fuerzas Armadas participaron del terrorismo de Estado, todos aprendimos que su intervenci\u00f3n en asuntos de seguridad interior puede tener un costo alt\u00edsimo para la sociedad y tambi\u00e9n para la instituci\u00f3n militar. Por eso hasta los militares rechazan involucrarse en estas tareas\u201d. La experiencia en otros pa\u00edses latinoamericanos lleva a la misma conclusi\u00f3n, dice: \u201cLas consecuencias no fueron buenas para las fuerzas y tampoco fue una medida eficaz para controlar el crimen organizado\u201d.<\/p>\n<p class=\"\">En el caso de Argentina, se a\u00f1ade otro aspecto clave. \u201cEl pa\u00eds hoy tiene la tasa de polic\u00edas por habitantes m\u00e1s alta de la regi\u00f3n: 600 polic\u00edas cada 100.000 habitantes. Adem\u00e1s, tenemos una fuerza federal que interviene en seguridad interior, que es la Gendarmer\u00eda\u201d, agrega Frederic. \u201cNo hay ninguna raz\u00f3n, ning\u00fan diagn\u00f3stico que justifique el corrimiento de las Fuerzas Armadas hacia la seguridad interior\u201d.<\/p>\n","protected":false},"excerpt":{"rendered":"<p>&nbsp; &nbsp; &#8211; El presidente argentino rompe con la distinci\u00f3n entre defensa y seguridad vigente en el pa\u00eds desde la restauraci\u00f3n de la democracia, tras&hellip;<\/p>\n","protected":false},"author":99,"featured_media":526810,"comment_status":"open","ping_status":"open","sticky":false,"template":"","format":"standard","meta":{"footnotes":""},"categories":[23],"tags":[],"class_list":["post-526809","post","type-post","status-publish","format-standard","has-post-thumbnail","hentry","category-latinoamerica"],"_links":{"self":[{"href":"https:\/\/diarioelpopular.com\/index.php\/wp-json\/wp\/v2\/posts\/526809","targetHints":{"allow":["GET"]}}],"collection":[{"href":"https:\/\/diarioelpopular.com\/index.php\/wp-json\/wp\/v2\/posts"}],"about":[{"href":"https:\/\/diarioelpopular.com\/index.php\/wp-json\/wp\/v2\/types\/post"}],"author":[{"embeddable":true,"href":"https:\/\/diarioelpopular.com\/index.php\/wp-json\/wp\/v2\/users\/99"}],"replies":[{"embeddable":true,"href":"https:\/\/diarioelpopular.com\/index.php\/wp-json\/wp\/v2\/comments?post=526809"}],"version-history":[{"count":1,"href":"https:\/\/diarioelpopular.com\/index.php\/wp-json\/wp\/v2\/posts\/526809\/revisions"}],"predecessor-version":[{"id":526811,"href":"https:\/\/diarioelpopular.com\/index.php\/wp-json\/wp\/v2\/posts\/526809\/revisions\/526811"}],"wp:featuredmedia":[{"embeddable":true,"href":"https:\/\/diarioelpopular.com\/index.php\/wp-json\/wp\/v2\/media\/526810"}],"wp:attachment":[{"href":"https:\/\/diarioelpopular.com\/index.php\/wp-json\/wp\/v2\/media?parent=526809"}],"wp:term":[{"taxonomy":"category","embeddable":true,"href":"https:\/\/diarioelpopular.com\/index.php\/wp-json\/wp\/v2\/categories?post=526809"},{"taxonomy":"post_tag","embeddable":true,"href":"https:\/\/diarioelpopular.com\/index.php\/wp-json\/wp\/v2\/tags?post=526809"}],"curies":[{"name":"wp","href":"https:\/\/api.w.org\/{rel}","templated":true}]}}