{"id":526821,"date":"2025-01-01T15:47:52","date_gmt":"2025-01-01T19:47:52","guid":{"rendered":"https:\/\/diarioelpopular.com\/?p=526821"},"modified":"2025-01-01T15:47:52","modified_gmt":"2025-01-01T19:47:52","slug":"fallecio-el-cantante-y-compositor-argentino-leo-dan","status":"publish","type":"post","link":"https:\/\/diarioelpopular.com\/index.php\/2025\/01\/01\/fallecio-el-cantante-y-compositor-argentino-leo-dan\/","title":{"rendered":"Falleci\u00f3 el cantante y compositor argentino Leo Dan"},"content":{"rendered":"<p><img loading=\"lazy\" decoding=\"async\" class=\"alignnone size-custom-full-size wp-image-526822\" src=\"https:\/\/diarioelpopular.com\/wp-content\/uploads\/2025\/01\/Screen-Shot-2025-01-01-at-2.47.19-PM-636x395.png\" alt=\"\" width=\"636\" height=\"395\" srcset=\"https:\/\/diarioelpopular.com\/wp-content\/uploads\/2025\/01\/Screen-Shot-2025-01-01-at-2.47.19-PM-636x395.png 636w, https:\/\/diarioelpopular.com\/wp-content\/uploads\/2025\/01\/Screen-Shot-2025-01-01-at-2.47.19-PM-300x185.png 300w, https:\/\/diarioelpopular.com\/wp-content\/uploads\/2025\/01\/Screen-Shot-2025-01-01-at-2.47.19-PM-768x477.png 768w, https:\/\/diarioelpopular.com\/wp-content\/uploads\/2025\/01\/Screen-Shot-2025-01-01-at-2.47.19-PM-118x73.png 118w, https:\/\/diarioelpopular.com\/wp-content\/uploads\/2025\/01\/Screen-Shot-2025-01-01-at-2.47.19-PM.png 860w\" sizes=\"auto, (max-width: 636px) 100vw, 636px\" \/><\/p>\n<p>&nbsp;<\/p>\n<h4 class=\"c-lead__titulo\"><em>&#8211; Fue un referente de la la balada rom\u00e1ntica en los a\u00f1os 60. Ten\u00eda 82 a\u00f1os.<\/em><\/h4>\n<p>&nbsp;<\/p>\n<p>Leo Dan era uno de los grandes exponentes de la balada rom\u00e1ntica latinoamericana\u00a0de la d\u00e9cada de 1960. Junto a Leonardo Favio, Camilo Sesto o Nino Bravo, la voz de este argentino conmov\u00eda y enamoraba en temas tan famosos como &#8216;Mary es mi amor&#8217;, &#8216;Como te extra\u00f1o mi amor&#8217;, &#8216;P\u00eddeme la luna&#8217; o &#8216;Esa pared&#8217;.<\/p>\n<div class=\"paragraph\">La noticia de su muerte fue confirmada a trav\u00e9s de su p\u00e1gina oficial en Facebook, en una publicaci\u00f3n hecha este primero de enero, as\u00ed como en Instagram.<\/div>\n<div><\/div>\n<div class=\"paragraph\">&#8220;Esta ma\u00f1ana\u00a0nuestro amado Leo Dan\u00a0dej\u00f3 su cuerpo en paz y junto al amor de su familia. As\u00ed, volvi\u00f3 a la luz pura de su Padre Celestial, para guiarnos y cuidarnos desde el infinito. El d\u00eda de hoy, 1ero de enero del 2025, invitamos a todos los que formaron parte de su historia y que fueron tocados por su legado, a celebrar su amor, su m\u00fasica y su vida.\u00a0Con mucha paz en el coraz\u00f3n, recordamos y sentimos su profundo amor\u2026 por siempre&#8221;, expresaba el texto.<\/div>\n<div><\/div>\n<div class=\"paragraph\">Cantante, compositor y actor, Leopoldo Dante T\u00e9vez\u00a0 -el nombre de pila de Leo Dan- falleci\u00f3 a los 82 a\u00f1os.\u00a0Se desconocen las causas y detalles de su deceso.<\/div>\n<div>\n<h3>La humildad y la fama<\/h3>\n<div class=\"paragraph\">Nacido el 22 de marzo de 1942, en\u00a0Villa Atamisqui (Argentina), en una familia de gauchos, Leo Dan fue uno de los principales representantes de la Nueva Ola, un ic\u00f3nico movimiento en la m\u00fasica\u00a0en espa\u00f1ol de los 60 y 70.<\/div>\n<div class=\"paragraph\">Desde muy peque\u00f1o se interes\u00f3 en instrumentos como la arm\u00f3nica y la flauta, y a los 16 a\u00f1os aprendi\u00f3 a tocar la guitarra y a\u00a0 componer sus primeras canciones.<\/div>\n<div>\n<div><\/div>\n<div class=\"paragraph\">A principios de los a\u00f1os sesenta, lleg\u00f3 a Buenos Aires con 20 a\u00f1os, y all\u00ed cre\u00f3 su apodo art\u00edstico, conformado por las tres primeras letras de sus nombres: Leo por Leopoldo y Dan por Dante.<\/div>\n<div><\/div>\n<div class=\"paragraph\">El primer tema que lo hizo conocido fue &#8216;Celia&#8217;, seguido por &#8216;Fanny, &#8216;C\u00f3mo te extra\u00f1o mi amor&#8217;, &#8216;Libre solterito y sin nadie&#8217; y &#8216;Santiago querido&#8217;.<\/div>\n<div><\/div>\n<div class=\"paragraph\">Pocos a\u00f1os despu\u00e9s su fama lleg\u00f3 al punto tal que tuvo un programa de televisi\u00f3n propio, &#8216;Bajo el signo de Leo&#8217;, en Canal 9.<\/div>\n<div><\/div>\n<div class=\"paragraph\">En 1970, debido al gran \u00e9xito de sus composiciones,\u00a0Leo Dan\u00a0decidi\u00f3 mudarse junto a su familia a M\u00e9xico, donde radicar\u00eda en los siguientes diez a\u00f1os. All\u00ed goz\u00f3 de tanta popularidad\u00a0que en el 2019 le pusieron una estrella en el Paseo de la Fama de Plaza M\u00e9xico, en California, Estados Unidos.<\/div>\n<div><\/div>\n<div class=\"paragraph\">El cantante se encontraba en su gira &#8216;El adi\u00f3s de una leyenda&#8217;,\u00a0en la que se desped\u00eda de los escenarios. Los conciertos los compart\u00eda con figuras del g\u00e9nero musical como los Rom\u00e1nticos Pasteles Verdes, Los Solitarios, Los Apson, King Clave, entre otros.<\/div>\n<div><\/div>\n<div class=\"paragraph\">Le esperaban conciertos en Estados Unidos, entre los que se encontraban paradas en Las Vegas y Glendale. Ya hab\u00eda tocado en los estados de Illinois, Nueva York, Florida y Texas y, anteriormente, hab\u00eda pasado por Canad\u00e1.<\/div>\n<\/div>\n<\/div>\n","protected":false},"excerpt":{"rendered":"<p>&nbsp; &#8211; Fue un referente de la la balada rom\u00e1ntica en los a\u00f1os 60. Ten\u00eda 82 a\u00f1os. &nbsp; Leo Dan era uno de los grandes&hellip;<\/p>\n","protected":false},"author":99,"featured_media":526822,"comment_status":"open","ping_status":"open","sticky":false,"template":"","format":"standard","meta":{"footnotes":""},"categories":[2482,23],"tags":[],"class_list":["post-526821","post","type-post","status-publish","format-standard","has-post-thumbnail","hentry","category-espectaculo","category-latinoamerica"],"_links":{"self":[{"href":"https:\/\/diarioelpopular.com\/index.php\/wp-json\/wp\/v2\/posts\/526821","targetHints":{"allow":["GET"]}}],"collection":[{"href":"https:\/\/diarioelpopular.com\/index.php\/wp-json\/wp\/v2\/posts"}],"about":[{"href":"https:\/\/diarioelpopular.com\/index.php\/wp-json\/wp\/v2\/types\/post"}],"author":[{"embeddable":true,"href":"https:\/\/diarioelpopular.com\/index.php\/wp-json\/wp\/v2\/users\/99"}],"replies":[{"embeddable":true,"href":"https:\/\/diarioelpopular.com\/index.php\/wp-json\/wp\/v2\/comments?post=526821"}],"version-history":[{"count":1,"href":"https:\/\/diarioelpopular.com\/index.php\/wp-json\/wp\/v2\/posts\/526821\/revisions"}],"predecessor-version":[{"id":526823,"href":"https:\/\/diarioelpopular.com\/index.php\/wp-json\/wp\/v2\/posts\/526821\/revisions\/526823"}],"wp:featuredmedia":[{"embeddable":true,"href":"https:\/\/diarioelpopular.com\/index.php\/wp-json\/wp\/v2\/media\/526822"}],"wp:attachment":[{"href":"https:\/\/diarioelpopular.com\/index.php\/wp-json\/wp\/v2\/media?parent=526821"}],"wp:term":[{"taxonomy":"category","embeddable":true,"href":"https:\/\/diarioelpopular.com\/index.php\/wp-json\/wp\/v2\/categories?post=526821"},{"taxonomy":"post_tag","embeddable":true,"href":"https:\/\/diarioelpopular.com\/index.php\/wp-json\/wp\/v2\/tags?post=526821"}],"curies":[{"name":"wp","href":"https:\/\/api.w.org\/{rel}","templated":true}]}}