{"id":526845,"date":"2025-01-02T13:11:33","date_gmt":"2025-01-02T17:11:33","guid":{"rendered":"https:\/\/diarioelpopular.com\/?p=526845"},"modified":"2025-01-02T13:11:33","modified_gmt":"2025-01-02T17:11:33","slug":"dolor-y-rabia-en-el-funeral-de-los-cuatro-ninos-asesinados-en-ecuador-mataron-a-nuestros-hijos","status":"publish","type":"post","link":"https:\/\/diarioelpopular.com\/index.php\/2025\/01\/02\/dolor-y-rabia-en-el-funeral-de-los-cuatro-ninos-asesinados-en-ecuador-mataron-a-nuestros-hijos\/","title":{"rendered":"Dolor y rabia en el funeral de los cuatro ni\u00f1os asesinados en Ecuador: \u201cMataron a nuestros hijos\u201d"},"content":{"rendered":"<div id=\"attachment_526846\" style=\"width: 1210px\" class=\"wp-caption alignnone\"><img loading=\"lazy\" decoding=\"async\" aria-describedby=\"caption-attachment-526846\" class=\"wp-image-526846 size-custom-big-size\" src=\"https:\/\/diarioelpopular.com\/wp-content\/uploads\/2025\/01\/Screen-Shot-2025-01-02-at-12.10.43-PM-1200x803.png\" alt=\"\" width=\"1200\" height=\"803\" srcset=\"https:\/\/diarioelpopular.com\/wp-content\/uploads\/2025\/01\/Screen-Shot-2025-01-02-at-12.10.43-PM-1200x803.png 1200w, https:\/\/diarioelpopular.com\/wp-content\/uploads\/2025\/01\/Screen-Shot-2025-01-02-at-12.10.43-PM-300x201.png 300w, https:\/\/diarioelpopular.com\/wp-content\/uploads\/2025\/01\/Screen-Shot-2025-01-02-at-12.10.43-PM-768x514.png 768w, https:\/\/diarioelpopular.com\/wp-content\/uploads\/2025\/01\/Screen-Shot-2025-01-02-at-12.10.43-PM-636x426.png 636w, https:\/\/diarioelpopular.com\/wp-content\/uploads\/2025\/01\/Screen-Shot-2025-01-02-at-12.10.43-PM-80x55.png 80w, https:\/\/diarioelpopular.com\/wp-content\/uploads\/2025\/01\/Screen-Shot-2025-01-02-at-12.10.43-PM-109x73.png 109w, https:\/\/diarioelpopular.com\/wp-content\/uploads\/2025\/01\/Screen-Shot-2025-01-02-at-12.10.43-PM.png 1024w\" sizes=\"auto, (max-width: 1200px) 100vw, 1200px\" \/><p id=\"caption-attachment-526846\" class=\"wp-caption-text\">Familiares participan en el cortejo f\u00fanebre de uno de los cuatro menores, en Guayaquil, Ecuador, el 1 de enero de 2025.\u00a0 VICENTE GAIBOR<\/p><\/div>\n<p>&nbsp;<\/p>\n<p>&nbsp;<\/p>\n<div class=\"a_e_txt _df\">\n<h4 class=\"a_st\"><em>&#8211; Los familiares y los vecinos despiden a los menores secuestrados por una patrulla militar y m\u00e1s tarde encontrados sin vida en el fondo de un pantano<\/em><\/h4>\n<\/div>\n<div class=\"a_e_m\"><\/div>\n<div><\/div>\n<div>\n<p class=\"\">Entre el tumulto de personas vestidas de blanco y negro, una mujer se desploma sobre una silla, al sol inclemente de Guayaquil. Su rostro, marcado por la desolaci\u00f3n, parece estar lejos del bullicio que la rodea. Su cabello largo y entrelazado cae sobre sus hombros. Tiene la mirada vac\u00eda, perdida en alg\u00fan lugar lejos de ah\u00ed. Unas mujeres la sostienen, le frotan agua mentolada en el pecho y la frente, la abanican, le soplan la cara, pero ella apenas responde. La gente le toma la mano y le susurra palabras de consuelo, ofreci\u00e9ndole, en silencio, la compa\u00f1\u00eda que la tragedia le ha arrebatado.<\/p>\n<p class=\"\">Apenas logra asentir, agradeciendo sin voz lo que no puede expresar. Al preguntarle su nombre, responde este mi\u00e9rcoles con voz quebrada: \u201cSoy la mam\u00e1 de Nehem\u00edas Arboleda\u201d. Nehem\u00edas Arboleda, el adolescente de 15 a\u00f1os\u00a0<a href=\"https:\/\/elpais.com\/america\/2024-12-31\/encuentran-asesinados-y-quemados-los-cuerpos-de-los-cuatro-ninos-secuestrados-en-ecuador-por-militares.html\" target=\"_blank\" rel=\"noopener\" data-link-track-dtm=\"\" data-mrf-link=\"https:\/\/elpais.com\/america\/2024-12-31\/encuentran-asesinados-y-quemados-los-cuerpos-de-los-cuatro-ninos-secuestrados-en-ecuador-por-militares.html\">capturado el 8 de diciembre por una patrulla militar<\/a>, cuyo cuerpo fue encontrado d\u00edas despu\u00e9s, sin vida, en el manglar de Taura, a 50 kil\u00f3metros de su hogar. Otros tres ni\u00f1os que le acompa\u00f1aban corrieron la misma suerte: Steven, Ismael y Josu\u00e9.<\/p>\n<p class=\"\">Sus cuatro f\u00e9retros salieron de sus hogares, cargados por familiares y amigos del barrio Las Malvinas. Un barrio de cemento y tierra, donde las casas diminutas, pintadas de colores, se apilan una junto a otra, sin \u00e1rboles ni parques que suavicen la \u00e1rida realidad.<\/p>\n<p class=\"\">Como tantos otros sectores de Guayaquil, Las Malvinas est\u00e1 relegado al olvido del desarrollo, y la pobreza se extiende en las vidas de familias que luchan por sobrevivir en el comercio informal o con trabajos precarios que consiguen en el d\u00eda a d\u00eda. All\u00ed, entre las calles estrechas y la desolaci\u00f3n, crecieron los cuatro chicos a quienes les han arrebatado la vida de una forma brutal.<\/p>\n<p>&nbsp;<\/p>\n<figure class=\"a_m a_m-h \">\n<p><div style=\"width: 424px\" class=\"wp-caption alignnone\"><img loading=\"lazy\" decoding=\"async\" class=\"_re lazyload a_m-h\" src=\"https:\/\/imagenes.elpais.com\/resizer\/v2\/PVQRAYABBJHIBDV3JRHJCAKLPA.jpg?auth=5aa15600014494963e1a37e4aa3fa8cc1a93f03d8b041f6a29115207bc45e80b&amp;width=414\" sizes=\"auto, (min-width:1199px) 1155px,(min-width:1001px) calc(100vw - 44px),(min-width:768px) 767px, 100vw\" srcset=\"https:\/\/imagenes.elpais.com\/resizer\/v2\/PVQRAYABBJHIBDV3JRHJCAKLPA.jpg?auth=5aa15600014494963e1a37e4aa3fa8cc1a93f03d8b041f6a29115207bc45e80b&amp;width=414 414w,https:\/\/imagenes.elpais.com\/resizer\/v2\/PVQRAYABBJHIBDV3JRHJCAKLPA.jpg?auth=5aa15600014494963e1a37e4aa3fa8cc1a93f03d8b041f6a29115207bc45e80b&amp;width=828 640w,https:\/\/imagenes.elpais.com\/resizer\/v2\/PVQRAYABBJHIBDV3JRHJCAKLPA.jpg?auth=5aa15600014494963e1a37e4aa3fa8cc1a93f03d8b041f6a29115207bc45e80b&amp;width=980 1000w,https:\/\/imagenes.elpais.com\/resizer\/v2\/PVQRAYABBJHIBDV3JRHJCAKLPA.jpg?auth=5aa15600014494963e1a37e4aa3fa8cc1a93f03d8b041f6a29115207bc45e80b&amp;width=1960 1960w\" alt=\"Asistentes al entierro de los cuatro menores, en el barrio de Las Malvinas. \" width=\"414\" height=\"276\" \/><p class=\"wp-caption-text\">Asistentes al entierro de los cuatro menores, en el barrio de Las Malvinas.VICENTE GAIBOR<\/p><\/div><figcaption class=\"a_m_p\"><\/figcaption><\/figure>\n<p>&nbsp;<\/p>\n<p class=\"\">Los f\u00e9retros atraviesan un cortejo de personas que, con flores en las manos y pancartas en alto, muestran los rostros de los ni\u00f1os y gritan consignas de justicia. El pueblo avanza hacia la sala comunal del barrio, donde el dolor se materializa en cada paso. Un grupo de m\u00fasicos, con el alma puesta en sus instrumentos, toca el bombo, el cununo y el guas\u00e1, los tambores que resuenan con la herencia afrodescendiente. En su canto improvisado, la melod\u00eda se convierte en protesta: \u201cEl pueblo afrodescendiente est\u00e1 con mucho dolor, han matado a sus ni\u00f1os\u201d. El coro, lleno de rabia y tristeza, repite una y otra vez.<\/p>\n<p class=\"\">Los ni\u00f1os fueron capturados por una patrulla de 16 militares la noche del 8 de diciembre en la Avenida 25 de Julio, que est\u00e1 a unas manzanas de sus casas. Los militares no estaban en un operativo oficial, regresaban a su base en Taura, tras escoltar un cami\u00f3n hasta la Aduana, que est\u00e1 ubicada en el puerto.\u00a0<a href=\"https:\/\/elpais.com\/america\/2024-12-25\/las-camaras-de-vigilancia-confirman-la-implicacion-de-la-fuerzas-armadas-en-la-desaparicion-de-cuatro-ninos-en-guayaquil.html\" target=\"_blank\" rel=\"noopener\" data-link-track-dtm=\"\" data-mrf-link=\"https:\/\/elpais.com\/america\/2024-12-25\/las-camaras-de-vigilancia-confirman-la-implicacion-de-la-fuerzas-armadas-en-la-desaparicion-de-cuatro-ninos-en-guayaquil.html\">Las c\u00e1maras de videovigilancia<\/a>\u00a0describen los cinco minutos que demoraron los soldados en capturar a los menores, que no opusieron resistencia. Los embarcaron en el balde de la camioneta blanca, boca abajo, sometidos, y se los llevaron con direcci\u00f3n. Desde entonces no se conoci\u00f3 el paradero de los ni\u00f1os, hasta el 24 de diciembre, cuando la Polic\u00eda de investigaciones sac\u00f3 de una zona pantanosa de Taura sus restos calcinados.<\/p>\n<p class=\"\">La multitud toca los ata\u00fades, despidiendo a los ni\u00f1os con una mezcla de dolor y rabia. No pierden la oportunidad de clamar contra los militares, a quienes responsabilizan de su muerte. Entre los rostros marcados por la tristeza, se ven muchos ni\u00f1os y adolescentes que secan sus l\u00e1grimas. Todos tienen una historia con los chicos: \u201cSomos amigos del f\u00fatbol\u201d, \u201cera mi compa\u00f1ero del colegio\u201d, \u201cera mi primo\u201d&#8230;<\/p>\n<p>&nbsp;<\/p>\n<figure class=\"a_m a_m-h \">\n<p><div style=\"width: 424px\" class=\"wp-caption alignnone\"><img loading=\"lazy\" decoding=\"async\" class=\"_re lazyload a_m-h\" src=\"https:\/\/imagenes.elpais.com\/resizer\/v2\/DCCTGQC7OBG6LPI2JPLPABBSZY.jpg?auth=5b5e7cf41411919fb5599800a8d82ab6917b42e23bcef1665dcf76d384cca4c7&amp;width=414\" sizes=\"auto, (min-width:1199px) 1155px,(min-width:1001px) calc(100vw - 44px),(min-width:768px) 767px, 100vw\" srcset=\"https:\/\/imagenes.elpais.com\/resizer\/v2\/DCCTGQC7OBG6LPI2JPLPABBSZY.jpg?auth=5b5e7cf41411919fb5599800a8d82ab6917b42e23bcef1665dcf76d384cca4c7&amp;width=414 414w,https:\/\/imagenes.elpais.com\/resizer\/v2\/DCCTGQC7OBG6LPI2JPLPABBSZY.jpg?auth=5b5e7cf41411919fb5599800a8d82ab6917b42e23bcef1665dcf76d384cca4c7&amp;width=828 640w,https:\/\/imagenes.elpais.com\/resizer\/v2\/DCCTGQC7OBG6LPI2JPLPABBSZY.jpg?auth=5b5e7cf41411919fb5599800a8d82ab6917b42e23bcef1665dcf76d384cca4c7&amp;width=980 1000w,https:\/\/imagenes.elpais.com\/resizer\/v2\/DCCTGQC7OBG6LPI2JPLPABBSZY.jpg?auth=5b5e7cf41411919fb5599800a8d82ab6917b42e23bcef1665dcf76d384cca4c7&amp;width=1960 1960w\" alt=\"El velorio de uno de los cuatro menores. \" width=\"414\" height=\"276\" \/><p class=\"wp-caption-text\">El velorio de uno de los cuatro menores.VICENTE GAIBOR<\/p><\/div><figcaption class=\"a_m_p\"><\/figcaption><\/figure>\n<p>&nbsp;<\/p>\n<p class=\"\">Luis Arroyo, el padre de Ismael y Josu\u00e9, lleva en el cuello colgadas las cuatro medallas que ha ganado su hijo en campeonatos de f\u00fatbol. Se sostiene de pie, abrazado por su familia. \u201c\u00a1Mis hijos!\u201d, grita en el hombro de una mujer. \u201cHice todo lo que pude para cuidarlos y que estuvieran bien\u201d, repite, desconsolado, como si esas palabras fuesen una plegaria en busca de perd\u00f3n de no haberlos salvado.<\/p>\n<p class=\"\">Aquel 8 de diciembre, su hijo mayor, Ismael, logr\u00f3 comunicarse alrededor de las 23.00, desde el tel\u00e9fono m\u00f3vil de un habitante de Taura a quien le tocaron la puerta por ayuda<a href=\"https:\/\/elpais.com\/america\/2024-12-25\/las-camaras-de-vigilancia-confirman-la-implicacion-de-la-fuerzas-armadas-en-la-desaparicion-de-cuatro-ninos-en-guayaquil.html\" target=\"_blank\" rel=\"noopener\" data-link-track-dtm=\"\" data-mrf-link=\"https:\/\/elpais.com\/america\/2024-12-25\/las-camaras-de-vigilancia-confirman-la-implicacion-de-la-fuerzas-armadas-en-la-desaparicion-de-cuatro-ninos-en-guayaquil.html\">. Estaban golpeados y desnudos.\u00a0<\/a>El hombre, al que llaman \u201cel samaritano\u201d, hizo la llamada que permiti\u00f3 a Luis escuchar por \u00faltima vez la voz de su hijo, el goleador del equipo del barrio. Luis hizo lo que cualquier persona har\u00eda, llam\u00f3 a la polic\u00eda para que los rescatara. Pero cuando lleg\u00f3 la patrulla, no los encontr\u00f3. A los chicos se los hab\u00edan llevado hombres encapuchados en motocicleta.<\/p>\n<\/div>\n","protected":false},"excerpt":{"rendered":"<p>&nbsp; &nbsp; &#8211; Los familiares y los vecinos despiden a los menores secuestrados por una patrulla militar y m\u00e1s tarde encontrados sin vida en el&hellip;<\/p>\n","protected":false},"author":99,"featured_media":526846,"comment_status":"open","ping_status":"open","sticky":false,"template":"","format":"standard","meta":{"footnotes":""},"categories":[23],"tags":[],"class_list":["post-526845","post","type-post","status-publish","format-standard","has-post-thumbnail","hentry","category-latinoamerica"],"_links":{"self":[{"href":"https:\/\/diarioelpopular.com\/index.php\/wp-json\/wp\/v2\/posts\/526845","targetHints":{"allow":["GET"]}}],"collection":[{"href":"https:\/\/diarioelpopular.com\/index.php\/wp-json\/wp\/v2\/posts"}],"about":[{"href":"https:\/\/diarioelpopular.com\/index.php\/wp-json\/wp\/v2\/types\/post"}],"author":[{"embeddable":true,"href":"https:\/\/diarioelpopular.com\/index.php\/wp-json\/wp\/v2\/users\/99"}],"replies":[{"embeddable":true,"href":"https:\/\/diarioelpopular.com\/index.php\/wp-json\/wp\/v2\/comments?post=526845"}],"version-history":[{"count":1,"href":"https:\/\/diarioelpopular.com\/index.php\/wp-json\/wp\/v2\/posts\/526845\/revisions"}],"predecessor-version":[{"id":526847,"href":"https:\/\/diarioelpopular.com\/index.php\/wp-json\/wp\/v2\/posts\/526845\/revisions\/526847"}],"wp:featuredmedia":[{"embeddable":true,"href":"https:\/\/diarioelpopular.com\/index.php\/wp-json\/wp\/v2\/media\/526846"}],"wp:attachment":[{"href":"https:\/\/diarioelpopular.com\/index.php\/wp-json\/wp\/v2\/media?parent=526845"}],"wp:term":[{"taxonomy":"category","embeddable":true,"href":"https:\/\/diarioelpopular.com\/index.php\/wp-json\/wp\/v2\/categories?post=526845"},{"taxonomy":"post_tag","embeddable":true,"href":"https:\/\/diarioelpopular.com\/index.php\/wp-json\/wp\/v2\/tags?post=526845"}],"curies":[{"name":"wp","href":"https:\/\/api.w.org\/{rel}","templated":true}]}}