{"id":526879,"date":"2025-01-03T11:56:46","date_gmt":"2025-01-03T15:56:46","guid":{"rendered":"https:\/\/diarioelpopular.com\/?p=526879"},"modified":"2025-01-03T11:56:46","modified_gmt":"2025-01-03T15:56:46","slug":"simon-crisostomo-loncopan-el-lider-mapuche-que-defiende-su-tierra-con-mapas","status":"publish","type":"post","link":"https:\/\/diarioelpopular.com\/index.php\/2025\/01\/03\/simon-crisostomo-loncopan-el-lider-mapuche-que-defiende-su-tierra-con-mapas\/","title":{"rendered":"Sim\u00f3n Cris\u00f3stomo Loncop\u00e1n, el l\u00edder mapuche que defiende su tierra con mapas"},"content":{"rendered":"<div id=\"attachment_526880\" style=\"width: 646px\" class=\"wp-caption alignnone\"><img loading=\"lazy\" decoding=\"async\" aria-describedby=\"caption-attachment-526880\" class=\"wp-image-526880 size-custom-full-size\" src=\"https:\/\/diarioelpopular.com\/wp-content\/uploads\/2025\/01\/Screen-Shot-2025-01-03-at-10.55.45-AM-636x424.png\" alt=\"\" width=\"636\" height=\"424\" srcset=\"https:\/\/diarioelpopular.com\/wp-content\/uploads\/2025\/01\/Screen-Shot-2025-01-03-at-10.55.45-AM-636x424.png 636w, https:\/\/diarioelpopular.com\/wp-content\/uploads\/2025\/01\/Screen-Shot-2025-01-03-at-10.55.45-AM-300x200.png 300w, https:\/\/diarioelpopular.com\/wp-content\/uploads\/2025\/01\/Screen-Shot-2025-01-03-at-10.55.45-AM-768x513.png 768w, https:\/\/diarioelpopular.com\/wp-content\/uploads\/2025\/01\/Screen-Shot-2025-01-03-at-10.55.45-AM-1200x801.png 1200w, https:\/\/diarioelpopular.com\/wp-content\/uploads\/2025\/01\/Screen-Shot-2025-01-03-at-10.55.45-AM-109x73.png 109w, https:\/\/diarioelpopular.com\/wp-content\/uploads\/2025\/01\/Screen-Shot-2025-01-03-at-10.55.45-AM.png 1024w\" sizes=\"auto, (max-width: 636px) 100vw, 636px\" \/><p id=\"caption-attachment-526880\" class=\"wp-caption-text\">Sim\u00f3n Cris\u00f3stomo durante la firma del convenio que estableci\u00f3 el Consejo de Gobernanza y Gesti\u00f3n del Parque Nacional Villarrica, en diciembre de 2024. Leonardo Sim\u00f3n<\/p><\/div>\n<p>&nbsp;<\/p>\n<p>&nbsp;<\/p>\n<h4 class=\"a_st\"><em>&#8211; Con 30 a\u00f1os, lider\u00f3 una in\u00e9dita mesa de gobernanza en Chile que reconoce los derechos territoriales ind\u00edgenas en un parque nacional del sur del pa\u00eds, lo que establece un precedente hist\u00f3rico<\/em><\/h4>\n<p>&nbsp;<\/p>\n<p class=\"\">En 2017, el Parque Nacional Villarrica, un \u00e1rea protegida en la Regi\u00f3n de la Araucan\u00eda, en el sur de Chile, se convirti\u00f3 en un territorio en disputa. Una licitaci\u00f3n p\u00fablica abri\u00f3 la puerta a empresas privadas para construir infraestructura tur\u00edstica en el sector Puesco Lan\u00edn, una zona de 17.400 hect\u00e1reas con glaciares, lagunas, humedales y bosque nativo al pie del volc\u00e1n Lan\u00edn. La propuesta alarm\u00f3 a las\u00a0<a href=\"https:\/\/elpais.com\/america-futura\/2024-12-25\/una-comunidad-mapuche-se-alia-con-cientificos-y-restaura-un-bosque-quemado-en-la-patagonia.html\" target=\"_blank\" rel=\"noopener\" data-link-track-dtm=\"\" data-mrf-link=\"https:\/\/elpais.com\/america-futura\/2024-12-25\/una-comunidad-mapuche-se-alia-con-cientificos-y-restaura-un-bosque-quemado-en-la-patagonia.html\">comunidades mapuche<\/a>\u00a0que por generaciones hab\u00edan realizado ceremonias, recolectado pi\u00f1ones, medicinas y frutos, y utilizado esta tierra ancestral como zona de tr\u00e1nsito e intercambio.<\/p>\n<p class=\"\">\u201cEra nuestro territorio, el lugar donde vivieron mis ancestros y ancestras\u201d, dice Sim\u00f3n Cris\u00f3stomo Loncop\u00e1n, ge\u00f3grafo mapuche de 30 a\u00f1os y presidente de la Asociaci\u00f3n de Comunidades Mapuche Winkulmapu de Curarrehue, que aglutina a m\u00e1s de una decena de comunidades aleda\u00f1as al sector Puesco Lan\u00edn. \u201cHay pr\u00e1cticas que se han hecho durante cientos de a\u00f1os, y que hasta hoy no han sido resguardadas\u201d.<\/p>\n<p class=\"\">Cris\u00f3stomo Loncop\u00e1n, un mapuche Winkulche \u2014habitante de los cerros\u2014, atiende a Am\u00e9rica Futura en una sala de\u00a0<i>cowork<\/i>\u00a0en Santiago, la capital de Chile, donde pasa horas antes de regresar a su tierra en la\u00a0<a href=\"https:\/\/elpais.com\/chile\/2023-05-11\/la-violencia-en-la-araucania-alcanza-a-un-consejero-constitucional-recien-electo-en-chile.html\" target=\"_blank\" rel=\"noopener\" data-link-track-dtm=\"\" data-mrf-link=\"https:\/\/elpais.com\/chile\/2023-05-11\/la-violencia-en-la-araucania-alcanza-a-un-consejero-constitucional-recien-electo-en-chile.html\">Araucan\u00eda<\/a>. \u201cSoy un mapuche\u00a0<i>millennial<\/i>\u201d, dice. \u201cLos dirigentes actuales ya no solo andamos a caballo, tambi\u00e9n andamos con computador y tel\u00e9fono\u201d.<\/p>\n<p class=\"\">Para \u00e9l, esta generaci\u00f3n tiene una responsabilidad \u00fanica. \u201cSomos puentes con un mundo que est\u00e1 ac\u00e1\u201d, dice, refiri\u00e9ndose a la ciudad. \u201cNos toca dialogar\u201d. Como asesor en defensa territorial y proyectos de conservaci\u00f3n con enfoque ind\u00edgena en el sur de Chile, ha llevado su experiencia a nivel internacional: desde la\u00a0<a href=\"https:\/\/elpais.com\/america-futura\/2024-09-30\/cop16-el-llamado-de-latinoamerica-a-la-conservacion-inclusiva.html\" target=\"_blank\" rel=\"noopener\" data-link-track-dtm=\"\" data-mrf-link=\"https:\/\/elpais.com\/america-futura\/2024-09-30\/cop16-el-llamado-de-latinoamerica-a-la-conservacion-inclusiva.html\">COP16 en Colombia<\/a>, a hacer pasant\u00edas de liderazgo en Estados Unidos y dirigir talleres de mapeo territorial para comunidades ind\u00edgenas en Centroam\u00e9rica y Sudam\u00e9rica.<\/p>\n<h3 class=\"\">Modelos de conservaci\u00f3n que entiendan otros mundos<\/h3>\n<p class=\"\">Siete a\u00f1os atr\u00e1s, Cris\u00f3stomo Loncop\u00e1n entendi\u00f3 que la licitaci\u00f3n p\u00fablica en el Parque Nacional Villarrica proteg\u00eda flora y fauna, pero ignoraba las pr\u00e1cticas y la visi\u00f3n espiritual de los pueblos ind\u00edgenas. \u201cCreemos en modelos de conservaci\u00f3n m\u00e1s inclusivos que vayan de la mano con entender otros mundos\u201d, aclara.<\/p>\n<p>&nbsp;<\/p>\n<figure class=\"a_m a_m-h \">\n<p><div style=\"width: 424px\" class=\"wp-caption alignnone\"><img loading=\"lazy\" decoding=\"async\" class=\"_re lazyload a_m-h\" src=\"https:\/\/imagenes.elpais.com\/resizer\/v2\/M4LYPSVXNZEITHSAFSLG732SHE.png?auth=79ef516f6cfecc7281eea1f9574d8a70b0755ac50c9ce3e85ec9c9dce150bcfb&amp;width=414\" sizes=\"auto, (min-width:1199px) 1155px,(min-width:1001px) calc(100vw - 44px),(min-width:768px) 767px, 100vw\" srcset=\"https:\/\/imagenes.elpais.com\/resizer\/v2\/M4LYPSVXNZEITHSAFSLG732SHE.png?auth=79ef516f6cfecc7281eea1f9574d8a70b0755ac50c9ce3e85ec9c9dce150bcfb&amp;width=414 414w,https:\/\/imagenes.elpais.com\/resizer\/v2\/M4LYPSVXNZEITHSAFSLG732SHE.png?auth=79ef516f6cfecc7281eea1f9574d8a70b0755ac50c9ce3e85ec9c9dce150bcfb&amp;width=828 640w,https:\/\/imagenes.elpais.com\/resizer\/v2\/M4LYPSVXNZEITHSAFSLG732SHE.png?auth=79ef516f6cfecc7281eea1f9574d8a70b0755ac50c9ce3e85ec9c9dce150bcfb&amp;width=980 1000w,https:\/\/imagenes.elpais.com\/resizer\/v2\/M4LYPSVXNZEITHSAFSLG732SHE.png?auth=79ef516f6cfecc7281eea1f9574d8a70b0755ac50c9ce3e85ec9c9dce150bcfb&amp;width=1960 1960w\" alt=\"Imagen sin datar de la Laguna Huinfiuca, en Puesco Bajo, en la Auracan\u00eda chilena.\" width=\"414\" height=\"309\" \/><p class=\"wp-caption-text\">Imagen sin datar de la Laguna Huinfiuca, en Puesco Bajo, en la Auracan\u00eda chilena.Leonardo Sim\u00f3n<\/p><\/div><figcaption class=\"a_m_p\"><\/figcaption><\/figure>\n<p>&nbsp;<\/p>\n<p class=\"\">La comunidad reaccion\u00f3 r\u00e1pido contra la licitaci\u00f3n. \u201cEmpezamos a hacer uso del parque: tomar mate, recolectar medicina, pi\u00f1ones, caminar\u201d, recuerda. Al principio se manifestaron y rompieron el di\u00e1logo con el Gobierno. La lucha tom\u00f3 un enfoque m\u00e1s amplio: el reconocimiento de los derechos mapuches, respaldados por el Convenio 169 de la OIT y la Declaraci\u00f3n de las Naciones Unidas sobre los Derechos de los Pueblos Ind\u00edgenas. Si no nos opon\u00edamos al proyecto tur\u00edstico, menos podr\u00edamos enfrentar iniciativas m\u00e1s grandes, afirma Cris\u00f3stomo Loncop\u00e1n. Pero durante la pandemia, replantearon su estrategia. \u201c\u00bfQu\u00e9 queremos?\u201d, se preguntaron. \u201cTener derecho, voz y voto en el parque. \u00bfPor qu\u00e9? Porque queremos cuidar mejor nuestro territorio\u201d, recuerda.<\/p>\n<p class=\"\">En 2022, el di\u00e1logo se reanud\u00f3 cuando el Consejo de Lonkos de Curarrehue y las comunidades que hoy conforman la asociaci\u00f3n liderada por Cris\u00f3stomo Loncop\u00e1n enviaron una carta al Gobierno proponiendo un modelo de gobernanza para el parque. Esto dio lugar a la creaci\u00f3n de una Mesa de Trabajo entre las comunidades, el Ministerio de Bienes Nacionales y la Corporaci\u00f3n Nacional Forestal, encargada de gestionar las \u00e1reas silvestres protegidas en Chile.<\/p>\n<p class=\"\">El proceso culmin\u00f3 semanas atr\u00e1s con la firma de un convenio que estableci\u00f3 el Consejo de Gobernanza y Gesti\u00f3n del Parque Nacional Villarrica, sector Puesco Lan\u00edn. Este consejo, pionero en Chile, garantiza la participaci\u00f3n mapuche en su gesti\u00f3n y conservaci\u00f3n. Seg\u00fan su reglamento, las decisiones ser\u00e1n vinculantes, no meramente consultivas, y los planes de manejo incorporar\u00e1n una perspectiva intercultural. \u201cQue el Estado reconociera derechos territoriales en un parque nacional de una comunidad mapuche nunca antes hab\u00eda pasado en Chile\u201d, asegura el l\u00edder ind\u00edgena. \u201cVa a dar pie para que muchas comunidades ind\u00edgenas en Chile tengan un precedente que nosotros no ten\u00edamos\u201d.<\/p>\n<h3 class=\"\"><b>Identidad en el propio espacio<\/b><\/h3>\n<p class=\"\">Nacido en 1994, Cris\u00f3stomo Loncop\u00e1n creci\u00f3 al cuidado de sus abuelos en Curarrehue, la Araucan\u00eda. Su madre migr\u00f3 a la ciudad para trabajar como empleada dom\u00e9stica. \u201cFue un acto de amor\u201d, dice de su decisi\u00f3n. \u201cSab\u00eda que la vida iba a ser m\u00e1s linda a pesar de las dificultades y las carencias del campo. Pero esas carencias se llenaban de otras cosas: la libertad de salir, llegar del colegio e ir al cerro a jugar, ba\u00f1arte en el r\u00edo\u201d.<\/p>\n<p>&nbsp;<\/p>\n<figure class=\"a_m a_m-h \">\n<p><div style=\"width: 424px\" class=\"wp-caption alignnone\"><img loading=\"lazy\" decoding=\"async\" class=\"_re lazyload a_m-h\" src=\"https:\/\/imagenes.elpais.com\/resizer\/v2\/J42NJJ4DZFBGDEHDSJNZS6VOQI.jpg?auth=c4dd297a184fb910f27b0779cc6fb7fc89a7b96bbf9b0a8381a416fe3aed4920&amp;width=414\" sizes=\"auto, (min-width:1199px) 1155px,(min-width:1001px) calc(100vw - 44px),(min-width:768px) 767px, 100vw\" srcset=\"https:\/\/imagenes.elpais.com\/resizer\/v2\/J42NJJ4DZFBGDEHDSJNZS6VOQI.jpg?auth=c4dd297a184fb910f27b0779cc6fb7fc89a7b96bbf9b0a8381a416fe3aed4920&amp;width=414 414w,https:\/\/imagenes.elpais.com\/resizer\/v2\/J42NJJ4DZFBGDEHDSJNZS6VOQI.jpg?auth=c4dd297a184fb910f27b0779cc6fb7fc89a7b96bbf9b0a8381a416fe3aed4920&amp;width=828 640w,https:\/\/imagenes.elpais.com\/resizer\/v2\/J42NJJ4DZFBGDEHDSJNZS6VOQI.jpg?auth=c4dd297a184fb910f27b0779cc6fb7fc89a7b96bbf9b0a8381a416fe3aed4920&amp;width=980 1000w,https:\/\/imagenes.elpais.com\/resizer\/v2\/J42NJJ4DZFBGDEHDSJNZS6VOQI.jpg?auth=c4dd297a184fb910f27b0779cc6fb7fc89a7b96bbf9b0a8381a416fe3aed4920&amp;width=1960 1960w\" alt=\"Firma del convenio que estableci\u00f3 el Consejo de Gobernanza y Gesti\u00f3n del Parque Nacional Villarrica a principios de diciembre.\" width=\"414\" height=\"277\" \/><p class=\"wp-caption-text\">Firma del convenio que estableci\u00f3 el Consejo de Gobernanza y Gesti\u00f3n del Parque Nacional Villarrica a principios de diciembre.Leonardo Sim\u00f3n<\/p><\/div><figcaption class=\"a_m_p\"><\/figcaption><\/figure>\n<p>&nbsp;<\/p>\n<p>&nbsp;<\/p>\n<p class=\"\">Cris\u00f3stomo Loncop\u00e1n se define como parte de la generaci\u00f3n \u201cpost Consejo de Todas las Tierras\u201d, el movimiento mapuche fundado en 1990, que impuls\u00f3 la recuperaci\u00f3n de tierras, la revitalizaci\u00f3n del mapudungun \u2014su lengua\u2014 y la visibilizaci\u00f3n de los derechos mapuche a nivel nacional e internacional. \u201cSomos una generaci\u00f3n que no le tiene miedo a la discriminaci\u00f3n\u201d.<\/p>\n<p class=\"\">Cris\u00f3stomo creci\u00f3 sin ver televisi\u00f3n. Pas\u00f3 su juventud compartiendo mate y aprendiendo dos conceptos fundamentales en mapudungun: Kupan y Tuw\u00fcn. \u201cEl Kupan tiene que ver con el linaje, con qui\u00e9nes son tus ancestros\u201d, dice. \u201cY el Tuw\u00fcn es el lugar que te vio nacer y crecer, de d\u00f3nde vienes, que te forja tu identidad\u201d, explica. \u201cYo me voy kil\u00f3metros m\u00e1s all\u00e1, a otra comunidad, y ya no soy el mismo. No tengo la misma fuerza que tengo en mi territorio. Cada mapuche forja su identidad en su espacio. Por eso no nos vemos fuera de ah\u00ed\u201d.<\/p>\n<p class=\"\">Durante mucho tiempo, Curarrehue estuvo al margen de las\u00a0<a href=\"https:\/\/elpais.com\/chile\/2023-06-30\/alihuen-antileo-consejero-mapuche-la-comision-de-restitucion-de-tierras-de-boric-debe-quedar-en-la-constitucion.html#?rel=mas\" target=\"_blank\" rel=\"noopener\" data-link-track-dtm=\"\" data-mrf-link=\"https:\/\/elpais.com\/chile\/2023-06-30\/alihuen-antileo-consejero-mapuche-la-comision-de-restitucion-de-tierras-de-boric-debe-quedar-en-la-constitucion.html\">movilizaciones mapuche<\/a>, hasta que hidroel\u00e9ctricas, proyectos mineros y, m\u00e1s recientemente, la central en A\u00f1ihuerraqui, en el r\u00edo Trankura, despertaron la resistencia en las comunidades. \u201cFue de una violencia simb\u00f3lica y pol\u00edtica muy grande. Llegaban empresas y te ofrec\u00edan millones por aprobar la hidroel\u00e9ctrica, pero la gente era muy digna. Eran personas de escasos recursos, pero para quienes la tierra no ten\u00eda precio\u201d.<\/p>\n<p class=\"\">Con las luchas territoriales, las comunidades comenzaron a tejer redes, conocieron a abogados, y se conectaron con experiencias similares en el mundo. Este aprendizaje tambi\u00e9n marc\u00f3 a los j\u00f3venes. Al elegir carreras universitarias, muchos optaron por disciplinas con un prop\u00f3sito claro. Cris\u00f3stomo Loncop\u00e1n eligi\u00f3 Geograf\u00eda. \u201cPero no me hac\u00eda sentido hablar de demandas de tierra y territorio sin tener una visi\u00f3n en un mapa, algo tan b\u00e1sico. Porque el mapa es una herramienta pol\u00edtica que nos han querido quitar\u201d.<\/p>\n<p class=\"\">Se dio cuenta de que no exist\u00eda un mapa de las tierras mapuche y decidi\u00f3 construirlo. Para su tesis de pregrado, dise\u00f1\u00f3 una metodolog\u00eda para identificar las tierras de uso ancestral de las comunidades mapuche, con la que a la fecha ha mapeado m\u00e1s de cuarenta comunidades desde Arauco a Chilo\u00e9. El m\u00e9todo combina relatos, talleres y visitas en terreno. \u201cNos ha dado las herramientas para las demandas del movimiento de reconstrucci\u00f3n territorial: volver a la tierra antigua\u201d, explica.<\/p>\n<p class=\"\">Para la firma del convenio que dio origen al Consejo de Gobernanza y Gesti\u00f3n del Parque Nacional Villarrica, Cris\u00f3stomo Loncop\u00e1n convirti\u00f3 el trabajo de su tesis de pregrado en una hoja de ruta. Su metodolog\u00eda permiti\u00f3 identificar en el sector Puesco Lan\u00edn del Parque Nacional Villarrica la toponimia \u2014el origen de los nombres de lugares\u2014, los sitios donde sus ancestros recolectaban pi\u00f1ones y medicinas, las ubicaciones de las casas y los lugares de significaci\u00f3n cultural. \u201cMuchos a\u00f1os nuestra gente fue marginada y no fue tomada en cuenta porque, seg\u00fan el Estado o la sociedad, no ten\u00edamos las capacidades para hablar o crear. Hoy podemos apostar nosotros a la reconstrucci\u00f3n de nuestra historia\u201d, dice.<\/p>\n<p class=\"\">Cris\u00f3stomo Loncop\u00e1n considera que la puesta en marcha de su metodolog\u00eda podr\u00eda ser la base de un proyecto de conservaci\u00f3n m\u00e1s amplio. \u201cUno que tenga relaci\u00f3n con la protecci\u00f3n no solo de los parques nacionales, sino de todo el territorio contra el extractivismo\u201d, dice.<\/p>\n","protected":false},"excerpt":{"rendered":"<p>&nbsp; &nbsp; &#8211; Con 30 a\u00f1os, lider\u00f3 una in\u00e9dita mesa de gobernanza en Chile que reconoce los derechos territoriales ind\u00edgenas en un parque nacional del&hellip;<\/p>\n","protected":false},"author":99,"featured_media":526880,"comment_status":"open","ping_status":"open","sticky":false,"template":"","format":"standard","meta":{"footnotes":""},"categories":[23],"tags":[],"class_list":["post-526879","post","type-post","status-publish","format-standard","has-post-thumbnail","hentry","category-latinoamerica"],"_links":{"self":[{"href":"https:\/\/diarioelpopular.com\/index.php\/wp-json\/wp\/v2\/posts\/526879","targetHints":{"allow":["GET"]}}],"collection":[{"href":"https:\/\/diarioelpopular.com\/index.php\/wp-json\/wp\/v2\/posts"}],"about":[{"href":"https:\/\/diarioelpopular.com\/index.php\/wp-json\/wp\/v2\/types\/post"}],"author":[{"embeddable":true,"href":"https:\/\/diarioelpopular.com\/index.php\/wp-json\/wp\/v2\/users\/99"}],"replies":[{"embeddable":true,"href":"https:\/\/diarioelpopular.com\/index.php\/wp-json\/wp\/v2\/comments?post=526879"}],"version-history":[{"count":1,"href":"https:\/\/diarioelpopular.com\/index.php\/wp-json\/wp\/v2\/posts\/526879\/revisions"}],"predecessor-version":[{"id":526881,"href":"https:\/\/diarioelpopular.com\/index.php\/wp-json\/wp\/v2\/posts\/526879\/revisions\/526881"}],"wp:featuredmedia":[{"embeddable":true,"href":"https:\/\/diarioelpopular.com\/index.php\/wp-json\/wp\/v2\/media\/526880"}],"wp:attachment":[{"href":"https:\/\/diarioelpopular.com\/index.php\/wp-json\/wp\/v2\/media?parent=526879"}],"wp:term":[{"taxonomy":"category","embeddable":true,"href":"https:\/\/diarioelpopular.com\/index.php\/wp-json\/wp\/v2\/categories?post=526879"},{"taxonomy":"post_tag","embeddable":true,"href":"https:\/\/diarioelpopular.com\/index.php\/wp-json\/wp\/v2\/tags?post=526879"}],"curies":[{"name":"wp","href":"https:\/\/api.w.org\/{rel}","templated":true}]}}