{"id":526934,"date":"2025-01-05T13:24:23","date_gmt":"2025-01-05T17:24:23","guid":{"rendered":"https:\/\/diarioelpopular.com\/?p=526934"},"modified":"2025-01-05T13:24:23","modified_gmt":"2025-01-05T17:24:23","slug":"el-comando-vermelho-la-gran-banda-brasilera-que-penetra-en-la-amazonia-colomboperuana","status":"publish","type":"post","link":"https:\/\/diarioelpopular.com\/index.php\/2025\/01\/05\/el-comando-vermelho-la-gran-banda-brasilera-que-penetra-en-la-amazonia-colomboperuana\/","title":{"rendered":"El Comando Vermelho, la gran banda brasilera que penetra en la Amazon\u00eda colomboperuana"},"content":{"rendered":"<div id=\"attachment_526936\" style=\"width: 646px\" class=\"wp-caption alignnone\"><img loading=\"lazy\" decoding=\"async\" aria-describedby=\"caption-attachment-526936\" class=\"wp-image-526936 size-custom-full-size\" src=\"https:\/\/diarioelpopular.com\/wp-content\/uploads\/2025\/01\/Screen-Shot-2025-01-05-at-12.23.36-PM-636x422.png\" alt=\"\" width=\"636\" height=\"422\" srcset=\"https:\/\/diarioelpopular.com\/wp-content\/uploads\/2025\/01\/Screen-Shot-2025-01-05-at-12.23.36-PM-636x422.png 636w, https:\/\/diarioelpopular.com\/wp-content\/uploads\/2025\/01\/Screen-Shot-2025-01-05-at-12.23.36-PM-300x199.png 300w, https:\/\/diarioelpopular.com\/wp-content\/uploads\/2025\/01\/Screen-Shot-2025-01-05-at-12.23.36-PM-768x509.png 768w, https:\/\/diarioelpopular.com\/wp-content\/uploads\/2025\/01\/Screen-Shot-2025-01-05-at-12.23.36-PM-85x55.png 85w, https:\/\/diarioelpopular.com\/wp-content\/uploads\/2025\/01\/Screen-Shot-2025-01-05-at-12.23.36-PM-1200x795.png 1200w, https:\/\/diarioelpopular.com\/wp-content\/uploads\/2025\/01\/Screen-Shot-2025-01-05-at-12.23.36-PM-110x73.png 110w, https:\/\/diarioelpopular.com\/wp-content\/uploads\/2025\/01\/Screen-Shot-2025-01-05-at-12.23.36-PM.png 1024w\" sizes=\"auto, (max-width: 636px) 100vw, 636px\" \/><p id=\"caption-attachment-526936\" class=\"wp-caption-text\">Habitantes de la comunidad La Libertad cocinan en la Amazon\u00eda colombiana, el pasado 14 de diciembre. Diego Cuevas<\/p><\/div>\n<p>&nbsp;<\/p>\n<p>&nbsp;<\/p>\n<h4 class=\"a_st\"><em>&#8211; La organizaci\u00f3n delincuencial del gigante sudamericano ha construido firmes alianzas con grupos ilegales de otros pa\u00edses vecinos<\/em><\/h4>\n<p>&nbsp;<\/p>\n<p class=\"\">El Comando Vermelho, una de las m\u00e1s grandes organizaciones delincuenciales de Brasil, se ha implantado con tanta firmeza en la Amazon\u00eda que se ha convertido en el socio clave de narcos y grupos armados de Per\u00fa y Colombia para expandirse hacia esos pa\u00edses. Desde que en 2023 logr\u00f3 imponerse sobre otros grupos criminales rivales, como Os Cr\u00edas, Primeiro Comando da Capital (PCC) y Familia do Norte, ha empezado a dominar el microtr\u00e1fico en la colombiana Leticia, capital del departamento del Amazonas, y la vecina brasilera Tabatinga. Se trata de un control notorio en esa ciudad binacional,\u00a0<a href=\"https:\/\/elpais.com\/america\/amazonia-sin-fronteras\/2024-12-29\/narcos-mineros-ilegales-y-disidencias-la-triple-alianza-que-devasta-a-la-amazonia.html\" target=\"_blank\" rel=\"noopener\" data-link-track-dtm=\"\" data-mrf-link=\"https:\/\/elpais.com\/america\/amazonia-sin-fronteras\/2024-12-29\/narcos-mineros-ilegales-y-disidencias-la-triple-alianza-que-devasta-a-la-amazonia.html\">la principal de la triple frontera<\/a>\u00a0con poco m\u00e1s de 120.000 habitantes.<\/p>\n<p class=\"\">La m\u00e1s notoria evidencia de la influencia de Comando Vermelho son los llamados \u201cdecretados\u201d, un t\u00e9rmino de uso normal entre los funcionarios p\u00fablicos de la zona y que incluso han llegado a usar algunos ni\u00f1os en chiste. Se trata del nombre que se da a las personas amenazadas, sobre todo por Comando Vermelho y en menor medida Primeiro Comando da Capital. Miembros de esas bandas usan sus estados de WhatsApp y otras redes sociales para publicar las fotos de sus \u201cenemigos\u201d, la mayor\u00eda j\u00f3venes. El PA\u00cdS supo que solo en 2024 salieron de Leticia por lo menos 10 \u201cdecretados\u201d.<\/p>\n<p>&nbsp;<\/p>\n<figure class=\"a_m a_m-h \">\n<p><div style=\"width: 424px\" class=\"wp-caption alignnone\"><img loading=\"lazy\" decoding=\"async\" class=\"_re lazyload a_m-h\" src=\"https:\/\/imagenes.elpais.com\/resizer\/v2\/OAPSBKUJRVBRVOJ74MCHUNMRDI.JPG?auth=9d3a8e48be0510c639dcd728795abef0fc604cd077e73a28316f7db03ddeff73&amp;width=414\" sizes=\"auto, (min-width:1199px) 1155px,(min-width:1001px) calc(100vw - 44px),(min-width:768px) 767px, 100vw\" srcset=\"https:\/\/imagenes.elpais.com\/resizer\/v2\/OAPSBKUJRVBRVOJ74MCHUNMRDI.JPG?auth=9d3a8e48be0510c639dcd728795abef0fc604cd077e73a28316f7db03ddeff73&amp;width=414 414w,https:\/\/imagenes.elpais.com\/resizer\/v2\/OAPSBKUJRVBRVOJ74MCHUNMRDI.JPG?auth=9d3a8e48be0510c639dcd728795abef0fc604cd077e73a28316f7db03ddeff73&amp;width=828 640w,https:\/\/imagenes.elpais.com\/resizer\/v2\/OAPSBKUJRVBRVOJ74MCHUNMRDI.JPG?auth=9d3a8e48be0510c639dcd728795abef0fc604cd077e73a28316f7db03ddeff73&amp;width=980 1000w,https:\/\/imagenes.elpais.com\/resizer\/v2\/OAPSBKUJRVBRVOJ74MCHUNMRDI.JPG?auth=9d3a8e48be0510c639dcd728795abef0fc604cd077e73a28316f7db03ddeff73&amp;width=1960 1960w\" alt=\"Una fotograf\u00eda de algunos 'decretados' publicada en redes sociales por integrantes de agrupaciones delictivas que operan en la triple frontera amaz\u00f3nica. \" width=\"414\" height=\"276\" \/><p class=\"wp-caption-text\">Una fotograf\u00eda de algunos &#8216;decretados&#8217; publicada en redes sociales por integrantes de agrupaciones delictivas que operan en la triple frontera amaz\u00f3nica.Diego Cuevas<\/p><\/div><figcaption class=\"a_m_p\"><\/figcaption><\/figure>\n<p>&nbsp;<\/p>\n<p class=\"\">Es un panorama de la violencia urbana que el defensor regional del Pueblo del\u00a0<a href=\"https:\/\/elpais.com\/america-futura\/2024-12-17\/ecuador-hace-una-nueva-conversion-de-deuda-para-destinar-460-millones-de-dolares-a-su-amazonia.html\" target=\"_blank\" rel=\"noopener\" data-link-track-dtm=\"\" data-mrf-link=\"https:\/\/elpais.com\/america-futura\/2024-12-17\/ecuador-hace-una-nueva-conversion-de-deuda-para-destinar-460-millones-de-dolares-a-su-amazonia.html\">departamento colombiano del Amazonas<\/a>, Jos\u00e9 David Elizalde. El veterano funcionario regional admite, casi con resignaci\u00f3n, que las zonas m\u00e1s apartadas del departamento son casi como un hoyo negro para \u00e9l y sus 13 funcionarios. \u201cHace dos a\u00f1os la Defensor\u00eda no va a ning\u00fan territorio m\u00e1s all\u00e1 de Leticia y Puerto Nari\u00f1o\u201d. No solo no salen porque es muy costoso, sino porque el control de los grupos armados ha llegado a tal nivel que revisan en retenes los celulares de la gente. Eso ha aumentado el miedo a denunciar.<\/p>\n<div class=\"raw_html\">\n<div><iframe id=\"datawrapper-chart-70sCb\" title=\"El Comando Vermelho en la triple frontera amaz\u00f3nica entre Per\u00fa, Brasil y Colombia\" src=\"https:\/\/datawrapper.dwcdn.net\/70sCb\/1\/\" height=\"550\" frameborder=\"0\" scrolling=\"no\" aria-label=\"Mapas de ubicaci\u00f3n\" data-external=\"1\" data-mce-fragment=\"1\"><\/iframe><\/div>\n<\/div>\n<p>&nbsp;<\/p>\n<p class=\"\">El Comando Vermelho tambi\u00e9n controla mercados locales de microtr\u00e1fico en otras poblaciones brasile\u00f1as de la zona. Benjamin Constant, a unos 45 minutos en lancha motorizada desde Leticia y en la frontera con Per\u00fa, tiene 26 polic\u00edas militares para 42.000 habitantes. All\u00ed, la organizaci\u00f3n tiene injerencia en cinco barrios. \u201cPara suplir las necesidades necesitar\u00edamos 60 polic\u00edas\u201d, explica una fuente de la polic\u00eda militar brasile\u00f1a. \u201cEllos reclutan aqu\u00ed por la falta de oportunidades y controlan el tr\u00e1fico de drogas\u201d.<\/p>\n<p>&nbsp;<\/p>\n<div id=\"gallery-summary-100\" class=\"gallery-summary-container\">\n<div class=\"gal__figs-scl\">\n<div class=\"a_gl\">\n<figure class=\"a_m _pr gallery-photo-1 gallery-slider__photo a_m-h\">\n<p><div style=\"width: 424px\" class=\"wp-caption alignnone\"><img loading=\"lazy\" decoding=\"async\" class=\"_re  a_m-h\" src=\"https:\/\/imagenes.elpais.com\/resizer\/v2\/2I2LTZFQSRGZPMSSNCC7V6RNOI.JPG?auth=0090846a485af65362ff0e2d72e69007e52372da0ed7cecee52cd8dff3077da0&amp;width=414\" srcset=\"https:\/\/imagenes.elpais.com\/resizer\/v2\/2I2LTZFQSRGZPMSSNCC7V6RNOI.JPG?auth=0090846a485af65362ff0e2d72e69007e52372da0ed7cecee52cd8dff3077da0&amp;width=414 414w,https:\/\/imagenes.elpais.com\/resizer\/v2\/2I2LTZFQSRGZPMSSNCC7V6RNOI.JPG?auth=0090846a485af65362ff0e2d72e69007e52372da0ed7cecee52cd8dff3077da0&amp;width=828 828w\" alt=\"Graffitis de Comando Vermelho en las calles de Benjamin Constant en el Estado de Amazonas, Brasil. \" width=\"414\" height=\"276\" data-src=\"https:\/\/imagenes.elpais.com\/resizer\/v2\/2I2LTZFQSRGZPMSSNCC7V6RNOI.JPG?auth=0090846a485af65362ff0e2d72e69007e52372da0ed7cecee52cd8dff3077da0&amp;width=414\" \/><p class=\"wp-caption-text\">Graffitis de Comando Vermelho en las calles de Benjamin Constant en el Estado de Amazonas, Brasil.Diego Cuevas<\/p><\/div><figcaption class=\"a_m_p\"><\/figcaption><\/figure>\n<figure class=\"a_m _pr gallery-photo-2 gallery-slider__photo _dn a_m-h \"><span class=\"a_m_w _db\"><img loading=\"lazy\" decoding=\"async\" class=\"_re lazyload a_m-h\" src=\"https:\/\/imagenes.elpais.com\/resizer\/v2\/ZOPMXNLGTRGPZFKU2CMWPPULCU.JPG?auth=8b7c541f6d298682c2e9ddb58bec4df5a9ecccb6f1011614b36459b6da30fff4&amp;width=414\" srcset=\"https:\/\/imagenes.elpais.com\/resizer\/v2\/ZOPMXNLGTRGPZFKU2CMWPPULCU.JPG?auth=8b7c541f6d298682c2e9ddb58bec4df5a9ecccb6f1011614b36459b6da30fff4&amp;width=414 414w,https:\/\/imagenes.elpais.com\/resizer\/v2\/ZOPMXNLGTRGPZFKU2CMWPPULCU.JPG?auth=8b7c541f6d298682c2e9ddb58bec4df5a9ecccb6f1011614b36459b6da30fff4&amp;width=828 828w\" alt=\"Habitantes de La Libertad, en Colombia, se conectan a la red wifi la noche del 13 de diciembre.  El aislamiento es otro enemigo silencioso que afecta a las fuerzas militares del Amazonas colombiano.\" width=\"414\" height=\"276\" data-src=\"https:\/\/imagenes.elpais.com\/resizer\/v2\/ZOPMXNLGTRGPZFKU2CMWPPULCU.JPG?auth=8b7c541f6d298682c2e9ddb58bec4df5a9ecccb6f1011614b36459b6da30fff4&amp;width=414\" \/><\/span><figcaption class=\"a_m_p\"><\/figcaption><\/figure>\n<figure class=\"a_m _pr gallery-photo-3 gallery-slider__photo _dn a_m-h \"><span class=\"a_m_w _db\"><img loading=\"lazy\" decoding=\"async\" class=\"_re lazyload a_m-h\" src=\"https:\/\/imagenes.elpais.com\/resizer\/v2\/OODFBPSWJNGLXELQ655K24Y3CM.JPG?auth=a796c332f175fa5929fd2e29fe5856e168a1a8bcbd186bf13ba72bff13c31ff1&amp;width=414\" srcset=\"https:\/\/imagenes.elpais.com\/resizer\/v2\/OODFBPSWJNGLXELQ655K24Y3CM.JPG?auth=a796c332f175fa5929fd2e29fe5856e168a1a8bcbd186bf13ba72bff13c31ff1&amp;width=414 414w,https:\/\/imagenes.elpais.com\/resizer\/v2\/OODFBPSWJNGLXELQ655K24Y3CM.JPG?auth=a796c332f175fa5929fd2e29fe5856e168a1a8bcbd186bf13ba72bff13c31ff1&amp;width=828 828w\" alt=\"Una joven besa a un beb\u00e9 en el puerto de Benjamin Constant, Brasil.\" width=\"414\" height=\"276\" data-src=\"https:\/\/imagenes.elpais.com\/resizer\/v2\/OODFBPSWJNGLXELQ655K24Y3CM.JPG?auth=a796c332f175fa5929fd2e29fe5856e168a1a8bcbd186bf13ba72bff13c31ff1&amp;width=414\" \/><\/span><figcaption class=\"a_m_p\"><\/figcaption><\/figure>\n<figure class=\"a_m _pr gallery-photo-4 gallery-slider__photo _dn a_m-h \"><span class=\"a_m_w _db\"><img loading=\"lazy\" decoding=\"async\" class=\"_re lazyload a_m-h\" src=\"https:\/\/imagenes.elpais.com\/resizer\/v2\/S546JAM2LVEFJL5ITZMQQOEQ4M.JPG?auth=8665c43702f8579e60a1156fab4ef0b0d7abbcffd70c89a6dca405e323be4ff5&amp;width=414\" srcset=\"https:\/\/imagenes.elpais.com\/resizer\/v2\/S546JAM2LVEFJL5ITZMQQOEQ4M.JPG?auth=8665c43702f8579e60a1156fab4ef0b0d7abbcffd70c89a6dca405e323be4ff5&amp;width=414 414w,https:\/\/imagenes.elpais.com\/resizer\/v2\/S546JAM2LVEFJL5ITZMQQOEQ4M.JPG?auth=8665c43702f8579e60a1156fab4ef0b0d7abbcffd70c89a6dca405e323be4ff5&amp;width=828 828w\" alt=\"Comerciantes dejan cargas de mercanc\u00eda en el puerto de Leticia en el departamento del Amazonas, Colombia. \" width=\"414\" height=\"276\" data-src=\"https:\/\/imagenes.elpais.com\/resizer\/v2\/S546JAM2LVEFJL5ITZMQQOEQ4M.JPG?auth=8665c43702f8579e60a1156fab4ef0b0d7abbcffd70c89a6dca405e323be4ff5&amp;width=414\" \/><\/span><figcaption class=\"a_m_p\"><\/figcaption><\/figure>\n<figure class=\"a_m _pr gallery-photo-5 gallery-slider__photo _dn a_m-h \"><span class=\"a_m_w _db\"><img loading=\"lazy\" decoding=\"async\" class=\"_re lazyload a_m-h\" src=\"https:\/\/imagenes.elpais.com\/resizer\/v2\/IAZX3Y4M2BBDRG2FSRHMG7V2WM.JPG?auth=0fe508ea5fd1bb415e0bc4113620c8fe2fa6c742a6afb92e0785860231275c94&amp;width=414\" srcset=\"https:\/\/imagenes.elpais.com\/resizer\/v2\/IAZX3Y4M2BBDRG2FSRHMG7V2WM.JPG?auth=0fe508ea5fd1bb415e0bc4113620c8fe2fa6c742a6afb92e0785860231275c94&amp;width=414 414w,https:\/\/imagenes.elpais.com\/resizer\/v2\/IAZX3Y4M2BBDRG2FSRHMG7V2WM.JPG?auth=0fe508ea5fd1bb415e0bc4113620c8fe2fa6c742a6afb92e0785860231275c94&amp;width=828 828w\" alt=\"Mapa del municipio de Benjamin Constant en el puesto de control de la Polic\u00eda Militar, el 12 de diciembre en la Amazon\u00eda brasile\u00f1a. \" width=\"414\" height=\"276\" data-src=\"https:\/\/imagenes.elpais.com\/resizer\/v2\/IAZX3Y4M2BBDRG2FSRHMG7V2WM.JPG?auth=0fe508ea5fd1bb415e0bc4113620c8fe2fa6c742a6afb92e0785860231275c94&amp;width=414\" \/><\/span><figcaption class=\"a_m_p\"><\/figcaption><\/figure>\n<figure class=\"a_m _pr gallery-photo-6 gallery-slider__photo _dn a_m-h \"><span class=\"a_m_w _db\"><img loading=\"lazy\" decoding=\"async\" class=\"_re lazyload a_m-h\" src=\"https:\/\/imagenes.elpais.com\/resizer\/v2\/QWDZEQF4BBAZVHC3CPKBYKJRHI.JPG?auth=13677fe102acf5aa95eb14dbdae902d29463fc59179fcdfb9940371ed5640993&amp;width=414\" srcset=\"https:\/\/imagenes.elpais.com\/resizer\/v2\/QWDZEQF4BBAZVHC3CPKBYKJRHI.JPG?auth=13677fe102acf5aa95eb14dbdae902d29463fc59179fcdfb9940371ed5640993&amp;width=414 414w,https:\/\/imagenes.elpais.com\/resizer\/v2\/QWDZEQF4BBAZVHC3CPKBYKJRHI.JPG?auth=13677fe102acf5aa95eb14dbdae902d29463fc59179fcdfb9940371ed5640993&amp;width=828 828w\" alt=\"En los l\u00edmites de Colombia con Per\u00fa y Brasil, las comunidades ind\u00edgenas atraviesan las fronteras para raspar coca y trabajar en los laboratorios de drogas como una salida econ\u00f3mica tras verse tan aislados de las ciudades. En la imagen, un habitante de La Libertad, la madrugada del 13 de diciembre. \" width=\"414\" height=\"276\" data-src=\"https:\/\/imagenes.elpais.com\/resizer\/v2\/QWDZEQF4BBAZVHC3CPKBYKJRHI.JPG?auth=13677fe102acf5aa95eb14dbdae902d29463fc59179fcdfb9940371ed5640993&amp;width=414\" \/><\/span><figcaption class=\"a_m_p\"><\/figcaption><\/figure>\n<div id=\"gallery-slider-controls\" class=\"_btn a_gl_nav gallery-slider__controls \"><\/div>\n<div id=\"fullscreen-icon\" class=\"a_gl_pl\"><\/div>\n<div id=\"summary-dots\" class=\"a_gl_n _df\"><\/div>\n<\/div>\n<\/div>\n<\/div>\n<p class=\"\">En uno de esos barrios no solo se ven graffitis con los nombres de las bandas brasileras, sino que abundan las iglesias evang\u00e9licas. Esas organizaciones religiosas se han convertido en la ruta de salida m\u00e1s segura para j\u00f3venes que hacen parte de la organizaci\u00f3n criminal. \u201cEllos [Comando Vermelho] son muy creyentes y creen que la \u00fanica posibilidad de transformar a estos j\u00f3venes es Dios\u201d, dice un hombre que hace cuatro a\u00f1os es pastor de una de estas iglesias. Sentado en una silla blanca de pl\u00e1stico incrustada en la mitad de un galp\u00f3n de ladrillos con los letreros de la iglesia pegados en las paredes, explica que a los 15 a\u00f1os entr\u00f3 al Comando Vermelho, y que sali\u00f3 de \u00e9l hace 13. De fondo suena m\u00fasica. Una mujer canta \u201csi usted puede levante las manos para arriba, porque vamos a decir santo, santo, santo. La tierra va a escuchar lo que el cielo est\u00e1 diciendo. Levanta las manos, Dios m\u00edo.\u201d<\/p>\n<p class=\"\">\u201cTenemos varios j\u00f3venes que eran del grupo. Algunas veces llaman a preguntar si la persona sigue ac\u00e1\u201d, explica. \u201cLa iglesia es la \u00fanica salida del crimen diferente a acabar preso o acabar muerto\u201d. No es un testimonio aislado. \u201cEstas iglesias han llegado a un entendimiento con los l\u00edderes de las organizaciones criminales seg\u00fan el cual aceptar\u00e1n la salida de un miembro siempre que pueda demostrar genuina fe y devoci\u00f3n\u201d, cuenta un<a href=\"https:\/\/www.crisisgroup.org\/es\/latin-america-caribbean\/south-america\/brazil-colombia-peru\/b51-three-border-problem\" data-link-track-dtm=\"\" data-mrf-link=\"https:\/\/www.crisisgroup.org\/es\/latin-america-caribbean\/south-america\/brazil-colombia-peru\/b51-three-border-problem\"><u>\u00a0informe de la oeneg\u00e9 experta International Crisis Group publicado en julio de este a\u00f1o.<\/u><\/a><\/p>\n<p>&nbsp;<\/p>\n<figure class=\"a_m a_m-h \">\n<p><div style=\"width: 424px\" class=\"wp-caption alignnone\"><img loading=\"lazy\" decoding=\"async\" class=\"_re lazyload a_m-h\" src=\"https:\/\/imagenes.elpais.com\/resizer\/v2\/RKSBGQ4YYBGCBF53XTOSEDOD7E.JPG?auth=fc1abcb072e15ee943cb6afbfe51c35face3fb8c8882271aca365d505123dc69&amp;width=414\" sizes=\"auto, (min-width:1199px) 1155px,(min-width:1001px) calc(100vw - 44px),(min-width:768px) 767px, 100vw\" srcset=\"https:\/\/imagenes.elpais.com\/resizer\/v2\/RKSBGQ4YYBGCBF53XTOSEDOD7E.JPG?auth=fc1abcb072e15ee943cb6afbfe51c35face3fb8c8882271aca365d505123dc69&amp;width=414 414w,https:\/\/imagenes.elpais.com\/resizer\/v2\/RKSBGQ4YYBGCBF53XTOSEDOD7E.JPG?auth=fc1abcb072e15ee943cb6afbfe51c35face3fb8c8882271aca365d505123dc69&amp;width=828 640w,https:\/\/imagenes.elpais.com\/resizer\/v2\/RKSBGQ4YYBGCBF53XTOSEDOD7E.JPG?auth=fc1abcb072e15ee943cb6afbfe51c35face3fb8c8882271aca365d505123dc69&amp;width=980 1000w,https:\/\/imagenes.elpais.com\/resizer\/v2\/RKSBGQ4YYBGCBF53XTOSEDOD7E.JPG?auth=fc1abcb072e15ee943cb6afbfe51c35face3fb8c8882271aca365d505123dc69&amp;width=1960 1960w\" alt=\"El pastor de una iglesia evang\u00e9lica tapa su rostro con una biblia para proteger su identidad, en Benjamin Constant, en la Amazon\u00eda brasile\u00f1a. \" width=\"414\" height=\"276\" \/><p class=\"wp-caption-text\">El pastor de una iglesia evang\u00e9lica tapa su rostro con una biblia para proteger su identidad, en Benjamin Constant, en la Amazon\u00eda brasile\u00f1a.Diego Cuevas<\/p><\/div><figcaption class=\"a_m_p\">\n<\/figcaption>Cuando el excomando habla de delitos no se refiere solo al narcotr\u00e1fico. Estos grupos criminales, peruanos, colombianos o brasileros, se han ido diversificando hacia otras actividades que les permiten enriquecerse y a la vez lavar el dinero de las drogas. Las m\u00e1s visibles son la pesca, la tala y sobre todo la miner\u00eda de oro, todas ellas en su modalidad ilegal. Cada una produce sus propios ingresos, pero adem\u00e1s permiten lavar dinero del narcotr\u00e1fico y esconder droga en cargamentos. Una forma de multicriminaldiad en la que Comando Vermelho parece ir ganando presencia, y en la que la triple alianza transfronteriza con narcos y disidencias gana espacios mientras la selva los pierde.<\/figure>\n","protected":false},"excerpt":{"rendered":"<p>&nbsp; &nbsp; &#8211; La organizaci\u00f3n delincuencial del gigante sudamericano ha construido firmes alianzas con grupos ilegales de otros pa\u00edses vecinos &nbsp; El Comando Vermelho, una&hellip;<\/p>\n","protected":false},"author":99,"featured_media":526936,"comment_status":"open","ping_status":"open","sticky":false,"template":"","format":"standard","meta":{"footnotes":""},"categories":[23],"tags":[],"class_list":["post-526934","post","type-post","status-publish","format-standard","has-post-thumbnail","hentry","category-latinoamerica"],"_links":{"self":[{"href":"https:\/\/diarioelpopular.com\/index.php\/wp-json\/wp\/v2\/posts\/526934","targetHints":{"allow":["GET"]}}],"collection":[{"href":"https:\/\/diarioelpopular.com\/index.php\/wp-json\/wp\/v2\/posts"}],"about":[{"href":"https:\/\/diarioelpopular.com\/index.php\/wp-json\/wp\/v2\/types\/post"}],"author":[{"embeddable":true,"href":"https:\/\/diarioelpopular.com\/index.php\/wp-json\/wp\/v2\/users\/99"}],"replies":[{"embeddable":true,"href":"https:\/\/diarioelpopular.com\/index.php\/wp-json\/wp\/v2\/comments?post=526934"}],"version-history":[{"count":2,"href":"https:\/\/diarioelpopular.com\/index.php\/wp-json\/wp\/v2\/posts\/526934\/revisions"}],"predecessor-version":[{"id":526937,"href":"https:\/\/diarioelpopular.com\/index.php\/wp-json\/wp\/v2\/posts\/526934\/revisions\/526937"}],"wp:featuredmedia":[{"embeddable":true,"href":"https:\/\/diarioelpopular.com\/index.php\/wp-json\/wp\/v2\/media\/526936"}],"wp:attachment":[{"href":"https:\/\/diarioelpopular.com\/index.php\/wp-json\/wp\/v2\/media?parent=526934"}],"wp:term":[{"taxonomy":"category","embeddable":true,"href":"https:\/\/diarioelpopular.com\/index.php\/wp-json\/wp\/v2\/categories?post=526934"},{"taxonomy":"post_tag","embeddable":true,"href":"https:\/\/diarioelpopular.com\/index.php\/wp-json\/wp\/v2\/tags?post=526934"}],"curies":[{"name":"wp","href":"https:\/\/api.w.org\/{rel}","templated":true}]}}