{"id":526939,"date":"2025-01-05T13:30:25","date_gmt":"2025-01-05T17:30:25","guid":{"rendered":"https:\/\/diarioelpopular.com\/?p=526939"},"modified":"2025-01-05T13:30:25","modified_gmt":"2025-01-05T17:30:25","slug":"las-dos-guerras-de-los-chapitos-vencer-a-el-mayo-en-sinaloa-y-sobrevivir-en-los-tribunales-de-estados-unidos","status":"publish","type":"post","link":"https:\/\/diarioelpopular.com\/index.php\/2025\/01\/05\/las-dos-guerras-de-los-chapitos-vencer-a-el-mayo-en-sinaloa-y-sobrevivir-en-los-tribunales-de-estados-unidos\/","title":{"rendered":"Las dos guerras de Los Chapitos: vencer a El Mayo en Sinaloa y sobrevivir en los tribunales de Estados Unidos"},"content":{"rendered":"<div id=\"attachment_526940\" style=\"width: 1210px\" class=\"wp-caption alignnone\"><img loading=\"lazy\" decoding=\"async\" aria-describedby=\"caption-attachment-526940\" class=\"wp-image-526940 size-custom-big-size\" src=\"https:\/\/diarioelpopular.com\/wp-content\/uploads\/2025\/01\/Screen-Shot-2025-01-05-at-12.29.20-PM-1200x678.png\" alt=\"\" width=\"1200\" height=\"678\" srcset=\"https:\/\/diarioelpopular.com\/wp-content\/uploads\/2025\/01\/Screen-Shot-2025-01-05-at-12.29.20-PM-1200x678.png 1200w, https:\/\/diarioelpopular.com\/wp-content\/uploads\/2025\/01\/Screen-Shot-2025-01-05-at-12.29.20-PM-300x169.png 300w, https:\/\/diarioelpopular.com\/wp-content\/uploads\/2025\/01\/Screen-Shot-2025-01-05-at-12.29.20-PM-768x434.png 768w, https:\/\/diarioelpopular.com\/wp-content\/uploads\/2025\/01\/Screen-Shot-2025-01-05-at-12.29.20-PM-636x359.png 636w, https:\/\/diarioelpopular.com\/wp-content\/uploads\/2025\/01\/Screen-Shot-2025-01-05-at-12.29.20-PM-129x73.png 129w, https:\/\/diarioelpopular.com\/wp-content\/uploads\/2025\/01\/Screen-Shot-2025-01-05-at-12.29.20-PM.png 1024w\" sizes=\"auto, (max-width: 1200px) 100vw, 1200px\" \/><p id=\"caption-attachment-526940\" class=\"wp-caption-text\">Joaqu\u00edn Guzm\u00e1n y Ovidio Guzm\u00e1n.<\/p><\/div>\n<p>&nbsp;<\/p>\n<p>&nbsp;<\/p>\n<h4 class=\"a_st\"><em>&#8211; Ovidio y Joaqu\u00edn Guzm\u00e1n L\u00f3pez se preparan para una audiencia decisiva en Chicago el martes, mientras sus hermanos luchan por el control del Cartel de Sinaloa<\/em><\/h4>\n<p>&nbsp;<\/p>\n<div class=\"a_c clearfix\" data-dtm-region=\"articulo_cuerpo\">\n<p class=\"\">El futuro de los herederos del capo mexicano del narco Joaqu\u00edn<i>\u00a0El Chapo<\/i>\u00a0Guzm\u00e1n est\u00e1 dividido por una frontera de m\u00e1s de 3.000 kil\u00f3metros. En Estados Unidos,\u00a0<a href=\"https:\/\/elpais.com\/mexico\/2024-10-21\/el-abogado-de-los-chapitos-confirma-que-joaquin-y-ovidio-guzman-negocian-un-acuerdo-con-estados-unidos.html\" data-link-track-dtm=\"\" data-mrf-link=\"https:\/\/elpais.com\/mexico\/2024-10-21\/el-abogado-de-los-chapitos-confirma-que-joaquin-y-ovidio-guzman-negocian-un-acuerdo-con-estados-unidos.html\">Joaqu\u00edn y Ovidio Guzm\u00e1n L\u00f3pez<\/a>\u00a0tienen en puerta una audiencia decisiva en un tribunal de Chicago el pr\u00f3ximo 7 de enero, el plazo que la jueza les ha dado para decidir si se declaran culpables o contin\u00faan por separado sus procesos judiciales.<\/p>\n<p class=\"\">En M\u00e9xico,<a href=\"https:\/\/elpais.com\/mexico\/2024-11-07\/nuevo-golpe-contra-los-chapitos-estados-unidos-se-lanza-contra-el-jefe-de-seguridad-de-ivan-archivaldo-guzman.html\" data-link-track-dtm=\"\" data-mrf-link=\"https:\/\/elpais.com\/mexico\/2024-11-07\/nuevo-golpe-contra-los-chapitos-estados-unidos-se-lanza-contra-el-jefe-de-seguridad-de-ivan-archivaldo-guzman.html\">\u00a0Iv\u00e1n Archivaldo<\/a>\u00a0y Jes\u00fas Alfredo Guzm\u00e1n Salazar libran desde hace casi cuatro meses una guerra total contra los hombres de su antiguo socio<a href=\"https:\/\/elpais.com\/mexico\/2024-08-25\/la-caida-de-el-mayo-zambada-cronologia-del-escandalo-que-ha-cimbrado-a-mexico.html\" data-link-track-dtm=\"\" data-mrf-link=\"https:\/\/elpais.com\/mexico\/2024-08-25\/la-caida-de-el-mayo-zambada-cronologia-del-escandalo-que-ha-cimbrado-a-mexico.html\">\u00a0Ismael\u00a0<i>El Mayo<\/i>\u00a0Zambada<\/a>\u00a0por el control del\u00a0<a href=\"https:\/\/elpais.com\/mexico\/2024-11-25\/el-cartel-de-sinaloa-impone-una-nueva-noche-de-violencia-y-panico-en-culiacan.html\" data-link-track-dtm=\"\" data-mrf-link=\"https:\/\/elpais.com\/mexico\/2024-11-25\/el-cartel-de-sinaloa-impone-una-nueva-noche-de-violencia-y-panico-en-culiacan.html\">Cartel de Sinaloa<\/a>. Los cuatro hermanos de padre, dos pr\u00f3fugos y dos entre rejas, cargan sobre sus espaldas el destino inmediato de uno de los imperios criminales m\u00e1s poderosos y temidos del mundo, que por annos han mantenido estrechas relaciones de corrupci\u00f3n con las autoridades y entes del gobierno para delinquir con impunidad.<\/p>\n<p class=\"\">Los hijos del segundo matrimonio de El Chapo est\u00e1n llamados a comparecer juntos por primera vez el pr\u00f3ximo martes desde que Joaqu\u00edn Guzm\u00e1n hijo, alias\u00a0<i>El G\u00fcero<\/i>, se entreg\u00f3 a las autoridades estadounidenses a finales de julio.\u00a0<a href=\"https:\/\/elpais.com\/mexico\/2024-07-25\/detenido-en-el-paso-ismael-mayo-zambada-el-narcotraficante-mexicano-que-no-habia-pisado-una-prision.html\" data-link-track-dtm=\"\" data-mrf-link=\"https:\/\/elpais.com\/mexico\/2024-07-25\/detenido-en-el-paso-ismael-mayo-zambada-el-narcotraficante-mexicano-que-no-habia-pisado-una-prision.html\">Su detenci\u00f3n estuvo envuelta de pol\u00e9mica<\/a>. El capo baj\u00f3 de una avioneta en un modesto aeropuerto rural de Nuevo M\u00e9xico y fue arrestado sin que se disparara una sola bala.<\/p>\n<p class=\"\">En el avi\u00f3n tambi\u00e9n se encontraba El Mayo, cofundador y jefe m\u00e1ximo del Cartel de Sinaloa, quien despu\u00e9s<a href=\"https:\/\/elpais.com\/mexico\/2024-07-30\/emboscada-traicion-y-contactos-secretos-con-estados-unidos-la-hipotesis-del-secuestro-toma-fuerza-en-el-caso-de-el-mayo-zambada.html\" data-link-track-dtm=\"\" data-mrf-link=\"https:\/\/elpais.com\/mexico\/2024-07-30\/emboscada-traicion-y-contactos-secretos-con-estados-unidos-la-hipotesis-del-secuestro-toma-fuerza-en-el-caso-de-el-mayo-zambada.html\">\u00a0acus\u00f3 al G\u00fcero, su ahijado, de secuestrarlo<\/a>\u00a0y llevarlo contra su voluntad a Estados Unidos. La venganza de Zambada era inminente, pero tard\u00f3 un mes y medio en llegar, pese a los llamados a la concordia del Gobierno mexicano, que acus\u00f3 a Washington de agitar el avispero para concretar la captura. En medio de acusaciones de traici\u00f3n y tensiones diplom\u00e1ticas,\u00a0<a href=\"https:\/\/elpais.com\/mexico\/2024-12-08\/la-narcoguerra-que-desangra-a-sinaloa.html\" data-link-track-dtm=\"\" data-mrf-link=\"https:\/\/elpais.com\/mexico\/2024-12-08\/la-narcoguerra-que-desangra-a-sinaloa.html\">el 9 de septiembre estall\u00f3 la guerra en Sinaloa<\/a>. Al menos 635 personas han sido asesinadas desde entonces, tan solo en ese Estado, seg\u00fan datos oficiales.<\/p>\n<p class=\"\">\u201cNo fue nuestro avi\u00f3n, ni nuestro piloto, ni nuestra gente\u201d, asegur\u00f3 Ken Salazar, el embajador estadounidense, al fijar la versi\u00f3n oficial de Estados Unidos sobre las capturas el pasado 9 de agosto. Apenas un d\u00eda despu\u00e9s, los abogados del Mayo publicaron una carta en la que el capo ofrec\u00eda una versi\u00f3n completamente distinta. Zambada dijo que Los Chapitos lo traicionaron tras citarlo para una reuni\u00f3n con\u00a0<a href=\"https:\/\/elpais.com\/mexico\/2024-10-21\/el-gobernador-rocha-se-deslinda-del-montaje-tras-el-asesinato-de-hector-cuen-no-me-corresponde-opinar.html\" data-link-track-dtm=\"\" data-mrf-link=\"https:\/\/elpais.com\/mexico\/2024-10-21\/el-gobernador-rocha-se-deslinda-del-montaje-tras-el-asesinato-de-hector-cuen-no-me-corresponde-opinar.html\">el gobernador de Sinaloa, Rub\u00e9n Rocha<\/a>, y\u00a0<a href=\"https:\/\/elpais.com\/mexico\/2024-10-20\/la-fiscalia-revela-que-hector-cuen-fue-asesinado-en-la-finca-donde-secuestraron-a-el-mayo-zambada.html\" data-link-track-dtm=\"\" data-mrf-link=\"https:\/\/elpais.com\/mexico\/2024-10-20\/la-fiscalia-revela-que-hector-cuen-fue-asesinado-en-la-finca-donde-secuestraron-a-el-mayo-zambada.html\">H\u00e9ctor Cu\u00e9n<\/a>, un influyente pol\u00edtico local que fue asesinado ese mismo 25 de julio. El gobernador Rocha, cuestionado por la crisis de seguridad en el Estado, ha negado haber estado presente en el encuentro y rechazado cualquier v\u00ednculo con el crimen organizado.<\/p>\n<p class=\"\">En un giro inesperado, la Fiscal\u00eda General de la Rep\u00fablica (FGR), que abri\u00f3 su propia investigaci\u00f3n para esclarecer lo sucedido ese d\u00eda en territorio mexicano, tom\u00f3 el relato del capo como su principal l\u00ednea de investigaci\u00f3n una semana despu\u00e9s. Para el 21 de agosto anunci\u00f3 cargos penales contra Joaqu\u00edn Guzm\u00e1n L\u00f3pez por el secuestro de Zambada y ocho d\u00edas despu\u00e9s dio a conocer que estaba investigando\u00a0<a href=\"https:\/\/elpais.com\/mexico\/2024-09-01\/donde-esta-ovidio-guzman-el-escandalo-de-el-mayo-arrastra-a-los-hijos-de-el-chapo.html\" data-link-track-dtm=\"\" data-mrf-link=\"https:\/\/elpais.com\/mexico\/2024-09-01\/donde-esta-ovidio-guzman-el-escandalo-de-el-mayo-arrastra-a-los-hijos-de-el-chapo.html\">la posible participaci\u00f3n de su hermano Ovidio Guzm\u00e1n, alias\u00a0<i>El Rat\u00f3n<\/i><\/a>, en la conspiraci\u00f3n para entregar al Mayo.<\/p>\n<p class=\"\">Ovidio Guzm\u00e1n fue detenido en enero de 2023, en el segundo intento del Gobierno mexicano por capturarlo, y fue extraditado a Estados Unidos en septiembre de ese a\u00f1o. Los Chapitos se enfrentan a una bater\u00eda de delitos de narcotr\u00e1fico, lavado de dinero y posesi\u00f3n ilegal de armas de fuego ante la Corte del Distrito Norte de Illinois, en Chicago. Desde la ca\u00edda de Zambada, ha circulado la hip\u00f3tesis de que Joaqu\u00edn Guzm\u00e1n tante\u00f3 la posibilidad de entregar al Mayo y colaborar con la justicia estadounidense para buscar beneficios en las causas criminales abiertas contra \u00e9l y su hermano. Con esas sospechas y aunque no lo mencion\u00f3 expl\u00edcitamente, la Fiscal\u00eda mexicana anunci\u00f3 que estaba indagando la posible participaci\u00f3n del Rat\u00f3n en la conspiraci\u00f3n para secuestrar al Mayo.<\/p>\n<p class=\"\">Los abogados de Los Chapitos han negado que est\u00e9 en pie esa negociaci\u00f3n y han descalificado las acusaciones por el secuestro del Mayo, pero reconocieron en octubre que sus clientes estaban considerando declararse culpables. Aunque el acuerdo de culpabilidad no implica necesariamente un pacto para convertirse en cooperantes y tener acceso a una pena reducida, s\u00ed hace m\u00e1s probable esa posibilidad. Pese a las versiones publicadas en los medios mexicanos y el cruce de declaraciones entre los equipos legales de ambas facciones del cartel, no hay ninguna confirmaci\u00f3n oficial de una negociaci\u00f3n. La pr\u00f3xima audiencia en Chicago, sin embargo, puede dar pistas de la estrategia judicial que seguir\u00e1n Ovidio y Joaqu\u00edn Guzm\u00e1n para salir lo mejor librados posible del sistema legal de Estados Unidos.<\/p>\n<p class=\"\">Al mismo tiempo, los abogados de Zambada no han descartado la posibilidad de cooperar o de que se declare culpable para evitar ir a juicio.\u00a0<a href=\"https:\/\/elpais.com\/mexico\/2024-10-18\/sonriente-cojeando-y-rodeado-de-fuertes-medidas-de-seguridad-ismael-el-mayo-zambada-comparece-en-nueva-york.html\" data-link-track-dtm=\"\" data-mrf-link=\"https:\/\/elpais.com\/mexico\/2024-10-18\/sonriente-cojeando-y-rodeado-de-fuertes-medidas-de-seguridad-ismael-el-mayo-zambada-comparece-en-nueva-york.html\">El Mayo enfrenta su proceso judicial en la Corte del Distrito Este de Nueva York,<\/a>\u00a0ante el mismo juez que conden\u00f3 al Chapo a cadena perpetua en 2019. Su pr\u00f3xima audiencia est\u00e1 programada para el 15 de enero. Cinco d\u00edas despu\u00e9s tomar\u00e1 posesi\u00f3n Donald Trump, que ha prometido endurecer el combate contra los carteles y designarlos como grupos terroristas, como presidente de Estados Unidos.<\/p>\n<p class=\"\">Al sur de la frontera,\u00a0<a href=\"https:\/\/elpais.com\/mexico\/2025-01-01\/la-muerte-en-culiacan-no-se-acaba-donde-creemos.html\" data-link-track-dtm=\"\" data-mrf-link=\"https:\/\/elpais.com\/mexico\/2025-01-01\/la-muerte-en-culiacan-no-se-acaba-donde-creemos.html\">Culiac\u00e1n<\/a>, el viejo basti\u00f3n de la organizaci\u00f3n criminal, se ha convertido en un campo de batalla y la mayor ruptura dentro del Cartel de Sinaloa en m\u00e1s de una d\u00e9cada no da visos de terminar. Los Mayos y Los Chapitos han sembrado el p\u00e1nico sobre la poblaci\u00f3n civil con decapitaciones, asesinatos, secuestros, bloqueos y narcomensajes para intimidar a sus rivales y a las autoridades. La presidenta, Claudia Sheinbaum, ha desplazado a\u00a0<a href=\"https:\/\/elpais.com\/mexico\/2024-12-19\/un-ataque-contra-policias-de-harfuch-en-sinaloa-deja-al-menos-un-muerto.html\" data-link-track-dtm=\"\" data-mrf-link=\"https:\/\/elpais.com\/mexico\/2024-12-19\/un-ataque-contra-policias-de-harfuch-en-sinaloa-deja-al-menos-un-muerto.html\">Omar Garc\u00eda Harfuch<\/a>, el secretario de Seguridad, para coordinar la estrategia de las fuerzas del orden sobre el terreno.<\/p>\n<p class=\"\">\u201cVa a durar lo que sea necesario\u201d, dijo Garc\u00eda Harfuch, tras su llegada a Sinaloa a inicios de diciembre, cuando le preguntaron cu\u00e1ndo va a acabar la violencia en la entidad. La fiscal y el secretario estatal de Seguridad presentaron sus renuncias tras el estallido del conflicto. En plena crisis, nada est\u00e1 escrito sobre el desenlace de la guerra y quienes viven en medio de ella.<\/p>\n<\/div>\n<div id=\"me-dis\" class=\"me _pf\">\n<div class=\"me_bg\">\n<div class=\"me-dis _pa _df\">\n<div class=\"me-dis_c\">\n<h2 class=\"me-dis_t\"><\/h2>\n<div class=\"me-dis_l\"><\/div>\n<p><span id=\"capping-arrow\" class=\"arrow\"><\/span><\/div>\n<\/div>\n<\/div>\n<\/div>\n","protected":false},"excerpt":{"rendered":"<p>&nbsp; &nbsp; &#8211; Ovidio y Joaqu\u00edn Guzm\u00e1n L\u00f3pez se preparan para una audiencia decisiva en Chicago el martes, mientras sus hermanos luchan por el control&hellip;<\/p>\n","protected":false},"author":99,"featured_media":526940,"comment_status":"open","ping_status":"open","sticky":false,"template":"","format":"standard","meta":{"footnotes":""},"categories":[23],"tags":[],"class_list":["post-526939","post","type-post","status-publish","format-standard","has-post-thumbnail","hentry","category-latinoamerica"],"_links":{"self":[{"href":"https:\/\/diarioelpopular.com\/index.php\/wp-json\/wp\/v2\/posts\/526939","targetHints":{"allow":["GET"]}}],"collection":[{"href":"https:\/\/diarioelpopular.com\/index.php\/wp-json\/wp\/v2\/posts"}],"about":[{"href":"https:\/\/diarioelpopular.com\/index.php\/wp-json\/wp\/v2\/types\/post"}],"author":[{"embeddable":true,"href":"https:\/\/diarioelpopular.com\/index.php\/wp-json\/wp\/v2\/users\/99"}],"replies":[{"embeddable":true,"href":"https:\/\/diarioelpopular.com\/index.php\/wp-json\/wp\/v2\/comments?post=526939"}],"version-history":[{"count":1,"href":"https:\/\/diarioelpopular.com\/index.php\/wp-json\/wp\/v2\/posts\/526939\/revisions"}],"predecessor-version":[{"id":526941,"href":"https:\/\/diarioelpopular.com\/index.php\/wp-json\/wp\/v2\/posts\/526939\/revisions\/526941"}],"wp:featuredmedia":[{"embeddable":true,"href":"https:\/\/diarioelpopular.com\/index.php\/wp-json\/wp\/v2\/media\/526940"}],"wp:attachment":[{"href":"https:\/\/diarioelpopular.com\/index.php\/wp-json\/wp\/v2\/media?parent=526939"}],"wp:term":[{"taxonomy":"category","embeddable":true,"href":"https:\/\/diarioelpopular.com\/index.php\/wp-json\/wp\/v2\/categories?post=526939"},{"taxonomy":"post_tag","embeddable":true,"href":"https:\/\/diarioelpopular.com\/index.php\/wp-json\/wp\/v2\/tags?post=526939"}],"curies":[{"name":"wp","href":"https:\/\/api.w.org\/{rel}","templated":true}]}}