{"id":526983,"date":"2025-01-06T09:15:07","date_gmt":"2025-01-06T13:15:07","guid":{"rendered":"https:\/\/diarioelpopular.com\/?p=526983"},"modified":"2025-01-06T09:15:07","modified_gmt":"2025-01-06T13:15:07","slug":"que-tienen-en-comun-las-elecciones-de-2025-en-america-latina-y-que-mensaje-pueden-enviarle-a-toda-la-region","status":"publish","type":"post","link":"https:\/\/diarioelpopular.com\/index.php\/2025\/01\/06\/que-tienen-en-comun-las-elecciones-de-2025-en-america-latina-y-que-mensaje-pueden-enviarle-a-toda-la-region\/","title":{"rendered":"Qu\u00e9 tienen en com\u00fan las elecciones de 2025 en Am\u00e9rica Latina (y qu\u00e9 mensaje pueden enviarle a toda la regi\u00f3n)"},"content":{"rendered":"<div id=\"attachment_526984\" style=\"width: 646px\" class=\"wp-caption alignnone\"><img loading=\"lazy\" decoding=\"async\" aria-describedby=\"caption-attachment-526984\" class=\"wp-image-526984 size-custom-full-size\" src=\"https:\/\/diarioelpopular.com\/wp-content\/uploads\/2025\/01\/Screen-Shot-2025-01-06-at-8.14.32-AM-636x359.png\" alt=\"\" width=\"636\" height=\"359\" srcset=\"https:\/\/diarioelpopular.com\/wp-content\/uploads\/2025\/01\/Screen-Shot-2025-01-06-at-8.14.32-AM-636x359.png 636w, https:\/\/diarioelpopular.com\/wp-content\/uploads\/2025\/01\/Screen-Shot-2025-01-06-at-8.14.32-AM-300x170.png 300w, https:\/\/diarioelpopular.com\/wp-content\/uploads\/2025\/01\/Screen-Shot-2025-01-06-at-8.14.32-AM-768x434.png 768w, https:\/\/diarioelpopular.com\/wp-content\/uploads\/2025\/01\/Screen-Shot-2025-01-06-at-8.14.32-AM-129x73.png 129w, https:\/\/diarioelpopular.com\/wp-content\/uploads\/2025\/01\/Screen-Shot-2025-01-06-at-8.14.32-AM.png 1024w\" sizes=\"auto, (max-width: 636px) 100vw, 636px\" \/><p id=\"caption-attachment-526984\" class=\"wp-caption-text\">Millones de latinoamericanos ser\u00e1n convocados a las urnas en 2025.<\/p><\/div>\n<p>&nbsp;<\/p>\n<div class=\"bbc-19j92fr ebmt73l0\" dir=\"ltr\">\n<ul>\n<li class=\"bbc-hhl7in e17g058b0\" dir=\"ltr\"><em><b>Am\u00e9rica Latina tiene diferentes elecciones presidenciales y legislativas previstas para este nuevo a\u00f1o, pero hay algo en com\u00fan entre todas ellas: juzgar\u00e1n a gobiernos elegidos para sortear crisis enormes.<\/b><\/em><\/li>\n<\/ul>\n<\/div>\n<div class=\"bbc-19j92fr ebmt73l0\" dir=\"ltr\">\n<p dir=\"ltr\">\n<p dir=\"ltr\">\n<p class=\"bbc-hhl7in e17g058b0\" dir=\"ltr\">Cinco pa\u00edses de la regi\u00f3n tienen fechas marcadas en el correr de 2025 para elegir mediante el voto popular a presidentes, renovar Congresos, o ambas cosas a la vez.<\/p>\n<\/div>\n<div class=\"bbc-19j92fr ebmt73l0\" dir=\"ltr\">\n<p class=\"bbc-hhl7in e17g058b0\" dir=\"ltr\">La cuesti\u00f3n que sobrevolar\u00e1 cada uno de esos comicios es cu\u00e1nto han mejorado esos pa\u00edses respecto a los graves problemas pol\u00edticos, econ\u00f3micos o de inseguridad que heredaron sus autoridades actuales.<\/p>\n<\/div>\n<div class=\"bbc-19j92fr ebmt73l0\" dir=\"ltr\">\n<p class=\"bbc-hhl7in e17g058b0\" dir=\"ltr\">Marta Lagos, directora de la encuesta regional Latinobar\u00f3metro, explica que en las elecciones actuales de Am\u00e9rica Latina &#8220;hay cero ideolog\u00eda&#8221; y la ciudadan\u00eda eval\u00faa &#8220;solamente el rendimiento&#8221; de sus gobernantes.<\/p>\n<\/div>\n<div class=\"bbc-19j92fr ebmt73l0\" dir=\"ltr\">\n<p class=\"bbc-hhl7in e17g058b0\" dir=\"ltr\">&#8220;La gente ya no espera, lo que hace la gente es exigir&#8221;, dice Lagos. &#8220;Si no le va bien, corta cabeza (al gobierno de turno) y para afuera&#8221;.<\/p>\n<\/div>\n<div class=\"bbc-19j92fr ebmt73l0\" dir=\"ltr\">\n<p class=\"bbc-hhl7in e17g058b0\" dir=\"ltr\">Pero, \u00bfqu\u00e9 exigen los votantes a gobiernos llamados a lidiar con situaciones extremas?<\/p>\n<\/div>\n<div class=\"bbc-19j92fr ebmt73l0\" dir=\"ltr\">\n<p class=\"bbc-hhl7in e17g058b0\" dir=\"ltr\">Quiz\u00e1s las elecciones del nuevo a\u00f1o en Latinoam\u00e9rica ayuden a descifrar esto y env\u00eden ese mensaje a toda la regi\u00f3n.<\/p>\n<\/div>\n<figure class=\"bbc-1qn0xuy\">\n<div class=\"bbc-18ywsw9\"><img loading=\"lazy\" decoding=\"async\" class=\"bbc-139onq\" src=\"https:\/\/ichef.bbci.co.uk\/ace\/ws\/640\/cpsprodpb\/788a\/live\/a723cf40-c6ef-11ef-87df-d575b9a434a4.png.webp\" sizes=\"auto, (min-width: 1008px) 760px, 100vw\" srcset=\"https:\/\/ichef.bbci.co.uk\/ace\/ws\/240\/cpsprodpb\/788a\/live\/a723cf40-c6ef-11ef-87df-d575b9a434a4.png.webp 240w, https:\/\/ichef.bbci.co.uk\/ace\/ws\/320\/cpsprodpb\/788a\/live\/a723cf40-c6ef-11ef-87df-d575b9a434a4.png.webp 320w, https:\/\/ichef.bbci.co.uk\/ace\/ws\/480\/cpsprodpb\/788a\/live\/a723cf40-c6ef-11ef-87df-d575b9a434a4.png.webp 480w, https:\/\/ichef.bbci.co.uk\/ace\/ws\/624\/cpsprodpb\/788a\/live\/a723cf40-c6ef-11ef-87df-d575b9a434a4.png.webp 624w, https:\/\/ichef.bbci.co.uk\/ace\/ws\/800\/cpsprodpb\/788a\/live\/a723cf40-c6ef-11ef-87df-d575b9a434a4.png.webp 800w\" alt=\"L\u00ednea gris\" width=\"800\" height=\"100\" \/><\/div>\n<\/figure>\n<div class=\"bbc-19j92fr ebmt73l0\" dir=\"ltr\">\n<h2 id=\"Calendario-de-elecciones-en-Am\u00e9rica-Latina-en-2025\" class=\"bbc-1lgzob2 eglt09e0\" tabindex=\"-1\">Calendario de elecciones en Am\u00e9rica Latina en 2025<\/h2>\n<\/div>\n<div class=\"etpldq00 bbc-oa9drk ebmt73l0\" dir=\"ltr\">\n<ul class=\"bbc-1lxq1jn\" role=\"list\">\n<li class=\"bbc-1maxgwy\" role=\"listitem\"><b>Ecuador<\/b>:<b>\u00a0<\/b>elecciones generales el 9 de febrero; eventual balotaje presidencial el 13 de abril.<\/li>\n<li class=\"bbc-1maxgwy\" role=\"listitem\"><b>Bolivia<\/b>: elecciones generales el 17 de agosto; eventual balotaje presidencial el 19 de octubre.<\/li>\n<li class=\"bbc-1maxgwy\" role=\"listitem\"><b>Argentina<\/b>: elecciones legislativas el 26 de octubre.<\/li>\n<li class=\"bbc-1maxgwy\" role=\"listitem\"><b>Chile<\/b>: elecciones generales el 16 de noviembre; eventual balotaje presidencial el 14 de diciembre.<\/li>\n<li class=\"bbc-1maxgwy\" role=\"listitem\"><b>Honduras<\/b>: elecciones generales el 30 de noviembre.<\/li>\n<\/ul>\n<\/div>\n<figure class=\"bbc-1qn0xuy\">\n<div class=\"bbc-18ywsw9\"><img loading=\"lazy\" decoding=\"async\" class=\"bbc-139onq\" src=\"https:\/\/ichef.bbci.co.uk\/ace\/ws\/640\/cpsprodpb\/e3d7\/live\/e0b49870-c6ef-11ef-87df-d575b9a434a4.png.webp\" sizes=\"auto, (min-width: 1008px) 760px, 100vw\" srcset=\"https:\/\/ichef.bbci.co.uk\/ace\/ws\/240\/cpsprodpb\/e3d7\/live\/e0b49870-c6ef-11ef-87df-d575b9a434a4.png.webp 240w, https:\/\/ichef.bbci.co.uk\/ace\/ws\/320\/cpsprodpb\/e3d7\/live\/e0b49870-c6ef-11ef-87df-d575b9a434a4.png.webp 320w, https:\/\/ichef.bbci.co.uk\/ace\/ws\/480\/cpsprodpb\/e3d7\/live\/e0b49870-c6ef-11ef-87df-d575b9a434a4.png.webp 480w, https:\/\/ichef.bbci.co.uk\/ace\/ws\/624\/cpsprodpb\/e3d7\/live\/e0b49870-c6ef-11ef-87df-d575b9a434a4.png.webp 624w, https:\/\/ichef.bbci.co.uk\/ace\/ws\/800\/cpsprodpb\/e3d7\/live\/e0b49870-c6ef-11ef-87df-d575b9a434a4.png.webp 800w\" alt=\"L\u00ednea gris\" width=\"800\" height=\"100\" \/><\/div>\n<\/figure>\n<div class=\"bbc-19j92fr ebmt73l0\" dir=\"ltr\">\n<h2 id=\"Presidentes-reelectos\" class=\"bbc-1lgzob2 eglt09e0\" tabindex=\"-1\">\u00bfPresidentes reelectos?<\/h2>\n<\/div>\n<div class=\"bbc-19j92fr ebmt73l0\" dir=\"ltr\">\n<p class=\"bbc-hhl7in e17g058b0\" dir=\"ltr\">El ciclo electoral latinoamericano de 2025 comienza el 9 de febrero, con la primera vuelta prevista de los comicios presidenciales y legislativos en\u00a0Ecuador.<\/p>\n<\/div>\n<div class=\"bbc-19j92fr ebmt73l0\" dir=\"ltr\">\n<p class=\"bbc-hhl7in e17g058b0\" dir=\"ltr\">El actual presidente,\u00a0Daniel Noboa, buscar\u00e1 extender por cuatro a\u00f1os el corto mandato que logr\u00f3 en 2023 para completar el per\u00edodo que correspond\u00eda a Guillermo Lasso, quien llam\u00f3 a elecciones anticipadas cuando enfrentaba un juicio pol\u00edtico por presunta corrupci\u00f3n.<\/p>\n<\/div>\n<div class=\"bbc-19j92fr ebmt73l0\" dir=\"ltr\">\n<p class=\"bbc-hhl7in e17g058b0\" dir=\"ltr\">El mete\u00f3rico ascenso al poder de Noboa ocurri\u00f3 en medio de una crisis de violencia en Ecuador, con cifras de homicidios que se dispararon por la acci\u00f3n de bandas criminales y la frecuente complicidad policial.<\/p>\n<p dir=\"ltr\">\n<\/div>\n<figure class=\"bbc-1qn0xuy\">\n<div class=\"bbc-18ywsw9\">\n<div style=\"width: 1034px\" class=\"wp-caption alignnone\"><img loading=\"lazy\" decoding=\"async\" class=\"bbc-139onq\" src=\"https:\/\/ichef.bbci.co.uk\/ace\/ws\/640\/cpsprodpb\/e27a\/live\/d48e2f80-c941-11ef-acfd-b54d2ddc1e9f.jpg.webp\" alt=\"La inseguridad, los preblemas energ\u00e9ticos y una econom\u00eda estancada aparecen como temas decisivos en las elecciones de Ecuador, en las que el actual presidente, Daniel Noboa, buscar\u00e1 la reelecci\u00f3n.\" width=\"1024\" height=\"576\" \/><p class=\"wp-caption-text\">Fuente de la imagen,Getty Images.\u00a0\u00a0La inseguridad, los preblemas energ\u00e9ticos y una econom\u00eda estancada aparecen como temas decisivos en las elecciones de Ecuador, en las que el actual presidente, Daniel Noboa, buscar\u00e1 la reelecci\u00f3n, usando cuantas artima\u00f1as encuentre.<\/p><\/div>\n<\/div>\n<\/figure>\n<div class=\"bbc-19j92fr ebmt73l0\" dir=\"ltr\">\n<p dir=\"ltr\">\n<p dir=\"ltr\">\n<p class=\"bbc-hhl7in e17g058b0\" dir=\"ltr\">Noboa declar\u00f3 un &#8220;conflicto armado interno&#8221;, llam\u00f3 a los militares a tareas de seguridad y ahora ser\u00e1 evaluado seg\u00fan c\u00f3mo haya cumplido su promesa de devolver la paz a la sociedad con pol\u00edticas de &#8220;mano dura&#8221; contra el crimen.<\/p>\n<\/div>\n<div class=\"bbc-19j92fr ebmt73l0\" dir=\"ltr\">\n<p class=\"bbc-hhl7in e17g058b0\" dir=\"ltr\">La desaparici\u00f3n forzada por parte de militares y posterior muerte de cuatro ni\u00f1os, cuyos cuerpos fueron incinerados y por la que 16 militares est\u00e1n siendo investigados, es un fuerte cuestionamiento al poder dado por el gobierno a los militares.<\/p>\n<\/div>\n<div class=\"bbc-19j92fr ebmt73l0\" dir=\"ltr\">\n<p class=\"bbc-hhl7in e17g058b0\" dir=\"ltr\">Pero en estas elecciones hay otros 15 candidatos registrados, incluida\u00a0Luisa Gonz\u00e1lez, quien ya enfrent\u00f3 a Noboa en 2023 como abanderada de la izquierda del expresidente y corrupto Rafael Correa, y en el resultado tambi\u00e9n pueden influir los problemas econ\u00f3micos y energ\u00e9ticos que padece Ecuador.<\/p>\n<\/div>\n<div class=\"bbc-19j92fr ebmt73l0\" dir=\"ltr\">\n<p class=\"bbc-hhl7in e17g058b0\" dir=\"ltr\">En caso de ser necesaria una segunda vuelta, se celebrar\u00eda el 13 de abril.<\/p>\n<p dir=\"ltr\">\n<\/div>\n<figure class=\"bbc-1qn0xuy\">\n<div class=\"bbc-18ywsw9\">\n<div style=\"width: 1010px\" class=\"wp-caption alignnone\"><img loading=\"lazy\" decoding=\"async\" class=\"bbc-139onq\" src=\"https:\/\/ichef.bbci.co.uk\/ace\/ws\/640\/cpsprodpb\/90ad\/live\/8c73ef00-c941-11ef-acfd-b54d2ddc1e9f.jpg.webp\" alt=\"Luis Arce\" width=\"1000\" height=\"562\" \/><p class=\"wp-caption-text\">Fuente de la imagen,Getty Images.\u00a0\u00a0A\u00fan no est\u00e1 definido si Luis Arce buscar\u00e1 la reelecci\u00f3n en Bolivia.<\/p><\/div>\n<\/div>\n<\/figure>\n<div class=\"bbc-19j92fr ebmt73l0\" dir=\"ltr\">\n<p dir=\"ltr\">\n<p dir=\"ltr\">\n<p class=\"bbc-hhl7in e17g058b0\" dir=\"ltr\">Bolivia, por su lado, tiene elecciones generales previstas para el\u00a017 de agosto. Se espera que el actual presidente,\u00a0Luis Arce, busque su reelecci\u00f3n, aunque \u00e9l ha evitado hasta ahora definir si se postular\u00e1.<\/p>\n<\/div>\n<div class=\"bbc-19j92fr ebmt73l0\" dir=\"ltr\">\n<p class=\"bbc-hhl7in e17g058b0\" dir=\"ltr\">Arce fue electo en 2020 para resolver la crisis democr\u00e1tica que estall\u00f3 en Bolivia un a\u00f1o antes, cuando el presidente\u00a0Evo Morales\u00a0buscaba otro mandato, surgieron acusaciones de irregularidades en la votaci\u00f3n y renunci\u00f3 denunciando un intento de golpe de Estado.<\/p>\n<\/div>\n<div class=\"bbc-19j92fr ebmt73l0\" dir=\"ltr\">\n<p class=\"bbc-hhl7in e17g058b0\" dir=\"ltr\">Bolivia a\u00fan procura la plena normalidad, entre momentos recientes de tensi\u00f3n como el levantamiento militar de junio, que seg\u00fan Arce buscaba derrocarlo, y una crisis econ\u00f3mica agravada por la falta de d\u00f3lares.<\/p>\n<\/div>\n<div class=\"bbc-19j92fr ebmt73l0\" dir=\"ltr\">\n<p class=\"bbc-hhl7in e17g058b0\" dir=\"ltr\">Mientras el gobernante Movimiento al Socialismo est\u00e1 dividido por una feroz disputa interna entre Arce y Morales, la oposici\u00f3n intentar\u00e1 ir unida a las urnas tras un acuerdo entre los expresidentes Carlos Mesa y Jorge Quiroga, otros pol\u00edticos y empresarios.<\/p>\n<\/div>\n<div class=\"bbc-19j92fr ebmt73l0\" dir=\"ltr\">\n<p class=\"bbc-hhl7in e17g058b0\" dir=\"ltr\">Una eventual segunda vuelta en Bolivia se realizar\u00eda el 19 de octubre.<\/p>\n<\/div>\n<div class=\"bbc-19j92fr ebmt73l0\" dir=\"ltr\">\n<h2 id=\"Gigantesca-frustraci\u00f3n\" class=\"bbc-1lgzob2 eglt09e0\" tabindex=\"-1\">&#8220;Gigantesca frustraci\u00f3n&#8221;<\/h2>\n<\/div>\n<div class=\"bbc-19j92fr ebmt73l0\" dir=\"ltr\">\n<p class=\"bbc-hhl7in e17g058b0\" dir=\"ltr\">Chile tambi\u00e9n prev\u00e9 celebrar elecciones presidenciales y legislativas este a\u00f1o, con una primera vuelta el 16 de noviembre y un eventual balotaje presidencial el 14 de diciembre.<\/p>\n<\/div>\n<div class=\"bbc-19j92fr ebmt73l0\" dir=\"ltr\">\n<p class=\"bbc-hhl7in e17g058b0\" dir=\"ltr\">El actual presidente,\u00a0Gabriel Boric, fue elegido en 2021 despu\u00e9s del estallido social chileno. Y, si bien la Constituci\u00f3n le impide ser reelecto, su coalici\u00f3n de izquierda Frente Amplio ser\u00e1 evaluada por lo que hizo en el gobierno.<\/p>\n<\/div>\n<div class=\"bbc-19j92fr ebmt73l0\" dir=\"ltr\">\n<p class=\"bbc-hhl7in e17g058b0\" dir=\"ltr\">Sin candidatos definidos a\u00fan, en las encuestas de intenci\u00f3n de voto espont\u00e1nea asoman nombres como el de la exalcaldesa derechista Evelyn Matthei, la expresidenta socialista Michelle Bachelet, o el excandidato de derecha radical Jos\u00e9 Antonio Kast, aunque ninguno como claro favorito.<\/p>\n<p dir=\"ltr\">\n<\/div>\n<figure class=\"bbc-1qn0xuy\">\n<div class=\"bbc-18ywsw9\">\n<div style=\"width: 3847px\" class=\"wp-caption alignnone\"><img loading=\"lazy\" decoding=\"async\" class=\"bbc-139onq\" src=\"https:\/\/ichef.bbci.co.uk\/ace\/ws\/640\/cpsprodpb\/53f6\/live\/bc6b5ff0-c6f7-11ef-87df-d575b9a434a4.jpg.webp\" alt=\"Gabriel Boric con la banda presidencial de Chile\" width=\"3837\" height=\"2558\" \/><p class=\"wp-caption-text\">Fuente de la imagen,Getty Images.\u00a0\u00a0Chile debe elegir este a\u00f1o al sucesor de Gabriel Boric, el presidente que lleg\u00f3 al poder tras el estallido social de 2019.<\/p><\/div>\n<\/div>\n<\/figure>\n<div class=\"bbc-19j92fr ebmt73l0\" dir=\"ltr\">\n<p dir=\"ltr\">\n<p dir=\"ltr\">\n<p class=\"bbc-hhl7in e17g058b0\" dir=\"ltr\">Lagos, la directora de Latinobar\u00f3metro y basada en Chile, explica que en el pa\u00eds hay liderazgos pol\u00edticos &#8220;mucho m\u00e1s d\u00e9biles que antes&#8221; y &#8220;una gigantesca frustraci\u00f3n de la gente por lo que no se ha hecho&#8221;.<\/p>\n<\/div>\n<div class=\"bbc-19j92fr ebmt73l0\" dir=\"ltr\">\n<p class=\"bbc-hhl7in e17g058b0\" dir=\"ltr\">&#8220;Existe la sensaci\u00f3n de que tanto la derecha, que gobern\u00f3 durante el estallido, como la izquierda, que ha gobernado despu\u00e9s, no han podido responder a las demandas del estallido: no est\u00e1n solucionados los problemas de salud, educaci\u00f3n, pensiones y no ha habido reforma tributaria&#8221;, se\u00f1ala.<\/p>\n<\/div>\n<div class=\"bbc-19j92fr ebmt73l0\" dir=\"ltr\">\n<p class=\"bbc-hhl7in e17g058b0\" dir=\"ltr\">El 30 noviembre deben realizarse adem\u00e1s elecciones generales en\u00a0Honduras, donde la actual presidenta,\u00a0Xiomara Castro, fue electa en 2021 en medio de una crisis de corrupci\u00f3n y narcotr\u00e1fico que deriv\u00f3 en la extradici\u00f3n y condena en Estados Unidos de su antecesor,\u00a0Juan Orlando Hern\u00e1ndez.<\/p>\n<\/div>\n<div class=\"bbc-19j92fr ebmt73l0\" dir=\"ltr\">\n<p class=\"bbc-hhl7in e17g058b0\" dir=\"ltr\">Con Castro impedida por la Constituci\u00f3n para buscar otro mandato y tras un reciente esc\u00e1ndalo por la difusi\u00f3n de un video que mostraba a su cu\u00f1ado reunido con poderosos narcos, hay varios aspirantes a sucederla en el oficialismo y la oposici\u00f3n.<\/p>\n<\/div>\n<div class=\"bbc-19j92fr ebmt73l0\" dir=\"ltr\">\n<p class=\"bbc-hhl7in e17g058b0\" dir=\"ltr\">Est\u00e1 previsto que los partidos hondure\u00f1os elijan a sus candidatos en votaciones primarias en marzo.<\/p>\n<\/div>\n<div class=\"bbc-19j92fr ebmt73l0\" dir=\"ltr\">\n<h2 id=\"Especie-de-refer\u00e9ndum\" class=\"bbc-1lgzob2 eglt09e0\" tabindex=\"-1\">&#8220;Especie de refer\u00e9ndum&#8221;<\/h2>\n<\/div>\n<div class=\"bbc-19j92fr ebmt73l0\" dir=\"ltr\">\n<p class=\"bbc-hhl7in e17g058b0\" dir=\"ltr\">El calendario de 2025 marca adem\u00e1s elecciones legislativas en\u00a0Argentina\u00a0el 26 de octubre para renovar la mitad de la c\u00e1mara de Diputados y un tercio del Senado.<\/p>\n<\/div>\n<div class=\"bbc-19j92fr ebmt73l0\" dir=\"ltr\">\n<p class=\"bbc-hhl7in e17g058b0\" dir=\"ltr\">Estos comicios ser\u00e1n &#8220;una especie de refer\u00e9ndum&#8221; sobre la gesti\u00f3n del presidente ultraliberal\u00a0Javier Milei\u00a0ante la grave crisis econ\u00f3mica con que asumi\u00f3 en diciembre de 2023, dice el analista pol\u00edtico argentino Orlando D&#8217;Adamo.<\/p>\n<\/div>\n<div class=\"bbc-19j92fr ebmt73l0\" dir=\"ltr\">\n<p class=\"bbc-hhl7in e17g058b0\" dir=\"ltr\">Pero advierte que el voto ser\u00e1 &#8220;m\u00e1s simb\u00f3lico que cuantitativo&#8221;, porque las bancas a renovarse en el Congreso son insuficientes para que Milei logre mayor\u00edas propias y &#8220;va a seguir dependiendo de alianzas circunstanciales con otras fuerzas pol\u00edticas&#8221; para aprobar sus reformas.<\/p>\n<p dir=\"ltr\">\n<\/div>\n<figure class=\"bbc-1qn0xuy\">\n<div class=\"bbc-18ywsw9\">\n<div style=\"width: 1034px\" class=\"wp-caption alignnone\"><img loading=\"lazy\" decoding=\"async\" class=\"bbc-139onq\" src=\"https:\/\/ichef.bbci.co.uk\/ace\/ws\/640\/cpsprodpb\/16d4\/live\/3868aa70-c943-11ef-bf11-c75ee1379fc9.jpg.webp\" alt=\"Javier Milei\" width=\"1024\" height=\"576\" \/><p class=\"wp-caption-text\">Fuente de la imagen,Getty Images.\u00a0\u00a0Los argentinos votar\u00e1n en las legislativas de este a\u00f1o en funci\u00f3n de c\u00f3mo perciban que evoluciona la crisis econ\u00f3mica del pa\u00eds, dicen analistas.<\/p><\/div>\n<\/div>\n<\/figure>\n<div class=\"bbc-19j92fr ebmt73l0\" dir=\"ltr\">\n<p dir=\"ltr\">\n<p dir=\"ltr\">\n<p class=\"bbc-hhl7in e17g058b0\" dir=\"ltr\">Tambi\u00e9n deber\u00edan realizarse este a\u00f1o elecciones parlamentarias y regionales en\u00a0Venezuela.<\/p>\n<\/div>\n<div class=\"bbc-19j92fr ebmt73l0\" dir=\"ltr\">\n<p class=\"bbc-hhl7in e17g058b0\" dir=\"ltr\">Pero a\u00fan no hay fecha para eso y la oposici\u00f3n venezolana tendr\u00eda que decidir si participa luego de denunciar fraude en las presidenciales de julio, cuando el mandatario\u00a0Nicol\u00e1s Maduro\u00a0fue declarado ganador sin publicar las actas de votaci\u00f3n.<\/p>\n<\/div>\n<div class=\"bbc-19j92fr ebmt73l0\" dir=\"ltr\">\n<p class=\"bbc-hhl7in e17g058b0\" dir=\"ltr\">Con el triunfo claro del oficialismo en las elecciones de M\u00e9xico, El Salvador y Rep\u00fablica Dominicana, el a\u00f1o pasado se detuvo en Am\u00e9rica Latina la tendencia firme de a\u00f1os anteriores en las que casi siempre los opositores venc\u00edan en las urnas.<\/p>\n<\/div>\n<div class=\"bbc-19j92fr ebmt73l0\" dir=\"ltr\">\n<p class=\"bbc-hhl7in e17g058b0\" dir=\"ltr\">Por otro lado, la encuesta Latinobar\u00f3metro 2024 divulgada d\u00edas atr\u00e1s indic\u00f3 que una mayor\u00eda de 52% de los latinoamericanos (sin incluir Nicaragua) apoya la democracia, cuatro puntos m\u00e1s que el a\u00f1o anterior, la suba m\u00e1s acentuada de este \u00edndice en 14 a\u00f1os.<\/p>\n<\/div>\n<div class=\"bbc-19j92fr ebmt73l0\" dir=\"ltr\">\n<p class=\"bbc-hhl7in e17g058b0\" dir=\"ltr\">El informe tambi\u00e9n concluy\u00f3 que en los pa\u00edses de la regi\u00f3n &#8220;aumenta la satisfacci\u00f3n con la democracia respecto de 2023, salvo Honduras (18%), que pierde dos puntos porcentuales, y Bolivia (10%), con doce puntos porcentuales de retroceso. Bolivia aparece como el pa\u00eds m\u00e1s cr\u00edtico respecto de la democracia en 2024&#8221;.<\/p>\n<\/div>\n<div class=\"bbc-19j92fr ebmt73l0\" dir=\"ltr\">\n<p class=\"bbc-hhl7in e17g058b0\" dir=\"ltr\">Y precis\u00f3 que en Am\u00e9rica Latina &#8220;hay m\u00e1s dem\u00f3cratas entre los que aprueban al gobierno de turno (56%), que entre quienes lo desaprueban (48%)&#8221;.<\/p>\n<\/div>\n<div class=\"bbc-19j92fr ebmt73l0\" dir=\"ltr\">\n<p class=\"bbc-hhl7in e17g058b0\" dir=\"ltr\">La cuesti\u00f3n ahora es c\u00f3mo se reflejar\u00e1 todo esto en las elecciones del a\u00f1o nuevo en pa\u00edses de la regi\u00f3n signados por colosales crisis recientes.<\/p>\n<\/div>\n<p>&nbsp;<\/p>\n<p>&nbsp;<\/p>\n","protected":false},"excerpt":{"rendered":"<p>&nbsp; Am\u00e9rica Latina tiene diferentes elecciones presidenciales y legislativas previstas para este nuevo a\u00f1o, pero hay algo en com\u00fan entre todas ellas: juzgar\u00e1n a gobiernos&hellip;<\/p>\n","protected":false},"author":99,"featured_media":526984,"comment_status":"open","ping_status":"open","sticky":false,"template":"","format":"standard","meta":{"footnotes":""},"categories":[23],"tags":[],"class_list":["post-526983","post","type-post","status-publish","format-standard","has-post-thumbnail","hentry","category-latinoamerica"],"_links":{"self":[{"href":"https:\/\/diarioelpopular.com\/index.php\/wp-json\/wp\/v2\/posts\/526983","targetHints":{"allow":["GET"]}}],"collection":[{"href":"https:\/\/diarioelpopular.com\/index.php\/wp-json\/wp\/v2\/posts"}],"about":[{"href":"https:\/\/diarioelpopular.com\/index.php\/wp-json\/wp\/v2\/types\/post"}],"author":[{"embeddable":true,"href":"https:\/\/diarioelpopular.com\/index.php\/wp-json\/wp\/v2\/users\/99"}],"replies":[{"embeddable":true,"href":"https:\/\/diarioelpopular.com\/index.php\/wp-json\/wp\/v2\/comments?post=526983"}],"version-history":[{"count":1,"href":"https:\/\/diarioelpopular.com\/index.php\/wp-json\/wp\/v2\/posts\/526983\/revisions"}],"predecessor-version":[{"id":526985,"href":"https:\/\/diarioelpopular.com\/index.php\/wp-json\/wp\/v2\/posts\/526983\/revisions\/526985"}],"wp:featuredmedia":[{"embeddable":true,"href":"https:\/\/diarioelpopular.com\/index.php\/wp-json\/wp\/v2\/media\/526984"}],"wp:attachment":[{"href":"https:\/\/diarioelpopular.com\/index.php\/wp-json\/wp\/v2\/media?parent=526983"}],"wp:term":[{"taxonomy":"category","embeddable":true,"href":"https:\/\/diarioelpopular.com\/index.php\/wp-json\/wp\/v2\/categories?post=526983"},{"taxonomy":"post_tag","embeddable":true,"href":"https:\/\/diarioelpopular.com\/index.php\/wp-json\/wp\/v2\/tags?post=526983"}],"curies":[{"name":"wp","href":"https:\/\/api.w.org\/{rel}","templated":true}]}}