{"id":527030,"date":"2025-01-07T11:23:35","date_gmt":"2025-01-07T15:23:35","guid":{"rendered":"https:\/\/diarioelpopular.com\/?p=527030"},"modified":"2025-01-07T11:23:35","modified_gmt":"2025-01-07T15:23:35","slug":"la-comision-interamericana-de-derechos-humanos-concluye-que-la-reeleccion-de-maduro-no-tiene-legitimidad-democratica","status":"publish","type":"post","link":"https:\/\/diarioelpopular.com\/index.php\/2025\/01\/07\/la-comision-interamericana-de-derechos-humanos-concluye-que-la-reeleccion-de-maduro-no-tiene-legitimidad-democratica\/","title":{"rendered":"La Comisi\u00f3n Interamericana de Derechos Humanos concluye que la reelecci\u00f3n de Maduro no tiene \u201clegitimidad democr\u00e1tica\u201d"},"content":{"rendered":"<div id=\"attachment_527031\" style=\"width: 646px\" class=\"wp-caption alignnone\"><img loading=\"lazy\" decoding=\"async\" aria-describedby=\"caption-attachment-527031\" class=\"wp-image-527031 size-custom-full-size\" src=\"https:\/\/diarioelpopular.com\/wp-content\/uploads\/2025\/01\/Screen-Shot-2025-01-07-at-10.22.53-AM-636x437.png\" alt=\"\" width=\"636\" height=\"437\" srcset=\"https:\/\/diarioelpopular.com\/wp-content\/uploads\/2025\/01\/Screen-Shot-2025-01-07-at-10.22.53-AM-636x437.png 636w, https:\/\/diarioelpopular.com\/wp-content\/uploads\/2025\/01\/Screen-Shot-2025-01-07-at-10.22.53-AM-300x206.png 300w, https:\/\/diarioelpopular.com\/wp-content\/uploads\/2025\/01\/Screen-Shot-2025-01-07-at-10.22.53-AM-768x528.png 768w, https:\/\/diarioelpopular.com\/wp-content\/uploads\/2025\/01\/Screen-Shot-2025-01-07-at-10.22.53-AM-1200x825.png 1200w, https:\/\/diarioelpopular.com\/wp-content\/uploads\/2025\/01\/Screen-Shot-2025-01-07-at-10.22.53-AM-80x55.png 80w, https:\/\/diarioelpopular.com\/wp-content\/uploads\/2025\/01\/Screen-Shot-2025-01-07-at-10.22.53-AM-106x73.png 106w, https:\/\/diarioelpopular.com\/wp-content\/uploads\/2025\/01\/Screen-Shot-2025-01-07-at-10.22.53-AM.png 1024w\" sizes=\"auto, (max-width: 636px) 100vw, 636px\" \/><p id=\"caption-attachment-527031\" class=\"wp-caption-text\">Nicol\u00e1s Maduro, en Caracas, Venezuela, el 17 de agosto de 2024. Alfredo Lasry (Getty Images)<\/p><\/div>\n<p>&nbsp;<\/p>\n<h4 class=\"a_st\"><em>&#8211; El organismo de la OEA se\u00f1ala que la represi\u00f3n postelectoral del chavismo incluy\u00f3 pr\u00e1cticas de terrorismo de Estado dirigidas a infundir terror en la ciudadan\u00eda y silenciar voces disidentes<\/em><\/h4>\n<p>&nbsp;<\/p>\n<p>&nbsp;<\/p>\n<p class=\"\">El pr\u00f3ximo viernes 10 de enero, en medio de enormes tensiones pol\u00edticas, Nicol\u00e1s Maduro planea jurar para un tercer mandato sin que los resultados anunciados por el Consejo Nacional Electoral hayan sido publicados.<\/p>\n<p class=\"\">La p\u00e1gina web del organismo, casi seis meses despu\u00e9s de haberse realizado los comicios, sigue sin funcionar, supuestamente producto de un ataque inform\u00e1tico. Por esta opacidad que ha cubierto\u00a0<a href=\"https:\/\/elpais.com\/america\/2024-10-05\/resultados-de-las-elecciones-en-venezuela-2024-en-vivo.html\" data-link-track-dtm=\"\" data-mrf-link=\"https:\/\/elpais.com\/america\/2024-10-05\/resultados-de-las-elecciones-en-venezuela-2024-en-vivo.html\">las elecciones del pasado 28 de julio<\/a>\u00a0y, en general, por las violaciones de derechos humanos registradas durante el proceso, la Comisi\u00f3n Interamericana de Derechos Humanos de la Organizaci\u00f3n de Estados Americanos (CIDH), ha se\u00f1alado que no puede considerarse que \u201cla reelecci\u00f3n de Maduro goza de legitimidad democr\u00e1tica\u201d, seg\u00fan recoge un informe difundido este martes.<\/p>\n<p class=\"\">El documento resalta que las pr\u00e1cticas de represi\u00f3n sobre m\u00e1s de 300 manifestaciones surgidas a ra\u00edz de la opacidad electoral y las denuncias de fraude, constituyen terrorismo de Estado. \u201c<a href=\"https:\/\/elpais.com\/opinion\/2024-08-28\/tension-y-terror-en-venezuela.html\" data-link-track-dtm=\"\" data-mrf-link=\"https:\/\/elpais.com\/opinion\/2024-08-28\/tension-y-terror-en-venezuela.html\">La represi\u00f3n del Estado<\/a>\u00a0incluy\u00f3 pr\u00e1cticas de terrorismo de Estado dirigidas especialmente a infundir terror en la ciudadan\u00eda y silenciar voces disidentes. Entre las violaciones documentadas est\u00e1n: ejecuciones extrajudiciales, desapariciones forzadas de corta duraci\u00f3n, detenciones arbitrarias, torturas y otros tratos crueles inhumanos y degradantes, cancelaci\u00f3n de pasaportes, muertes violentas, y un sinf\u00edn de violaciones a las garant\u00edas judiciales y a la libertad de expresi\u00f3n\u201d, enumera la CIDH que pide formalmente en este informe al Estado venezolano visitar el pa\u00eds para constatar la situaci\u00f3n y el cumplimiento de una serie de recomendaciones.<\/p>\n<p class=\"\">De acuerdo con la CIDH, el Gobierno de Venezuela \u201cejecut\u00f3 una estrategia muy bien planificada dirigida a impedir la participaci\u00f3n pol\u00edtica de la oposici\u00f3n, obstaculizar el desarrollo de una contienda libre, justa y competitiva, y reprimir las protestas sociales provocadas por la opacidad electoral y las denuncias de fraude\u201d. Esto llev\u00f3 a \u201cproclamar ganador a Nicol\u00e1s Maduro\u00a0<a href=\"https:\/\/elpais.com\/america\/2024-08-22\/el-supremo-de-venezuela-convalida-la-victoria-de-maduro-entre-criticas-por-su-falta-de-independencia.html\" data-link-track-dtm=\"\" data-mrf-link=\"https:\/\/elpais.com\/america\/2024-08-22\/el-supremo-de-venezuela-convalida-la-victoria-de-maduro-entre-criticas-por-su-falta-de-independencia.html\">sin ning\u00fan tipo de transparencia<\/a>\u201d.<\/p>\n<p class=\"\">El informe recuerda que el CNE suspendi\u00f3 las auditor\u00edas posteriores al proceso electoral y se ha negado, hasta el momento, a publicar las actas de votaci\u00f3n que respaldan los resultados anunciados. \u201cAnticipando un fraude electoral, la oposici\u00f3n recopil\u00f3 m\u00e1s del 80% de las actas digitalizadas a nivel nacional, con el objetivo de asegurar transparencia y credibilidad de los resultados de la contienda. La totalizaci\u00f3n de los votos contenidos en estas actas dar\u00eda la victoria al candidato opositor Edmundo Gonz\u00e1lez Urrutia, con un 67% de los sufragios\u201d, recoge el informe sobre la estrategia opositora.<\/p>\n<p class=\"\">Estas denuncias se suman a las ya presentadas por el Centro Carter y el Panel de Expertos de las Naciones Unidas, que participaron como observadores del proceso dentro del pa\u00eds y\u00a0<a href=\"https:\/\/elpais.com\/america\/2024-07-31\/el-centro-carter-concluye-que-las-elecciones-presidenciales-de-venezuela-no-pueden-considerarse-democraticas.html\" data-link-track-dtm=\"\" data-mrf-link=\"https:\/\/elpais.com\/america\/2024-07-31\/el-centro-carter-concluye-que-las-elecciones-presidenciales-de-venezuela-no-pueden-considerarse-democraticas.html\">concluyeron que las elecciones no pod\u00edan considerarse democr\u00e1ticas<\/a>, y a las de la Misi\u00f3n de Determinaci\u00f3n de Hechos de las Naciones Unidas, que alert\u00f3 sobre la reactivaci\u00f3n, con m\u00e1s fuerza, de la maquinaria represiva del chavismo luego de las elecciones.<\/p>\n<p class=\"\">La tensi\u00f3n est\u00e1 a m\u00e1ximo nivel esta semana en Venezuela. El opositor Edmundo Gonz\u00e1lez ha empezado\u00a0<a href=\"https:\/\/elpais.com\/america\/2025-01-04\/edmundo-gonzalez-inicia-una-gira-por-latinoamerica-para-boicotear-la-toma-de-posesion-de-maduro.html\" data-link-track-dtm=\"\" data-mrf-link=\"https:\/\/elpais.com\/america\/2025-01-04\/edmundo-gonzalez-inicia-una-gira-por-latinoamerica-para-boicotear-la-toma-de-posesion-de-maduro.html\">una gira por Am\u00e9rica Latina<\/a>, y este mismo martes contin\u00faa en Washington donde ha estado con el presidente Joe Biden. La intenci\u00f3n del dirigente es regresar al pa\u00eds para hacer valer el escrutinio que recogen 80% de las copias de las actas oficiales que sus testigos recogieron el d\u00eda de la elecci\u00f3n y en las que se da ganador. Tambi\u00e9n ha dicho que planea reencontrarse con los venezolanos que votaron por \u00e9l, luego de haberse ido al exilio en Espa\u00f1a en septiembre por las amenazas de c\u00e1rcel que siguen vigentes.<\/p>\n<p class=\"\">La l\u00edder Mar\u00eda Corina Machado, desde mensajes grabados en la clandestinidad, ha llamado a una manifestaci\u00f3n en las calles para el jueves 9 de enero, un d\u00eda antes de la fecha de la toma de posesi\u00f3n. A la par, el chavismo se ha blindado con su pie de fuerza militar y policial. Ha incrementado la presencia de funcionarios armados en el pa\u00eds y, con ello, la sensaci\u00f3n de miedo entre la ciudadan\u00eda, y desaf\u00eda a la oposici\u00f3n llamando a sus militantes a las calles para el mismo d\u00eda.<\/p>\n<p class=\"\">Los niveles de represi\u00f3n denunciados\u00a0<a href=\"https:\/\/elpais.com\/opinion\/2024-12-18\/maduro-y-la-represion-que-no-cesa.html\" data-link-track-dtm=\"\" data-mrf-link=\"https:\/\/elpais.com\/opinion\/2024-12-18\/maduro-y-la-represion-que-no-cesa.html\">han aumentado el expediente de violaciones de derechos humanos de Maduro<\/a>\u00a0y lo han llevado a otorgar durante las \u00faltimas semanas medidas de excarcelaci\u00f3n a centenares de los m\u00e1s de 2000 presos que acumularon luego del 28 de julio, incluidos decenas de menores de edad. Pese a las medidas de libertad condicionada, las detenciones y la persecuci\u00f3n no han cesado. El ministro de Interior, Diosdado Cabello, ha dicho que hay m\u00e1s de 125 ciudadanos extranjeros presos por estar supuestamente involucrados en \u201cplanes de desestabilizaci\u00f3n\u201d contra el Gobierno de Maduro.<\/p>\n<p class=\"\">La CIDH resalta que \u201cla crisis pol\u00edtica y derechos humanos en Venezuela es el resultado de la cooptaci\u00f3n total de las instituciones estatales por parte de un r\u00e9gimen que busca sobre todo mantenerse ileg\u00edtimamente en el poder\u201d. A\u00f1aden que, en el caso venezolano, esto ha facilitado \u201cel establecimiento de un r\u00e9gimen de facto\u201d y que las circunstancias que rodearon la elecci\u00f3n del pasado 28 de julio implican una alteraci\u00f3n grave del orden constitucional. En el informe piden a la comunidad internacional a \u201cmantenerse vigilante frente a nuevas escaladas represivas y activar todos los canales diplom\u00e1ticos e institucionales para el regreso de la democracia\u201d en Venezuela.<\/p>\n","protected":false},"excerpt":{"rendered":"<p>&nbsp; &#8211; El organismo de la OEA se\u00f1ala que la represi\u00f3n postelectoral del chavismo incluy\u00f3 pr\u00e1cticas de terrorismo de Estado dirigidas a infundir terror en&hellip;<\/p>\n","protected":false},"author":99,"featured_media":527031,"comment_status":"open","ping_status":"open","sticky":false,"template":"","format":"standard","meta":{"footnotes":""},"categories":[23],"tags":[],"class_list":["post-527030","post","type-post","status-publish","format-standard","has-post-thumbnail","hentry","category-latinoamerica"],"_links":{"self":[{"href":"https:\/\/diarioelpopular.com\/index.php\/wp-json\/wp\/v2\/posts\/527030","targetHints":{"allow":["GET"]}}],"collection":[{"href":"https:\/\/diarioelpopular.com\/index.php\/wp-json\/wp\/v2\/posts"}],"about":[{"href":"https:\/\/diarioelpopular.com\/index.php\/wp-json\/wp\/v2\/types\/post"}],"author":[{"embeddable":true,"href":"https:\/\/diarioelpopular.com\/index.php\/wp-json\/wp\/v2\/users\/99"}],"replies":[{"embeddable":true,"href":"https:\/\/diarioelpopular.com\/index.php\/wp-json\/wp\/v2\/comments?post=527030"}],"version-history":[{"count":1,"href":"https:\/\/diarioelpopular.com\/index.php\/wp-json\/wp\/v2\/posts\/527030\/revisions"}],"predecessor-version":[{"id":527032,"href":"https:\/\/diarioelpopular.com\/index.php\/wp-json\/wp\/v2\/posts\/527030\/revisions\/527032"}],"wp:featuredmedia":[{"embeddable":true,"href":"https:\/\/diarioelpopular.com\/index.php\/wp-json\/wp\/v2\/media\/527031"}],"wp:attachment":[{"href":"https:\/\/diarioelpopular.com\/index.php\/wp-json\/wp\/v2\/media?parent=527030"}],"wp:term":[{"taxonomy":"category","embeddable":true,"href":"https:\/\/diarioelpopular.com\/index.php\/wp-json\/wp\/v2\/categories?post=527030"},{"taxonomy":"post_tag","embeddable":true,"href":"https:\/\/diarioelpopular.com\/index.php\/wp-json\/wp\/v2\/tags?post=527030"}],"curies":[{"name":"wp","href":"https:\/\/api.w.org\/{rel}","templated":true}]}}