{"id":527042,"date":"2025-01-07T11:59:35","date_gmt":"2025-01-07T15:59:35","guid":{"rendered":"https:\/\/diarioelpopular.com\/?p=527042"},"modified":"2025-01-07T11:59:35","modified_gmt":"2025-01-07T15:59:35","slug":"el-deseo-de-reir-nunca-desaparecera-la-edicion-especial-de-la-revista-satirica-charlie-hebdo-a-10-anos-del-ataque-yihadista-en-el-que-murieron-12-personas","status":"publish","type":"post","link":"https:\/\/diarioelpopular.com\/index.php\/2025\/01\/07\/el-deseo-de-reir-nunca-desaparecera-la-edicion-especial-de-la-revista-satirica-charlie-hebdo-a-10-anos-del-ataque-yihadista-en-el-que-murieron-12-personas\/","title":{"rendered":"&#8220;El deseo de re\u00edr nunca desaparecer\u00e1&#8221;: la edici\u00f3n especial de la revista sat\u00edrica Charlie Hebdo a 10 a\u00f1os del ataque yihadista en el que murieron 12 personas"},"content":{"rendered":"<div id=\"attachment_527043\" style=\"width: 646px\" class=\"wp-caption alignnone\"><img loading=\"lazy\" decoding=\"async\" aria-describedby=\"caption-attachment-527043\" class=\"wp-image-527043 size-custom-full-size\" src=\"https:\/\/diarioelpopular.com\/wp-content\/uploads\/2025\/01\/Screen-Shot-2025-01-07-at-10.58.26-AM-636x359.png\" alt=\"\" width=\"636\" height=\"359\" srcset=\"https:\/\/diarioelpopular.com\/wp-content\/uploads\/2025\/01\/Screen-Shot-2025-01-07-at-10.58.26-AM-636x359.png 636w, https:\/\/diarioelpopular.com\/wp-content\/uploads\/2025\/01\/Screen-Shot-2025-01-07-at-10.58.26-AM-300x170.png 300w, https:\/\/diarioelpopular.com\/wp-content\/uploads\/2025\/01\/Screen-Shot-2025-01-07-at-10.58.26-AM-768x434.png 768w, https:\/\/diarioelpopular.com\/wp-content\/uploads\/2025\/01\/Screen-Shot-2025-01-07-at-10.58.26-AM-129x73.png 129w, https:\/\/diarioelpopular.com\/wp-content\/uploads\/2025\/01\/Screen-Shot-2025-01-07-at-10.58.26-AM.png 1024w\" sizes=\"auto, (max-width: 636px) 100vw, 636px\" \/><p id=\"caption-attachment-527043\" class=\"wp-caption-text\">La portada del aniversario del atentado.<\/p><\/div>\n<p>&nbsp;<\/p>\n<p>&nbsp;<\/p>\n<div class=\"bbc-19j92fr ebmt73l0\" dir=\"ltr\">\n<ul>\n<li class=\"bbc-hhl7in e17g058b0\" dir=\"ltr\"><em><b>Exactamente diez a\u00f1os despu\u00e9s del ataque yihadista en el que muri\u00f3 la mayor\u00eda de su personal, el semanario franc\u00e9s Charlie Hebdo public\u00f3 un n\u00famero especial para demostrar que su causa sigue vigente.<\/b><\/em><\/li>\n<\/ul>\n<\/div>\n<div class=\"bbc-19j92fr ebmt73l0\" dir=\"ltr\">\n<p dir=\"ltr\">\n<p class=\"bbc-hhl7in e17g058b0\" dir=\"ltr\">Las cosas cambiaron para siempre en Francia el 7 de enero de 2015, cuando, con un terrible acto terrorista de derramamiento de sangre, termin\u00f3 la ingenuidad sobre la amenaza del islamismo militante.<\/p>\n<\/div>\n<div class=\"bbc-19j92fr ebmt73l0\" dir=\"ltr\">\n<p class=\"bbc-hhl7in e17g058b0\" dir=\"ltr\">Los hermanos Said y Cherif Kouachi irrumpieron en una reuni\u00f3n en la oficina de Par\u00eds del semanario sat\u00edrico y asesinaron a sus caricaturistas estrella Cabu, Wolinski, Charb y Tignous.<\/p>\n<\/div>\n<div class=\"bbc-19j92fr ebmt73l0\" dir=\"ltr\">\n<p class=\"bbc-hhl7in e17g058b0\" dir=\"ltr\">En total, los hermanos mataron a 12 personas, incluido un polic\u00eda musulm\u00e1n que estaba de servicio fuera de la sede del semanario. Dos d\u00edas despu\u00e9s, fueron acorralados y acribillados por la polic\u00eda cerca del aeropuerto Charles-de-Gaulle.<\/p>\n<\/div>\n<div class=\"bbc-19j92fr ebmt73l0\" dir=\"ltr\">\n<p class=\"bbc-hhl7in e17g058b0\" dir=\"ltr\">Ese mismo d\u00eda, Amedy Coulibaly \u2013antiguo colaborador de Cherif en la c\u00e1rcel\u2013 mat\u00f3 a cuatro jud\u00edos en una toma de rehenes sincronizada en un supermercado del este de Par\u00eds.<\/p>\n<\/div>\n<div class=\"bbc-19j92fr ebmt73l0\" dir=\"ltr\">\n<p class=\"bbc-hhl7in e17g058b0\" dir=\"ltr\">Coulibaly \u2013quien fue abatido por la polic\u00eda\u2013 hab\u00eda matado a una agente el d\u00eda anterior.<\/p>\n<\/div>\n<div class=\"bbc-19j92fr ebmt73l0\" dir=\"ltr\">\n<h2 id=\"Lo-que-pas\u00f3-despu\u00e9s\" class=\"bbc-1lgzob2 eglt09e0\" tabindex=\"-1\">Lo que pas\u00f3 despu\u00e9s<\/h2>\n<\/div>\n<figure class=\"bbc-1qn0xuy\">\n<div class=\"bbc-18ywsw9\">\n<div style=\"width: 1034px\" class=\"wp-caption alignnone\"><img loading=\"lazy\" decoding=\"async\" class=\"bbc-139onq\" src=\"https:\/\/ichef.bbci.co.uk\/ace\/ws\/640\/cpsprodpb\/1818\/live\/6d072410-cc71-11ef-87df-d575b9a434a4.jpg.webp\" alt=\"La revista Charlie Hebd\u00f3 en un kiosco\" width=\"1024\" height=\"683\" \/><p class=\"wp-caption-text\">Fuente de la imagen,Getty Images.\u00a0\u00a0La revista Charlie Hebdo ha seguido publicando contenido pol\u00e9mico, incluida una caricatura reciente del ayatol\u00e1 Jomenei de Ir\u00e1n.<\/p><\/div>\n<\/div>\n<\/figure>\n<div class=\"bbc-19j92fr ebmt73l0\" dir=\"ltr\">\n<p dir=\"ltr\">\n<p dir=\"ltr\">\n<p class=\"bbc-hhl7in e17g058b0\" dir=\"ltr\">Una d\u00e9cada despu\u00e9s, Charlie Hebdo sigue publicando una edici\u00f3n semanal y tiene una tirada (en papel y en l\u00ednea combinadas) de alrededor de 50.000 ejemplares.<\/p>\n<\/div>\n<div class=\"bbc-19j92fr ebmt73l0\" dir=\"ltr\">\n<p class=\"bbc-hhl7in e17g058b0\" dir=\"ltr\">Lo hace desde una oficina cuyo paradero se mantiene en secreto y con personal protegido por guardaespaldas.<\/p>\n<\/div>\n<div class=\"bbc-19j92fr ebmt73l0\" dir=\"ltr\">\n<p class=\"bbc-hhl7in e17g058b0\" dir=\"ltr\">Pero en un editorial de la edici\u00f3n conmemorativa de este martes, el principal accionista del peri\u00f3dico dijo que su esp\u00edritu de irreverencia antirreligiosa y obscena sigue muy vivo.<\/p>\n<\/div>\n<div class=\"bbc-19j92fr ebmt73l0\" dir=\"ltr\">\n<p class=\"bbc-hhl7in e17g058b0\" dir=\"ltr\">&#8220;El deseo de re\u00edr nunca desaparecer\u00e1&#8221;, dijo Laurent Saurisseau \u2013tambi\u00e9n conocido como Riss\u2013, un dibujante que sobrevivi\u00f3 al ataque del 7 de enero con una bala en el hombro.<\/p>\n<\/div>\n<div class=\"bbc-19j92fr ebmt73l0\" dir=\"ltr\">\n<p class=\"bbc-hhl7in e17g058b0\" dir=\"ltr\">&#8220;La s\u00e1tira tiene una virtud que nos ha ayudado a superar estos a\u00f1os tr\u00e1gicos: el optimismo. Si la gente quiere re\u00edr, es porque quiere vivir.<\/p>\n<\/div>\n<div class=\"bbc-19j92fr ebmt73l0\" dir=\"ltr\">\n<p class=\"bbc-hhl7in e17g058b0\" dir=\"ltr\">&#8220;La risa, la iron\u00eda y la caricatura son manifestaciones del optimismo&#8221;, escribi\u00f3.<\/p>\n<p dir=\"ltr\">\n<\/div>\n<figure class=\"bbc-1qn0xuy\">\n<div class=\"bbc-18ywsw9\">\n<div style=\"width: 1034px\" class=\"wp-caption alignnone\"><img loading=\"lazy\" decoding=\"async\" class=\"bbc-139onq\" src=\"https:\/\/ichef.bbci.co.uk\/ace\/ws\/640\/cpsprodpb\/87d0\/live\/da9af0a0-cc72-11ef-87df-d575b9a434a4.jpg.webp\" alt=\"Una protesta en Ir\u00e1n en contra de Charlie Hebdo\" width=\"1024\" height=\"684\" \/><p class=\"wp-caption-text\">Fuente de la imagen,Getty Images.\u00a0\u00a0Las caricaturas de Charlie Hebdo han generado protestas en Ir\u00e1n.<\/p><\/div>\n<\/div>\n<\/figure>\n<div class=\"bbc-19j92fr ebmt73l0\" dir=\"ltr\">\n<h2 tabindex=\"-1\"><\/h2>\n<h2 id=\"Ataques-mortales\" class=\"bbc-1lgzob2 eglt09e0\" tabindex=\"-1\">Ataques mortales<\/h2>\n<\/div>\n<div class=\"bbc-19j92fr ebmt73l0\" dir=\"ltr\">\n<p class=\"bbc-hhl7in e17g058b0\" dir=\"ltr\">En el especial de 32 p\u00e1ginas se incluyen tambi\u00e9n las 40 caricaturas ganadoras de un concurso sobre el tema &#8220;Burl\u00e1ndose de Dios&#8221;.<\/p>\n<\/div>\n<div class=\"bbc-19j92fr ebmt73l0\" dir=\"ltr\">\n<p class=\"bbc-hhl7in e17g058b0\" dir=\"ltr\">Una de ellas contiene la imagen de un dibujante que se pregunta: &#8220;\u00bfEst\u00e1 bien hacer un dibujo de un hombre dibujando un dibujo de un hombre dibujando un dibujo de Mahoma?&#8221;.<\/p>\n<\/div>\n<div class=\"bbc-19j92fr ebmt73l0\" dir=\"ltr\">\n<p class=\"bbc-hhl7in e17g058b0\" dir=\"ltr\">Los atentados de Charlie Hebdo y el supermercado jud\u00edo son vistos ahora como el preludio de un per\u00edodo sombr\u00edo y mortal en la Francia moderna, durante el cual, el miedo al terrorismo yihadista se convirti\u00f3 en parte de la vida cotidiana.<\/p>\n<\/div>\n<div class=\"bbc-19j92fr ebmt73l0\" dir=\"ltr\">\n<p class=\"bbc-hhl7in e17g058b0\" dir=\"ltr\">En noviembre de 2015, se produjeron los atentados en el teatro Batacl\u00e1n de Par\u00eds y en varios restaurantes de la capital francesa, en los que murieron m\u00e1s de 100 personas. En julio siguiente, 86 personas fueron asesinadas en el paseo mar\u00edtimo de Niza.<\/p>\n<\/div>\n<div class=\"bbc-19j92fr ebmt73l0\" dir=\"ltr\">\n<p class=\"bbc-hhl7in e17g058b0\" dir=\"ltr\">Unos 300 franceses han muerto en atentados islamistas en la \u00faltima d\u00e9cada.<\/p>\n<\/div>\n<div class=\"bbc-19j92fr ebmt73l0\" dir=\"ltr\">\n<p class=\"bbc-hhl7in e17g058b0\" dir=\"ltr\">Hoy en d\u00eda, la frecuencia de los atentados ha disminuido y la derrota del grupo Estado Isl\u00e1mico significa que ya no hay una base de apoyo en Medio Oriente.<\/p>\n<\/div>\n<div class=\"bbc-19j92fr ebmt73l0\" dir=\"ltr\">\n<p class=\"bbc-hhl7in e17g058b0\" dir=\"ltr\">Pero los atacantes radicalizados a trav\u00e9s de Internet siguen siendo una amenaza constante en Francia y en otros lugares.<\/p>\n<\/div>\n<div class=\"bbc-19j92fr ebmt73l0\" dir=\"ltr\">\n<p class=\"bbc-hhl7in e17g058b0\" dir=\"ltr\">El pretexto original para los asesinatos de Charlie Hebdo \u2013las caricaturas del profeta Mahoma\u2013 ahora est\u00e1n estrictamente prohibidas en todas partes.<\/p>\n<\/div>\n<div class=\"bbc-19j92fr ebmt73l0\" dir=\"ltr\">\n<p class=\"bbc-hhl7in e17g058b0\" dir=\"ltr\">En 2020, un profesor franc\u00e9s, Samuel Paty, fue decapitado a la salida de su escuela por un yihadista despu\u00e9s de que mostrara una de las caricaturas de Charlie en un debate sobre la libertad de expresi\u00f3n.<\/p>\n<\/div>\n<div class=\"bbc-19j92fr ebmt73l0\" dir=\"ltr\">\n<p class=\"bbc-hhl7in e17g058b0\" dir=\"ltr\">Y esta semana se inicia en Par\u00eds el juicio contra un hombre paquistan\u00ed que, poco antes del asesinato de Paty, hiri\u00f3 gravemente a dos personas con un cuchillo de carnicero en las oficinas de Par\u00eds que cre\u00eda que todav\u00eda utilizaba Charlie Hebdo (de hecho, hac\u00eda tiempo que se hab\u00edan mudado).<\/p>\n<\/div>\n<div class=\"bbc-19j92fr ebmt73l0\" dir=\"ltr\">\n<p class=\"bbc-hhl7in e17g058b0\" dir=\"ltr\">As\u00ed que, como en cada aniversario desde 2015, la pregunta que se plantea una vez m\u00e1s en Francia es: \u00bfqu\u00e9 ha cambiado, si es que ha cambiado algo? \u00bfY qu\u00e9, si es que algo, sobrevive de la gran manifestaci\u00f3n de apoyo internacional, cuyo grito de guerra en los d\u00edas posteriores a los asesinatos fue\u00a0<i class=\"bbc-h1y5j7 eih42320\">Je suis Charlie\u00a0<\/i>(Yo soy Charlie)?<\/p>\n<\/div>\n<div class=\"bbc-19j92fr ebmt73l0\" dir=\"ltr\">\n<h2 id=\"Las-consecuencias\" class=\"bbc-1lgzob2 eglt09e0\" tabindex=\"-1\">Las consecuencias<\/h2>\n<\/div>\n<figure class=\"bbc-1qn0xuy\">\n<div class=\"bbc-18ywsw9\">\n<div style=\"width: 1034px\" class=\"wp-caption alignnone\"><img loading=\"lazy\" decoding=\"async\" class=\"bbc-139onq\" src=\"https:\/\/ichef.bbci.co.uk\/ace\/ws\/640\/cpsprodpb\/c439\/live\/cb2547c0-cc76-11ef-9fd6-0be88a764111.jpg.webp\" alt=\"Una mujer pone un poster de &quot;Je suis Charlie&quot;\" width=\"1024\" height=\"683\" \/><p class=\"wp-caption-text\">Fuente de la imagen,Getty Images.\u00a0\u00a0&#8220;Je suis Charlie&#8221; se convirti\u00f3 en un lema global de apoyo a la libertad de expresi\u00f3n<\/p><\/div>\n<\/div>\n<\/figure>\n<div class=\"bbc-19j92fr ebmt73l0\" dir=\"ltr\">\n<p dir=\"ltr\">\n<p dir=\"ltr\">\n<p class=\"bbc-hhl7in e17g058b0\" dir=\"ltr\">En ese momento, dos millones de personas marcharon por el centro de Par\u00eds y jefes de Estado y de gobierno de pa\u00edses de todo el mundo se unieron a la invitaci\u00f3n del entonces presidente Fran\u00e7ois Hollande.<\/p>\n<\/div>\n<div class=\"bbc-19j92fr ebmt73l0\" dir=\"ltr\">\n<p class=\"bbc-hhl7in e17g058b0\" dir=\"ltr\">Hoy, los pesimistas dicen que la batalla est\u00e1 terminada y perdida. Las posibilidades de que un peri\u00f3dico humor\u00edstico tome una postura contra el Islam \u2013como Charlie Hebdo sol\u00eda hacer contra el cristianismo y el juda\u00edsmo\u2013 son nulas.<\/p>\n<\/div>\n<div class=\"bbc-19j92fr ebmt73l0\" dir=\"ltr\">\n<p class=\"bbc-hhl7in e17g058b0\" dir=\"ltr\">Lo peor, seg\u00fan esa gente, es que sectores de la izquierda pol\u00edtica en Francia tambi\u00e9n se est\u00e1n distanciando claramente de Charlie Hebdo, acus\u00e1ndolo de volverse excesivamente antiisl\u00e1mico y de adoptar posiciones de extrema derecha.<\/p>\n<\/div>\n<div class=\"bbc-19j92fr ebmt73l0\" dir=\"ltr\">\n<p class=\"bbc-hhl7in e17g058b0\" dir=\"ltr\">Jean-Luc Melenchon, quien lidera el partido de izquierdas Francia Insumisa, ha acusado, sin evidencia alguna, al semanario de fomentar ideas de la derecha, y Sandrine Rousseau, de los Verdes, dijo que Charlie Hebdo era &#8220;mis\u00f3gino y a veces racista&#8221;.<\/p>\n<\/div>\n<div class=\"bbc-19j92fr ebmt73l0\" dir=\"ltr\">\n<p class=\"bbc-hhl7in e17g058b0\" dir=\"ltr\">Esto, a su vez, ha dado lugar a acusaciones dirigidas a la extrema izquierda de que ha traicionado el esp\u00edritu de libertad de expresi\u00f3n de\u00a0<i class=\"bbc-h1y5j7 eih42320\">Je suis Charlie\u00a0<\/i>para conseguir el apoyo electoral de los musulmanes franceses.<\/p>\n<\/div>\n<div class=\"bbc-19j92fr ebmt73l0\" dir=\"ltr\">\n<p class=\"bbc-hhl7in e17g058b0\" dir=\"ltr\">Pero, hablando en v\u00edsperas del aniversario, Riss se neg\u00f3 a renunciar a la esperanza.<\/p>\n<\/div>\n<div class=\"bbc-19j92fr ebmt73l0\" dir=\"ltr\">\n<p class=\"bbc-hhl7in e17g058b0\" dir=\"ltr\">&#8220;Creo que [el esp\u00edritu de Charlie] est\u00e1 m\u00e1s profundamente arraigado en la sociedad de lo que uno podr\u00eda pensar. Cuando hablas con la gente, puedes ver que est\u00e1 muy vivo. Es un error pensar que todo ha desaparecido.<\/p>\n<\/div>\n<div class=\"bbc-19j92fr ebmt73l0\" dir=\"ltr\">\n<p class=\"bbc-hhl7in e17g058b0\" dir=\"ltr\">&#8220;Es parte de nuestra memoria colectiva&#8221;.<\/p>\n<\/div>\n","protected":false},"excerpt":{"rendered":"<p>&nbsp; &nbsp; Exactamente diez a\u00f1os despu\u00e9s del ataque yihadista en el que muri\u00f3 la mayor\u00eda de su personal, el semanario franc\u00e9s Charlie Hebdo public\u00f3 un&hellip;<\/p>\n","protected":false},"author":99,"featured_media":527043,"comment_status":"open","ping_status":"open","sticky":false,"template":"","format":"standard","meta":{"footnotes":""},"categories":[24],"tags":[],"class_list":["post-527042","post","type-post","status-publish","format-standard","has-post-thumbnail","hentry","category-mundo"],"_links":{"self":[{"href":"https:\/\/diarioelpopular.com\/index.php\/wp-json\/wp\/v2\/posts\/527042","targetHints":{"allow":["GET"]}}],"collection":[{"href":"https:\/\/diarioelpopular.com\/index.php\/wp-json\/wp\/v2\/posts"}],"about":[{"href":"https:\/\/diarioelpopular.com\/index.php\/wp-json\/wp\/v2\/types\/post"}],"author":[{"embeddable":true,"href":"https:\/\/diarioelpopular.com\/index.php\/wp-json\/wp\/v2\/users\/99"}],"replies":[{"embeddable":true,"href":"https:\/\/diarioelpopular.com\/index.php\/wp-json\/wp\/v2\/comments?post=527042"}],"version-history":[{"count":1,"href":"https:\/\/diarioelpopular.com\/index.php\/wp-json\/wp\/v2\/posts\/527042\/revisions"}],"predecessor-version":[{"id":527044,"href":"https:\/\/diarioelpopular.com\/index.php\/wp-json\/wp\/v2\/posts\/527042\/revisions\/527044"}],"wp:featuredmedia":[{"embeddable":true,"href":"https:\/\/diarioelpopular.com\/index.php\/wp-json\/wp\/v2\/media\/527043"}],"wp:attachment":[{"href":"https:\/\/diarioelpopular.com\/index.php\/wp-json\/wp\/v2\/media?parent=527042"}],"wp:term":[{"taxonomy":"category","embeddable":true,"href":"https:\/\/diarioelpopular.com\/index.php\/wp-json\/wp\/v2\/categories?post=527042"},{"taxonomy":"post_tag","embeddable":true,"href":"https:\/\/diarioelpopular.com\/index.php\/wp-json\/wp\/v2\/tags?post=527042"}],"curies":[{"name":"wp","href":"https:\/\/api.w.org\/{rel}","templated":true}]}}