{"id":527079,"date":"2025-01-08T13:01:44","date_gmt":"2025-01-08T17:01:44","guid":{"rendered":"https:\/\/diarioelpopular.com\/?p=527079"},"modified":"2025-01-08T13:01:44","modified_gmt":"2025-01-08T17:01:44","slug":"dos-delincuentes-son-buscados-por-haber-apunalado-a-otro-cerca-de-st-clair-y-dufferin","status":"publish","type":"post","link":"https:\/\/diarioelpopular.com\/index.php\/2025\/01\/08\/dos-delincuentes-son-buscados-por-haber-apunalado-a-otro-cerca-de-st-clair-y-dufferin\/","title":{"rendered":"Dos delincuentes son buscados por haber apu\u00f1alado a otro cerca de St. Clair y Dufferin"},"content":{"rendered":"<div id=\"attachment_527080\" style=\"width: 646px\" class=\"wp-caption alignnone\"><img loading=\"lazy\" decoding=\"async\" aria-describedby=\"caption-attachment-527080\" class=\"wp-image-527080 size-custom-full-size\" src=\"https:\/\/diarioelpopular.com\/wp-content\/uploads\/2025\/01\/Screen-Shot-2025-01-08-at-11.57.26-AM-636x365.png\" alt=\"\" width=\"636\" height=\"365\" srcset=\"https:\/\/diarioelpopular.com\/wp-content\/uploads\/2025\/01\/Screen-Shot-2025-01-08-at-11.57.26-AM-636x365.png 636w, https:\/\/diarioelpopular.com\/wp-content\/uploads\/2025\/01\/Screen-Shot-2025-01-08-at-11.57.26-AM-300x172.png 300w, https:\/\/diarioelpopular.com\/wp-content\/uploads\/2025\/01\/Screen-Shot-2025-01-08-at-11.57.26-AM-768x441.png 768w, https:\/\/diarioelpopular.com\/wp-content\/uploads\/2025\/01\/Screen-Shot-2025-01-08-at-11.57.26-AM-127x73.png 127w, https:\/\/diarioelpopular.com\/wp-content\/uploads\/2025\/01\/Screen-Shot-2025-01-08-at-11.57.26-AM.png 860w\" sizes=\"auto, (max-width: 636px) 100vw, 636px\" \/><p id=\"caption-attachment-527080\" class=\"wp-caption-text\">La polic\u00eda de Toronto investiga un apu\u00f1alamiento cerca de St. Clair y Dufferin el 2 de enero de 2025. CITYNEWS\/Bertram Dandy<\/p><\/div>\n<p>&nbsp;<\/p>\n<p>&nbsp;<\/p>\n<ul>\n<li><em><strong>Los investigadores est\u00e1n buscando a dos sujetos en relaci\u00f3n con un apu\u00f1alamiento ocurrido la madrugada del 2 de enero que envi\u00f3 a un hombre al hospital.<\/strong><\/em><\/li>\n<\/ul>\n<p>&nbsp;<\/p>\n<p>&nbsp;<\/p>\n<p>La polic\u00eda dijo que dos personas estuvieron involucradas en una pelea en el \u00e1rea de St. Clair Avenue West y Glenholme Avenue poco despu\u00e9s de la 1 a.m. cuando otros dos se involucraron.<\/p>\n<p>Mientras la pelea continuaba, uno de ellos, de unos 30 a\u00f1os fue apu\u00f1alado. Fue llevado al hospital con heridas que amenazaban su vida, donde su condici\u00f3n fue estabilizada y permanece bajo observaci\u00f3n.<\/p>\n<p>La polic\u00eda inform\u00f3 que el primer sospechoso es descrito como de aproximadamente 50 a\u00f1os de edad, de complexi\u00f3n robusta y cabello rubio corto. Fue visto por \u00faltima vez con una chaqueta marr\u00f3n y jeans azules.<\/p>\n<p>El segundo sospechoso es descrito como de complexi\u00f3n mediana. Fue visto por \u00faltima vez con un su\u00e9ter de color claro y pantalones oscuros.<\/p>\n<p>La polic\u00eda est\u00e1 pidiendo a cualquier persona que haya presenciado la pelea o que estuviera en el \u00e1rea en ese momento que se comunique con ellos.<\/p>\n","protected":false},"excerpt":{"rendered":"<p>&nbsp; &nbsp; Los investigadores est\u00e1n buscando a dos sujetos en relaci\u00f3n con un apu\u00f1alamiento ocurrido la madrugada del 2 de enero que envi\u00f3 a un&hellip;<\/p>\n","protected":false},"author":99,"featured_media":527080,"comment_status":"open","ping_status":"open","sticky":false,"template":"","format":"standard","meta":{"footnotes":""},"categories":[11364],"tags":[],"class_list":["post-527079","post","type-post","status-publish","format-standard","has-post-thumbnail","hentry","category-toronto-gta"],"_links":{"self":[{"href":"https:\/\/diarioelpopular.com\/index.php\/wp-json\/wp\/v2\/posts\/527079","targetHints":{"allow":["GET"]}}],"collection":[{"href":"https:\/\/diarioelpopular.com\/index.php\/wp-json\/wp\/v2\/posts"}],"about":[{"href":"https:\/\/diarioelpopular.com\/index.php\/wp-json\/wp\/v2\/types\/post"}],"author":[{"embeddable":true,"href":"https:\/\/diarioelpopular.com\/index.php\/wp-json\/wp\/v2\/users\/99"}],"replies":[{"embeddable":true,"href":"https:\/\/diarioelpopular.com\/index.php\/wp-json\/wp\/v2\/comments?post=527079"}],"version-history":[{"count":1,"href":"https:\/\/diarioelpopular.com\/index.php\/wp-json\/wp\/v2\/posts\/527079\/revisions"}],"predecessor-version":[{"id":527081,"href":"https:\/\/diarioelpopular.com\/index.php\/wp-json\/wp\/v2\/posts\/527079\/revisions\/527081"}],"wp:featuredmedia":[{"embeddable":true,"href":"https:\/\/diarioelpopular.com\/index.php\/wp-json\/wp\/v2\/media\/527080"}],"wp:attachment":[{"href":"https:\/\/diarioelpopular.com\/index.php\/wp-json\/wp\/v2\/media?parent=527079"}],"wp:term":[{"taxonomy":"category","embeddable":true,"href":"https:\/\/diarioelpopular.com\/index.php\/wp-json\/wp\/v2\/categories?post=527079"},{"taxonomy":"post_tag","embeddable":true,"href":"https:\/\/diarioelpopular.com\/index.php\/wp-json\/wp\/v2\/tags?post=527079"}],"curies":[{"name":"wp","href":"https:\/\/api.w.org\/{rel}","templated":true}]}}