{"id":527087,"date":"2025-01-08T13:23:44","date_gmt":"2025-01-08T17:23:44","guid":{"rendered":"https:\/\/diarioelpopular.com\/?p=527087"},"modified":"2025-01-08T13:23:44","modified_gmt":"2025-01-08T17:23:44","slug":"el-golfo-de-mexico-fue-de-espana-en-el-siglo-xvi-y-albergo-la-mayor-tragedia-petrolera-del-siglo-xxi","status":"publish","type":"post","link":"https:\/\/diarioelpopular.com\/index.php\/2025\/01\/08\/el-golfo-de-mexico-fue-de-espana-en-el-siglo-xvi-y-albergo-la-mayor-tragedia-petrolera-del-siglo-xxi\/","title":{"rendered":"El golfo de M\u00e9xico fue de Espa\u00f1a en el siglo XVI y alberg\u00f3 la mayor tragedia petrolera del siglo XXI"},"content":{"rendered":"<div id=\"attachment_527088\" style=\"width: 1210px\" class=\"wp-caption alignnone\"><img loading=\"lazy\" decoding=\"async\" aria-describedby=\"caption-attachment-527088\" class=\"wp-image-527088 size-custom-big-size\" src=\"https:\/\/diarioelpopular.com\/wp-content\/uploads\/2025\/01\/Screen-Shot-2025-01-08-at-12.22.58-PM-1200x789.png\" alt=\"\" width=\"1200\" height=\"789\" srcset=\"https:\/\/diarioelpopular.com\/wp-content\/uploads\/2025\/01\/Screen-Shot-2025-01-08-at-12.22.58-PM-1200x789.png 1200w, https:\/\/diarioelpopular.com\/wp-content\/uploads\/2025\/01\/Screen-Shot-2025-01-08-at-12.22.58-PM-300x197.png 300w, https:\/\/diarioelpopular.com\/wp-content\/uploads\/2025\/01\/Screen-Shot-2025-01-08-at-12.22.58-PM-768x505.png 768w, https:\/\/diarioelpopular.com\/wp-content\/uploads\/2025\/01\/Screen-Shot-2025-01-08-at-12.22.58-PM-85x55.png 85w, https:\/\/diarioelpopular.com\/wp-content\/uploads\/2025\/01\/Screen-Shot-2025-01-08-at-12.22.58-PM-636x418.png 636w, https:\/\/diarioelpopular.com\/wp-content\/uploads\/2025\/01\/Screen-Shot-2025-01-08-at-12.22.58-PM-111x73.png 111w, https:\/\/diarioelpopular.com\/wp-content\/uploads\/2025\/01\/Screen-Shot-2025-01-08-at-12.22.58-PM.png 1024w\" sizes=\"auto, (max-width: 1200px) 100vw, 1200px\" \/><p id=\"caption-attachment-527088\" class=\"wp-caption-text\">Una plataforma de perforaci\u00f3n petrolera en el Golfo de M\u00e9xico. Getty Images<\/p><\/div>\n<p>&nbsp;<\/p>\n<p>&nbsp;<\/p>\n<h4 class=\"a_st\"><em>&#8211; Donald Trump, que tomar\u00e1 posesi\u00f3n el lunes 20 de enero como presidente de Estados Unidos, busca cambiar el nombre del cuerpo de agua por \u201cgolfo de Am\u00e9rica\u201d<\/em><\/h4>\n<p>&nbsp;<\/p>\n<p class=\"\">El golfo de M\u00e9xico es una regi\u00f3n mar\u00edtima que forma parte del oc\u00e9ano Atl\u00e1ntico. Se ubica al este del territorio mexicano junto a Tamaulipas, Veracruz,\u00a0<a href=\"https:\/\/elpais.com\/mexico\/2025-01-05\/un-ataque-armado-en-un-bar-de-villahermosa-deja-cinco-muertos-y-siete-heridos.html\" target=\"_blank\" rel=\"noopener\" data-link-track-dtm=\"\" data-mrf-link=\"https:\/\/elpais.com\/mexico\/2025-01-05\/un-ataque-armado-en-un-bar-de-villahermosa-deja-cinco-muertos-y-siete-heridos.html\">Tabasco<\/a>, Campeche y Yucat\u00e1n; al sureste de Estados Unidos moja las costas de Texas, Luisiana, Alabama, Misisipi y Florida; est\u00e1 al noroeste de la isla de Cuba y al oeste de las Bahamas. M\u00e9xico y Estados Unidos comparten acuerdos sobre los l\u00edmites del territorio mar\u00edtimo, para la navegaci\u00f3n y las actividades econ\u00f3micas, en los 1,6 millones de kil\u00f3metros cuadrados de la superficie total de este cuerpo de agua.<\/p>\n<p class=\"\">El presidente electo de Estados Unidos\u00a0<a href=\"https:\/\/elpais.com\/us\/2025-01-07\/trump-propone-cambiar-el-nombre-del-golfo-de-mexico-a-golfo-de-america.html\" data-link-track-dtm=\"\" data-mrf-link=\"https:\/\/elpais.com\/us\/2025-01-07\/trump-propone-cambiar-el-nombre-del-golfo-de-mexico-a-golfo-de-america.html\">Donald Trump<\/a>, que tomar\u00e1 posesi\u00f3n el lunes 20 de enero, afirm\u00f3 este martes que la cuenca oce\u00e1nica que ba\u00f1a las costas de M\u00e9xico, Estados Unidos y\u00a0<a href=\"https:\/\/elpais.com\/internacional\/2025-01-03\/trump-elige-a-benjamin-leon-un-empresario-cubanoamericano-de-80-anos-como-embajador-de-estados-unidos-en-espana.html\" target=\"_blank\" rel=\"noopener\" data-link-track-dtm=\"\" data-mrf-link=\"https:\/\/elpais.com\/internacional\/2025-01-03\/trump-elige-a-benjamin-leon-un-empresario-cubanoamericano-de-80-anos-como-embajador-de-estados-unidos-en-espana.html\">Cuba<\/a>, cambiar\u00e1 de nombre a \u201cgolfo de Am\u00e9rica\u201d. No ahond\u00f3 demasiado al respecto. Sin embargo, dijo que pr\u00f3ximamente se har\u00e1 el anuncio oficial, sin especificar cu\u00e1ndo, y asegur\u00f3 que es apropiado cambiar el nombre. \u201cVamos a cambiar el nombre del golfo de M\u00e9xico a golfo de Am\u00e9rica, que es bello y abarca mucho territorio. Qu\u00e9 nombre tan bello, y tan apropiado\u201d, mencion\u00f3.<\/p>\n<p class=\"\">Del siglo XV al XVIII, gran parte del litoral que rodeaba la cuenca pertenec\u00eda a territorio espa\u00f1ol. De acuerdo con algunos mapas que datan de 1790 a 1805, la\u00a0<a href=\"https:\/\/elpais.com\/babelia\/2021-08-07\/mexico-espana-la-historia-que-nos-divide.html\" target=\"_blank\" rel=\"noopener\" data-link-track-dtm=\"\" data-mrf-link=\"https:\/\/elpais.com\/babelia\/2021-08-07\/mexico-espana-la-historia-que-nos-divide.html\">Nueva Espa\u00f1a\u00a0<\/a>abarc\u00f3 desde la punta de la pen\u00ednsula de Yucat\u00e1n hasta la punta de la pen\u00ednsula de Florida. Por el lado norte y noroeste, Nuevo M\u00e9xico, Phoenix, California y partes de Nevada tambi\u00e9n pertenec\u00edan a la Corona espa\u00f1ola.<\/p>\n<p class=\"\">De acuerdo con un\u00a0<a href=\"https:\/\/elpais.com\/opinion\/2024-12-13\/las-universidades-publicas-de-madrid-en-un-total-abandono.html\" target=\"_blank\" rel=\"noopener\" data-link-track-dtm=\"\" data-mrf-link=\"https:\/\/elpais.com\/opinion\/2024-12-13\/las-universidades-publicas-de-madrid-en-un-total-abandono.html\">ensayo publicado por la Universidad Aut\u00f3noma de Madrid<\/a>, el golfo de M\u00e9xico era visto por Inglaterra y Pa\u00edses Bajos como un importante territorio de gran riqueza en recursos naturales, adem\u00e1s de ser un \u00e1rea comercial y geoestrat\u00e9gica. Esta zona era vital sobre todo para el comercio neerland\u00e9s por sus negocios directos a trav\u00e9s de subsidios, armamentos o pr\u00e9stamos para la fabricaci\u00f3n de buques, como por la pirater\u00eda. La corona era consciente de que la seguridad del virreinato, que se encontraba en un momento inestable, depend\u00eda mucho de lo que suced\u00eda en estas aguas y fue por ello que en 1635 se fundara la Armada de Barlovento, por ejemplo. Fue una instituci\u00f3n militar encargada de proteger los territorios conquistados por el imperio espa\u00f1ol de sus enemigos europeos.<\/p>\n<h3 class=\"\">Una cat\u00e1strofe petrolera inigualable<\/h3>\n<p class=\"\">Una de las mayores actividades econ\u00f3micas que se realizan en el golfo de M\u00e9xico es la petrolera. En 2010,<a href=\"https:\/\/elpais.com\/internacional\/2015\/10\/05\/actualidad\/1444060968_808370.html\" target=\"_blank\" rel=\"noopener\" data-link-track-dtm=\"\" data-mrf-link=\"https:\/\/elpais.com\/internacional\/2015\/10\/05\/actualidad\/1444060968_808370.html\">\u00a0la torre petrol\u00edfera\u00a0<i>Deepwater horizon<\/i><\/a>, controlada por la empresa British Petroleum (BP), explot\u00f3 por una ruptura en el pozo Macondo, a 1.500 metros de profundidad. Dos d\u00edas despu\u00e9s del siniestro, la plataforma se hundi\u00f3 y con ella casi cinco millones de barriles de crudo, unos 800 millones de litros se derramaron sobre el mar y las autoridades tardaron 87 d\u00edas en contener el vertedero que ocasion\u00f3 una de las mayores cat\u00e1strofes ambientales de la industria del petr\u00f3leo.<\/p>\n<p class=\"\">En 2020, diez a\u00f1os despu\u00e9s, el medio franc\u00e9s de noticias France 24 hizo un recuento de los da\u00f1os. Encontraron que el 55% de los delfines ten\u00edan enfermedades pulmonares y 43% sufr\u00edan estr\u00e9s; el 20% de las tortugas loras hembras murieron y casi un mill\u00f3n de aves perecieron. Seg\u00fan medios como EFE y Reuters, hasta un 47% de ese crudo qued\u00f3 depositado en el fondo del mar.<\/p>\n","protected":false},"excerpt":{"rendered":"<p>&nbsp; &nbsp; &#8211; Donald Trump, que tomar\u00e1 posesi\u00f3n el lunes 20 de enero como presidente de Estados Unidos, busca cambiar el nombre del cuerpo de&hellip;<\/p>\n","protected":false},"author":99,"featured_media":527088,"comment_status":"open","ping_status":"open","sticky":false,"template":"","format":"standard","meta":{"footnotes":""},"categories":[23],"tags":[],"class_list":["post-527087","post","type-post","status-publish","format-standard","has-post-thumbnail","hentry","category-latinoamerica"],"_links":{"self":[{"href":"https:\/\/diarioelpopular.com\/index.php\/wp-json\/wp\/v2\/posts\/527087","targetHints":{"allow":["GET"]}}],"collection":[{"href":"https:\/\/diarioelpopular.com\/index.php\/wp-json\/wp\/v2\/posts"}],"about":[{"href":"https:\/\/diarioelpopular.com\/index.php\/wp-json\/wp\/v2\/types\/post"}],"author":[{"embeddable":true,"href":"https:\/\/diarioelpopular.com\/index.php\/wp-json\/wp\/v2\/users\/99"}],"replies":[{"embeddable":true,"href":"https:\/\/diarioelpopular.com\/index.php\/wp-json\/wp\/v2\/comments?post=527087"}],"version-history":[{"count":1,"href":"https:\/\/diarioelpopular.com\/index.php\/wp-json\/wp\/v2\/posts\/527087\/revisions"}],"predecessor-version":[{"id":527089,"href":"https:\/\/diarioelpopular.com\/index.php\/wp-json\/wp\/v2\/posts\/527087\/revisions\/527089"}],"wp:featuredmedia":[{"embeddable":true,"href":"https:\/\/diarioelpopular.com\/index.php\/wp-json\/wp\/v2\/media\/527088"}],"wp:attachment":[{"href":"https:\/\/diarioelpopular.com\/index.php\/wp-json\/wp\/v2\/media?parent=527087"}],"wp:term":[{"taxonomy":"category","embeddable":true,"href":"https:\/\/diarioelpopular.com\/index.php\/wp-json\/wp\/v2\/categories?post=527087"},{"taxonomy":"post_tag","embeddable":true,"href":"https:\/\/diarioelpopular.com\/index.php\/wp-json\/wp\/v2\/tags?post=527087"}],"curies":[{"name":"wp","href":"https:\/\/api.w.org\/{rel}","templated":true}]}}