{"id":527090,"date":"2025-01-08T13:25:57","date_gmt":"2025-01-08T17:25:57","guid":{"rendered":"https:\/\/diarioelpopular.com\/?p=527090"},"modified":"2025-01-08T13:25:57","modified_gmt":"2025-01-08T17:25:57","slug":"el-congreso-peruano-aprueba-restituir-la-firma-de-fujimori-en-la-constitucion-de-1993","status":"publish","type":"post","link":"https:\/\/diarioelpopular.com\/index.php\/2025\/01\/08\/el-congreso-peruano-aprueba-restituir-la-firma-de-fujimori-en-la-constitucion-de-1993\/","title":{"rendered":"El Congreso peruano aprueba restituir la firma de Fujimori en la Constituci\u00f3n de 1993"},"content":{"rendered":"<div id=\"attachment_527091\" style=\"width: 1210px\" class=\"wp-caption alignnone\"><img loading=\"lazy\" decoding=\"async\" aria-describedby=\"caption-attachment-527091\" class=\"wp-image-527091 size-custom-big-size\" src=\"https:\/\/diarioelpopular.com\/wp-content\/uploads\/2025\/01\/Screen-Shot-2025-01-08-at-12.25.21-PM-1200x885.png\" alt=\"\" width=\"1200\" height=\"885\" srcset=\"https:\/\/diarioelpopular.com\/wp-content\/uploads\/2025\/01\/Screen-Shot-2025-01-08-at-12.25.21-PM-1200x885.png 1200w, https:\/\/diarioelpopular.com\/wp-content\/uploads\/2025\/01\/Screen-Shot-2025-01-08-at-12.25.21-PM-300x221.png 300w, https:\/\/diarioelpopular.com\/wp-content\/uploads\/2025\/01\/Screen-Shot-2025-01-08-at-12.25.21-PM-768x566.png 768w, https:\/\/diarioelpopular.com\/wp-content\/uploads\/2025\/01\/Screen-Shot-2025-01-08-at-12.25.21-PM-636x469.png 636w, https:\/\/diarioelpopular.com\/wp-content\/uploads\/2025\/01\/Screen-Shot-2025-01-08-at-12.25.21-PM-99x73.png 99w, https:\/\/diarioelpopular.com\/wp-content\/uploads\/2025\/01\/Screen-Shot-2025-01-08-at-12.25.21-PM.png 1024w\" sizes=\"auto, (max-width: 1200px) 100vw, 1200px\" \/><p id=\"caption-attachment-527091\" class=\"wp-caption-text\">Albero Fujimori, en Jap\u00f3n en el a\u00f1o 2000. Toshiyuki Aizawa (REUTERS)<\/p><\/div>\n<p>&nbsp;<\/p>\n<p>&nbsp;<\/p>\n<h4 class=\"a_st\"><em>&#8211; La Comisi\u00f3n Permanente del Legislativo valida en primera instancia la inclusi\u00f3n del nombre del fallecido aut\u00f3crata, suprimido de la Carta Magna en 2001 tras su renuncia v\u00eda fax a la Presidencia del pa\u00eds<\/em><\/h4>\n<p>&nbsp;<\/p>\n<p class=\"\">La Comisi\u00f3n Permanente del Congreso de Per\u00fa ha aprobado este martes la restituci\u00f3n de la firma del expresidente del pa\u00eds\u00a0<a href=\"https:\/\/elpais.com\/america\/2024-09-12\/muere-alberto-fujimori-expresidente-peruano-a-los-86-anos.html\" data-link-track-dtm=\"\" data-mrf-link=\"https:\/\/elpais.com\/america\/2024-09-12\/muere-alberto-fujimori-expresidente-peruano-a-los-86-anos.html\">Alberto Fujimori<\/a>, fallecido en septiembre, en la Constituci\u00f3n de 1993. El nombre del aut\u00f3crata, que gobern\u00f3 al pa\u00eds con pu\u00f1o de hierro en la d\u00e9cada de los noventa, hab\u00eda sido suprimida de la Carta Magna en 2001, un a\u00f1o despu\u00e9s de su renuncia, v\u00eda fax, a la Presidencia. La decisi\u00f3n tuvo la anuencia del por entonces mandatario, Alejandro Toledo, y del presidente de la C\u00e1mara, Carlos Ferrero. La restituci\u00f3n de la firma del exgobernante era uno de los grandes objetivos legislativos del fujimorismo.<\/p>\n<p class=\"\">En el momento de su renuncia, Fujimori se encontraba en un hotel en Tokio (Jap\u00f3n), cercado por las pruebas que pusieron en evidencia la atm\u00f3sfera de corrupci\u00f3n y violaci\u00f3n contra los derechos humanos que rein\u00f3 en su mandato. El Congreso lo hab\u00eda vacado por incapacidad moral permanente, y el regreso a la democracia trajo consigo la idea de una reforma total de la Carta Magna que finalmente no se consum\u00f3.<\/p>\n<p class=\"\">La Constituci\u00f3n del 93 divide a Per\u00fa ideol\u00f3gicamente desde hace tres d\u00e9cadas. Mientras sus defensores sostienen que gracias a este documento jur\u00eddico el pa\u00eds se recuper\u00f3 de una crisis econ\u00f3mica profunda, sus detractores subrayan que naci\u00f3 manchada debido a que fue promulgada despu\u00e9s del autogolpe de Fujimori en abril de 1992, y que ello dio paso a la captura de las instituciones y a un r\u00e9gimen autoritario que provoc\u00f3 matanzas, compr\u00f3 a los medios de comunicaci\u00f3n y silenci\u00f3 a sus opositores.<\/p>\n<p class=\"\">A fines de octubre pasado, Fuerza Popular y congresistas de otras bancadas afines al fujimorismo presentaron el proyecto y en noviembre se aprob\u00f3 el dictamen. Ahora la iniciativa deber\u00e1 ser sometida a una segunda votaci\u00f3n en una semana. \u201cNo es un acto de reivindicaci\u00f3n personal, sino un compromiso con la verdad hist\u00f3rica [\u2026]. No podemos permitir que una ley borre un hecho objetivo y respaldado institucionalmente: la Constituci\u00f3n de 1993, ratificada por refer\u00e9ndum popular, fue promulgada durante el gobierno del presidente Fujimori. Este es un hecho hist\u00f3rico innegable que forma parte integral de nuestra identidad nacional y de nuestro marco legal\u201d, dice el documento.<\/p>\n<p class=\"\">Diversos actores pol\u00edticos han mostrado su indignaci\u00f3n ante lo que consideran es una consigna por reescribir la historia y\u00a0<a href=\"https:\/\/elpais.com\/chile\/2024-09-13\/playas-jardineria-y-asados-la-vida-de-fujimori-en-chile-antes-de-su-extradicion-a-peru.html\" data-link-track-dtm=\"\" data-mrf-link=\"https:\/\/elpais.com\/chile\/2024-09-13\/playas-jardineria-y-asados-la-vida-de-fujimori-en-chile-antes-de-su-extradicion-a-peru.html\">limpiar la figura del patriarca<\/a>\u00a0de los Fujimori, condenado a 25 a\u00f1os de prisi\u00f3n por cr\u00edmenes de lesa humanidad. El aut\u00f3crata falleci\u00f3 en libertad el 11 de septiembre a los 86 a\u00f1os, casi un a\u00f1o despu\u00e9s que el Tribunal Constitucional restituyera un indulto humanitario otorgado en 2017 por el expresidente Pedro Pablo Kuczynski. Una decisi\u00f3n cuestionada que el Gobierno de\u00a0<a href=\"https:\/\/elpais.com\/america\/2024-12-05\/los-12-dias-en-los-que-peru-no-tuvo-presidenta-al-frente.html\" data-link-track-dtm=\"\" data-mrf-link=\"https:\/\/elpais.com\/america\/2024-12-05\/los-12-dias-en-los-que-peru-no-tuvo-presidenta-al-frente.html\">Dina Boluarte<\/a>\u00a0llev\u00f3 a cabo a pesar de que supuso un desacato a la Corte Interamericana de Derechos Humanos.<\/p>\n<p class=\"\">La parlamentaria Ruth Luque ha declarado: \u201cLo que est\u00e1n haciendo el fujimorismo y sus aliados es borrar de la historia del Per\u00fa que Fujimori fue un dictador, que fue vacado y condenado por delitos de corrupci\u00f3n y violaciones a derechos humanos. Est\u00e1n utilizando el Parlamento no solo para salvarse de sus casos, sino para instituir una nueva memoria en la historia. El Parlamento est\u00e1 restituyendo la firma de un dictador, pero eso no borrar\u00e1 sus cr\u00edmenes\u201d. La tambi\u00e9n congresista Sigrid Baz\u00e1n tild\u00f3 a Fujimori de \u201cdelincuente\u201d y se\u00f1al\u00f3 que \u201cestos son los temas prioritarios para un Congreso que cada vez m\u00e1s est\u00e1 de espaldas a las necesidades de la gente\u201d.<\/p>\n<p class=\"\">En tanto, el parlamentario Fernando Rospigliosi dijo que el mencionado proyecto de ley es \u201creivindicaci\u00f3n hist\u00f3rica importante\u201d pues \u201cno se trata de una discusi\u00f3n sobre los aciertos o errores de Fujimori, sino de restablecer la verdad hist\u00f3rica. Nunca una firma de un presidente hab\u00eda sido eliminada de la Constituci\u00f3n\u201d. Quien fuera su m\u00e9dico de cabecera, el congresista Alejandro Aguinaga resumi\u00f3 el hecho con fanatismo: \u201cAl C\u00e9sar lo que es del C\u00e9sar, a Dios lo que es de Dios, y a Fujimori lo que es de Fujimori\u201d.<\/p>\n<p class=\"\">Durante el debate en la Comisi\u00f3n Permanente, las legisladoras Ruth Luque e Isabel Cortez solicitaron que la propuesta regrese a la Comisi\u00f3n de Constituci\u00f3n y se reconsiderara la votaci\u00f3n, pero ambas mociones fueron rechazadas con 16 votos en contra. Habr\u00e1 que esperar una semana para conocer si se ratifica la firma del\u00a0<i>nikkei\u00a0<\/i>que m\u00e1s ha polarizado a Per\u00fa.<\/p>\n","protected":false},"excerpt":{"rendered":"<p>&nbsp; &nbsp; &#8211; La Comisi\u00f3n Permanente del Legislativo valida en primera instancia la inclusi\u00f3n del nombre del fallecido aut\u00f3crata, suprimido de la Carta Magna en&hellip;<\/p>\n","protected":false},"author":99,"featured_media":527091,"comment_status":"open","ping_status":"open","sticky":false,"template":"","format":"standard","meta":{"footnotes":""},"categories":[23],"tags":[],"class_list":["post-527090","post","type-post","status-publish","format-standard","has-post-thumbnail","hentry","category-latinoamerica"],"_links":{"self":[{"href":"https:\/\/diarioelpopular.com\/index.php\/wp-json\/wp\/v2\/posts\/527090","targetHints":{"allow":["GET"]}}],"collection":[{"href":"https:\/\/diarioelpopular.com\/index.php\/wp-json\/wp\/v2\/posts"}],"about":[{"href":"https:\/\/diarioelpopular.com\/index.php\/wp-json\/wp\/v2\/types\/post"}],"author":[{"embeddable":true,"href":"https:\/\/diarioelpopular.com\/index.php\/wp-json\/wp\/v2\/users\/99"}],"replies":[{"embeddable":true,"href":"https:\/\/diarioelpopular.com\/index.php\/wp-json\/wp\/v2\/comments?post=527090"}],"version-history":[{"count":1,"href":"https:\/\/diarioelpopular.com\/index.php\/wp-json\/wp\/v2\/posts\/527090\/revisions"}],"predecessor-version":[{"id":527092,"href":"https:\/\/diarioelpopular.com\/index.php\/wp-json\/wp\/v2\/posts\/527090\/revisions\/527092"}],"wp:featuredmedia":[{"embeddable":true,"href":"https:\/\/diarioelpopular.com\/index.php\/wp-json\/wp\/v2\/media\/527091"}],"wp:attachment":[{"href":"https:\/\/diarioelpopular.com\/index.php\/wp-json\/wp\/v2\/media?parent=527090"}],"wp:term":[{"taxonomy":"category","embeddable":true,"href":"https:\/\/diarioelpopular.com\/index.php\/wp-json\/wp\/v2\/categories?post=527090"},{"taxonomy":"post_tag","embeddable":true,"href":"https:\/\/diarioelpopular.com\/index.php\/wp-json\/wp\/v2\/tags?post=527090"}],"curies":[{"name":"wp","href":"https:\/\/api.w.org\/{rel}","templated":true}]}}