{"id":527094,"date":"2025-01-08T13:29:49","date_gmt":"2025-01-08T17:29:49","guid":{"rendered":"https:\/\/diarioelpopular.com\/?p=527094"},"modified":"2025-01-08T13:29:49","modified_gmt":"2025-01-08T17:29:49","slug":"un-proyecto-de-siembra-de-algas-para-proteger-el-mar-pristino-de-la-patagonia-argentina","status":"publish","type":"post","link":"https:\/\/diarioelpopular.com\/index.php\/2025\/01\/08\/un-proyecto-de-siembra-de-algas-para-proteger-el-mar-pristino-de-la-patagonia-argentina\/","title":{"rendered":"Un proyecto de siembra de algas para proteger el mar pr\u00edstino de la Patagonia argentina"},"content":{"rendered":"<div id=\"attachment_527095\" style=\"width: 1210px\" class=\"wp-caption alignnone\"><img loading=\"lazy\" decoding=\"async\" aria-describedby=\"caption-attachment-527095\" class=\"wp-image-527095 size-custom-big-size\" src=\"https:\/\/diarioelpopular.com\/wp-content\/uploads\/2025\/01\/Screen-Shot-2025-01-08-at-12.29.13-PM-1200x677.png\" alt=\"\" width=\"1200\" height=\"677\" srcset=\"https:\/\/diarioelpopular.com\/wp-content\/uploads\/2025\/01\/Screen-Shot-2025-01-08-at-12.29.13-PM-1200x677.png 1200w, https:\/\/diarioelpopular.com\/wp-content\/uploads\/2025\/01\/Screen-Shot-2025-01-08-at-12.29.13-PM-300x169.png 300w, https:\/\/diarioelpopular.com\/wp-content\/uploads\/2025\/01\/Screen-Shot-2025-01-08-at-12.29.13-PM-768x433.png 768w, https:\/\/diarioelpopular.com\/wp-content\/uploads\/2025\/01\/Screen-Shot-2025-01-08-at-12.29.13-PM-636x359.png 636w, https:\/\/diarioelpopular.com\/wp-content\/uploads\/2025\/01\/Screen-Shot-2025-01-08-at-12.29.13-PM-129x73.png 129w, https:\/\/diarioelpopular.com\/wp-content\/uploads\/2025\/01\/Screen-Shot-2025-01-08-at-12.29.13-PM.png 1024w\" sizes=\"auto, (max-width: 1200px) 100vw, 1200px\" \/><p id=\"caption-attachment-527095\" class=\"wp-caption-text\">Integrantes de la fundaci\u00f3n Por el Mar navegan sobre los bosques marinos de la Patagonia argentina. Cristian Lagger<\/p><\/div>\n<p>&nbsp;<\/p>\n<p>&nbsp;<\/p>\n<h4 class=\"a_st\"><em>&#8211; La iniciativa de la fundaci\u00f3n Por el Mar busca conservar los bosques marinos de Santa Cruz y revitalizar la vida de las comunidades costeras<\/em><\/h4>\n<p>&nbsp;<\/p>\n<p>&nbsp;<\/p>\n<p class=\"\">La revista Science, una de las m\u00e1s prestigiosas en el mundo de la ciencia, public\u00f3 recientemente una carta firmada por una veintena de investigadores bajo el t\u00edtulo\u00a0<i>Proteger los bosques de algas<\/i>. All\u00ed indican que \u201csustentan una elevada biodiversidad y servicios ecosist\u00e9micos esenciales a lo largo del 30% de las costas del mundo. Sin embargo, est\u00e1n sometidos a graves amenazas a ra\u00edz de las olas de calor marinas, la deforestaci\u00f3n submarina, la<a href=\"https:\/\/elpais.com\/america-futura\/2024-08-09\/los-danos-del-atrapar-y-soltar-asi-impacta-la-pesca-recreativa-a-los-oceanos-de-centroamerica.html\" data-link-track-dtm=\"\" data-mrf-link=\"https:\/\/elpais.com\/america-futura\/2024-08-09\/los-danos-del-atrapar-y-soltar-asi-impacta-la-pesca-recreativa-a-los-oceanos-de-centroamerica.html\">\u00a0contaminaci\u00f3n y la sobrepesca<\/a>\u201d.<\/p>\n<p class=\"\">El mismo texto se\u00f1ala que menos del 1% de los bosques de algas de Am\u00e9rica Latina, que abarcan M\u00e9xico, Per\u00fa, Chile y Argentina y que comprenden aproximadamente el 40% de su distribuci\u00f3n global,\u00a0<a href=\"https:\/\/elpais.com\/america-futura\/2024-06-07\/colombia-costa-rica-ecuador-y-panama-consolidan-el-mayor-corredor-marino-protegido-del-mundo.html\" data-link-track-dtm=\"\" data-mrf-link=\"https:\/\/elpais.com\/america-futura\/2024-06-07\/colombia-costa-rica-ecuador-y-panama-consolidan-el-mayor-corredor-marino-protegido-del-mundo.html\">est\u00e1n en \u00c1reas Marinas Protegidas<\/a>. Finalmente, se\u00f1ala a modo de advertencia: \u201cEs imperativo tomar acciones urgentes para asegurar la persistencia de este ecosistema marino de importancia mundial\u201d.<\/p>\n<p class=\"\">Las costas de la Patagonia de la Argentina a\u00fan alberga bosques de algas pr\u00edstinos, que son refugio para delfines, ping\u00fcinos y tiburones, entre otras especies. Con el objetivo de proteger los bosques de macroalgas y crear una matriz productiva viable para las econom\u00edas regionales, la fundaci\u00f3n\u00a0<i>Por el Mar<\/i>\u00a0est\u00e1 realizando un proyecto de siembra regenerativa de\u00a0<i>macrocystis pyrifera<\/i>\u00a0-el nombre vulgar en Argentina es cachiyuyo- en la bah\u00eda de Puerto San Juli\u00e1n, un pueblo costero de la provincia de Santa Cruz.<\/p>\n<p>&nbsp;<\/p>\n<figure class=\"a_m a_m-h \">\n<p><div style=\"width: 424px\" class=\"wp-caption alignnone\"><img loading=\"lazy\" decoding=\"async\" class=\"_re lazyload a_m-h\" src=\"https:\/\/imagenes.elpais.com\/resizer\/v2\/D2ERQZABNBD43DEZH4YLY6UXHA.png?auth=6eee8fcdb2fbda5f01f078808d448d508030c5146c7484f6cfce06e12d462be4&amp;width=414\" sizes=\"auto, (min-width:1199px) 1155px,(min-width:1001px) calc(100vw - 44px),(min-width:768px) 767px, 100vw\" srcset=\"https:\/\/imagenes.elpais.com\/resizer\/v2\/D2ERQZABNBD43DEZH4YLY6UXHA.png?auth=6eee8fcdb2fbda5f01f078808d448d508030c5146c7484f6cfce06e12d462be4&amp;width=414 414w,https:\/\/imagenes.elpais.com\/resizer\/v2\/D2ERQZABNBD43DEZH4YLY6UXHA.png?auth=6eee8fcdb2fbda5f01f078808d448d508030c5146c7484f6cfce06e12d462be4&amp;width=828 640w,https:\/\/imagenes.elpais.com\/resizer\/v2\/D2ERQZABNBD43DEZH4YLY6UXHA.png?auth=6eee8fcdb2fbda5f01f078808d448d508030c5146c7484f6cfce06e12d462be4&amp;width=980 1000w,https:\/\/imagenes.elpais.com\/resizer\/v2\/D2ERQZABNBD43DEZH4YLY6UXHA.png?auth=6eee8fcdb2fbda5f01f078808d448d508030c5146c7484f6cfce06e12d462be4&amp;width=1960 1960w\" alt=\"Puesta de huevos de calamar en las algas patag\u00f3nicas.\" width=\"414\" height=\"273\" \/><p class=\"wp-caption-text\">Puesta de huevos de calamar en las algas patag\u00f3nicas.Cristian Lagger<\/p><\/div><figcaption class=\"a_m_p\"><\/figcaption><\/figure>\n<p>&nbsp;<\/p>\n<p class=\"\">\u201cEstos bosques sumergidos son ecosistemas muy productivos y biodiversos, con una gran cantidad de especies asociadas que directa o indirectamente dependen de ellos\u201d, dice Cristian Lagger, director cient\u00edfico de Por el Mar, investigador del Consejo Nacional de Investigaciones Cient\u00edficas y T\u00e9cnicas (CONICET) y explorador de National Geographic. \u201cSucede lo mismo que con los bosques terrestres y la vida de insectos, aves y mam\u00edferos, entre otros. Los bosques de algas tambi\u00e9n generan ox\u00edgeno y\u00a0<a href=\"https:\/\/elpais.com\/america-futura\/2022-11-12\/el-pasto-que-secuestra-mas-carbono-y-que-puede-revolucionar-la-ganaderia.html\" data-link-track-dtm=\"\" data-mrf-link=\"https:\/\/elpais.com\/america-futura\/2022-11-12\/el-pasto-que-secuestra-mas-carbono-y-que-puede-revolucionar-la-ganaderia.html\">secuestran di\u00f3xido de carbono<\/a>\u201d. El cient\u00edfico es uno de los firmantes de la carta de la revista estadounidense.<\/p>\n<p class=\"\">El trabajo de la granja comienza con la recolecci\u00f3n de material reproductivo de un individuo adulto de una poblaci\u00f3n natural de la especie. Luego, en un criadero, a partir de las esporas obtenidas, se desarrollan nuevos individuos en piletones de agua de mar con variables f\u00edsico-qu\u00edmicas controladas. Cuando llegan a los cinco mil\u00edmetros de tama\u00f1o son llevadas al mar a una estructura denominada \u201cgranja\u201d\u00a0<a href=\"https:\/\/elpais.com\/america-colombia\/2023-12-27\/los-jardineros-de-corales-que-vuelven-a-colorear-el-fondo-marino-del-caribe-colombiano.html\" data-link-track-dtm=\"\" data-mrf-link=\"https:\/\/elpais.com\/america-colombia\/2023-12-27\/los-jardineros-de-corales-que-vuelven-a-colorear-el-fondo-marino-del-caribe-colombiano.html\">donde crecer\u00e1n hasta el tama\u00f1o deseado<\/a>. Luego de cosechadas, las algas se procesan seg\u00fan el futuro que se les asigne.<\/p>\n<p class=\"\">\u201cEstamos en un estado incipiente de un proyecto piloto cient\u00edfico. Todos los pasos est\u00e1n protocolizados y firmamos convenios con ONGs internacionales que lo hacen. Nos asesoramos con la organizaci\u00f3n GreenWave, que promueve la acuicultura regenerativa. Estamos haciendo escuela para quienes vengan despu\u00e9s y asumimos la responsabilidad de los errores para mostrar el camino de c\u00f3mo se hace\u201d, agreg\u00f3 Lagger.<\/p>\n<p>&nbsp;<\/p>\n<figure class=\"a_m a_m-h \">\n<p><div style=\"width: 424px\" class=\"wp-caption alignnone\"><img loading=\"lazy\" decoding=\"async\" class=\"_re lazyload a_m-h\" src=\"https:\/\/imagenes.elpais.com\/resizer\/v2\/PL4RRT2NQNHIHHS5NVGBDY6UHE.jpg?auth=ac73dd7c4a4a65c264ddb77706a8bb786176f24f6e946e63ddc469dadb3a50a1&amp;width=414\" sizes=\"auto, (min-width:1199px) 1155px,(min-width:1001px) calc(100vw - 44px),(min-width:768px) 767px, 100vw\" srcset=\"https:\/\/imagenes.elpais.com\/resizer\/v2\/PL4RRT2NQNHIHHS5NVGBDY6UHE.jpg?auth=ac73dd7c4a4a65c264ddb77706a8bb786176f24f6e946e63ddc469dadb3a50a1&amp;width=414 414w,https:\/\/imagenes.elpais.com\/resizer\/v2\/PL4RRT2NQNHIHHS5NVGBDY6UHE.jpg?auth=ac73dd7c4a4a65c264ddb77706a8bb786176f24f6e946e63ddc469dadb3a50a1&amp;width=828 640w,https:\/\/imagenes.elpais.com\/resizer\/v2\/PL4RRT2NQNHIHHS5NVGBDY6UHE.jpg?auth=ac73dd7c4a4a65c264ddb77706a8bb786176f24f6e946e63ddc469dadb3a50a1&amp;width=980 1000w,https:\/\/imagenes.elpais.com\/resizer\/v2\/PL4RRT2NQNHIHHS5NVGBDY6UHE.jpg?auth=ac73dd7c4a4a65c264ddb77706a8bb786176f24f6e946e63ddc469dadb3a50a1&amp;width=1960 1960w\" alt=\"Jonathan Behm en monitoreo de intermareal de San Juli\u00e1n, Santa Cruz.\" width=\"414\" height=\"276\" \/><p class=\"wp-caption-text\">Jonathan Behm en monitoreo de intermareal de San Juli\u00e1n, Santa Cruz.Ailin Peirone<\/p><\/div><figcaption class=\"a_m_p\"><\/figcaption><\/figure>\n<p>&nbsp;<\/p>\n<p class=\"\">Para evaluar la factibilidad del cultivo, tambi\u00e9n se monitorean los impactos de su presencia en la bah\u00eda y los del crecimiento del alga en la granja con respecto a las poblaciones naturales. La idea es tener una noci\u00f3n clara de los impactos positivos, negativos o ausentes de la actividad sobre el sustrato, el agua y las comunidades biol\u00f3gicas.<\/p>\n<p class=\"\">Martina Sasso, directora y fundadora de\u00a0<i>Por el Mar<\/i>, cree que la conservaci\u00f3n marina funciona cuando se cruza con los modelos de desarrollo de las comunidades. \u201cLas algas se usan para muchas cadenas productivas. Por ejemplo, el mundo agropecuario la utiliza como fertilizante o como alimento para el ganado. Tambi\u00e9n sucede lo mismo con la farmac\u00e9utica y la medicina, adem\u00e1s de su car\u00e1cter de superalimento. Creemos que es el ecosistema de este siglo, quiz\u00e1 m\u00e1s relevante que los bosques de tierra. Pero tambi\u00e9n se viene un modelo productivo muy agresivo que, as\u00ed como deforesta la tierra, hace lo mismo con el mar\u201d, analiza Sasso.<\/p>\n<p class=\"\">Desde su creaci\u00f3n en 2022, la fundaci\u00f3n viene realizando estudios sobre los bosques marinos y realiz\u00f3 mapas satelitales de las macroalgas en la zona. La amenaza de deforestaci\u00f3n, sostiene Sasso, est\u00e1 m\u00e1s latente a partir de la llegada del presidente Javier Milei al poder. \u201cTenemos un presidente como Milei, con una filosof\u00eda de desregulaci\u00f3n de todas las matrices productivas. En esa l\u00ednea, aparece la posibilidad de empresas que llegan con planes de extracci\u00f3n directa. Pensamos que es m\u00e1s f\u00e1cil prevenir que curar\u201d, agrega.<\/p>\n<p>&nbsp;<\/p>\n<figure class=\"a_m a_m-h \">\n<p><div style=\"width: 424px\" class=\"wp-caption alignnone\"><img loading=\"lazy\" decoding=\"async\" class=\"_re lazyload a_m-h\" src=\"https:\/\/imagenes.elpais.com\/resizer\/v2\/UDWK4ZIYCZC2ZJO4USG3VY32IU.jpg?auth=70671b8b30009b5d3e6f280910bde53f440b7dff49a9376f6d53491a8dd4b512&amp;width=414\" sizes=\"auto, (min-width:1199px) 1155px,(min-width:1001px) calc(100vw - 44px),(min-width:768px) 767px, 100vw\" srcset=\"https:\/\/imagenes.elpais.com\/resizer\/v2\/UDWK4ZIYCZC2ZJO4USG3VY32IU.jpg?auth=70671b8b30009b5d3e6f280910bde53f440b7dff49a9376f6d53491a8dd4b512&amp;width=414 414w,https:\/\/imagenes.elpais.com\/resizer\/v2\/UDWK4ZIYCZC2ZJO4USG3VY32IU.jpg?auth=70671b8b30009b5d3e6f280910bde53f440b7dff49a9376f6d53491a8dd4b512&amp;width=828 640w,https:\/\/imagenes.elpais.com\/resizer\/v2\/UDWK4ZIYCZC2ZJO4USG3VY32IU.jpg?auth=70671b8b30009b5d3e6f280910bde53f440b7dff49a9376f6d53491a8dd4b512&amp;width=980 1000w,https:\/\/imagenes.elpais.com\/resizer\/v2\/UDWK4ZIYCZC2ZJO4USG3VY32IU.jpg?auth=70671b8b30009b5d3e6f280910bde53f440b7dff49a9376f6d53491a8dd4b512&amp;width=1960 1960w\" alt=\"Macricystis pyrifera, especie de macroalgas nativas de la Patagonia.\" width=\"414\" height=\"233\" \/><p class=\"wp-caption-text\">Macricystis pyrifera, especie de macroalgas nativas de la Patagonia.Rod S\u00e1nchez (Rod Sa\u0301nchez)<\/p><\/div><figcaption class=\"a_m_p\"><\/figcaption><\/figure>\n<p>&nbsp;<\/p>\n<p class=\"\">La granja de Puerto San Juli\u00e1n apunta a ser una matriz productiva viable para las econom\u00edas regionales; algo de gran valor en una regi\u00f3n que abandon\u00f3 la pesca para dedicarse a otras actividades. \u201cTenemos una generaci\u00f3n de pescadores artesanales dedicados a la miner\u00eda y los hidrocarburos. Con este y otros proyectos, buscamos reconectar a las nuevas generaciones con el mar y retomar las ra\u00edces de sus padres y abuelos, que se dedicaban a la marisquer\u00eda artesanal. La primera cosecha de la granja ser\u00e1 en abril. Con el resultado se har\u00e1n pruebas con bioestimulantes para el agro. Son una buena competencia para los\u00a0<a href=\"https:\/\/elpais.com\/america-futura\/2023-12-03\/resistir-al-capitalismo-semilla-a-semilla.html\" data-link-track-dtm=\"\" data-mrf-link=\"https:\/\/elpais.com\/america-futura\/2023-12-03\/resistir-al-capitalismo-semilla-a-semilla.html\">fertilizantes en un pa\u00eds que necesita la recuperaci\u00f3n del suelo<\/a>\u201d, apunta Sasso, cuya fundaci\u00f3n trabaja con otros proyectos ligados a la conservaci\u00f3n de \u00e1reas marinas de la Patagonia y otra granja de algas en Tierra del Fuego en 2025, a ra\u00edz de acuerdos con los Gobiernos de esa provincia y de Santa Cruz.<\/p>\n<p class=\"\">Jonathan Behm es cuarta generaci\u00f3n de pescadores de la zona. Su bisabuelo comenz\u00f3 la actividad de forma artesanal en la bah\u00eda de Puerto San Juli\u00e1n. En otros a\u00f1os, hab\u00eda un circuito productivo de cooperativas de pescadores en torno a los ejemplares de trucha, mejill\u00f3n y pejerrey, que se redujo a unos pocos pescadores en la actualidad. \u201cHay pocas oportunidades para desarrollarse en la pesca artesanal y muchas que vienen de la miner\u00eda\u201d, resume Behm, quien trabaj\u00f3 en el cultivo de mejillones, en la miner\u00eda y ahora est\u00e1 a cargo de la infraestructura de la granja de algas.<\/p>\n<p class=\"\">\u201cNunca fue mi sue\u00f1o ser minero, pero a m\u00ed y a muchos j\u00f3venes no nos quedaban opciones en un lugar cuya matriz productiva se basa en la miner\u00eda\u201d, explica. \u201cAc\u00e1 los bosques de algas son inmensos. Pensar que yo protestaba porque se enganchaban en la h\u00e9lice de las embarcaciones. No la ve\u00eda como algo productivo. Ahora s\u00e9 que, adem\u00e1s, se puede reproducir y llegar a ser lucrativo\u201d.<\/p>\n<p>&nbsp;<\/p>\n<figure class=\"a_m a_m-h \">\n<p><div style=\"width: 424px\" class=\"wp-caption alignnone\"><img loading=\"lazy\" decoding=\"async\" class=\"_re lazyload a_m-h\" src=\"https:\/\/imagenes.elpais.com\/resizer\/v2\/YAD7LQKYHRGLHFUQEBRCTQP6DQ.jpg?auth=5c83a1a9de6fcd08d4fedda66b36d84463a1f25820be71811b330a8dc9d9609b&amp;width=414\" sizes=\"auto, (min-width:1199px) 1155px,(min-width:1001px) calc(100vw - 44px),(min-width:768px) 767px, 100vw\" srcset=\"https:\/\/imagenes.elpais.com\/resizer\/v2\/YAD7LQKYHRGLHFUQEBRCTQP6DQ.jpg?auth=5c83a1a9de6fcd08d4fedda66b36d84463a1f25820be71811b330a8dc9d9609b&amp;width=414 414w,https:\/\/imagenes.elpais.com\/resizer\/v2\/YAD7LQKYHRGLHFUQEBRCTQP6DQ.jpg?auth=5c83a1a9de6fcd08d4fedda66b36d84463a1f25820be71811b330a8dc9d9609b&amp;width=828 640w,https:\/\/imagenes.elpais.com\/resizer\/v2\/YAD7LQKYHRGLHFUQEBRCTQP6DQ.jpg?auth=5c83a1a9de6fcd08d4fedda66b36d84463a1f25820be71811b330a8dc9d9609b&amp;width=980 1000w,https:\/\/imagenes.elpais.com\/resizer\/v2\/YAD7LQKYHRGLHFUQEBRCTQP6DQ.jpg?auth=5c83a1a9de6fcd08d4fedda66b36d84463a1f25820be71811b330a8dc9d9609b&amp;width=1960 1960w\" alt=\"Cristian Lagger explorando los bosques de macroalgas.\" width=\"414\" height=\"311\" \/><p class=\"wp-caption-text\">Cristian Lagger explorando los bosques de macroalgas.Rod S\u00e1nchez (Rod Sa\u0301nchez)<\/p><\/div><figcaption class=\"a_m_p\"><\/figcaption><\/figure>\n<p>&nbsp;<\/p>\n<p class=\"\">Este proyecto le permite a Behm so\u00f1ar con el regreso de su generaci\u00f3n al mar. \u201cTenemos bosques de algas v\u00edrgenes. Estamos a tiempo de proponer una alternativa antes de que los talen. Es importante que se mantengan pr\u00edstinos porque la pesca de costa y muchas otras cosas se van a perder. Sue\u00f1o con que la gente vuelva a vivir del mar\u201d.<\/p>\n","protected":false},"excerpt":{"rendered":"<p>&nbsp; &nbsp; &#8211; La iniciativa de la fundaci\u00f3n Por el Mar busca conservar los bosques marinos de Santa Cruz y revitalizar la vida de las&hellip;<\/p>\n","protected":false},"author":99,"featured_media":527095,"comment_status":"open","ping_status":"open","sticky":false,"template":"","format":"standard","meta":{"footnotes":""},"categories":[23],"tags":[],"class_list":["post-527094","post","type-post","status-publish","format-standard","has-post-thumbnail","hentry","category-latinoamerica"],"_links":{"self":[{"href":"https:\/\/diarioelpopular.com\/index.php\/wp-json\/wp\/v2\/posts\/527094","targetHints":{"allow":["GET"]}}],"collection":[{"href":"https:\/\/diarioelpopular.com\/index.php\/wp-json\/wp\/v2\/posts"}],"about":[{"href":"https:\/\/diarioelpopular.com\/index.php\/wp-json\/wp\/v2\/types\/post"}],"author":[{"embeddable":true,"href":"https:\/\/diarioelpopular.com\/index.php\/wp-json\/wp\/v2\/users\/99"}],"replies":[{"embeddable":true,"href":"https:\/\/diarioelpopular.com\/index.php\/wp-json\/wp\/v2\/comments?post=527094"}],"version-history":[{"count":1,"href":"https:\/\/diarioelpopular.com\/index.php\/wp-json\/wp\/v2\/posts\/527094\/revisions"}],"predecessor-version":[{"id":527096,"href":"https:\/\/diarioelpopular.com\/index.php\/wp-json\/wp\/v2\/posts\/527094\/revisions\/527096"}],"wp:featuredmedia":[{"embeddable":true,"href":"https:\/\/diarioelpopular.com\/index.php\/wp-json\/wp\/v2\/media\/527095"}],"wp:attachment":[{"href":"https:\/\/diarioelpopular.com\/index.php\/wp-json\/wp\/v2\/media?parent=527094"}],"wp:term":[{"taxonomy":"category","embeddable":true,"href":"https:\/\/diarioelpopular.com\/index.php\/wp-json\/wp\/v2\/categories?post=527094"},{"taxonomy":"post_tag","embeddable":true,"href":"https:\/\/diarioelpopular.com\/index.php\/wp-json\/wp\/v2\/tags?post=527094"}],"curies":[{"name":"wp","href":"https:\/\/api.w.org\/{rel}","templated":true}]}}