{"id":527140,"date":"2025-01-09T10:50:34","date_gmt":"2025-01-09T14:50:34","guid":{"rendered":"https:\/\/diarioelpopular.com\/?p=527140"},"modified":"2025-01-09T10:50:34","modified_gmt":"2025-01-09T14:50:34","slug":"a-estados-unidos-vamos-a-llamarle-america-mexicana-se-oye-bonito-la-respuesta-de-claudia-sheinbaum-a-trump-por-querer-cambiar-el-nombre-del-golfo-de-mexico","status":"publish","type":"post","link":"https:\/\/diarioelpopular.com\/index.php\/2025\/01\/09\/a-estados-unidos-vamos-a-llamarle-america-mexicana-se-oye-bonito-la-respuesta-de-claudia-sheinbaum-a-trump-por-querer-cambiar-el-nombre-del-golfo-de-mexico\/","title":{"rendered":"&#8220;A Estados Unidos vamos a llamarle Am\u00e9rica Mexicana, se oye bonito&#8221;: la respuesta de Claudia Sheinbaum a Trump por querer cambiar el nombre del Golfo de M\u00e9xico"},"content":{"rendered":"<div id=\"attachment_527141\" style=\"width: 646px\" class=\"wp-caption alignnone\"><img loading=\"lazy\" decoding=\"async\" aria-describedby=\"caption-attachment-527141\" class=\"wp-image-527141 size-custom-full-size\" src=\"https:\/\/diarioelpopular.com\/wp-content\/uploads\/2025\/01\/Screen-Shot-2025-01-09-at-9.49.59-AM-636x316.png\" alt=\"\" width=\"636\" height=\"316\" srcset=\"https:\/\/diarioelpopular.com\/wp-content\/uploads\/2025\/01\/Screen-Shot-2025-01-09-at-9.49.59-AM-636x316.png 636w, https:\/\/diarioelpopular.com\/wp-content\/uploads\/2025\/01\/Screen-Shot-2025-01-09-at-9.49.59-AM-300x149.png 300w, https:\/\/diarioelpopular.com\/wp-content\/uploads\/2025\/01\/Screen-Shot-2025-01-09-at-9.49.59-AM-768x381.png 768w, https:\/\/diarioelpopular.com\/wp-content\/uploads\/2025\/01\/Screen-Shot-2025-01-09-at-9.49.59-AM-146x73.png 146w, https:\/\/diarioelpopular.com\/wp-content\/uploads\/2025\/01\/Screen-Shot-2025-01-09-at-9.49.59-AM.png 1024w\" sizes=\"auto, (max-width: 636px) 100vw, 636px\" \/><p id=\"caption-attachment-527141\" class=\"wp-caption-text\">Claudia Sheinbaum le respondi\u00f3 a Trump mostrando un mapamundi de 1607.<\/p><\/div>\n<p>&nbsp;<\/p>\n<p>&nbsp;<\/p>\n<div class=\"bbc-19j92fr ebmt73l0\" dir=\"ltr\">\n<ul>\n<li class=\"bbc-hhl7in e17g058b0\" dir=\"ltr\"><em><b>Un d\u00eda despu\u00e9s de que el presidente electo de Estados Unidos, Donald Trump, propusiera sus absurdas declaraciones de cambiar el nombre del Golfo de M\u00e9xico por el de &#8220;Golfo de Am\u00e9rica&#8221;, la presidente mexicana sali\u00f3 a responderle.<\/b><\/em><\/li>\n<\/ul>\n<\/div>\n<div class=\"bbc-19j92fr ebmt73l0\" dir=\"ltr\">\n<p dir=\"ltr\">\n<p dir=\"ltr\">\n<p class=\"bbc-hhl7in e17g058b0\" dir=\"ltr\">Con una sonrisa y mostrando un mapamundi de 1607 en el que aparece una parte del territorio mexicano y una parte del territorio estadounidense como una sola unidad -sin la separaci\u00f3n lim\u00edtrofe que existe en la actualidad-, Claudia Sheinbaum propuso renombrar esa geograf\u00eda.<\/p>\n<\/div>\n<div class=\"bbc-19j92fr ebmt73l0\" dir=\"ltr\">\n<p class=\"bbc-hhl7in e17g058b0\" dir=\"ltr\">&#8220;\u00bfPor qu\u00e9 no le llamamos Am\u00e9rica Mexicana? Se oye bonito \u00bfno?, \u00bfverdad que s\u00ed?&#8221;, plante\u00f3 Sheinbaum.<\/p>\n<\/div>\n<div class=\"bbc-19j92fr ebmt73l0\" dir=\"ltr\">\n<p class=\"bbc-hhl7in e17g058b0\" dir=\"ltr\">&#8220;Desde 1607, la Constituci\u00f3n de Apatzing\u00e1n era de Am\u00e9rica Mexicana. Entonces, vamos a llamarle Am\u00e9rica Mexicana&#8221;, agreg\u00f3.<\/p>\n<\/div>\n<div class=\"bbc-19j92fr ebmt73l0\" dir=\"ltr\">\n<p class=\"bbc-hhl7in e17g058b0\" dir=\"ltr\">Sheinbaum recalc\u00f3 que el nombre Golfo de M\u00e9xico est\u00e1 reconocido internacionalmente.<\/p>\n<\/div>\n<div class=\"bbc-19j92fr ebmt73l0\" dir=\"ltr\">\n<p class=\"bbc-hhl7in e17g058b0\" dir=\"ltr\">&#8220;Yo creo que ayer, con todo respeto, al presidente Trump le mal informaron que en M\u00e9xico todav\u00eda gobernaban Felipe Calder\u00f3n y Garc\u00eda Luna, pero no. En M\u00e9xico gobierna el pueblo&#8221;, concluy\u00f3 la presidente.<\/p>\n<\/div>\n<div class=\"bbc-19j92fr ebmt73l0\" dir=\"ltr\">\n<h2 id=\"Qu\u00e9-dijo-Trump\" class=\"bbc-1lgzob2 eglt09e0\" tabindex=\"-1\">\u00bfQu\u00e9 dijo Trump?<\/h2>\n<\/div>\n<div class=\"bbc-19j92fr ebmt73l0\" dir=\"ltr\">\n<p class=\"bbc-hhl7in e17g058b0\" dir=\"ltr\">Trump expres\u00f3 el martes su idea de cambiar el nombre del Golfo de M\u00e9xico por el de Golfo de Am\u00e9rica.<\/p>\n<p dir=\"ltr\">\n<\/div>\n<figure class=\"bbc-1qn0xuy\">\n<div class=\"bbc-18ywsw9\">\n<div style=\"width: 1027px\" class=\"wp-caption alignnone\"><img loading=\"lazy\" decoding=\"async\" class=\"bbc-139onq\" src=\"https:\/\/ichef.bbci.co.uk\/ace\/ws\/640\/cpsprodpb\/65c4\/live\/4e863b50-cdd6-11ef-902a-23eb87d4aebc.jpg.webp\" alt=\"Donald Trump en rueda de prensa el 7 de enero de 2025\" width=\"1017\" height=\"572\" \/><p class=\"wp-caption-text\">Fuente de la imagen,Getty Images.\u00a0\u00a0Trump propuso cambiar el nombre de la cuenca oce\u00e1nica.<\/p><\/div>\n<\/div>\n<\/figure>\n<div class=\"bbc-19j92fr ebmt73l0\" dir=\"ltr\">\n<p dir=\"ltr\">\n<p dir=\"ltr\">\n<p class=\"bbc-hhl7in e17g058b0\" dir=\"ltr\">&#8220;Muy pronto vamos a anunciar el cambio\u2026 porque nosotros hacemos la mayor parte del trabajo all\u00ed y es nuestro\u2026 vamos a cambiar el nombre del Golfo de M\u00e9xico por el de Golfo de Am\u00e9rica&#8221;.<\/p>\n<\/div>\n<div class=\"bbc-19j92fr ebmt73l0\" dir=\"ltr\">\n<p class=\"bbc-hhl7in e17g058b0\" dir=\"ltr\">&#8220;Golfo de Am\u00e9rica, qu\u00e9 nombre tan hermoso. Y es apropiado \u2026&#8221;, agreg\u00f3, sin dar m\u00e1s detalles sobre su propuesta.<\/p>\n<\/div>\n<div class=\"bbc-19j92fr ebmt73l0\" dir=\"ltr\">\n<p class=\"bbc-hhl7in e17g058b0\" dir=\"ltr\">Luego, dijo que M\u00e9xico &#8220;debe dejar de permitir que millones de personas se vuelquen sobre nuestro pa\u00eds&#8221; y posteriormente volvi\u00f3 a reiterar su amenaza de imponer aranceles &#8220;muy serios&#8221; a M\u00e9xico y Canad\u00e1.<\/p>\n<\/div>\n<div class=\"bbc-19j92fr ebmt73l0\" dir=\"ltr\">\n<p class=\"bbc-hhl7in e17g058b0\" dir=\"ltr\">Trump no explic\u00f3 c\u00f3mo y cu\u00e1ndo piensa concretar su absurda y rid\u00edcula propuesta de cambio de nombre, pero, poco despu\u00e9s de sus comentarios, la legisladora republicana Marjorie Taylor Greene afirm\u00f3 que presentar\u00eda un proyecto de ley para realizar el cambio.<\/p>\n<\/div>\n<div class=\"bbc-19j92fr ebmt73l0\" dir=\"ltr\">\n<p class=\"bbc-hhl7in e17g058b0\" dir=\"ltr\">&#8220;El segundo mandato del presidente Trump ha tenido un GRAN comienzo&#8221;, escribi\u00f3 Taylor Greene en la red social X. &#8220;\u00a1Presentar\u00e9 una legislaci\u00f3n lo antes posible para cambiar oficialmente el nombre del Golfo de M\u00e9xico a su nombre leg\u00edtimo, el Golfo de Am\u00e9rica!&#8221;.<\/p>\n<\/div>\n<div class=\"bbc-19j92fr ebmt73l0\" dir=\"ltr\">\n<h2 id=\"El-origen-del-nombre\" class=\"bbc-1lgzob2 eglt09e0\" tabindex=\"-1\">El origen del nombre<\/h2>\n<\/div>\n<div class=\"bbc-19j92fr ebmt73l0\" dir=\"ltr\">\n<p class=\"bbc-hhl7in e17g058b0\" dir=\"ltr\">El Golfo de M\u00e9xico, que cubre m\u00e1s de 1,6 millones de km2, es una cuenca oce\u00e1nica contenida entre el oc\u00e9ano Atl\u00e1ntico y el mar Caribe entre los litorales del este de M\u00e9xico, el sureste de Estados Unidos y el occidente de Cuba.<\/p>\n<p dir=\"ltr\">\n<\/div>\n<figure class=\"bbc-1qn0xuy\">\n<div class=\"bbc-18ywsw9\">\n<div style=\"width: 1928px\" class=\"wp-caption alignnone\"><img loading=\"lazy\" decoding=\"async\" class=\"bbc-139onq\" src=\"https:\/\/ichef.bbci.co.uk\/ace\/ws\/640\/cpsprodpb\/3f26\/live\/9c2acdf0-cdcf-11ef-902a-23eb87d4aebc.jpg.webp\" alt=\"mapa del Golfo de M\u00e9xico\" width=\"1918\" height=\"1079\" \/><p class=\"wp-caption-text\">Fuente de la imagen,Getty Images.\u00a0\u00a0El Golfo de M\u00e9xico se ubica entre los litorales del este de M\u00e9xico, el sureste de Estados Unidos y el occidente de Cuba.<\/p><\/div>\n<\/div>\n<\/figure>\n<div class=\"bbc-19j92fr ebmt73l0\" dir=\"ltr\">\n<p dir=\"ltr\">\n<p dir=\"ltr\">\n<p class=\"bbc-hhl7in e17g058b0\" dir=\"ltr\">Cinco estados mexicanos tienen costa en el golfo: Tamaulipas, Veracruz, Tabasco, Campeche y Yucat\u00e1n.<\/p>\n<\/div>\n<div class=\"bbc-19j92fr ebmt73l0\" dir=\"ltr\">\n<p class=\"bbc-hhl7in e17g058b0\" dir=\"ltr\">Tambi\u00e9n tienen costa en el golfo los estados estadounidenses de Florida, Alabama, Misisipi, Luisiana y Texas, y las provincias cubanas de Pinar del R\u00edo y Artemisa.<\/p>\n<\/div>\n<div class=\"bbc-19j92fr ebmt73l0\" dir=\"ltr\">\n<p class=\"bbc-hhl7in e17g058b0\" dir=\"ltr\">El cuerpo de agua fue nombrado por primera vez como Golfo de M\u00e9xico en los mapas europeos del siglo XVI y posteriormente el nombre continu\u00f3 utiliz\u00e1ndose con frecuencia.<\/p>\n<\/div>\n<div class=\"bbc-19j92fr ebmt73l0\" dir=\"ltr\">\n<p class=\"bbc-hhl7in e17g058b0\" dir=\"ltr\">En la actualidad, existen acuerdos internacionales de delimitaci\u00f3n fronteriza mar\u00edtima establecidos por organizaciones como la Convenci\u00f3n de Naciones Unidas sobre el Derecho del Mar entre Estados Unidos y M\u00e9xico, Estados Unidos y Cuba, y M\u00e9xico y Cuba, que reconocen el nombre de la zona como Golfo de M\u00e9xico.<\/p>\n<\/div>\n<div class=\"bbc-19j92fr ebmt73l0\" dir=\"ltr\">\n<p class=\"bbc-hhl7in e17g058b0\" dir=\"ltr\">Por otro lado, la delimitaci\u00f3n fronteriza del Golfo de M\u00e9xico entre Estados Unidos, M\u00e9xico y Cuba tambi\u00e9n ha sido definida por la m\u00e1xima autoridad internacional en materia de delimitaci\u00f3n de mares, la Organizaci\u00f3n Hidrogr\u00e1fica Internacional (IHO).<\/p>\n<\/div>\n","protected":false},"excerpt":{"rendered":"<p>&nbsp; &nbsp; Un d\u00eda despu\u00e9s de que el presidente electo de Estados Unidos, Donald Trump, propusiera sus absurdas declaraciones de cambiar el nombre del Golfo&hellip;<\/p>\n","protected":false},"author":99,"featured_media":527141,"comment_status":"open","ping_status":"open","sticky":false,"template":"","format":"standard","meta":{"footnotes":""},"categories":[23],"tags":[],"class_list":["post-527140","post","type-post","status-publish","format-standard","has-post-thumbnail","hentry","category-latinoamerica"],"_links":{"self":[{"href":"https:\/\/diarioelpopular.com\/index.php\/wp-json\/wp\/v2\/posts\/527140","targetHints":{"allow":["GET"]}}],"collection":[{"href":"https:\/\/diarioelpopular.com\/index.php\/wp-json\/wp\/v2\/posts"}],"about":[{"href":"https:\/\/diarioelpopular.com\/index.php\/wp-json\/wp\/v2\/types\/post"}],"author":[{"embeddable":true,"href":"https:\/\/diarioelpopular.com\/index.php\/wp-json\/wp\/v2\/users\/99"}],"replies":[{"embeddable":true,"href":"https:\/\/diarioelpopular.com\/index.php\/wp-json\/wp\/v2\/comments?post=527140"}],"version-history":[{"count":1,"href":"https:\/\/diarioelpopular.com\/index.php\/wp-json\/wp\/v2\/posts\/527140\/revisions"}],"predecessor-version":[{"id":527142,"href":"https:\/\/diarioelpopular.com\/index.php\/wp-json\/wp\/v2\/posts\/527140\/revisions\/527142"}],"wp:featuredmedia":[{"embeddable":true,"href":"https:\/\/diarioelpopular.com\/index.php\/wp-json\/wp\/v2\/media\/527141"}],"wp:attachment":[{"href":"https:\/\/diarioelpopular.com\/index.php\/wp-json\/wp\/v2\/media?parent=527140"}],"wp:term":[{"taxonomy":"category","embeddable":true,"href":"https:\/\/diarioelpopular.com\/index.php\/wp-json\/wp\/v2\/categories?post=527140"},{"taxonomy":"post_tag","embeddable":true,"href":"https:\/\/diarioelpopular.com\/index.php\/wp-json\/wp\/v2\/tags?post=527140"}],"curies":[{"name":"wp","href":"https:\/\/api.w.org\/{rel}","templated":true}]}}