{"id":527160,"date":"2025-01-10T11:14:13","date_gmt":"2025-01-10T15:14:13","guid":{"rendered":"https:\/\/diarioelpopular.com\/?p=527160"},"modified":"2025-01-10T11:14:13","modified_gmt":"2025-01-10T15:14:13","slug":"en-imagenes-chigualo-la-tradicion-de-la-costa-de-ecuador-con-la-que-el-pueblo-afro-despidio-a-los-4-de-guayaquil","status":"publish","type":"post","link":"https:\/\/diarioelpopular.com\/index.php\/2025\/01\/10\/en-imagenes-chigualo-la-tradicion-de-la-costa-de-ecuador-con-la-que-el-pueblo-afro-despidio-a-los-4-de-guayaquil\/","title":{"rendered":"En im\u00e1genes: Chigualo, la tradici\u00f3n de la costa de Ecuador con la que el pueblo afro despidi\u00f3 a &#8220;los 4 de Guayaquil&#8221;"},"content":{"rendered":"<div id=\"attachment_527161\" style=\"width: 646px\" class=\"wp-caption alignnone\"><img loading=\"lazy\" decoding=\"async\" aria-describedby=\"caption-attachment-527161\" class=\"wp-image-527161 size-custom-full-size\" src=\"https:\/\/diarioelpopular.com\/wp-content\/uploads\/2025\/01\/Screen-Shot-2025-01-10-at-10.13.30-AM-636x359.png\" alt=\"\" width=\"636\" height=\"359\" srcset=\"https:\/\/diarioelpopular.com\/wp-content\/uploads\/2025\/01\/Screen-Shot-2025-01-10-at-10.13.30-AM-636x359.png 636w, https:\/\/diarioelpopular.com\/wp-content\/uploads\/2025\/01\/Screen-Shot-2025-01-10-at-10.13.30-AM-300x169.png 300w, https:\/\/diarioelpopular.com\/wp-content\/uploads\/2025\/01\/Screen-Shot-2025-01-10-at-10.13.30-AM-768x433.png 768w, https:\/\/diarioelpopular.com\/wp-content\/uploads\/2025\/01\/Screen-Shot-2025-01-10-at-10.13.30-AM-129x73.png 129w, https:\/\/diarioelpopular.com\/wp-content\/uploads\/2025\/01\/Screen-Shot-2025-01-10-at-10.13.30-AM.png 1024w\" sizes=\"auto, (max-width: 636px) 100vw, 636px\" \/><p id=\"caption-attachment-527161\" class=\"wp-caption-text\">El chigualo es una ceremonia f\u00fanebre tradicional entre el pueblo afro de la costa ecuatoriana para despedir a ni\u00f1os fallecidos.<\/p><\/div>\n<p>&nbsp;<\/p>\n<p>&nbsp;<\/p>\n<div class=\"bbc-19j92fr ebmt73l0\" dir=\"ltr\">\n<ul>\n<li class=\"bbc-hhl7in e17g058b0\" dir=\"ltr\"><em><b>&#8220;\u00bfD\u00f3nde est\u00e1n los ni\u00f1os, Til\u00edn Til\u00edn? \u00bfQui\u00e9n se los ha llevado?&#8221;.<\/b><\/em><\/li>\n<\/ul>\n<\/div>\n<div class=\"bbc-19j92fr ebmt73l0\" dir=\"ltr\">\n<p dir=\"ltr\">\n<p class=\"bbc-hhl7in e17g058b0\" dir=\"ltr\">Entre coros, percusiones de madera e instrumentos de cuerda afroecuatorianos, el pueblo afro despidi\u00f3 a Josu\u00e9, Ismael, Nehem\u00edas Sa\u00fal y Steven, conocidas como &#8220;los cuatro de Guayaquil&#8221;, con una ceremonia f\u00fanebre tradicional de las costas de Ecuador: el chigualo.<\/p>\n<\/div>\n<div class=\"bbc-19j92fr ebmt73l0\" dir=\"ltr\">\n<p class=\"bbc-hhl7in e17g058b0\" dir=\"ltr\">Los cuatro ni\u00f1os desaparecieron el 8 de diciembre y fueron hallados asesinados el 24 de ese mes.<\/p>\n<\/div>\n<div class=\"bbc-19j92fr ebmt73l0\" dir=\"ltr\">\n<p class=\"bbc-hhl7in e17g058b0\" dir=\"ltr\">Sus restos, reconocidos en pleno fin de a\u00f1o, el 31 de diciembre, dejaron al pa\u00eds sumido en la consternaci\u00f3n, pues detr\u00e1s de las investigaciones hay 16 militares investigados por desaparici\u00f3n forzada. Sus familias encabezaron el chigualo.<\/p>\n<\/div>\n<section class=\"bbc-geybui\" role=\"region\" aria-label=\"Publicidad 2\" aria-hidden=\"true\" data-e2e=\"advertisement\">\n<div id=\"dotcom-mpu\" class=\"dotcom-ad active\" aria-hidden=\"true\">\n<div class=\"dotcom-ad-inner\">\n<div id=\"dotcom-slot-mpu\" class=\"dotcom-slot\" data-google-query-id=\"CNvw3L6364oDFRbiGAIdKNgE0Q\">\n<div id=\"google_ads_iframe_\/4817\/bbcworldservice.live.site.mundo\/mundo_content_1__container__\"><\/div>\n<\/div>\n<\/div>\n<\/div>\n<\/section>\n<figure class=\"bbc-1qn0xuy\">\n<div class=\"bbc-18ywsw9\">\n<div style=\"width: 5194px\" class=\"wp-caption alignnone\"><img loading=\"lazy\" decoding=\"async\" class=\"bbc-139onq\" src=\"https:\/\/ichef.bbci.co.uk\/ace\/ws\/640\/cpsprodpb\/0475\/live\/08e5e640-cf5c-11ef-9fd6-0be88a764111.jpg.webp\" alt=\"Personas que llevan carteles con las fotos de los cuatro de Guayaquil.\" width=\"5184\" height=\"3456\" \/><p class=\"wp-caption-text\">Fuente de la imagen,Donal D\u00edaz.\u00a0\u00a0Muchos vecinos y familiares se unieron al chigualo.<\/p><\/div>\n<\/div>\n<\/figure>\n<div class=\"bbc-19j92fr ebmt73l0\" dir=\"ltr\">\n<p dir=\"ltr\">\n<p dir=\"ltr\">\n<p class=\"bbc-hhl7in e17g058b0\" dir=\"ltr\">El pueblo afroecuatoriano organiz\u00f3 esta cita este mi\u00e9rcoles junto a varios colectivos civiles y culturales que apoyan a los familiares de los cuatro j\u00f3venes desde que se conoci\u00f3 el caso.<\/p>\n<\/div>\n<div class=\"bbc-19j92fr ebmt73l0\" dir=\"ltr\">\n<p class=\"bbc-hhl7in e17g058b0\" dir=\"ltr\">Uriel Castillo Nazareno, coordinador del Movimiento Afro Nacional Ecuatoriano (MANE), explic\u00f3 que la convocatoria tuvo como objetivo la reflexi\u00f3n:<\/p>\n<\/div>\n<div class=\"bbc-19j92fr ebmt73l0\" dir=\"ltr\">\n<p class=\"bbc-hhl7in e17g058b0\" dir=\"ltr\">&#8220;Los ni\u00f1os no deben morir. Esta cita cultural deja en manifiesto nuestra mayor lucha contra el racismo y lo hacemos, a la vez, a trav\u00e9s de nuestra cultura. Es un regalo para Ecuador&#8221;.<\/p>\n<p dir=\"ltr\">\n<\/div>\n<figure class=\"bbc-1qn0xuy\">\n<div class=\"bbc-18ywsw9\"><img loading=\"lazy\" decoding=\"async\" class=\"bbc-139onq\" src=\"https:\/\/ichef.bbci.co.uk\/ace\/ws\/640\/cpsprodpb\/c332\/live\/cdba7980-cf53-11ef-9fd6-0be88a764111.jpg.webp\" sizes=\"auto, (min-width: 1008px) 760px, 100vw\" srcset=\"https:\/\/ichef.bbci.co.uk\/ace\/ws\/240\/cpsprodpb\/c332\/live\/cdba7980-cf53-11ef-9fd6-0be88a764111.jpg.webp 240w, https:\/\/ichef.bbci.co.uk\/ace\/ws\/320\/cpsprodpb\/c332\/live\/cdba7980-cf53-11ef-9fd6-0be88a764111.jpg.webp 320w, https:\/\/ichef.bbci.co.uk\/ace\/ws\/480\/cpsprodpb\/c332\/live\/cdba7980-cf53-11ef-9fd6-0be88a764111.jpg.webp 480w, https:\/\/ichef.bbci.co.uk\/ace\/ws\/624\/cpsprodpb\/c332\/live\/cdba7980-cf53-11ef-9fd6-0be88a764111.jpg.webp 624w, https:\/\/ichef.bbci.co.uk\/ace\/ws\/800\/cpsprodpb\/c332\/live\/cdba7980-cf53-11ef-9fd6-0be88a764111.jpg.webp 800w\" alt=\"Varias personas en una manifestaci\u00f3n con instrumentos musicales.\" width=\"5712\" height=\"4284\" \/><\/p>\n<p class=\"bbc-by8ykd\" role=\"text\"><span class=\"bbc-m04vo2\">Fuente de la imagen,<\/span><span lang=\"en-GB\">Blanca Moncada Pesantes.\u00a0\u00a0<\/span>El chigualo se caracteriza por su mezcla de m\u00fasica, canto y danza.<\/p>\n<p role=\"text\">\n<\/div>\n<\/figure>\n<figure class=\"bbc-1qn0xuy\">\n<div class=\"bbc-18ywsw9\"><img loading=\"lazy\" decoding=\"async\" class=\"bbc-139onq\" src=\"https:\/\/ichef.bbci.co.uk\/ace\/ws\/640\/cpsprodpb\/d7ef\/live\/51d35ca0-cf59-11ef-87df-d575b9a434a4.jpg.webp\" sizes=\"auto, (min-width: 1008px) 760px, 100vw\" srcset=\"https:\/\/ichef.bbci.co.uk\/ace\/ws\/240\/cpsprodpb\/d7ef\/live\/51d35ca0-cf59-11ef-87df-d575b9a434a4.jpg.webp 240w, https:\/\/ichef.bbci.co.uk\/ace\/ws\/320\/cpsprodpb\/d7ef\/live\/51d35ca0-cf59-11ef-87df-d575b9a434a4.jpg.webp 320w, https:\/\/ichef.bbci.co.uk\/ace\/ws\/480\/cpsprodpb\/d7ef\/live\/51d35ca0-cf59-11ef-87df-d575b9a434a4.jpg.webp 480w, https:\/\/ichef.bbci.co.uk\/ace\/ws\/624\/cpsprodpb\/d7ef\/live\/51d35ca0-cf59-11ef-87df-d575b9a434a4.jpg.webp 624w, https:\/\/ichef.bbci.co.uk\/ace\/ws\/800\/cpsprodpb\/d7ef\/live\/51d35ca0-cf59-11ef-87df-d575b9a434a4.jpg.webp 800w\" alt=\"Velas encendidas y flores ante dos retratos de los ni\u00f1os asesinados.\" width=\"5184\" height=\"3456\" \/><\/p>\n<p class=\"bbc-by8ykd\" role=\"text\"><span class=\"bbc-m04vo2\">Fuente de la imagen,<\/span><span lang=\"en-GB\">Donal D\u00edaz.\u00a0\u00a0<\/span>El asesinato de los cuatro ni\u00f1os ha sacudido a la sociedad ecuatoriana.<\/p>\n<\/div>\n<\/figure>\n<div class=\"bbc-19j92fr ebmt73l0\" dir=\"ltr\">\n<h2 tabindex=\"-1\"><\/h2>\n<h2 id=\"Chigualo-clamor-de-justicia-y-rescate-cultural-antirracista\" class=\"bbc-1lgzob2 eglt09e0\" tabindex=\"-1\">Chigualo: clamor de justicia y rescate cultural antirracista<\/h2>\n<\/div>\n<div class=\"bbc-19j92fr ebmt73l0\" dir=\"ltr\">\n<p class=\"bbc-hhl7in e17g058b0\" dir=\"ltr\">La caminata avanz\u00f3 a modo de procesi\u00f3n. Rosas blancas, velas encendidas, gigantograf\u00edas de los ni\u00f1os y carteles con mensajes como &#8220;\u00bfPor qu\u00e9?&#8221; o &#8220;Duele Ecuador&#8221; acompa\u00f1aron la ca\u00edda de la noche y el arrullo: el c\u00e1ntico que son\u00f3 durante todo el chigualo.<\/p>\n<\/div>\n<div class=\"bbc-19j92fr ebmt73l0\" dir=\"ltr\">\n<p class=\"bbc-hhl7in e17g058b0\" dir=\"ltr\">Un chigualo no se realiza siempre.<\/p>\n<\/div>\n<div class=\"bbc-19j92fr ebmt73l0\" dir=\"ltr\">\n<p class=\"bbc-hhl7in e17g058b0\" dir=\"ltr\">Es una cita para el luto, explica a BBC Mundo Guillermo Leones, l\u00edder de la ONG Pueblo Negro del Ecuador: &#8220;Es un ritual significativo en la cultura afroecuatoriana. Se organiza para despedir a los ni\u00f1os que han fallecido y se caracteriza por su mezcla de m\u00fasica, canto y danza&#8221;.<\/p>\n<p dir=\"ltr\">\n<\/div>\n<figure class=\"bbc-1qn0xuy\">\n<div class=\"bbc-18ywsw9\">\n<div style=\"width: 4042px\" class=\"wp-caption alignnone\"><img loading=\"lazy\" decoding=\"async\" class=\"bbc-139onq\" src=\"https:\/\/ichef.bbci.co.uk\/ace\/ws\/640\/cpsprodpb\/bc21\/live\/1af5c960-cf55-11ef-87df-d575b9a434a4.jpg.webp\" alt=\"Luis Arroyo acaricia el retrato de uno de sus hijos.\" width=\"4032\" height=\"3024\" \/><p class=\"wp-caption-text\">Fuente de la imagen,Blanca Moncada Pesantes.\u00a0\u00a0Luis Arroyo, el padre de Josu\u00e9 e Ismael, derrumbado ante los retratos de sus hijos.<\/p><\/div>\n<\/div>\n<\/figure>\n<div class=\"bbc-19j92fr ebmt73l0\" dir=\"ltr\">\n<p dir=\"ltr\">\n<p dir=\"ltr\">\n<p class=\"bbc-hhl7in e17g058b0\" dir=\"ltr\">Pero este chigualo tuvo tambi\u00e9n una carga de resistencia. &#8220;No nos olvidamos de los 4 de Guayaquil. Y no nos olvidamos del racismo impregnado en este caso y en todos los que involucran ataques contra negros inocentes. No vamos a parar. Queremos verdad, justicia, sanci\u00f3n, reparaci\u00f3n y no repetici\u00f3n&#8221;, explic\u00f3.<\/p>\n<\/div>\n<div class=\"bbc-19j92fr ebmt73l0\" dir=\"ltr\">\n<p class=\"bbc-hhl7in e17g058b0\" dir=\"ltr\">Mar\u00eda Nazareno, de la ONG de danza negra Orisha, dice que el caso de los 4 de Guayaquil &#8220;fue la gota que derram\u00f3 el vaso&#8221; y que el chigualo tambi\u00e9n pretende que el gobierno entienda que &#8220;el pueblo afro tiene derechos&#8221;.<\/p>\n<p dir=\"ltr\">\n<\/div>\n<figure class=\"bbc-1qn0xuy\">\n<div class=\"bbc-18ywsw9\">\n<div style=\"width: 5722px\" class=\"wp-caption alignnone\"><img loading=\"lazy\" decoding=\"async\" class=\"bbc-139onq\" src=\"https:\/\/ichef.bbci.co.uk\/ace\/ws\/640\/cpsprodpb\/aad5\/live\/c67cc450-cf55-11ef-94cb-5f844ceb9e30.jpg.webp\" alt=\"Varias personas subidas en una camioneta con un retrato de Steven.\" width=\"5712\" height=\"4284\" \/><p class=\"wp-caption-text\">Fuente de la imagen,Blanca Moncada Pesantes.\u00a0\u00a0La familia de Steven, de solo 11 a\u00f1os, fue acompa\u00f1ada por sus vecinos en el chigualo.<\/p><\/div>\n<p class=\"bbc-by8ykd\" role=\"text\">\n<\/div>\n<\/figure>\n<div class=\"bbc-19j92fr ebmt73l0\" dir=\"ltr\">\n<p dir=\"ltr\">\n<p class=\"bbc-hhl7in e17g058b0\" dir=\"ltr\">No hay momento en la historia reciente donde haya habido tanta fuerza negra en resistencia, reconoce Cecilia S\u00e1nchez, activista por la no violencia.<\/p>\n<\/div>\n<div class=\"bbc-19j92fr ebmt73l0\" dir=\"ltr\">\n<p class=\"bbc-hhl7in e17g058b0\" dir=\"ltr\">&#8220;Los 4 de Guayaquil han hecho posible un rescate cultural importante. Nos han unido como pueblo. Ellos, que deber\u00edan estar ahora mismo jugando f\u00fatbol, como lo hac\u00edan, han hecho que volvamos a hablar de la indignaci\u00f3n que causan los estereotipos&#8221;.<\/p>\n<\/div>\n<div class=\"bbc-19j92fr ebmt73l0\" dir=\"ltr\">\n<h2 id=\"Los-pasos-de-los-4-de-Guayaquil\" class=\"bbc-1lgzob2 eglt09e0\" tabindex=\"-1\">Los pasos de los 4 de Guayaquil<\/h2>\n<\/div>\n<div class=\"bbc-19j92fr ebmt73l0\" dir=\"ltr\">\n<p class=\"bbc-hhl7in e17g058b0\" dir=\"ltr\">El chigualo se realiz\u00f3 al final de la tarde. Los organizadores decidieron recorrer los \u00faltimos pasos de los ni\u00f1os en Las Malvinas, un barrio empobrecido del sur de Guayaquil rodeado de esteros, donde jugar a la pelota por las tardes es toda una tradici\u00f3n.<\/p>\n<\/div>\n<div class=\"bbc-19j92fr ebmt73l0\" dir=\"ltr\">\n<p class=\"bbc-hhl7in e17g058b0\" dir=\"ltr\">Desde las casas de los ni\u00f1os hasta las canchas donde jugaron por \u00faltima vez hay exactamente 10 minutos a pie. De all\u00ed a la avenida donde fueron captados por el Ej\u00e9rcito la noche del 8 de diciembre de 2024, hay media hora.<\/p>\n<p dir=\"ltr\">\n<\/div>\n<figure class=\"bbc-1qn0xuy\">\n<div class=\"bbc-18ywsw9\"><img loading=\"lazy\" decoding=\"async\" class=\"bbc-139onq\" src=\"https:\/\/ichef.bbci.co.uk\/ace\/ws\/640\/cpsprodpb\/0ac5\/live\/3c21f450-cf56-11ef-94cb-5f844ceb9e30.jpg.webp\" sizes=\"auto, (min-width: 1008px) 760px, 100vw\" srcset=\"https:\/\/ichef.bbci.co.uk\/ace\/ws\/240\/cpsprodpb\/0ac5\/live\/3c21f450-cf56-11ef-94cb-5f844ceb9e30.jpg.webp 240w, https:\/\/ichef.bbci.co.uk\/ace\/ws\/320\/cpsprodpb\/0ac5\/live\/3c21f450-cf56-11ef-94cb-5f844ceb9e30.jpg.webp 320w, https:\/\/ichef.bbci.co.uk\/ace\/ws\/480\/cpsprodpb\/0ac5\/live\/3c21f450-cf56-11ef-94cb-5f844ceb9e30.jpg.webp 480w, https:\/\/ichef.bbci.co.uk\/ace\/ws\/624\/cpsprodpb\/0ac5\/live\/3c21f450-cf56-11ef-94cb-5f844ceb9e30.jpg.webp 624w, https:\/\/ichef.bbci.co.uk\/ace\/ws\/800\/cpsprodpb\/0ac5\/live\/3c21f450-cf56-11ef-94cb-5f844ceb9e30.jpg.webp 800w\" alt=\"Dos camisetas con el lema &quot;Somos futbolistas, no delincuentes&quot; y un ramo de flores.\" width=\"4032\" height=\"3024\" \/><\/p>\n<p class=\"bbc-by8ykd\" role=\"text\"><span class=\"bbc-m04vo2\">Fuente de la imagen,<\/span><span lang=\"en-GB\">Blanca Moncada Pesantes\/.\u00a0<\/span>El lema &#8220;Somos futbolistas, no delincuentes&#8221; ha acompa\u00f1ado las protestas por el asesinato de los cuatro ni\u00f1os.<\/p>\n<p role=\"text\">\n<\/div>\n<\/figure>\n<figure class=\"bbc-1qn0xuy\">\n<div class=\"bbc-18ywsw9\">\n<div style=\"width: 3530px\" class=\"wp-caption alignnone\"><img loading=\"lazy\" decoding=\"async\" class=\"bbc-139onq\" src=\"https:\/\/ichef.bbci.co.uk\/ace\/ws\/640\/cpsprodpb\/d525\/live\/e5747120-cf58-11ef-94cb-5f844ceb9e30.jpg.webp\" alt=\"La familia de Josu\u00e9 e Ismael en el chigualo.\" width=\"3520\" height=\"1980\" \/><p class=\"wp-caption-text\">Fuente de la imagen,Blanca Moncada Pesantes.\u00a0\u00a0La familia de Josu\u00e9 e Ismael.<\/p><\/div>\n<\/div>\n<\/figure>\n<div class=\"bbc-19j92fr ebmt73l0\" dir=\"ltr\">\n<p dir=\"ltr\">\n<p dir=\"ltr\">\n<p class=\"bbc-hhl7in e17g058b0\" dir=\"ltr\">Luis Arroyo, padre de Josu\u00e9 e Ismael, acompa\u00f1ado de su esposa y su hija de 9 a\u00f1os, fue el primero en arribar al lugar donde termin\u00f3 el recorrido, sobre la avenida 25 de Julio, una concurrida ruta hacia el Puerto de Guayaquil, cercana a un centro comercial.<\/p>\n<\/div>\n<div class=\"bbc-19j92fr ebmt73l0\" dir=\"ltr\">\n<p class=\"bbc-hhl7in e17g058b0\" dir=\"ltr\">Se postr\u00f3 de rodillas ante el retrato de los ni\u00f1os y llor\u00f3. Llor\u00f3 como si apenas se enterara de la muerte de sus hijos, junto a su esposa, acompa\u00f1ado de los arrullos que no dejaron de sonar en la voz del m\u00fasico Carlos Valencia y otros artistas durante todo el recorrido.<\/p>\n<p dir=\"ltr\">\n<\/div>\n<figure class=\"bbc-1qn0xuy\">\n<div class=\"bbc-18ywsw9\">\n<div style=\"width: 5194px\" class=\"wp-caption alignnone\"><img loading=\"lazy\" decoding=\"async\" class=\"bbc-139onq\" src=\"https:\/\/ichef.bbci.co.uk\/ace\/ws\/640\/cpsprodpb\/da32\/live\/f6e93370-cf56-11ef-87df-d575b9a434a4.jpg.webp\" alt=\"Varias mujeres y ni\u00f1as portan velas y un cartel.\" width=\"5184\" height=\"3456\" \/><p class=\"wp-caption-text\">Fuente de la imagen,Donal D\u00edaz.\u00a0\u00a0El chigualo recorri\u00f3 el \u00faltimo camino que hicieron los ni\u00f1os en el barrio de Las Malvinas.<\/p><\/div>\n<p class=\"bbc-by8ykd\" role=\"text\">\n<\/div>\n<\/figure>\n<div class=\"bbc-19j92fr ebmt73l0\" dir=\"ltr\">\n<h2 id=\"La-promesa\" class=\"bbc-1lgzob2 eglt09e0\" tabindex=\"-1\">La promesa<\/h2>\n<\/div>\n<div class=\"bbc-19j92fr ebmt73l0\" dir=\"ltr\">\n<p class=\"bbc-hhl7in e17g058b0\" dir=\"ltr\">Uriel Castillo Nazareno, coordinador del Movimiento Afro Nacional Ecuatoriano (MANE), ley\u00f3 un manifiesto en el que asegur\u00f3 que el pueblo negro de Guayaquil se mantendr\u00e1 vigilante: cada mes, cada 8, volver\u00e1n con arrullos a recorrer el sur hasta que se haga justicia. Uno de los pedidos es que no se indulte a los militares involucrados. Otro, que cese el racismo.<\/p>\n<p dir=\"ltr\">\n<\/div>\n<figure class=\"bbc-1qn0xuy\">\n<div class=\"bbc-18ywsw9\">\n<div style=\"width: 3530px\" class=\"wp-caption alignnone\"><img loading=\"lazy\" decoding=\"async\" class=\"bbc-139onq\" src=\"https:\/\/ichef.bbci.co.uk\/ace\/ws\/640\/cpsprodpb\/2777\/live\/40362790-cf57-11ef-9fd6-0be88a764111.jpg.webp\" alt=\"Mujeres portando rosas blancas en el chigualo.\" width=\"3520\" height=\"1980\" \/><p class=\"wp-caption-text\">Fuente de la imagen,Blanca Moncada Pesantes.\u00a0\u00a0Muchos vecinos acompa\u00f1aron el chigualo portando rosas blancas.<\/p><\/div>\n<p class=\"bbc-by8ykd\" role=\"text\">\n<\/div>\n<\/figure>\n<div class=\"bbc-19j92fr ebmt73l0\" dir=\"ltr\">\n<p dir=\"ltr\">\n<p class=\"bbc-hhl7in e17g058b0\" dir=\"ltr\">El pueblo afro eligi\u00f3 la misma acera donde los ni\u00f1os fueron subidos al carro de los militares el 8 de diciembre, de acuerdo con un video viral, para el altar de los menores. All\u00ed se colocaron los retratos, las velas, las flores y los carteles. All\u00ed se cant\u00f3 y se llor\u00f3 de nuevo a los 4 de Guayaquil, hasta pasadas las 20:00.<\/p>\n<\/div>\n<div class=\"bbc-19j92fr ebmt73l0\" dir=\"ltr\">\n<p class=\"bbc-hhl7in e17g058b0\" dir=\"ltr\">&#8220;\u00bfD\u00f3nde est\u00e1n los ni\u00f1os, Til\u00edn Til\u00edn? \u00bfQui\u00e9n se los ha llevado?&#8221;. La pregunta que no se deja de escuchar en Ecuador.<\/p>\n<p dir=\"ltr\">\n<\/div>\n<figure class=\"bbc-1qn0xuy\">\n<div class=\"bbc-18ywsw9\"><img loading=\"lazy\" decoding=\"async\" class=\"bbc-139onq\" src=\"https:\/\/ichef.bbci.co.uk\/ace\/ws\/640\/cpsprodpb\/da7a\/live\/b354de50-cf58-11ef-94cb-5f844ceb9e30.jpg.webp\" sizes=\"auto, (min-width: 1008px) 760px, 100vw\" srcset=\"https:\/\/ichef.bbci.co.uk\/ace\/ws\/240\/cpsprodpb\/da7a\/live\/b354de50-cf58-11ef-94cb-5f844ceb9e30.jpg.webp 240w, https:\/\/ichef.bbci.co.uk\/ace\/ws\/320\/cpsprodpb\/da7a\/live\/b354de50-cf58-11ef-94cb-5f844ceb9e30.jpg.webp 320w, https:\/\/ichef.bbci.co.uk\/ace\/ws\/480\/cpsprodpb\/da7a\/live\/b354de50-cf58-11ef-94cb-5f844ceb9e30.jpg.webp 480w, https:\/\/ichef.bbci.co.uk\/ace\/ws\/624\/cpsprodpb\/da7a\/live\/b354de50-cf58-11ef-94cb-5f844ceb9e30.jpg.webp 624w, https:\/\/ichef.bbci.co.uk\/ace\/ws\/800\/cpsprodpb\/da7a\/live\/b354de50-cf58-11ef-94cb-5f844ceb9e30.jpg.webp 800w\" alt=\"La familia de Nehem\u00edas Sa\u00fal.\" width=\"5184\" height=\"3456\" \/><\/p>\n<p class=\"bbc-by8ykd\" role=\"text\"><span class=\"bbc-m04vo2\">Fuente de la imagen,<\/span><span lang=\"en-GB\">Blanca Moncada Pesantes.\u00a0\u00a0<\/span>La familia de Nehem\u00edas Sa\u00fal<\/p>\n<\/div>\n<\/figure>\n","protected":false},"excerpt":{"rendered":"<p>&nbsp; &nbsp; &#8220;\u00bfD\u00f3nde est\u00e1n los ni\u00f1os, Til\u00edn Til\u00edn? \u00bfQui\u00e9n se los ha llevado?&#8221;. Entre coros, percusiones de madera e instrumentos de cuerda afroecuatorianos, el pueblo&hellip;<\/p>\n","protected":false},"author":99,"featured_media":527161,"comment_status":"open","ping_status":"open","sticky":false,"template":"","format":"standard","meta":{"footnotes":""},"categories":[23],"tags":[],"class_list":["post-527160","post","type-post","status-publish","format-standard","has-post-thumbnail","hentry","category-latinoamerica"],"_links":{"self":[{"href":"https:\/\/diarioelpopular.com\/index.php\/wp-json\/wp\/v2\/posts\/527160","targetHints":{"allow":["GET"]}}],"collection":[{"href":"https:\/\/diarioelpopular.com\/index.php\/wp-json\/wp\/v2\/posts"}],"about":[{"href":"https:\/\/diarioelpopular.com\/index.php\/wp-json\/wp\/v2\/types\/post"}],"author":[{"embeddable":true,"href":"https:\/\/diarioelpopular.com\/index.php\/wp-json\/wp\/v2\/users\/99"}],"replies":[{"embeddable":true,"href":"https:\/\/diarioelpopular.com\/index.php\/wp-json\/wp\/v2\/comments?post=527160"}],"version-history":[{"count":1,"href":"https:\/\/diarioelpopular.com\/index.php\/wp-json\/wp\/v2\/posts\/527160\/revisions"}],"predecessor-version":[{"id":527162,"href":"https:\/\/diarioelpopular.com\/index.php\/wp-json\/wp\/v2\/posts\/527160\/revisions\/527162"}],"wp:featuredmedia":[{"embeddable":true,"href":"https:\/\/diarioelpopular.com\/index.php\/wp-json\/wp\/v2\/media\/527161"}],"wp:attachment":[{"href":"https:\/\/diarioelpopular.com\/index.php\/wp-json\/wp\/v2\/media?parent=527160"}],"wp:term":[{"taxonomy":"category","embeddable":true,"href":"https:\/\/diarioelpopular.com\/index.php\/wp-json\/wp\/v2\/categories?post=527160"},{"taxonomy":"post_tag","embeddable":true,"href":"https:\/\/diarioelpopular.com\/index.php\/wp-json\/wp\/v2\/tags?post=527160"}],"curies":[{"name":"wp","href":"https:\/\/api.w.org\/{rel}","templated":true}]}}