{"id":527183,"date":"2025-01-11T11:43:03","date_gmt":"2025-01-11T15:43:03","guid":{"rendered":"https:\/\/diarioelpopular.com\/?p=527183"},"modified":"2025-01-11T11:43:03","modified_gmt":"2025-01-11T15:43:03","slug":"mujer-de-29-anos-acusada-de-apunalar-a-otra-e-incendiar-residencia","status":"publish","type":"post","link":"https:\/\/diarioelpopular.com\/index.php\/2025\/01\/11\/mujer-de-29-anos-acusada-de-apunalar-a-otra-e-incendiar-residencia\/","title":{"rendered":"Mujer de 29 a\u00f1os acusada de apu\u00f1alar a otra e incendiar residencia"},"content":{"rendered":"<p><img loading=\"lazy\" decoding=\"async\" class=\"alignnone size-custom-full-size wp-image-527184\" src=\"https:\/\/diarioelpopular.com\/wp-content\/uploads\/2025\/01\/Screen-Shot-2025-01-11-at-10.42.35-AM-636x478.png\" alt=\"\" width=\"636\" height=\"478\" srcset=\"https:\/\/diarioelpopular.com\/wp-content\/uploads\/2025\/01\/Screen-Shot-2025-01-11-at-10.42.35-AM-636x478.png 636w, https:\/\/diarioelpopular.com\/wp-content\/uploads\/2025\/01\/Screen-Shot-2025-01-11-at-10.42.35-AM-300x225.png 300w, https:\/\/diarioelpopular.com\/wp-content\/uploads\/2025\/01\/Screen-Shot-2025-01-11-at-10.42.35-AM-768x577.png 768w, https:\/\/diarioelpopular.com\/wp-content\/uploads\/2025\/01\/Screen-Shot-2025-01-11-at-10.42.35-AM-97x73.png 97w, https:\/\/diarioelpopular.com\/wp-content\/uploads\/2025\/01\/Screen-Shot-2025-01-11-at-10.42.35-AM.png 844w\" sizes=\"auto, (max-width: 636px) 100vw, 636px\" \/><\/p>\n<p>&nbsp;<\/p>\n<p><em><strong>La acusada ha sido acusada de haber apu\u00f1alado y herir gravemente a la v\u00edctima para luego prenderle fuego a una residencia<\/strong><\/em><\/p>\n<p>&nbsp;<\/p>\n<p>&nbsp;<\/p>\n<p>Una mujer de 29 a\u00f1os est\u00e1 acusada de un violento ataque en el centro y de prender fuego deliberadamente a una residencia el viernes.<\/p>\n<p>La polic\u00eda de Toronto dijo que los agentes respondieron a una llamada de incendio en el \u00e1rea de las calles Sherbourne y Shuter alrededor de las 11:20 a.m.<\/p>\n<p>\u201cSe alega que se produjo un altercado entre una mujer y la v\u00edctima\u201d, dijo la agente Ashley Visser en un comunicado publicado el s\u00e1bado. \u201cLa mujer apu\u00f1al\u00f3 a la v\u00edctima y le prendi\u00f3 fuego a una residencia\u201d.<\/p>\n<p>Dijo que la v\u00edctima fue trasladada al hospital con heridas \u201cgraves\u201d que no se cre\u00eda que pusieran en peligro su vida.<\/p>\n<p>Posteriormente se identific\u00f3 y arrest\u00f3 a la responsable poco tiempo despu\u00e9s.<\/p>\n<p>Nakitha Smith, de Toronto, est\u00e1 acusada de agresi\u00f3n agravada y dos cargos de incendio provocado.<\/p>\n<p>Se esperaba que compareciera ante el tribunal para una audiencia frente a un juez.<\/p>\n<p>Se insta a cualquier persona que tenga informaci\u00f3n sobre esta investigaci\u00f3n a llamar a la polic\u00eda al 416-808-5100 o a Crime Stoppers de forma an\u00f3nima al 1-800-222-TIPS (8477).<\/p>\n","protected":false},"excerpt":{"rendered":"<p>&nbsp; La acusada ha sido acusada de haber apu\u00f1alado y herir gravemente a la v\u00edctima para luego prenderle fuego a una residencia &nbsp; &nbsp; Una&hellip;<\/p>\n","protected":false},"author":99,"featured_media":527184,"comment_status":"open","ping_status":"open","sticky":false,"template":"","format":"standard","meta":{"footnotes":""},"categories":[11364],"tags":[],"class_list":["post-527183","post","type-post","status-publish","format-standard","has-post-thumbnail","hentry","category-toronto-gta"],"_links":{"self":[{"href":"https:\/\/diarioelpopular.com\/index.php\/wp-json\/wp\/v2\/posts\/527183","targetHints":{"allow":["GET"]}}],"collection":[{"href":"https:\/\/diarioelpopular.com\/index.php\/wp-json\/wp\/v2\/posts"}],"about":[{"href":"https:\/\/diarioelpopular.com\/index.php\/wp-json\/wp\/v2\/types\/post"}],"author":[{"embeddable":true,"href":"https:\/\/diarioelpopular.com\/index.php\/wp-json\/wp\/v2\/users\/99"}],"replies":[{"embeddable":true,"href":"https:\/\/diarioelpopular.com\/index.php\/wp-json\/wp\/v2\/comments?post=527183"}],"version-history":[{"count":1,"href":"https:\/\/diarioelpopular.com\/index.php\/wp-json\/wp\/v2\/posts\/527183\/revisions"}],"predecessor-version":[{"id":527185,"href":"https:\/\/diarioelpopular.com\/index.php\/wp-json\/wp\/v2\/posts\/527183\/revisions\/527185"}],"wp:featuredmedia":[{"embeddable":true,"href":"https:\/\/diarioelpopular.com\/index.php\/wp-json\/wp\/v2\/media\/527184"}],"wp:attachment":[{"href":"https:\/\/diarioelpopular.com\/index.php\/wp-json\/wp\/v2\/media?parent=527183"}],"wp:term":[{"taxonomy":"category","embeddable":true,"href":"https:\/\/diarioelpopular.com\/index.php\/wp-json\/wp\/v2\/categories?post=527183"},{"taxonomy":"post_tag","embeddable":true,"href":"https:\/\/diarioelpopular.com\/index.php\/wp-json\/wp\/v2\/tags?post=527183"}],"curies":[{"name":"wp","href":"https:\/\/api.w.org\/{rel}","templated":true}]}}