{"id":527265,"date":"2025-01-14T10:33:58","date_gmt":"2025-01-14T14:33:58","guid":{"rendered":"https:\/\/diarioelpopular.com\/?p=527265"},"modified":"2025-01-14T10:33:58","modified_gmt":"2025-01-14T14:33:58","slug":"el-asesinato-de-la-joven-laken-riley-a-manos-de-un-venezolano-indocumentado-que-inspiro-una-polemica-ley-para-deportar-a-migrantes-irregulares-en-ee-uu","status":"publish","type":"post","link":"https:\/\/diarioelpopular.com\/index.php\/2025\/01\/14\/el-asesinato-de-la-joven-laken-riley-a-manos-de-un-venezolano-indocumentado-que-inspiro-una-polemica-ley-para-deportar-a-migrantes-irregulares-en-ee-uu\/","title":{"rendered":"El asesinato de la joven Laken Riley a manos de un venezolano indocumentado que inspir\u00f3 una pol\u00e9mica ley para deportar a migrantes irregulares en EE.UU."},"content":{"rendered":"<div id=\"attachment_527266\" style=\"width: 646px\" class=\"wp-caption alignnone\"><img loading=\"lazy\" decoding=\"async\" aria-describedby=\"caption-attachment-527266\" class=\"wp-image-527266 size-custom-full-size\" src=\"https:\/\/diarioelpopular.com\/wp-content\/uploads\/2025\/01\/Screen-Shot-2025-01-14-at-9.32.45-AM-636x361.png\" alt=\"\" width=\"636\" height=\"361\" srcset=\"https:\/\/diarioelpopular.com\/wp-content\/uploads\/2025\/01\/Screen-Shot-2025-01-14-at-9.32.45-AM-636x361.png 636w, https:\/\/diarioelpopular.com\/wp-content\/uploads\/2025\/01\/Screen-Shot-2025-01-14-at-9.32.45-AM-300x170.png 300w, https:\/\/diarioelpopular.com\/wp-content\/uploads\/2025\/01\/Screen-Shot-2025-01-14-at-9.32.45-AM-768x436.png 768w, https:\/\/diarioelpopular.com\/wp-content\/uploads\/2025\/01\/Screen-Shot-2025-01-14-at-9.32.45-AM-129x73.png 129w, https:\/\/diarioelpopular.com\/wp-content\/uploads\/2025\/01\/Screen-Shot-2025-01-14-at-9.32.45-AM.png 1024w\" sizes=\"auto, (max-width: 636px) 100vw, 636px\" \/><p id=\"caption-attachment-527266\" class=\"wp-caption-text\">La universitaria Laken Riley fue asesinada en febrero de 2024 por un migrante indocumentado venezolano acusado de delitos previos. Si hubiese sido deportado, ella estar\u00eda con vida.<\/p><\/div>\n<p>&nbsp;<\/p>\n<p>&nbsp;<\/p>\n<div class=\"bbc-19j92fr ebmt73l0\" dir=\"ltr\">\n<ul>\n<li class=\"bbc-hhl7in e17g058b0\" dir=\"ltr\"><em><b>Para los migrantes irregulares en Estados Unidos, una acusaci\u00f3n de hurto o robo ser\u00e1 motivo de arresto y muy probablemente deportaci\u00f3n.<\/b><\/em><\/li>\n<\/ul>\n<\/div>\n<div class=\"bbc-19j92fr ebmt73l0\" dir=\"ltr\">\n<p dir=\"ltr\">\n<p class=\"bbc-hhl7in e17g058b0\" dir=\"ltr\">Lo recoge una nueva y pol\u00e9mica ley que podr\u00eda entrar en vigor incluso antes de que el pr\u00f3ximo lunes 20 de enero Donald Trump inicie su mandato como presidente del pa\u00eds norteamericano.<\/p>\n<\/div>\n<div class=\"bbc-19j92fr ebmt73l0\" dir=\"ltr\">\n<p class=\"bbc-hhl7in e17g058b0\" dir=\"ltr\">El a\u00fan proyecto de ley Laken Riley, que en este momento se encuentra en fase de debate en el Senado, es obra del Partido Republicano de Trump pero tambi\u00e9n cuenta con el apoyo de numerosos congresistas y senadores dem\u00f3cratas.<\/p>\n<\/div>\n<div class=\"bbc-19j92fr ebmt73l0\" dir=\"ltr\">\n<p class=\"bbc-hhl7in e17g058b0\" dir=\"ltr\">La ley tambi\u00e9n permitir\u00e1 a los estados demandar al gobierno federal si libera a un indocumentado bajo custodia o no aplica ciertas leyes migratorias.<\/p>\n<\/div>\n<div class=\"bbc-19j92fr ebmt73l0\" dir=\"ltr\">\n<p class=\"bbc-hhl7in e17g058b0\" dir=\"ltr\">Sus defensores creen que aumentar\u00e1 la seguridad ciudadana, mientras las voces cr\u00edticas aseguran que contradice los valores constitucionales y viola la presunci\u00f3n de inocencia de los migrantes.<\/p>\n<\/div>\n<div class=\"bbc-19j92fr ebmt73l0\" dir=\"ltr\">\n<p class=\"bbc-hhl7in e17g058b0\" dir=\"ltr\">Analizamos en qu\u00e9 consiste esta ley, cu\u00e1les ser\u00e1n sus repercusiones y por qu\u00e9 es tan pol\u00e9mica.<\/p>\n<\/div>\n<div class=\"bbc-19j92fr ebmt73l0\" dir=\"ltr\">\n<h2 id=\"As\u00ed-es-la-ley\" class=\"bbc-1lgzob2 eglt09e0\" tabindex=\"-1\">As\u00ed es la ley<\/h2>\n<\/div>\n<div class=\"bbc-19j92fr ebmt73l0\" dir=\"ltr\">\n<p class=\"bbc-hhl7in e17g058b0\" dir=\"ltr\">El nombre de la ley, Laken Riley, es el de una estudiante de enfermer\u00eda de 22 a\u00f1os brutalmente asesinada en febrero del a\u00f1o pasado en el estado de Georgia.<\/p>\n<\/div>\n<div class=\"bbc-19j92fr ebmt73l0\" dir=\"ltr\">\n<p class=\"bbc-hhl7in e17g058b0\" dir=\"ltr\">El venezolano de 26 a\u00f1os Jos\u00e9 Ibarra intercept\u00f3 a Riley mientras hac\u00eda ejercicio en el campus de la Universidad de Georgia en Athens, intent\u00f3 violarla y, como la v\u00edctima se resist\u00eda, la golpe\u00f3 hasta la muerte, seg\u00fan lo revelado en el juicio.<\/p>\n<\/div>\n<div class=\"bbc-19j92fr ebmt73l0\" dir=\"ltr\">\n<p class=\"bbc-hhl7in e17g058b0\" dir=\"ltr\">Ibarra, quien fue condenado a cadena perpetua en noviembre, es un migrante indocumentado venezolano que ten\u00eda pendientes acusaciones previas de al menos dos delitos en Estados Unidos, uno de ellos el hurto de varios productos en un supermercado.<\/p>\n<\/div>\n<div class=\"bbc-19j92fr ebmt73l0\" dir=\"ltr\">\n<p class=\"bbc-hhl7in e17g058b0\" dir=\"ltr\">El caso gener\u00f3 conmoci\u00f3n en la sociedad estadounidense. Los conservadores argumentaron que, si el agresor hubiera sido detenido y expulsado por sus casos previos, Laken Riley todav\u00eda estar\u00eda viva.<\/p>\n<\/div>\n<div class=\"bbc-19j92fr ebmt73l0\" dir=\"ltr\">\n<p class=\"bbc-hhl7in e17g058b0\" dir=\"ltr\">Esto llev\u00f3 al Partido Republicano a proponer, un mes despu\u00e9s del suceso, una ley espec\u00edfica para evitar casos similares.<\/p>\n<\/div>\n<div class=\"bbc-19j92fr ebmt73l0\" dir=\"ltr\">\n<p class=\"bbc-hhl7in e17g058b0\" dir=\"ltr\">De hecho, bajo la ley Laken Riley el Departamento de Seguridad Nacional (DHS) estar\u00e1 obligado a detener a extranjeros en situaci\u00f3n migratoria irregular que hayan sido arrestados previamente por robo, hurto y similares.<\/p>\n<\/div>\n<div class=\"bbc-19j92fr ebmt73l0\" dir=\"ltr\">\n<p class=\"bbc-hhl7in e17g058b0\" dir=\"ltr\">La ley se alinea con las pol\u00edticas de l\u00ednea dura que Trump previsiblemente aplicar\u00e1 en su pr\u00f3ximo mandato.<\/p>\n<\/div>\n<div class=\"bbc-19j92fr ebmt73l0\" dir=\"ltr\">\n<p class=\"bbc-hhl7in e17g058b0\" dir=\"ltr\">El republicano prometi\u00f3 llevar a cabo la mayor operaci\u00f3n de deportaci\u00f3n en la historia de Estados Unidos, enfoc\u00e1ndose inicialmente en inmigrantes indocumentados con antecedentes penales.<\/p>\n<p dir=\"ltr\">\n<\/div>\n<figure class=\"bbc-1qn0xuy\">\n<div class=\"bbc-18ywsw9\">\n<div style=\"width: 1034px\" class=\"wp-caption alignnone\"><img loading=\"lazy\" decoding=\"async\" class=\"bbc-139onq\" src=\"https:\/\/ichef.bbci.co.uk\/ace\/ws\/640\/cpsprodpb\/9607\/live\/02850da0-d1fd-11ef-9fd6-0be88a764111.jpg.webp\" alt=\"Migrantes en el muro de EEUU\" width=\"1024\" height=\"683\" \/><p class=\"wp-caption-text\">Fuente de la imagen,Getty Images.\u00a0\u00a0Decenas de miles de personas cruzan ilegalmente la frontera entre M\u00e9xico y EE.UU. cada a\u00f1o.<\/p><\/div>\n<p class=\"bbc-by8ykd\" role=\"text\">\n<\/div>\n<\/figure>\n<div class=\"bbc-19j92fr ebmt73l0\" dir=\"ltr\">\n<p dir=\"ltr\">\n<p class=\"bbc-hhl7in e17g058b0\" dir=\"ltr\">La ley Laken Riley, seg\u00fan algunos expertos, facilitar\u00e1 la deportaci\u00f3n de quienes est\u00e9n acusados de cometer estos delitos menores, que se tramitar\u00e1 durante su arresto y sin necesidad de juicio.<\/p>\n<\/div>\n<div class=\"bbc-19j92fr ebmt73l0\" dir=\"ltr\">\n<p class=\"bbc-hhl7in e17g058b0\" dir=\"ltr\">Seg\u00fan la actual legislaci\u00f3n, solo est\u00e1n sujetos a una posible deportaci\u00f3n los migrantes a quienes un tribunal haya condenado en firme por al menos dos delitos menores.<\/p>\n<\/div>\n<div class=\"bbc-19j92fr ebmt73l0\" dir=\"ltr\">\n<p class=\"bbc-hhl7in e17g058b0\" dir=\"ltr\">Por otro lado, las autoridades de cada estado podr\u00e1n demandar al gobierno federal si creen que no est\u00e1 aplicando correctamente las leyes sobre migraci\u00f3n.<\/p>\n<\/div>\n<div class=\"bbc-19j92fr ebmt73l0\" dir=\"ltr\">\n<p class=\"bbc-hhl7in e17g058b0\" dir=\"ltr\">Los incumplimientos denunciables de Washington incluir\u00edan liberar a migrantes en custodia, no arrestar a personas con orden de expulsi\u00f3n, otorgar libertad condicional de forma inadecuada a irregulares o no aplicar restricciones de visados a los pa\u00edses que rechacen recibir a sus ciudadanos deportados desde EE.UU.<\/p>\n<\/div>\n<div class=\"bbc-19j92fr ebmt73l0\" dir=\"ltr\">\n<h2 id=\"La-tramitaci\u00f3n\" class=\"bbc-1lgzob2 eglt09e0\" tabindex=\"-1\">La tramitaci\u00f3n<\/h2>\n<\/div>\n<div class=\"bbc-19j92fr ebmt73l0\" dir=\"ltr\">\n<p class=\"bbc-hhl7in e17g058b0\" dir=\"ltr\">La ley Laken Riley fue aprobada por primera vez en la C\u00e1mara de Representantes en marzo de 2024, pero se estanc\u00f3 en el Senado controlado por los dem\u00f3cratas y regres\u00f3 a la c\u00e1mara baja.<\/p>\n<\/div>\n<div class=\"bbc-19j92fr ebmt73l0\" dir=\"ltr\">\n<p class=\"bbc-hhl7in e17g058b0\" dir=\"ltr\">El pasado 7 de enero los congresistas la volvieron a aprobar con 264 votos a favor, (entre ellos 48 dem\u00f3cratas) y avanz\u00f3 de nuevo al Senado.<\/p>\n<\/div>\n<div class=\"bbc-19j92fr ebmt73l0\" dir=\"ltr\">\n<p class=\"bbc-hhl7in e17g058b0\" dir=\"ltr\">All\u00ed corri\u00f3 mejor suerte que en la primera ocasi\u00f3n, ya que todos los senadores republicanos y una mayor\u00eda de dem\u00f3cratas (en total 84 votos a favor y 9 en contra) aceptaron someter a debate el texto para su posible enmienda y aprobaci\u00f3n.<\/p>\n<\/div>\n<div class=\"bbc-19j92fr ebmt73l0\" dir=\"ltr\">\n<p class=\"bbc-hhl7in e17g058b0\" dir=\"ltr\">Expertos se\u00f1alan que la derrota en las elecciones de 2024, en las que la inmigraci\u00f3n fue un tema central de campa\u00f1a, ha llevado a muchos dem\u00f3cratas a respaldar propuestas m\u00e1s restrictivas en esta materia, e incluso el propio partido est\u00e1 cambiando su enfoque al respecto.<\/p>\n<\/div>\n<div class=\"bbc-19j92fr ebmt73l0\" dir=\"ltr\">\n<p class=\"bbc-hhl7in e17g058b0\" dir=\"ltr\">&#8220;Estoy a favor de dar a las autoridades las herramientas para prevenir tragedias como \u00e9sta mientras trabajamos en soluciones integrales para nuestro sistema roto&#8221;, afirm\u00f3 recientemente John Fetterman, senador del Partido Dem\u00f3crata por Pensivania, uno de los &#8220;estados p\u00e9ndulo&#8221; que cambiaron su voto a republicano el pasado noviembre.<\/p>\n<p dir=\"ltr\">\n<\/div>\n<figure class=\"bbc-1qn0xuy\">\n<div class=\"bbc-18ywsw9\">\n<div style=\"width: 958px\" class=\"wp-caption alignnone\"><img loading=\"lazy\" decoding=\"async\" class=\"bbc-139onq\" src=\"https:\/\/ichef.bbci.co.uk\/ace\/ws\/640\/cpsprodpb\/90db\/live\/6f4d9060-d1fd-11ef-96c7-45cd47263bba.jpg.webp\" alt=\"John Fetterman\" width=\"948\" height=\"533\" \/><p class=\"wp-caption-text\">Fuente de la imagen,Getty Images.\u00a0\u00a0Fetterman, uno de los pol\u00edticos dem\u00f3cratas m\u00e1s populares, vot\u00f3 a favor de la ley en el Senado.<\/p><\/div>\n<\/div>\n<\/figure>\n<div class=\"bbc-19j92fr ebmt73l0\" dir=\"ltr\">\n<p dir=\"ltr\">\n<p dir=\"ltr\">\n<p class=\"bbc-hhl7in e17g058b0\" dir=\"ltr\">La fase de deliberaci\u00f3n en la c\u00e1mara alta podr\u00eda prolongarse por unas pocas semanas o incluso d\u00edas, y seg\u00fan analistas existe la posibilidad de que la ley se apruebe antes de que Trump se instale el d\u00eda 20 en la Casa Blanca.<\/p>\n<\/div>\n<div class=\"bbc-19j92fr ebmt73l0\" dir=\"ltr\">\n<p class=\"bbc-hhl7in e17g058b0\" dir=\"ltr\">En todo caso, est\u00e1 en fase de deliberaciones y existen discrepancias entre republicanos y dem\u00f3cratas sobre su contenido final.<\/p>\n<\/div>\n<div class=\"bbc-19j92fr ebmt73l0\" dir=\"ltr\">\n<p class=\"bbc-hhl7in e17g058b0\" dir=\"ltr\">Mientras los republicanos defienden aprobar el texto \u00edntegro original, los dem\u00f3cratas han se\u00f1alado su intenci\u00f3n de enmendar aspectos controvertidos, como la posibilidad de detener y deportar, sin necesidad de pruebas ni juicio, a migrantes acusados de peque\u00f1os delitos.<\/p>\n<\/div>\n<div class=\"bbc-19j92fr ebmt73l0\" dir=\"ltr\">\n<h2 id=\"Por-qu\u00e9-es-pol\u00e9mica\" class=\"bbc-1lgzob2 eglt09e0\" tabindex=\"-1\">Por qu\u00e9 es pol\u00e9mica<\/h2>\n<\/div>\n<div class=\"bbc-19j92fr ebmt73l0\" dir=\"ltr\">\n<p class=\"bbc-hhl7in e17g058b0\" dir=\"ltr\">La aparente violaci\u00f3n de la presunci\u00f3n de inocencia de los detenidos es el aspecto m\u00e1s pol\u00e9mico de esta nueva ley, que ha generado una oleada de cr\u00edticas de quienes la consideran incompatible con los valores democr\u00e1ticos y constitucionales de Estados Unidos.<\/p>\n<\/div>\n<div class=\"bbc-19j92fr ebmt73l0\" dir=\"ltr\">\n<p class=\"bbc-hhl7in e17g058b0\" dir=\"ltr\">Sus defensores argumentan que, al privar de libertad o expulsar a presuntos delincuentes, se proteger\u00e1 a las comunidades de delitos cometidos por personas en situaci\u00f3n irregular.<\/p>\n<\/div>\n<div class=\"bbc-19j92fr ebmt73l0\" dir=\"ltr\">\n<p class=\"bbc-hhl7in e17g058b0\" dir=\"ltr\">Tambi\u00e9n sostienen que la posibilidad de deportaci\u00f3n por delitos menores disuadir\u00e1 a los migrantes indocumentados de involucrarse en actividades ilegales.<\/p>\n<p dir=\"ltr\">\n<\/div>\n<figure class=\"bbc-1qn0xuy\">\n<div class=\"bbc-18ywsw9\">\n<div style=\"width: 1034px\" class=\"wp-caption alignnone\"><img loading=\"lazy\" decoding=\"async\" class=\"bbc-139onq\" src=\"https:\/\/ichef.bbci.co.uk\/ace\/ws\/640\/cpsprodpb\/8564\/live\/b4fd3980-d1fd-11ef-87df-d575b9a434a4.jpg.webp\" alt=\"Parlamentarios con un cartel a favor de Laken Riley\" width=\"1024\" height=\"783\" \/><p class=\"wp-caption-text\">Fuente de la imagen,Getty Images.\u00a0\u00a0Quienes defienden la ley creen que reducir\u00e1 la criminalidad y proteger\u00e1 a los ciudadanos.<\/p><\/div>\n<\/div>\n<\/figure>\n<div class=\"bbc-19j92fr ebmt73l0\" dir=\"ltr\">\n<p dir=\"ltr\">\n<p dir=\"ltr\">\n<p class=\"bbc-hhl7in e17g058b0\" dir=\"ltr\">Mientras, las voces cr\u00edticas la consideran una amenaza a las protecciones constitucionales y un retroceso en los principios de justicia.<\/p>\n<\/div>\n<div class=\"bbc-19j92fr ebmt73l0\" dir=\"ltr\">\n<p class=\"bbc-hhl7in e17g058b0\" dir=\"ltr\">&#8220;Es esencialmente una autopista hacia la deportaci\u00f3n masiva; se puede detener a cualquier cantidad de personas y meterlas en el sistema de justicia penal simplemente por haber sido acusadas, sin condena ni admisi\u00f3n de culpabilidad&#8221;, declar\u00f3 este domingo en un programa televisivo Pramila Jayapal, una de los congresistas que han criticado el proyecto de ley en el dividido Partido Dem\u00f3crata.<\/p>\n<\/div>\n<div class=\"bbc-19j92fr ebmt73l0\" dir=\"ltr\">\n<p class=\"bbc-hhl7in e17g058b0\" dir=\"ltr\">Los detractores de esta pol\u00e9mica legislaci\u00f3n argumentan que la detenci\u00f3n sin fianza de cualquier migrante acusado -aunque no necesariamente condenado- de delitos menores como el hurto eliminar\u00eda el derecho a audiencias individualizadas, algo garantizado incluso en casos de delitos graves en el sistema de justicia penal.<\/p>\n<\/div>\n<div class=\"bbc-19j92fr ebmt73l0\" dir=\"ltr\">\n<p class=\"bbc-hhl7in e17g058b0\" dir=\"ltr\">Esto plantea serias preocupaciones sobre la presunci\u00f3n de inocencia y el debido proceso, seg\u00fan el Centro Nacional de Leyes de Inmigraci\u00f3n (NILC por sus siglas en ingl\u00e9s).<\/p>\n<\/div>\n<div class=\"bbc-19j92fr ebmt73l0\" dir=\"ltr\">\n<p class=\"bbc-hhl7in e17g058b0\" dir=\"ltr\">El NILC tambi\u00e9n advierte que obligar a las autoridades migratorias a detener a las personas antes de que puedan asistir a sus audiencias penales podr\u00eda obstaculizar gravemente el trabajo de los fiscales, aumentar el caos en los tribunales y complicar la resoluci\u00f3n de casos criminales.<\/p>\n<\/div>\n<div class=\"bbc-19j92fr ebmt73l0\" dir=\"ltr\">\n<p class=\"bbc-hhl7in e17g058b0\" dir=\"ltr\">Los detractores de la ley tambi\u00e9n creen que la avalancha de trabajo que caer\u00eda sobre jueces y fiscales por delitos menores como hurtos o robos les restar\u00eda tiempo y recursos para abordar casos de delitos m\u00e1s graves.<\/p>\n<\/div>\n<div class=\"bbc-19j92fr ebmt73l0\" dir=\"ltr\">\n<p class=\"bbc-hhl7in e17g058b0\" dir=\"ltr\">La organizaci\u00f3n Voto Latino argumenta que la ley no mejorar\u00e1 la seguridad p\u00fablica ya que no hay evidencia de una correlaci\u00f3n entre el estatus migratorio y la criminalidad.<\/p>\n<\/div>\n<div class=\"bbc-19j92fr ebmt73l0\" dir=\"ltr\">\n<p class=\"bbc-hhl7in e17g058b0\" dir=\"ltr\">Esta ONG considera la ley Laken Riley una herramienta pol\u00edtica para estigmatizar a los migrantes y acentuar las divisiones sociales.<\/p>\n<p dir=\"ltr\">\n<\/div>\n<figure class=\"bbc-1qn0xuy\">\n<div class=\"bbc-18ywsw9\">\n<div style=\"width: 1034px\" class=\"wp-caption alignnone\"><img loading=\"lazy\" decoding=\"async\" class=\"bbc-139onq\" src=\"https:\/\/ichef.bbci.co.uk\/ace\/ws\/640\/cpsprodpb\/9be7\/live\/299a4850-d1fe-11ef-87df-d575b9a434a4.jpg.webp\" alt=\"Personas esposadas\" width=\"1024\" height=\"683\" \/><p class=\"wp-caption-text\">Fuente de la imagen,Getty Images.\u00a0\u00a0Sus cr\u00edticos creen que se trata de un ataque a los m\u00e1s vulnerables.<\/p><\/div>\n<\/div>\n<\/figure>\n<div class=\"bbc-19j92fr ebmt73l0\" dir=\"ltr\">\n<p dir=\"ltr\">\n<p dir=\"ltr\">\n<p class=\"bbc-hhl7in e17g058b0\" dir=\"ltr\">Otro aspecto pol\u00e9mico es la capacidad que la ley otorga a los estados para demandar al gobierno federal sobre acciones relacionadas con pol\u00edticas migratorias.<\/p>\n<\/div>\n<div class=\"bbc-19j92fr ebmt73l0\" dir=\"ltr\">\n<p class=\"bbc-hhl7in e17g058b0\" dir=\"ltr\">Seg\u00fan el NILC, esto podr\u00eda convertir los tribunales en escenarios de interminables disputas entre los estados y Washington, obstaculizando la implementaci\u00f3n efectiva de la ley.<\/p>\n<\/div>\n<div class=\"bbc-19j92fr ebmt73l0\" dir=\"ltr\">\n<p class=\"bbc-hhl7in e17g058b0\" dir=\"ltr\">Sus defensores, sin embargo, alegan que permitir\u00e1 a las autoridades locales, que conocen m\u00e1s de cerca los problemas de sus comunidades, participar de forma m\u00e1s activa a la hora de aplicar y supervisar las leyes de inmigraci\u00f3n.<\/p>\n<\/div>\n","protected":false},"excerpt":{"rendered":"<p>&nbsp; &nbsp; Para los migrantes irregulares en Estados Unidos, una acusaci\u00f3n de hurto o robo ser\u00e1 motivo de arresto y muy probablemente deportaci\u00f3n. Lo recoge&hellip;<\/p>\n","protected":false},"author":99,"featured_media":527266,"comment_status":"open","ping_status":"open","sticky":false,"template":"","format":"standard","meta":{"footnotes":""},"categories":[24],"tags":[],"class_list":["post-527265","post","type-post","status-publish","format-standard","has-post-thumbnail","hentry","category-mundo"],"_links":{"self":[{"href":"https:\/\/diarioelpopular.com\/index.php\/wp-json\/wp\/v2\/posts\/527265","targetHints":{"allow":["GET"]}}],"collection":[{"href":"https:\/\/diarioelpopular.com\/index.php\/wp-json\/wp\/v2\/posts"}],"about":[{"href":"https:\/\/diarioelpopular.com\/index.php\/wp-json\/wp\/v2\/types\/post"}],"author":[{"embeddable":true,"href":"https:\/\/diarioelpopular.com\/index.php\/wp-json\/wp\/v2\/users\/99"}],"replies":[{"embeddable":true,"href":"https:\/\/diarioelpopular.com\/index.php\/wp-json\/wp\/v2\/comments?post=527265"}],"version-history":[{"count":1,"href":"https:\/\/diarioelpopular.com\/index.php\/wp-json\/wp\/v2\/posts\/527265\/revisions"}],"predecessor-version":[{"id":527267,"href":"https:\/\/diarioelpopular.com\/index.php\/wp-json\/wp\/v2\/posts\/527265\/revisions\/527267"}],"wp:featuredmedia":[{"embeddable":true,"href":"https:\/\/diarioelpopular.com\/index.php\/wp-json\/wp\/v2\/media\/527266"}],"wp:attachment":[{"href":"https:\/\/diarioelpopular.com\/index.php\/wp-json\/wp\/v2\/media?parent=527265"}],"wp:term":[{"taxonomy":"category","embeddable":true,"href":"https:\/\/diarioelpopular.com\/index.php\/wp-json\/wp\/v2\/categories?post=527265"},{"taxonomy":"post_tag","embeddable":true,"href":"https:\/\/diarioelpopular.com\/index.php\/wp-json\/wp\/v2\/tags?post=527265"}],"curies":[{"name":"wp","href":"https:\/\/api.w.org\/{rel}","templated":true}]}}