{"id":527274,"date":"2025-01-14T10:49:06","date_gmt":"2025-01-14T14:49:06","guid":{"rendered":"https:\/\/diarioelpopular.com\/?p=527274"},"modified":"2025-01-14T10:49:06","modified_gmt":"2025-01-14T14:49:06","slug":"un-laboratorio-en-medio-del-desierto-de-peru-para-proteger-a-los-animales-de-la-gripe-aviar-y-el-nino","status":"publish","type":"post","link":"https:\/\/diarioelpopular.com\/index.php\/2025\/01\/14\/un-laboratorio-en-medio-del-desierto-de-peru-para-proteger-a-los-animales-de-la-gripe-aviar-y-el-nino\/","title":{"rendered":"Un laboratorio en medio del desierto de Per\u00fa para proteger a los animales de la gripe aviar y \u2018El Ni\u00f1o\u2019"},"content":{"rendered":"<div id=\"attachment_527275\" style=\"width: 1210px\" class=\"wp-caption alignnone\"><img loading=\"lazy\" decoding=\"async\" aria-describedby=\"caption-attachment-527275\" class=\"wp-image-527275 size-custom-big-size\" src=\"https:\/\/diarioelpopular.com\/wp-content\/uploads\/2025\/01\/Screen-Shot-2025-01-14-at-9.48.27-AM-1200x800.png\" alt=\"\" width=\"1200\" height=\"800\" srcset=\"https:\/\/diarioelpopular.com\/wp-content\/uploads\/2025\/01\/Screen-Shot-2025-01-14-at-9.48.27-AM-1200x800.png 1200w, https:\/\/diarioelpopular.com\/wp-content\/uploads\/2025\/01\/Screen-Shot-2025-01-14-at-9.48.27-AM-300x200.png 300w, https:\/\/diarioelpopular.com\/wp-content\/uploads\/2025\/01\/Screen-Shot-2025-01-14-at-9.48.27-AM-768x512.png 768w, https:\/\/diarioelpopular.com\/wp-content\/uploads\/2025\/01\/Screen-Shot-2025-01-14-at-9.48.27-AM-636x424.png 636w, https:\/\/diarioelpopular.com\/wp-content\/uploads\/2025\/01\/Screen-Shot-2025-01-14-at-9.48.27-AM-109x73.png 109w, https:\/\/diarioelpopular.com\/wp-content\/uploads\/2025\/01\/Screen-Shot-2025-01-14-at-9.48.27-AM.png 1024w\" sizes=\"auto, (max-width: 1200px) 100vw, 1200px\" \/><p id=\"caption-attachment-527275\" class=\"wp-caption-text\">Estudiantes en las aulas naturales del Programa Punta San Juan. ALFONSO SILVA SANTIESTEBAN<\/p><\/div>\n<p>&nbsp;<\/p>\n<p>&nbsp;<\/p>\n<h4 class=\"a_st\"><em>&#8211; Una estaci\u00f3n cient\u00edfica ubicada en la Reserva Punta San Juan, una de las m\u00e1s ricas en fauna, monitorea a las especies y se convierte en un aula masiva para que m\u00e1s personas conozcan sobre las especies y sus riesgos<\/em><\/h4>\n<p>&nbsp;<\/p>\n<p>&nbsp;<\/p>\n<p class=\"\">\u201c\u00bfC\u00f3mo vamos a hacer?\u201d, se pregunt\u00f3 Susana C\u00e1rdenas cuando llegaron los\u00a0<a href=\"https:\/\/www.gob.pe\/institucion\/serfor\/campa%C3%B1as\/18999-influenza-aviar-en-el-peru\" target=\"_blank\" rel=\"noopener\" data-link-track-dtm=\"\" data-mrf-link=\"https:\/\/www.gob.pe\/institucion\/serfor\/campa%C3%B1as\/18999-influenza-aviar-en-el-peru\">primeros reportes\u00a0<\/a>de\u00a0<a href=\"https:\/\/elpais.com\/ciencia\/2024-04-08\/cientificos-espanoles-descubren-un-brote-masivo-de-gripe-aviar-letal-en-la-antartida.html\" data-link-track-dtm=\"\" data-mrf-link=\"https:\/\/elpais.com\/ciencia\/2024-04-08\/cientificos-espanoles-descubren-un-brote-masivo-de-gripe-aviar-letal-en-la-antartida.html\">gripe aviar\u00a0<\/a>desde la costa norte del Per\u00fa. Eran mediados de noviembre del 2022 y en la estaci\u00f3n cient\u00edfica del Programa Punta San Juan, casi dos mil kil\u00f3metros al sur, la ec\u00f3loga y su equipo dimensionaban el riesgo que corr\u00edan las miles de aves guaneras, ping\u00fcinos y lobos de mar que conviven en ese lugar des\u00e9rtico donde la vida florece.<\/p>\n<p class=\"\">Once d\u00edas despu\u00e9s, lleg\u00f3 el primer pel\u00edcano temblando a San Juan. La gripe pas\u00f3 a las otras aves y despu\u00e9s a los\u00a0<a href=\"https:\/\/elpais.com\/ciencia\/2023-02-15\/la-muerte-masiva-de-lobos-marinos-por-gripe-aviar-sugiere-que-el-virus-puede-estar-saltando-entre-mamiferos-en-la-naturaleza.html\" data-link-track-dtm=\"\" data-mrf-link=\"https:\/\/elpais.com\/ciencia\/2023-02-15\/la-muerte-masiva-de-lobos-marinos-por-gripe-aviar-sugiere-que-el-virus-puede-estar-saltando-entre-mamiferos-en-la-naturaleza.html\">lobos<\/a>. Ese verano, adem\u00e1s, las aguas tibias de la corriente de<a href=\"https:\/\/elpais.com\/america-futura\/2024-12-06\/de-las-inundaciones-a-una-profunda-sequia-el-cambio-climatico-se-ceba-con-el-norte-de-peru.html\" data-link-track-dtm=\"\" data-mrf-link=\"https:\/\/elpais.com\/america-futura\/2024-12-06\/de-las-inundaciones-a-una-profunda-sequia-el-cambio-climatico-se-ceba-con-el-norte-de-peru.html\"><i>\u00a0El Ni\u00f1o<\/i><\/a><i>\u00a0<\/i>desplazaron a las anchovetas que alimentan a la fauna. C\u00e1rdenas, que lleg\u00f3 a San Juan hace 20 a\u00f1os cuando estudiaba biolog\u00eda, nunca hab\u00eda visto algo as\u00ed. Para septiembre del 2023, hab\u00eda cuatro pel\u00edcanos en la reserva, cuando, un a\u00f1o antes, el Ministerio de Ambiente hab\u00eda contado 4.000. Los guanayes pasaron de casi 200.000 a menos de 100, los lobos de 7.000 a 300. Todas las especies estaban diezmadas. \u201cFue un golpe muy duro\u201d, dice C\u00e1rdenas. \u201cPero es cuando pasan estas cosas que la conservaci\u00f3n es m\u00e1s urgente\u201d.<\/p>\n<p>&nbsp;<\/p>\n<figure class=\"a_m a_m-h \">\n<p><div style=\"width: 424px\" class=\"wp-caption alignnone\"><img loading=\"lazy\" decoding=\"async\" class=\"_re lazyload a_m-h\" src=\"https:\/\/imagenes.elpais.com\/resizer\/v2\/YPRV5LICZVEYNCCGSKJEYS5U6E.jpg?auth=dc520127b5d478fac915463c2e8a27c6a44351ad723c12b779223eddf94cf75d&amp;width=414\" sizes=\"auto, (min-width:1199px) 1155px,(min-width:1001px) calc(100vw - 44px),(min-width:768px) 767px, 100vw\" srcset=\"https:\/\/imagenes.elpais.com\/resizer\/v2\/YPRV5LICZVEYNCCGSKJEYS5U6E.jpg?auth=dc520127b5d478fac915463c2e8a27c6a44351ad723c12b779223eddf94cf75d&amp;width=414 414w,https:\/\/imagenes.elpais.com\/resizer\/v2\/YPRV5LICZVEYNCCGSKJEYS5U6E.jpg?auth=dc520127b5d478fac915463c2e8a27c6a44351ad723c12b779223eddf94cf75d&amp;width=828 640w,https:\/\/imagenes.elpais.com\/resizer\/v2\/YPRV5LICZVEYNCCGSKJEYS5U6E.jpg?auth=dc520127b5d478fac915463c2e8a27c6a44351ad723c12b779223eddf94cf75d&amp;width=980 1000w,https:\/\/imagenes.elpais.com\/resizer\/v2\/YPRV5LICZVEYNCCGSKJEYS5U6E.jpg?auth=dc520127b5d478fac915463c2e8a27c6a44351ad723c12b779223eddf94cf75d&amp;width=1960 1960w\" alt=\"SOLO USAR PARA EL TEMA:Un laboratorio natural en medio del des\u00e9rtico Per\u00fa para proteger a los animales de El Ni\u00f1o y la gripe aviar\" width=\"414\" height=\"277\" \/><p class=\"wp-caption-text\">Estaci\u00f3n cient\u00edfica del Programa Punta San Juan.ALFONSO SILVA SANTIESTEBAN<\/p><\/div><figcaption class=\"a_m_p\"><\/figcaption><\/figure>\n<h3><\/h3>\n<h3 class=\"\">Un laboratorio natural en el desierto<\/h3>\n<p class=\"\"><a href=\"https:\/\/elpais.com\/elpais\/2019\/04\/23\/planeta_futuro\/1556019400_423279.html\" data-link-track-dtm=\"\" data-mrf-link=\"https:\/\/elpais.com\/elpais\/2019\/04\/23\/planeta_futuro\/1556019400_423279.html\">Punta San Juan<\/a>\u00a0es una pen\u00ednsula de 54 hect\u00e1reas en el sur de Ica. Su base est\u00e1 cercada por un muro construido en los a\u00f1os cuarenta para repoblarla de guanayes, piqueros y pel\u00edcanos, las aves guaneras del Per\u00fa. A fines del siglo XIX y principios del XX, el guano \u2014el excremento de las aves que se usa como abono\u2014 era una mercanc\u00eda de alt\u00edsimo valor en todo el mundo y se extrajo casi en su totalidad. El muro hizo que las aves guaneras, los ping\u00fcinos y los lobos se multiplicaran exponencialmente, convirtiendo a San Juan en un laboratorio natural. Desde 2009 es un \u00e1rea natural protegida por el Estado.<\/p>\n<p class=\"\">\u201cEres la bi\u00f3loga detr\u00e1s del muro, vives y mueres ah\u00ed adentro\u201d, agrega C\u00e1rdenas, refiri\u00e9ndose al trabajo en la estaci\u00f3n cient\u00edfica. Durante todo el a\u00f1o hay un equipo de dos a cuatro personas estudiando la fauna. C\u00e1rdenas lleg\u00f3 a San Juan en 2004, en el \u00faltimo a\u00f1o de su pregrado de la Universidad Peruana Cayetano Heredia, donde ahora es catedr\u00e1tica, tal como lo hab\u00eda hecho su mentora, Patricia Majluf, quien inici\u00f3 el estudio de lobos marinos en 1979. Poco a poco, esa iniciativa personal se convirti\u00f3 en un programa de conservaci\u00f3n que ahora dirige C\u00e1rdenas y por el que han pasado decenas de cient\u00edficos y conservacionistas.<\/p>\n<p>&nbsp;<\/p>\n<figure class=\"a_m a_m-h \">\n<p><div style=\"width: 424px\" class=\"wp-caption alignnone\"><img loading=\"lazy\" decoding=\"async\" class=\"_re lazyload a_m-h\" src=\"https:\/\/imagenes.elpais.com\/resizer\/v2\/SKOQPESNK5HSTL5UXSWNIILRTU.jpg?auth=363b67cbd18170ac0097993d95c641306adcded262e9c75fee18d8515d271f32&amp;width=414\" sizes=\"auto, (min-width:1199px) 1155px,(min-width:1001px) calc(100vw - 44px),(min-width:768px) 767px, 100vw\" srcset=\"https:\/\/imagenes.elpais.com\/resizer\/v2\/SKOQPESNK5HSTL5UXSWNIILRTU.jpg?auth=363b67cbd18170ac0097993d95c641306adcded262e9c75fee18d8515d271f32&amp;width=414 414w,https:\/\/imagenes.elpais.com\/resizer\/v2\/SKOQPESNK5HSTL5UXSWNIILRTU.jpg?auth=363b67cbd18170ac0097993d95c641306adcded262e9c75fee18d8515d271f32&amp;width=828 640w,https:\/\/imagenes.elpais.com\/resizer\/v2\/SKOQPESNK5HSTL5UXSWNIILRTU.jpg?auth=363b67cbd18170ac0097993d95c641306adcded262e9c75fee18d8515d271f32&amp;width=980 1000w,https:\/\/imagenes.elpais.com\/resizer\/v2\/SKOQPESNK5HSTL5UXSWNIILRTU.jpg?auth=363b67cbd18170ac0097993d95c641306adcded262e9c75fee18d8515d271f32&amp;width=1960 1960w\" alt=\"SOLO USAR PARA EL TEMA:Un laboratorio natural en medio del des\u00e9rtico Per\u00fa para proteger a los animales de El Ni\u00f1o y la gripe aviar\" width=\"414\" height=\"277\" \/><p class=\"wp-caption-text\">Colonia de lobos finos (Arctocephalus australis) en una de las playas de Punta San Juan.ALFONSO SILVA SANTIESTEBAN<\/p><\/div><figcaption class=\"a_m_p\"><\/figcaption><\/figure>\n<h3><\/h3>\n<h3 class=\"\">Estudiando la fauna<\/h3>\n<p class=\"\">Kevin Farf\u00e1n se pone la chaqueta cortaviento, se cuelga los binoculares, la c\u00e1mara de fotos y empieza la ronda de monitoreo como todos los d\u00edas a las 6:30 am. Lleg\u00f3 a San Juan hace siete a\u00f1os como pasante y actualmente coordina la estaci\u00f3n. Visita las veinte playas de la reserva, enumera las especies con un cont\u00f3metro y anota todo lo que le llama la atenci\u00f3n.<\/p>\n<p class=\"\">La temporada de reproducci\u00f3n de lobos empez\u00f3 reci\u00e9n y llega a su pico entre enero y febrero. En San Juan conviven dos especies de lobos marinos, algo inusual: los lobos finos (<i>Arctocephalus australis<\/i>), y los chuscos (<i>Otaria flavescens<\/i>), llamados as\u00ed por el tipo de pelaje que los llev\u00f3 a ser cazados para la industria de pieles.<\/p>\n<p class=\"\">Una vez al a\u00f1o, con la ayuda de veterinarios estadounidenses, capturan y marcan una muestra de lobos y\u00a0<a href=\"https:\/\/elpais.com\/america-futura\/2024-07-16\/el-creciente-problema-de-los-microplasticos-en-pinguinos-aves-marinas-y-almejas-de-la-antartida.html\" data-link-track-dtm=\"\" data-mrf-link=\"https:\/\/elpais.com\/america-futura\/2024-07-16\/el-creciente-problema-de-los-microplasticos-en-pinguinos-aves-marinas-y-almejas-de-la-antartida.html\">ping\u00fcinos<\/a>. A algunos les colocan transmisores para estudiar sus desplazamientos. \u201cTenemos cuarenta a\u00f1os de datos\u201d, comenta C\u00e1rdenas con orgullo.<\/p>\n<p>&nbsp;<\/p>\n<figure class=\"a_m a_m-h \">\n<p><div style=\"width: 424px\" class=\"wp-caption alignnone\"><img loading=\"lazy\" decoding=\"async\" class=\"_re lazyload a_m-h\" src=\"https:\/\/imagenes.elpais.com\/resizer\/v2\/PC5Z64FG5NE43PVJMSVFLM6TJU.jpg?auth=29a83bc3dd2418d7d0326e1a4cc70d46157b45690b4446fc3b860d8e8bff0d6b&amp;width=414\" sizes=\"auto, (min-width:1199px) 1155px,(min-width:1001px) calc(100vw - 44px),(min-width:768px) 767px, 100vw\" srcset=\"https:\/\/imagenes.elpais.com\/resizer\/v2\/PC5Z64FG5NE43PVJMSVFLM6TJU.jpg?auth=29a83bc3dd2418d7d0326e1a4cc70d46157b45690b4446fc3b860d8e8bff0d6b&amp;width=414 414w,https:\/\/imagenes.elpais.com\/resizer\/v2\/PC5Z64FG5NE43PVJMSVFLM6TJU.jpg?auth=29a83bc3dd2418d7d0326e1a4cc70d46157b45690b4446fc3b860d8e8bff0d6b&amp;width=828 640w,https:\/\/imagenes.elpais.com\/resizer\/v2\/PC5Z64FG5NE43PVJMSVFLM6TJU.jpg?auth=29a83bc3dd2418d7d0326e1a4cc70d46157b45690b4446fc3b860d8e8bff0d6b&amp;width=980 1000w,https:\/\/imagenes.elpais.com\/resizer\/v2\/PC5Z64FG5NE43PVJMSVFLM6TJU.jpg?auth=29a83bc3dd2418d7d0326e1a4cc70d46157b45690b4446fc3b860d8e8bff0d6b&amp;width=1960 1960w\" alt=\"SOLO USAR PARA EL TEMA:Un laboratorio natural en medio del des\u00e9rtico Per\u00fa para proteger a los animales de El Ni\u00f1o y la gripe aviar\" width=\"414\" height=\"277\" \/><p class=\"wp-caption-text\">Jorge Jord\u00e1n, Susana C\u00e1rdenas y Ximena Turcke frente a la playa La Herradura.ALFONSO SILVA SANTIESTEBAN<\/p><\/div><figcaption class=\"a_m_p\"><\/figcaption><\/figure>\n<p>&nbsp;<\/p>\n<p>&nbsp;<\/p>\n<p class=\"\">La caminata es lenta. Es necesario tirarse al piso si se cruzan ping\u00fcinos u otras aves para no asustarlos. A mediados de octubre lleg\u00f3 un grupo de 1.500 guanayes que forman una peque\u00f1a mancha. Antes de la gripe aviar del 2022 eran tantos que, por momentos, obstaculizaban la entrada a la caseta desde donde el equipo los observa. Deben sentirse tranquilos para formar parejas y anidar.<\/p>\n<h3 class=\"\">La amenaza de la pesca<\/h3>\n<p class=\"\">Cuando C\u00e1rdenas lleg\u00f3 a San Juan, la fauna se recuperaba del fen\u00f3meno de\u00a0<i>El Ni\u00f1o<\/i>\u00a0de 1998. Los mam\u00edferos y aves se han adaptado a los ciclos naturales cuando la comida desaparece, pero la confluencia de gripe aviar y\u00a0<i>El Ni\u00f1o\u00a0<\/i>ha sido un evento extraordinario. Aun as\u00ed, C\u00e1rdenas es optimista sobre el repoblamiento de San Juan. Tomar\u00e1 algunos a\u00f1os y se necesita que la actividad humana no altere las condiciones de recuperaci\u00f3n.<\/p>\n<p class=\"\">El mar peruano es uno de los m\u00e1s productivos del mundo debido al afloramiento de aguas ricas en nutrientes hacia la superficie. Por eso, la pesca es una de las principales actividades industriales, pero tambi\u00e9n una de las principales amenazas para el ecosistema.<\/p>\n<p>&nbsp;<\/p>\n<figure class=\"a_m a_m-h \">\n<p><div style=\"width: 424px\" class=\"wp-caption alignnone\"><img loading=\"lazy\" decoding=\"async\" class=\"_re lazyload a_m-h\" src=\"https:\/\/imagenes.elpais.com\/resizer\/v2\/PO5XVCH6GFCHRPA5DPZB2HOCVE.jpg?auth=f6bb0946e795d888fc948d109ca934742413a876b9b7a2b162303e1ba99e5490&amp;width=414\" sizes=\"auto, (min-width:1199px) 1155px,(min-width:1001px) calc(100vw - 44px),(min-width:768px) 767px, 100vw\" srcset=\"https:\/\/imagenes.elpais.com\/resizer\/v2\/PO5XVCH6GFCHRPA5DPZB2HOCVE.jpg?auth=f6bb0946e795d888fc948d109ca934742413a876b9b7a2b162303e1ba99e5490&amp;width=414 414w,https:\/\/imagenes.elpais.com\/resizer\/v2\/PO5XVCH6GFCHRPA5DPZB2HOCVE.jpg?auth=f6bb0946e795d888fc948d109ca934742413a876b9b7a2b162303e1ba99e5490&amp;width=828 640w,https:\/\/imagenes.elpais.com\/resizer\/v2\/PO5XVCH6GFCHRPA5DPZB2HOCVE.jpg?auth=f6bb0946e795d888fc948d109ca934742413a876b9b7a2b162303e1ba99e5490&amp;width=980 1000w,https:\/\/imagenes.elpais.com\/resizer\/v2\/PO5XVCH6GFCHRPA5DPZB2HOCVE.jpg?auth=f6bb0946e795d888fc948d109ca934742413a876b9b7a2b162303e1ba99e5490&amp;width=1960 1960w\" alt=\"SOLO USAR PARA EL TEMA:Un laboratorio natural en medio del des\u00e9rtico Per\u00fa para proteger a los animales de El Ni\u00f1o y la gripe aviar\" width=\"414\" height=\"277\" \/><p class=\"wp-caption-text\">Ping\u00fcinos de Humboldt volviendo a sus nidos.ALFONSO SILVA SANTIESTEBAN<\/p><\/div><figcaption class=\"a_m_p\"><\/figcaption><\/figure>\n<p>&nbsp;<\/p>\n<p>&nbsp;<\/p>\n<p class=\"\"><a href=\"https:\/\/onlinelibrary.wiley.com\/doi\/10.1111\/j.1365-2419.2004.00283.x\" target=\"_blank\" rel=\"noopener\" data-link-track-dtm=\"\" data-mrf-link=\"https:\/\/onlinelibrary.wiley.com\/doi\/10.1111\/j.1365-2419.2004.00283.x\">Casi 9 de cada 10<\/a>\u00a0anchovetas del mar peruano se convierten en harina de pescado. \u201cLa\u00a0<a href=\"https:\/\/elpais.com\/america-futura\/2024-01-22\/los-astilleros-ilegales-amenazan-las-pesca-en-peru.html\" data-link-track-dtm=\"\" data-mrf-link=\"https:\/\/elpais.com\/america-futura\/2024-01-22\/los-astilleros-ilegales-amenazan-las-pesca-en-peru.html\">pesca industrial<\/a>\u00a0ha desarrollado tal tecnolog\u00eda que sobrepasa la extracci\u00f3n de energ\u00eda de cualquier depredador\u201d, dice C\u00e1rdenas. Cuatro toneladas de anchoveta producen una de harina, que se usa principalmente para alimentar salmones, cerdos o pollos en granjas industriales del mundo.<\/p>\n<p class=\"\">A\u00f1o a a\u00f1o hay tensi\u00f3n entre la industria pesquera, el Estado y los conservacionistas para definir las cuotas de pesca o los tama\u00f1os m\u00ednimos de anchoveta que puedan ser pescados. En San Juan han observado y analizando las heces de los lobos, c\u00f3mo cada vez estos se alimentan de peces m\u00e1s peque\u00f1os y con menor valor nutricional. Consumen lo que los ec\u00f3logos llaman la\u00a0<a href=\"https:\/\/www.stockholmresilience.org\/publications\/publications\/2009-12-29-junk-food-in-marine-ecosystems.html\" target=\"_blank\" rel=\"noopener\" data-link-track-dtm=\"\" data-mrf-link=\"https:\/\/www.stockholmresilience.org\/publications\/publications\/2009-12-29-junk-food-in-marine-ecosystems.html\">comida chatarra<\/a>\u00a0del ecosistema marino. Para C\u00e1rdenas y Farf\u00e1n, el problema es de enfoque. La industria cree que puede expandirse infinitamente sin consecuencias y el Estado la regula d\u00e9bilmente.<\/p>\n<h3 class=\"\">Construyendo puentes<\/h3>\n<p class=\"\">Otro de los retos para el programa es convencer a los pescadores artesanales a que se unan a la conservaci\u00f3n. \u201cSe han extinguido todo tipo de peces por el exceso de pescadores y embarcaciones\u201d, dice Jorge Jord\u00e1n, presidente de la asociaci\u00f3n de pescadores Pac\u00edfico Sur en La Herradura, la playa al sur de la reserva. Su organizaci\u00f3n repobl\u00f3 la playa de erizos. Tambi\u00e9n colectan el\u00a0<a href=\"https:\/\/elpais.com\/america-futura\/2024-04-11\/mas-de-una-decada-de-danos-el-sargazo-sigue-asfixiando-los-ecosistemas-del-caribe.html\" data-link-track-dtm=\"\" data-mrf-link=\"https:\/\/elpais.com\/america-futura\/2024-04-11\/mas-de-una-decada-de-danos-el-sargazo-sigue-asfixiando-los-ecosistemas-del-caribe.html\">sargazo<\/a>\u00a0que llega a la orilla y lo venden a acopiadores. \u201cNo ha sido un trabajo de un d\u00eda, han sido ocho a\u00f1os o m\u00e1s\u201d, agrega, explicando el proceso de conservaci\u00f3n.<\/p>\n<p>&nbsp;<\/p>\n<figure class=\"a_m a_m-h \">\n<p><div style=\"width: 424px\" class=\"wp-caption alignnone\"><img loading=\"lazy\" decoding=\"async\" class=\"_re lazyload a_m-h\" src=\"https:\/\/imagenes.elpais.com\/resizer\/v2\/SVESYMND3JAHPO55LVJTW3HMEA.jpg?auth=f22710a552a8e2c1835d66e9ad4deb27abcd68586e8f035447223726bd52123b&amp;width=414\" sizes=\"auto, (min-width:1199px) 1155px,(min-width:1001px) calc(100vw - 44px),(min-width:768px) 767px, 100vw\" srcset=\"https:\/\/imagenes.elpais.com\/resizer\/v2\/SVESYMND3JAHPO55LVJTW3HMEA.jpg?auth=f22710a552a8e2c1835d66e9ad4deb27abcd68586e8f035447223726bd52123b&amp;width=414 414w,https:\/\/imagenes.elpais.com\/resizer\/v2\/SVESYMND3JAHPO55LVJTW3HMEA.jpg?auth=f22710a552a8e2c1835d66e9ad4deb27abcd68586e8f035447223726bd52123b&amp;width=828 640w,https:\/\/imagenes.elpais.com\/resizer\/v2\/SVESYMND3JAHPO55LVJTW3HMEA.jpg?auth=f22710a552a8e2c1835d66e9ad4deb27abcd68586e8f035447223726bd52123b&amp;width=980 1000w,https:\/\/imagenes.elpais.com\/resizer\/v2\/SVESYMND3JAHPO55LVJTW3HMEA.jpg?auth=f22710a552a8e2c1835d66e9ad4deb27abcd68586e8f035447223726bd52123b&amp;width=1960 1960w\" alt=\"SOLO USAR PARA EL TEMA:Un laboratorio natural en medio del des\u00e9rtico Per\u00fa para proteger a los animales de El Ni\u00f1o y la gripe aviar\" width=\"414\" height=\"277\" \/><p class=\"wp-caption-text\">Estudiantes observan algunas especies marinas.ALFONSO SILVA SANTIESTEBAN<\/p><\/div><figcaption class=\"a_m_p\"><\/figcaption><\/figure>\n<p>&nbsp;<\/p>\n<p class=\"\">Desde 2013, el programa tiene una iniciativa llamada Construyendo Puentes con Punta San Juan para acercar a los vecinos de Marcona, la localidad colindante que fue fundada en los a\u00f1os cincuenta tras el descubrimiento de un yacimiento de hierro. Actualmente tiene 15.000 habitantes. Empezaron con visitas guiadas y desde 2023 tienen un proyecto de aulas naturales.<\/p>\n<p class=\"\">El equipo recibe a 30 estudiantes de secundaria del colegio Miguel Grau de Marcona. \u201cLa idea es que puedan aprender afuera\u201d, dice Ximena Turcke, encargada de la iniciativa y bi\u00f3loga marconina que lleg\u00f3 al programa como pasante. Solo dos han venido antes a la reserva, pero todos han o\u00eddo hablar sobre ella. Desde el puesto de la playa S7 observan a los lobos con binoculares. C\u00e1rdenas les muestra los dispositivos de rastreo y marcaje. Luego van a La Herradura, donde los recibe Jord\u00e1n. \u201cMuchos son de Marcona y no conocen ping\u00fcinos, tortugas, solo de foto\u201d, dice.<\/p>\n<p class=\"\">Esa tarde, en la playa, los estudiantes aprendieron sobre redes tr\u00f3ficas; la forma en la que el alimento del mar se distribuye entre las diferentes especies. \u201cBuscamos que la gente conozca este lugar, que es como su patio trasero, para que lo quiera y para que lo proteja\u201d dice C\u00e1rdenas.<\/p>\n","protected":false},"excerpt":{"rendered":"<p>&nbsp; &nbsp; &#8211; Una estaci\u00f3n cient\u00edfica ubicada en la Reserva Punta San Juan, una de las m\u00e1s ricas en fauna, monitorea a las especies y&hellip;<\/p>\n","protected":false},"author":99,"featured_media":527275,"comment_status":"open","ping_status":"open","sticky":false,"template":"","format":"standard","meta":{"footnotes":""},"categories":[23],"tags":[],"class_list":["post-527274","post","type-post","status-publish","format-standard","has-post-thumbnail","hentry","category-latinoamerica"],"_links":{"self":[{"href":"https:\/\/diarioelpopular.com\/index.php\/wp-json\/wp\/v2\/posts\/527274","targetHints":{"allow":["GET"]}}],"collection":[{"href":"https:\/\/diarioelpopular.com\/index.php\/wp-json\/wp\/v2\/posts"}],"about":[{"href":"https:\/\/diarioelpopular.com\/index.php\/wp-json\/wp\/v2\/types\/post"}],"author":[{"embeddable":true,"href":"https:\/\/diarioelpopular.com\/index.php\/wp-json\/wp\/v2\/users\/99"}],"replies":[{"embeddable":true,"href":"https:\/\/diarioelpopular.com\/index.php\/wp-json\/wp\/v2\/comments?post=527274"}],"version-history":[{"count":1,"href":"https:\/\/diarioelpopular.com\/index.php\/wp-json\/wp\/v2\/posts\/527274\/revisions"}],"predecessor-version":[{"id":527276,"href":"https:\/\/diarioelpopular.com\/index.php\/wp-json\/wp\/v2\/posts\/527274\/revisions\/527276"}],"wp:featuredmedia":[{"embeddable":true,"href":"https:\/\/diarioelpopular.com\/index.php\/wp-json\/wp\/v2\/media\/527275"}],"wp:attachment":[{"href":"https:\/\/diarioelpopular.com\/index.php\/wp-json\/wp\/v2\/media?parent=527274"}],"wp:term":[{"taxonomy":"category","embeddable":true,"href":"https:\/\/diarioelpopular.com\/index.php\/wp-json\/wp\/v2\/categories?post=527274"},{"taxonomy":"post_tag","embeddable":true,"href":"https:\/\/diarioelpopular.com\/index.php\/wp-json\/wp\/v2\/tags?post=527274"}],"curies":[{"name":"wp","href":"https:\/\/api.w.org\/{rel}","templated":true}]}}