{"id":527310,"date":"2025-01-15T11:22:48","date_gmt":"2025-01-15T15:22:48","guid":{"rendered":"https:\/\/diarioelpopular.com\/?p=527310"},"modified":"2025-01-15T11:22:48","modified_gmt":"2025-01-15T15:22:48","slug":"la-aseguradora-cancelo-la-poliza-de-mis-padres-el-drama-de-los-que-perdieron-la-casa-en-los-incendios-de-los-angeles-y-se-habian-quedado-sin-seguro","status":"publish","type":"post","link":"https:\/\/diarioelpopular.com\/index.php\/2025\/01\/15\/la-aseguradora-cancelo-la-poliza-de-mis-padres-el-drama-de-los-que-perdieron-la-casa-en-los-incendios-de-los-angeles-y-se-habian-quedado-sin-seguro\/","title":{"rendered":"&#8220;La aseguradora cancel\u00f3 la p\u00f3liza de mis padres&#8221;: el drama de los que perdieron la casa en los incendios de Los \u00c1ngeles y se hab\u00edan quedado sin seguro"},"content":{"rendered":"<div id=\"attachment_527311\" style=\"width: 646px\" class=\"wp-caption alignnone\"><img loading=\"lazy\" decoding=\"async\" aria-describedby=\"caption-attachment-527311\" class=\"wp-image-527311 size-custom-full-size\" src=\"https:\/\/diarioelpopular.com\/wp-content\/uploads\/2025\/01\/Screen-Shot-2025-01-15-at-10.21.51-AM-636x361.png\" alt=\"\" width=\"636\" height=\"361\" srcset=\"https:\/\/diarioelpopular.com\/wp-content\/uploads\/2025\/01\/Screen-Shot-2025-01-15-at-10.21.51-AM-636x361.png 636w, https:\/\/diarioelpopular.com\/wp-content\/uploads\/2025\/01\/Screen-Shot-2025-01-15-at-10.21.51-AM-300x170.png 300w, https:\/\/diarioelpopular.com\/wp-content\/uploads\/2025\/01\/Screen-Shot-2025-01-15-at-10.21.51-AM-768x436.png 768w, https:\/\/diarioelpopular.com\/wp-content\/uploads\/2025\/01\/Screen-Shot-2025-01-15-at-10.21.51-AM-129x73.png 129w, https:\/\/diarioelpopular.com\/wp-content\/uploads\/2025\/01\/Screen-Shot-2025-01-15-at-10.21.51-AM.png 1024w\" sizes=\"auto, (max-width: 636px) 100vw, 636px\" \/><p id=\"caption-attachment-527311\" class=\"wp-caption-text\">No est\u00e1 claro cu\u00e1ntos propietarios estaban sin seguro cuando llegaron los incendios que ya se consideran los m\u00e1s destructivos de la historia de EE.UU.<\/p><\/div>\n<p>&nbsp;<\/p>\n<p>&nbsp;<\/p>\n<div class=\"bbc-19j92fr ebmt73l0\" dir=\"ltr\">\n<ul>\n<li class=\"bbc-hhl7in e17g058b0\" dir=\"ltr\"><em><b>Armada con una manguera de jard\u00edn, Lynne Levin-Guzman trataba el jueves de salvar la casa en la que naci\u00f3, de los incendios que siguen asolando el condado de Los \u00c1ngeles, en California.<\/b><\/em><\/li>\n<\/ul>\n<\/div>\n<div class=\"bbc-19j92fr ebmt73l0\" dir=\"ltr\">\n<p dir=\"ltr\">\n<p dir=\"ltr\">\n<p class=\"bbc-hhl7in e17g058b0\" dir=\"ltr\">&#8220;Ya s\u00e9 que no deber\u00eda estar aqu\u00ed, es zona de evacuaci\u00f3n, pero la aseguradora, a su conveniencia, cancel\u00f3 la p\u00f3liza contra incendios de mis padres&#8221;, le cont\u00f3 con enorme enfado al canal KABC-TV en el municipio de Altadena.<\/p>\n<\/div>\n<div class=\"bbc-19j92fr ebmt73l0\" dir=\"ltr\">\n<p class=\"bbc-hhl7in e17g058b0\" dir=\"ltr\">&#8220;Tienen 90 a\u00f1os, llevaban 75 viviendo aqu\u00ed y siempre hab\u00edan tenido el mismo seguro, pag\u00e1ndolo debidamente y sin tener reclamos&#8221;, explic\u00f3 la enfermera de 62 a\u00f1os. &#8220;No les import\u00f3, y luego se preguntan por qu\u00e9 la gente se va de California&#8221;.<\/p>\n<\/div>\n<div class=\"bbc-19j92fr ebmt73l0\" dir=\"ltr\">\n<p class=\"bbc-hhl7in e17g058b0\" dir=\"ltr\">Decenas de denuncias similares llegaban del otro extremo del condado, desde Pacific Palisades, el \u00e1rea residencial donde el 7 de enero prendieron las primera llamas de estos devastadores incendios y que qued\u00f3 pr\u00e1cticamente arrasada.<\/p>\n<\/div>\n<div class=\"bbc-19j92fr ebmt73l0\" dir=\"ltr\">\n<p class=\"bbc-hhl7in e17g058b0\" dir=\"ltr\">&#8220;Una de las mayores compa\u00f1\u00edas de seguros anul\u00f3 todas las p\u00f3lizas de nuestro barrio hace cuatro meses&#8221;, escribi\u00f3 en X el actor James Wood, cuya vivienda en la zona, como miles de otras, qued\u00f3 reducida a cenizas.<\/p>\n<\/div>\n<div class=\"bbc-19j92fr ebmt73l0\" dir=\"ltr\">\n<div class=\"bbc-1gbu67o e19v6olm0\" data-e2e=\"twitter-embed-https:\/\/twitter.com\/RealJamesWoods\/status\/1876875152236941482\"><\/div>\n<\/div>\n<div class=\"bbc-19j92fr ebmt73l0\" dir=\"ltr\">\n<p class=\"bbc-hhl7in e17g058b0\" dir=\"ltr\">Los datos muestran que es una tendencia creciente en zonas propensas a incendios o consideradas de riesgo en California en la \u00faltima d\u00e9cada, en momentos en los que este tipo de eventos se han vuelto m\u00e1s frecuentes y calamitosos.<\/p>\n<\/div>\n<div class=\"bbc-19j92fr ebmt73l0\" dir=\"ltr\">\n<p class=\"bbc-hhl7in e17g058b0\" dir=\"ltr\">Y los expertos advierten que los \u00faltimos incendios, considerados ya los m\u00e1s catastr\u00f3ficos de la historia del pa\u00eds, podr\u00edan profundizar a\u00fan m\u00e1s esta crisis que tiene a cientos de miles de californianos luchando por encontrar y mantener un seguro de vivienda asequible.<\/p>\n<\/div>\n<div class=\"bbc-19j92fr ebmt73l0\" dir=\"ltr\">\n<h2 id=\"Tendencia-creciente\" class=\"bbc-1lgzob2 eglt09e0\" tabindex=\"-1\">Tendencia creciente<\/h2>\n<\/div>\n<div class=\"bbc-19j92fr ebmt73l0\" dir=\"ltr\">\n<p class=\"bbc-hhl7in e17g058b0\" dir=\"ltr\">Seg\u00fan los\u00a0<a class=\"focusIndicatorReducedWidth bbc-n8oauk e1p3sufg0\" href=\"https:\/\/www.insurance.ca.gov\/01-consumers\/200-wrr\/upload\/CDI-Fact-Sheet-Summary-on-Residential-Insurance-Policies-and-the-FAIR-Plan-v-011325-2.pdf\" aria-label=\"datos m\u00e1s recientes del Departamento de Seguros de California, externo\">datos m\u00e1s recientes del Departamento de Seguros de California<\/a>\u00a0(CDI, por sus siglas en ingl\u00e9s), la agencia estatal encargada de supervisar las regulaciones del ramo, entre 2020 y 2023 se cancelaron 3,6 millones de p\u00f3lizas, mientras se firmaron 30,2 millones de contratos nuevos.<\/p>\n<\/div>\n<div class=\"bbc-19j92fr ebmt73l0\" dir=\"ltr\">\n<p class=\"bbc-hhl7in e17g058b0\" dir=\"ltr\">Ya en 2019 hab\u00eda habido una subida en las cancelaciones, &#8220;sobre todo de hogares en riesgo de incendio&#8221;, se explica en el informe publicado este 13 de enero. Y, tras un descenso en los siguientes a\u00f1os, en 2023 volvieron a aumentar, &#8220;cuando algunas grandes aseguradoras empezaron a reducir su presencia en California&#8221;.<\/p>\n<\/div>\n<div class=\"bbc-19j92fr ebmt73l0\" dir=\"ltr\">\n<p class=\"bbc-hhl7in e17g058b0\" dir=\"ltr\">De acuerdo a CDI, las razones de las compa\u00f1\u00edas para no renovar p\u00f3lizas incluyen, entre otras, los &#8220;incendios y otros riesgos que no satisfacen sus necesidades&#8221;.<\/p>\n<\/div>\n<div class=\"bbc-19j92fr ebmt73l0\" dir=\"ltr\">\n<p class=\"bbc-hhl7in e17g058b0\" dir=\"ltr\">Aunque las cancelaciones tambi\u00e9n se pueden producir por informaci\u00f3n err\u00f3nea o &#8220;fraudulenta&#8221;, por el historial de reclamos del potencial cliente o porque las aseguradoras decidieron retirarse de un mercado espec\u00edfico.<\/p>\n<\/div>\n<div class=\"bbc-19j92fr ebmt73l0\" dir=\"ltr\">\n<p class=\"bbc-hhl7in e17g058b0\" dir=\"ltr\">En California operan 111 compa\u00f1\u00edas que ofrecen seguros integrales para propietarios de viviendas, y otras 139 que ofrecen otro tipo de p\u00f3lizas.<\/p>\n<\/div>\n<div class=\"bbc-19j92fr ebmt73l0\" dir=\"ltr\">\n<p class=\"bbc-hhl7in e17g058b0\" dir=\"ltr\">La m\u00e1s grande del estado, State Farm General, anunci\u00f3 en marzo del a\u00f1o pasado que discontinuar\u00eda 30.000 contratos cuando expiraran.<\/p>\n<\/div>\n<div class=\"bbc-19j92fr ebmt73l0\" dir=\"ltr\">\n<p class=\"bbc-hhl7in e17g058b0\" dir=\"ltr\">&#8220;Esta decisi\u00f3n no se tom\u00f3 a la ligera, sino despu\u00e9s de un an\u00e1lisis cuidadoso de la salud financiera de State Farm General, que contin\u00faa estando afectada por la inflaci\u00f3n, la exposici\u00f3n a cat\u00e1strofes, los costos de reaseguro y las limitaciones que implica trabajar con regulaciones de seguros que tienen d\u00e9cadas de antig\u00fcedad&#8221;, explic\u00f3 la empresa en un comunicado publicado en su p\u00e1gina web.<\/p>\n<\/div>\n<div class=\"bbc-19j92fr ebmt73l0\" dir=\"ltr\">\n<p class=\"bbc-hhl7in e17g058b0\" dir=\"ltr\">Las p\u00f3lizas canceladas inclu\u00edan 1.626 en Pacific Palisades, seg\u00fan le confirm\u00f3 el portavoz de CDI, Michael Soller, a la cadena CBS.<\/p>\n<\/div>\n<div class=\"bbc-19j92fr ebmt73l0\" dir=\"ltr\">\n<p class=\"bbc-hhl7in e17g058b0\" dir=\"ltr\">Consultada por CBS, State Farm no coment\u00f3 sobre la decisi\u00f3n y sus repercusiones, y contest\u00f3: &#8220;Nuestra prioridad en este momento es la seguridad de nuestros clientes, agentes y empleados afectados por los incendios y ayudar a nuestros clientes en medio de esta tragedia&#8221;.<\/p>\n<\/div>\n<div class=\"bbc-19j92fr ebmt73l0\" dir=\"ltr\">\n<p class=\"bbc-hhl7in e17g058b0\" dir=\"ltr\">Otras empresas siguieron su ejemplo, dejando de emitir nuevas p\u00f3lizas e incluso retir\u00e1ndose del estado.<\/p>\n<p dir=\"ltr\">\n<\/div>\n<figure class=\"bbc-1qn0xuy\">\n<div class=\"bbc-18ywsw9\">\n<div style=\"width: 1034px\" class=\"wp-caption alignnone\"><img loading=\"lazy\" decoding=\"async\" class=\"bbc-139onq\" src=\"https:\/\/ichef.bbci.co.uk\/ace\/ws\/640\/cpsprodpb\/4379\/live\/980e94c0-d24a-11ef-9fd6-0be88a764111.jpg.webp\" alt=\"Un letrero de State Farm Insurance en un edificio destruido durante el incendio de Eaton en Altadena, California, EE. UU., el mi\u00e9rcoles 8 de enero de 2025. (Foto de Michael Nigro\/Bloomberg)\" width=\"1024\" height=\"683\" \/><p class=\"wp-caption-text\">Fuente de la imagen,Getty Images.\u00a0\u00a0La aseguradora de vivienda m\u00e1s grande del estado, State Farm General, anunci\u00f3 en marzo que discontinuar\u00eda 30.000 contratos. Con certeza que a este no le cancelaron el seguro contra incendio.<\/p><\/div>\n<\/div>\n<\/figure>\n<div class=\"bbc-19j92fr ebmt73l0\" dir=\"ltr\">\n<p dir=\"ltr\">\n<p dir=\"ltr\">\n<p class=\"bbc-hhl7in e17g058b0\" dir=\"ltr\">Peggy Holter, de 83 a\u00f1os, es una de las propietarias que se vio afectada por la oleada de cancelaciones.<\/p>\n<\/div>\n<div class=\"bbc-19j92fr ebmt73l0\" dir=\"ltr\">\n<p class=\"bbc-hhl7in e17g058b0\" dir=\"ltr\">Y hoy, esta periodista retirada habla con desesperanza de como su apartamento en Pacific Palisades, al que se mud\u00f3 el 1 de enero de 1978 y que estaba &#8220;pagado por completo&#8221;, qued\u00f3 hecho escombros por el fuego.<\/p>\n<\/div>\n<div class=\"bbc-19j92fr ebmt73l0\" dir=\"ltr\">\n<p class=\"bbc-hhl7in e17g058b0\" dir=\"ltr\">Su propiedad, al formar parte de un complejo de 36 unidades, contaba con dos tipos de seguro.<\/p>\n<\/div>\n<div class=\"bbc-19j92fr ebmt73l0\" dir=\"ltr\">\n<p class=\"bbc-hhl7in e17g058b0\" dir=\"ltr\">State Farm ya le hab\u00eda informado que no renovar\u00eda su p\u00f3liza individual, la que cubre el interior de la vivienda y las pertenencias personales, y brinda beneficios como los gastos de manutenci\u00f3n si un condominio queda inutilizable.<\/p>\n<\/div>\n<div class=\"bbc-19j92fr ebmt73l0\" dir=\"ltr\">\n<p class=\"bbc-hhl7in e17g058b0\" dir=\"ltr\">La empresa justific\u00f3 su decisi\u00f3n alegando el &#8220;mal estado del tejado&#8221;, cuenta Holter.<\/p>\n<\/div>\n<div class=\"bbc-19j92fr ebmt73l0\" dir=\"ltr\">\n<p class=\"bbc-hhl7in e17g058b0\" dir=\"ltr\">&#8220;Aunque luego he sabido que es una de las razones que dan para cancelar contratos&#8221; en zonas consideradas de riesgo, apunta, algo que suscriben las organizaciones en defensa de los derechos del consumidor consultadas por este medio.<\/p>\n<\/div>\n<div class=\"bbc-19j92fr ebmt73l0\" dir=\"ltr\">\n<p class=\"bbc-hhl7in e17g058b0\" dir=\"ltr\">&#8220;Muchas compa\u00f1\u00edas son muy vagas con las razones. E incluso si dicen que es, de forma gen\u00e9rica, por &#8216;riesgo de incendio&#8217;, no suelen ofrecer mayor detalle&#8221;, explica Carmen Balber, directora ejecutiva de Consumer Watchdog, una entidad de ese tipo entrada en el mercado de los seguros en California.<\/p>\n<\/div>\n<div class=\"bbc-19j92fr ebmt73l0\" dir=\"ltr\">\n<p class=\"bbc-hhl7in e17g058b0\" dir=\"ltr\">Se consult\u00f3 a State Farm sobre el caso de Holter, a lo que la aseguradora se justific\u00f3 alegando que por su &#8220;pol\u00edtica de privacidad&#8221; no comentan la situaci\u00f3n de clientes particulares.<\/p>\n<\/div>\n<div class=\"bbc-19j92fr ebmt73l0\" dir=\"ltr\">\n<p class=\"bbc-hhl7in e17g058b0\" dir=\"ltr\">Holter no hab\u00eda contratado otro seguro individual antes de que llegaran los incendios, y a\u00fan le queda la p\u00f3liza maestra de la asociaci\u00f3n de propietarios, que protege todas las instalaciones y terrenos comunes, y que en su caso asciende a US$20 millones.<\/p>\n<\/div>\n<div class=\"bbc-19j92fr ebmt73l0\" dir=\"ltr\">\n<p class=\"bbc-hhl7in e17g058b0\" dir=\"ltr\">Sin embargo, eso supondr\u00eda alrededor de US$550.000 para cada apartamento, muy por debajo del mill\u00f3n que se paga actualmente por ese tipo de vivienda en esa zona de la ciudad.<\/p>\n<\/div>\n<div class=\"bbc-19j92fr ebmt73l0\" dir=\"ltr\">\n<p class=\"bbc-hhl7in e17g058b0\" dir=\"ltr\">&#8220;En el barrio no hay solo millonarios y mansiones. Viv\u00edamos mucha gente que adquirimos propiedades cuando a\u00fan eran asequibles&#8221;.<\/p>\n<\/div>\n<div class=\"bbc-19j92fr ebmt73l0\" dir=\"ltr\">\n<p class=\"bbc-hhl7in e17g058b0\" dir=\"ltr\">Hoy no cree que pueda regresar.<\/p>\n<p dir=\"ltr\">\n<\/div>\n<figure class=\"bbc-1qn0xuy\">\n<div class=\"bbc-18ywsw9\">\n<div style=\"width: 3034px\" class=\"wp-caption alignnone\"><img loading=\"lazy\" decoding=\"async\" class=\"bbc-139onq\" src=\"https:\/\/ichef.bbci.co.uk\/ace\/ws\/640\/cpsprodpb\/381c\/live\/6694fb60-d249-11ef-9fd6-0be88a764111.jpg.webp\" alt=\"Peggy Holter en su casa de Pacific Palisades, Los \u00c1ngeles, Estados Unidos, durante el periodo navide\u00f1o, antes de que los incendios m\u00e1s destructivos de la historia del pa\u00eds la destruyeran.\" width=\"3024\" height=\"4032\" \/><p class=\"wp-caption-text\">Fuente de la imagen,Cortes\u00eda de Peggy Holter.\u00a0\u00a0A Peggy Holter, una periodista de TV jubilada de 83 a\u00f1os, la aseguradora le dijo que no iba a renovarle la p\u00f3liza individual de su apartamento por la condici\u00f3n en la que estaba el tejado.<\/p><\/div>\n<\/div>\n<\/figure>\n<div class=\"bbc-19j92fr ebmt73l0\" dir=\"ltr\">\n<p dir=\"ltr\">\n<p dir=\"ltr\">\n<p class=\"bbc-hhl7in e17g058b0\" dir=\"ltr\">Para evitar que este tipo de situaciones se repitan, Ricardo Lara, quien encabeza la Comisi\u00f3n de Seguros de California, emiti\u00f3 el jueves una moratoria para que las aseguradoras no puedan cancelar contratos a propietarios de las zonas afectadas por los incendios Palisades y Eaton durante este a\u00f1o.<\/p>\n<\/div>\n<div class=\"bbc-19j92fr ebmt73l0\" dir=\"ltr\">\n<p class=\"bbc-hhl7in e17g058b0\" dir=\"ltr\">&#8220;Mi coraz\u00f3n est\u00e1 con mis conciudadanos. Nuestra prioridad es proteger a los californianos ante esta crisis y ayudar a que nos recuperemos&#8221;, expres\u00f3 en un comunicado de prensa.<\/p>\n<\/div>\n<div class=\"bbc-19j92fr ebmt73l0\" dir=\"ltr\">\n<p class=\"bbc-hhl7in e17g058b0\" dir=\"ltr\">Y a\u00f1adi\u00f3 que se tom\u00f3 la medida para que los afectados &#8220;no se tengan que enfrentar al estr\u00e9s a\u00f1adido que supone buscar un nuevo seguro en medio del desastre&#8221;.<\/p>\n<\/div>\n<div class=\"bbc-19j92fr ebmt73l0\" dir=\"ltr\">\n<h2 id=\"Primas-cada-vez-m\u00e1s-altas\" class=\"bbc-1lgzob2 eglt09e0\" tabindex=\"-1\">Primas cada vez m\u00e1s altas<\/h2>\n<\/div>\n<div class=\"bbc-19j92fr ebmt73l0\" dir=\"ltr\">\n<p class=\"bbc-hhl7in e17g058b0\" dir=\"ltr\">No est\u00e1 claro cu\u00e1ntos propietarios de viviendas de Pacific Palisades, Malib\u00fa, Altadena, Pasadena u otras zonas arrasadas por el fuego no contaban con seguro.<\/p>\n<\/div>\n<div class=\"bbc-19j92fr ebmt73l0\" dir=\"ltr\">\n<p class=\"bbc-hhl7in e17g058b0\" dir=\"ltr\">Y no siempre son las aseguradoras las que cancelan p\u00f3lizas.<\/p>\n<\/div>\n<div class=\"bbc-19j92fr ebmt73l0\" dir=\"ltr\">\n<p class=\"bbc-hhl7in e17g058b0\" dir=\"ltr\">Seg\u00fan CDI, entre el 75% y el 80% de los casos son los clientes los que deciden no renovar, porque vendieron la propiedad, cambiaron de aseguradora o por lo elevadas que son las primas.<\/p>\n<\/div>\n<div class=\"bbc-19j92fr ebmt73l0\" dir=\"ltr\">\n<p class=\"bbc-hhl7in e17g058b0\" dir=\"ltr\">Este \u00faltimo es el caso de Francis Bischetti, quien, seg\u00fan le cont\u00f3 al diario<i class=\"bbc-h1y5j7 eih42320\">\u00a0Los Angeles Times<\/i>, se enter\u00f3 de que el costo anual de su p\u00f3liza iba a aumentar de US$4.500 a US$18.000, una cantidad que no pod\u00eda pagar.<\/p>\n<\/div>\n<div class=\"bbc-19j92fr ebmt73l0\" dir=\"ltr\">\n<p class=\"bbc-hhl7in e17g058b0\" dir=\"ltr\">Tampoco pudo acceder al plan California FAIR, un sistema respaldado por el estado y considerado como un \u00faltimo recurso. FAIR ofrece p\u00f3lizas a quienes no consiguen cobertura de otra manera, pero son m\u00e1s caras y cubren menos que los seguros de vivienda privados.<\/p>\n<\/div>\n<div class=\"bbc-19j92fr ebmt73l0\" dir=\"ltr\">\n<p class=\"bbc-hhl7in e17g058b0\" dir=\"ltr\">La demanda por estos planes aument\u00f3 al ritmo que lo hicieron las cancelaciones de las aseguradoras. California FAIR pas\u00f3 de tener en torno a 200.000 contratos en septiembre de 2020 a los m\u00e1s de 450.000 ese mismo mes el a\u00f1o pasado.<\/p>\n<p dir=\"ltr\">\n<\/div>\n<figure class=\"bbc-1qn0xuy\">\n<div class=\"bbc-18ywsw9\">\n<div style=\"width: 1034px\" class=\"wp-caption alignnone\"><img loading=\"lazy\" decoding=\"async\" class=\"bbc-139onq\" src=\"https:\/\/ichef.bbci.co.uk\/ace\/ws\/640\/cpsprodpb\/2ef4\/live\/d0afbbe0-d24c-11ef-94cb-5f844ceb9e30.jpg.webp\" alt=\"Vista a\u00e9rea de una parte de Pacific Palisades, condado de Los \u00c1ngeles, California, Estados Unidos, el 13 de enero de 2025 muestra cientos de viviedas reducidas a cenizas por el incendio Palisades. \" width=\"1024\" height=\"643\" \/><p class=\"wp-caption-text\">Fuente de la imagen,Getty Images.\u00a0\u00a0Vista a\u00e9rea de una parte de Pacific Palisades el 13 de enero de 2025, que muestra cientos de viviedas reducidas a cenizas por el fuego.<\/p><\/div>\n<\/div>\n<\/figure>\n<div class=\"bbc-19j92fr ebmt73l0\" dir=\"ltr\">\n<p dir=\"ltr\">\n<p dir=\"ltr\">\n<p class=\"bbc-hhl7in e17g058b0\" dir=\"ltr\">Ninguno de ellos corresponde a Bischetti, asistente personal de 55 a\u00f1os, quien opt\u00f3 por seguir sin p\u00f3liza que protegiera su vivienda de Pacific Palisades.<\/p>\n<\/div>\n<div class=\"bbc-19j92fr ebmt73l0\" dir=\"ltr\">\n<p class=\"bbc-hhl7in e17g058b0\" dir=\"ltr\">Pens\u00f3 que regar la propiedad durante todo el a\u00f1o ser\u00eda suficiente protecci\u00f3n ante un potencial fuego en las cercan\u00edas.<\/p>\n<\/div>\n<div class=\"bbc-19j92fr ebmt73l0\" dir=\"ltr\">\n<p class=\"bbc-hhl7in e17g058b0\" dir=\"ltr\">No lo fue. La casa en la que residi\u00f3 durante pr\u00e1cticamente toda su vida se incendi\u00f3 el martes como otras 10.000 del vecindario.<\/p>\n<\/div>\n<div class=\"bbc-19j92fr ebmt73l0\" dir=\"ltr\">\n<h2 id=\"P\u00e9rdidas-vs-beneficios\" class=\"bbc-1lgzob2 eglt09e0\" tabindex=\"-1\">P\u00e9rdidas vs. beneficios<\/h2>\n<\/div>\n<div class=\"bbc-19j92fr ebmt73l0\" dir=\"ltr\">\n<p class=\"bbc-hhl7in e17g058b0\" dir=\"ltr\">Hace apenas dos semanas, el Departamento de Seguros de California anunci\u00f3 una nueva regulaci\u00f3n, dise\u00f1ada para reducir las cancelaciones y fomentar que las aseguradoras privadas acepten m\u00e1s clientes en partes del estado propensas a incendios.<\/p>\n<\/div>\n<div class=\"bbc-19j92fr ebmt73l0\" dir=\"ltr\">\n<p class=\"bbc-hhl7in e17g058b0\" dir=\"ltr\">&#8220;Los californianos se merecen un mercado de seguros fiable que no deje abandonadas a las comunidades m\u00e1s vulnerables ante los incendios y la crisis clim\u00e1tica&#8221;, dijo entonces el comisionado Lara.<\/p>\n<\/div>\n<div class=\"bbc-19j92fr ebmt73l0\" dir=\"ltr\">\n<p class=\"bbc-hhl7in e17g058b0\" dir=\"ltr\">Pero las nuevas reglas no dejan de ser controvertidas, ya que posibilitan a las compa\u00f1\u00edas cargar a los clientes el costo de reasegurar sus casas (el reaseguro son p\u00f3lizas que las aseguradoras adquieren de otras empresas para distribuir su riesgo).<\/p>\n<\/div>\n<div class=\"bbc-19j92fr ebmt73l0\" dir=\"ltr\">\n<p class=\"bbc-hhl7in e17g058b0\" dir=\"ltr\">California era hasta ahora el \u00fanico estado que no permit\u00eda hacerlo.<\/p>\n<\/div>\n<div class=\"bbc-19j92fr ebmt73l0\" dir=\"ltr\">\n<p class=\"bbc-hhl7in e17g058b0\" dir=\"ltr\">Consumer Watchdog calcula que esto podr\u00eda incrementar entre un 40% y un 50% el costo de los seguros de vivienda.<\/p>\n<\/div>\n<div class=\"bbc-19j92fr ebmt73l0\" dir=\"ltr\">\n<p class=\"bbc-hhl7in e17g058b0\" dir=\"ltr\">Hoy por hoy los propietarios de viviendas en California pueden pagar desde US$1.000 hasta m\u00e1s de US$40.000 al a\u00f1o por asegurar sus propiedades.<\/p>\n<\/div>\n<div class=\"bbc-19j92fr ebmt73l0\" dir=\"ltr\">\n<p class=\"bbc-hhl7in e17g058b0\" dir=\"ltr\">&#8220;California es el cuarto mercado de seguros del mundo&#8221;, le dijo a la cadena NBC Janet Ruiz, portavoz de un organismo que representa a la industria. &#8220;Queremos estar aqu\u00ed, queremos formar parte de \u00e9l, pero necesitamos obtener alg\u00fan beneficio&#8221;.<\/p>\n<p dir=\"ltr\">\n<\/div>\n<figure class=\"bbc-1qn0xuy\">\n<div class=\"bbc-18ywsw9\">\n<div style=\"width: 1034px\" class=\"wp-caption alignnone\"><img loading=\"lazy\" decoding=\"async\" class=\"bbc-139onq\" src=\"https:\/\/ichef.bbci.co.uk\/ace\/ws\/640\/cpsprodpb\/74f2\/live\/f22f21d0-d24b-11ef-94cb-5f844ceb9e30.jpg.webp\" alt=\"Ana Ashby, delante, y sus hijas Antonia (izquierda), de 23 a\u00f1os, y Judi, de 25, observan la vivienda destruida de sus vecinos en Pacific Palisades, condado de Los \u00c1ngeles, California, el 11 de enero de 2025.\" width=\"1024\" height=\"683\" \/><p class=\"wp-caption-text\">Fuente de la imagen,Getty Images.\u00a0\u00a0Hoy por hoy un seguro de vivienda en California puede costar desde US$1.000 hasta m\u00e1s de US$40.000 al a\u00f1o.<\/p><\/div>\n<\/div>\n<\/figure>\n<div class=\"bbc-19j92fr ebmt73l0\" dir=\"ltr\">\n<p dir=\"ltr\">\n<p dir=\"ltr\">\n<p class=\"bbc-hhl7in e17g058b0\" dir=\"ltr\">Los expertos prev\u00e9n que estos ser\u00e1n los incendios m\u00e1s costosos de la historia del pa\u00eds.<\/p>\n<\/div>\n<div class=\"bbc-19j92fr ebmt73l0\" dir=\"ltr\">\n<p class=\"bbc-hhl7in e17g058b0\" dir=\"ltr\">J.P. Morgan Insurance estim\u00f3 primero que las p\u00e9rdidas se acercar\u00edan a los US$20.000 millones, y rectific\u00f3 subiendo la cifra a US$50.000 millones.<\/p>\n<\/div>\n<div class=\"bbc-19j92fr ebmt73l0\" dir=\"ltr\">\n<p class=\"bbc-hhl7in e17g058b0\" dir=\"ltr\">Mientras, AccuWeather sit\u00faa los da\u00f1os y las p\u00e9rdidas econ\u00f3micas entre los US$135.000 y US$150.000 millones.<\/p>\n<\/div>\n<div class=\"bbc-19j92fr ebmt73l0\" dir=\"ltr\">\n<p class=\"bbc-hhl7in e17g058b0\" dir=\"ltr\">Sin embargo, organizaciones como Consumer Watchdog tratan de desmontar la narrativa de la industria, asegurando que a pesar de los desastres naturales y dem\u00e1s eventos, las empresas del ramo obtienen mayores beneficios en el estado que la media del resto del pa\u00eds.<\/p>\n<\/div>\n<div class=\"bbc-19j92fr ebmt73l0\" dir=\"ltr\">\n<p class=\"bbc-hhl7in e17g058b0\" dir=\"ltr\">Por ello, mientras algunos expertos auguran una mayor profundizaci\u00f3n en la &#8220;crisis de los seguros&#8221; en California, Balber cree que no deber\u00eda ser as\u00ed.<\/p>\n<\/div>\n<div class=\"bbc-19j92fr ebmt73l0\" dir=\"ltr\">\n<p class=\"bbc-hhl7in e17g058b0\" dir=\"ltr\">&#8220;Un evento as\u00ed es la raz\u00f3n por la que contratas un seguro, por la que los consumidores pagaron diligentemente sus cuotas durante d\u00e9cadas&#8221;, subraya Balber.<\/p>\n<\/div>\n<div class=\"bbc-19j92fr ebmt73l0\" dir=\"ltr\">\n<p class=\"bbc-hhl7in e17g058b0\" dir=\"ltr\">As\u00ed lo hizo Holter, quien mira al futuro con incertidumbre.<\/p>\n<\/div>\n<div class=\"bbc-19j92fr ebmt73l0\" dir=\"ltr\">\n<p class=\"bbc-hhl7in e17g058b0\" dir=\"ltr\">&#8220;Fui reportera para televisi\u00f3n y viaj\u00e9 a todas partes del mundo, a todo tipo de lugares&#8221;, recuerda.<\/p>\n<\/div>\n<div class=\"bbc-19j92fr ebmt73l0\" dir=\"ltr\">\n<p class=\"bbc-hhl7in e17g058b0\" dir=\"ltr\">&#8220;Pero siempre tuve un sitio al que volver, mi casa en los Palisades. All\u00ed ten\u00eda todo lo que quer\u00eda dejarles a mis hijos. Y ahora no lo puedo hacer, y es muy triste&#8221;.<\/p>\n<\/div>\n","protected":false},"excerpt":{"rendered":"<p>&nbsp; &nbsp; Armada con una manguera de jard\u00edn, Lynne Levin-Guzman trataba el jueves de salvar la casa en la que naci\u00f3, de los incendios que&hellip;<\/p>\n","protected":false},"author":99,"featured_media":527311,"comment_status":"open","ping_status":"open","sticky":false,"template":"","format":"standard","meta":{"footnotes":""},"categories":[24],"tags":[],"class_list":["post-527310","post","type-post","status-publish","format-standard","has-post-thumbnail","hentry","category-mundo"],"_links":{"self":[{"href":"https:\/\/diarioelpopular.com\/index.php\/wp-json\/wp\/v2\/posts\/527310","targetHints":{"allow":["GET"]}}],"collection":[{"href":"https:\/\/diarioelpopular.com\/index.php\/wp-json\/wp\/v2\/posts"}],"about":[{"href":"https:\/\/diarioelpopular.com\/index.php\/wp-json\/wp\/v2\/types\/post"}],"author":[{"embeddable":true,"href":"https:\/\/diarioelpopular.com\/index.php\/wp-json\/wp\/v2\/users\/99"}],"replies":[{"embeddable":true,"href":"https:\/\/diarioelpopular.com\/index.php\/wp-json\/wp\/v2\/comments?post=527310"}],"version-history":[{"count":1,"href":"https:\/\/diarioelpopular.com\/index.php\/wp-json\/wp\/v2\/posts\/527310\/revisions"}],"predecessor-version":[{"id":527312,"href":"https:\/\/diarioelpopular.com\/index.php\/wp-json\/wp\/v2\/posts\/527310\/revisions\/527312"}],"wp:featuredmedia":[{"embeddable":true,"href":"https:\/\/diarioelpopular.com\/index.php\/wp-json\/wp\/v2\/media\/527311"}],"wp:attachment":[{"href":"https:\/\/diarioelpopular.com\/index.php\/wp-json\/wp\/v2\/media?parent=527310"}],"wp:term":[{"taxonomy":"category","embeddable":true,"href":"https:\/\/diarioelpopular.com\/index.php\/wp-json\/wp\/v2\/categories?post=527310"},{"taxonomy":"post_tag","embeddable":true,"href":"https:\/\/diarioelpopular.com\/index.php\/wp-json\/wp\/v2\/tags?post=527310"}],"curies":[{"name":"wp","href":"https:\/\/api.w.org\/{rel}","templated":true}]}}