{"id":527314,"date":"2025-01-15T11:34:43","date_gmt":"2025-01-15T15:34:43","guid":{"rendered":"https:\/\/diarioelpopular.com\/?p=527314"},"modified":"2025-01-15T11:34:43","modified_gmt":"2025-01-15T15:34:43","slug":"plan-mexico-en-que-consiste-el-ambicioso-proyecto-industrial-de-sheinbaum-ante-la-llegada-de-trump-a-la-casa-blanca","status":"publish","type":"post","link":"https:\/\/diarioelpopular.com\/index.php\/2025\/01\/15\/plan-mexico-en-que-consiste-el-ambicioso-proyecto-industrial-de-sheinbaum-ante-la-llegada-de-trump-a-la-casa-blanca\/","title":{"rendered":"Plan M\u00e9xico: en qu\u00e9 consiste el ambicioso proyecto industrial de Sheinbaum ante la llegada de Trump a la Casa Blanca"},"content":{"rendered":"<div id=\"attachment_527315\" style=\"width: 646px\" class=\"wp-caption alignnone\"><img loading=\"lazy\" decoding=\"async\" aria-describedby=\"caption-attachment-527315\" class=\"wp-image-527315 size-custom-full-size\" src=\"https:\/\/diarioelpopular.com\/wp-content\/uploads\/2025\/01\/Screen-Shot-2025-01-15-at-10.34.07-AM-636x359.png\" alt=\"\" width=\"636\" height=\"359\" srcset=\"https:\/\/diarioelpopular.com\/wp-content\/uploads\/2025\/01\/Screen-Shot-2025-01-15-at-10.34.07-AM-636x359.png 636w, https:\/\/diarioelpopular.com\/wp-content\/uploads\/2025\/01\/Screen-Shot-2025-01-15-at-10.34.07-AM-300x169.png 300w, https:\/\/diarioelpopular.com\/wp-content\/uploads\/2025\/01\/Screen-Shot-2025-01-15-at-10.34.07-AM-768x433.png 768w, https:\/\/diarioelpopular.com\/wp-content\/uploads\/2025\/01\/Screen-Shot-2025-01-15-at-10.34.07-AM-130x73.png 130w, https:\/\/diarioelpopular.com\/wp-content\/uploads\/2025\/01\/Screen-Shot-2025-01-15-at-10.34.07-AM.png 1024w\" sizes=\"auto, (max-width: 636px) 100vw, 636px\" \/><p id=\"caption-attachment-527315\" class=\"wp-caption-text\">Sheinbaum dijo que quiere poner a M\u00e9xico entre las 10 econom\u00edas m\u00e1s grandes del mundo.<\/p><\/div>\n<p>&nbsp;<\/p>\n<p>&nbsp;<\/p>\n<div class=\"bbc-19j92fr ebmt73l0\" dir=\"ltr\">\n<ul>\n<li class=\"bbc-hhl7in e17g058b0\" dir=\"ltr\"><em><b>La presidente Claudia Sheinbaum present\u00f3 uno de los planes de desarrollo econ\u00f3mico m\u00e1s ambiciosos de M\u00e9xico en a\u00f1os, justamente en un momento de gran incertidumbre para su pa\u00eds por la llegada del nuevo presidente de Estados Unidos, Donald Trump.<\/b><\/em><\/li>\n<\/ul>\n<\/div>\n<div class=\"bbc-19j92fr ebmt73l0\" dir=\"ltr\">\n<p dir=\"ltr\">\n<p dir=\"ltr\">\n<p class=\"bbc-hhl7in e17g058b0\" dir=\"ltr\">A una semana del cambio de poder en Washington, desde Ciudad de M\u00e9xico los altos funcionarios y los principales directivos empresariales del pa\u00eds se reunieron el lunes para escuchar los objetivos y estrategias que Sheinbaum present\u00f3 en una ceremonia especial.<\/p>\n<\/div>\n<div class=\"bbc-19j92fr ebmt73l0\" dir=\"ltr\">\n<p class=\"bbc-hhl7in e17g058b0\" dir=\"ltr\">Entre sus m\u00e1s grandes metas est\u00e1 que la econom\u00eda de M\u00e9xico sea la d\u00e9cima del mundo, producir en el pa\u00eds 50% del consumo de productos interno, crear 100 parques industriales para emplear a miles de obreros y que el pa\u00eds se posicione en el top 5 de los destinos tur\u00edsticos del mundo.<\/p>\n<\/div>\n<div class=\"bbc-19j92fr ebmt73l0\" dir=\"ltr\">\n<p class=\"bbc-hhl7in e17g058b0\" dir=\"ltr\">&#8220;Que cada uno de los mexicanos sepa que hay plan, que hay desarrollo. Que frente a cualquier incertidumbre que venga en el futuro pr\u00f3ximo, M\u00e9xico tiene un plan y est\u00e1 unido hacia adelante&#8221;, dijo Sheinbaum con optimismo, pero sin mencionar directamente a Trump.<\/p>\n<\/div>\n<div class=\"bbc-19j92fr ebmt73l0\" dir=\"ltr\">\n<p class=\"bbc-hhl7in e17g058b0\" dir=\"ltr\">El secretario de Econom\u00eda, Marcelo Ebrard, defini\u00f3 el plan como una &#8220;carta de navegaci\u00f3n de M\u00e9xico para la nueva era que vamos a enfrentar&#8221;.<\/p>\n<\/div>\n<div class=\"bbc-19j92fr ebmt73l0\" dir=\"ltr\">\n<p class=\"bbc-hhl7in e17g058b0\" dir=\"ltr\">&#8220;De los 42 a\u00f1os que llevo yo en el servicio p\u00fablico, es el \u00fanico instrumento que he visto as\u00ed&#8221;, destac\u00f3. &#8220;Hay incertidumbres en el futuro inmediato, pero si estamos cohesionados y tenemos una direcci\u00f3n nacional como la que tenemos vamos a salir adelante&#8221;.<\/p>\n<p dir=\"ltr\">\n<\/div>\n<figure class=\"bbc-1qn0xuy\">\n<div class=\"bbc-18ywsw9\">\n<div style=\"width: 4170px\" class=\"wp-caption alignnone\"><img loading=\"lazy\" decoding=\"async\" class=\"bbc-139onq\" src=\"https:\/\/ichef.bbci.co.uk\/ace\/ws\/640\/cpsprodpb\/6c1c\/live\/338806a0-d2de-11ef-87df-d575b9a434a4.jpg.webp\" alt=\"Claudia Sheinbaum presentando el Plan M\u00e9xico\" width=\"4160\" height=\"2774\" \/><p class=\"wp-caption-text\">Fuente de la imagen,Presidencia de M\u00e9xico.\u00a0\u00a0Los principales miembros del gabinete y los l\u00edderes empresariales estuvieron en la presentaci\u00f3n del Plan M\u00e9xico.<\/p><\/div>\n<\/div>\n<\/figure>\n<div class=\"bbc-19j92fr ebmt73l0\" dir=\"ltr\">\n<p dir=\"ltr\">\n<p dir=\"ltr\">\n<p class=\"bbc-hhl7in e17g058b0\" dir=\"ltr\">Los analistas econ\u00f3micos del pa\u00eds celebraron el plan por tener objetivos y formas claras de llegar a ellos, cuando menos en su presentaci\u00f3n. Otros, sin embargo, hicieron notar la falta de voz y reconocimiento al sector obrero y sindical.<\/p>\n<\/div>\n<div class=\"bbc-19j92fr ebmt73l0\" dir=\"ltr\">\n<p class=\"bbc-hhl7in e17g058b0\" dir=\"ltr\">Para Mario Campa, un analista econ\u00f3mico formado en el Instituto Tecnol\u00f3gico Aut\u00f3nomo de M\u00e9xico, &#8220;al menos en el papel, es la pol\u00edtica industrial m\u00e1s audaz de las \u00faltimas cuatro o cinco d\u00e9cadas en M\u00e9xico&#8221;, dijo.<\/p>\n<\/div>\n<div class=\"bbc-19j92fr ebmt73l0\" dir=\"ltr\">\n<p class=\"bbc-hhl7in e17g058b0\" dir=\"ltr\">Por otro lado, el acad\u00e9mico Carlos P\u00e9rez Ricart, del Centro de Investigaci\u00f3n y Docencia Econ\u00f3micas, destaca que es &#8220;es una buena respuesta ante el clima de incertidumbre que vive el pa\u00eds&#8221;, aunque considera que falta por precisar c\u00f3mo lograrlo.<\/p>\n<\/div>\n<div class=\"bbc-19j92fr ebmt73l0\" dir=\"ltr\">\n<p class=\"bbc-hhl7in e17g058b0\" dir=\"ltr\">&#8220;Es una estrategia a mediano y largo plazo de desarrollo econ\u00f3mico que pretende hacer frente a una situaci\u00f3n muy compleja, entre decisiones propias, como la Reforma Judicial, y por la elecci\u00f3n de Donald Trump&#8221;, dice.<\/p>\n<\/div>\n<div class=\"bbc-19j92fr ebmt73l0\" dir=\"ltr\">\n<p class=\"bbc-hhl7in e17g058b0\" dir=\"ltr\">Pero ambos coinciden en que genera buenas expectativas para el futuro inminente y a mediano plazo del pa\u00eds.<\/p>\n<\/div>\n<div class=\"bbc-19j92fr ebmt73l0\" dir=\"ltr\">\n<h2 id=\"Las-grandes-metas\" class=\"bbc-1lgzob2 eglt09e0\" tabindex=\"-1\">Las grandes metas<\/h2>\n<\/div>\n<div class=\"bbc-19j92fr ebmt73l0\" dir=\"ltr\">\n<p class=\"bbc-hhl7in e17g058b0\" dir=\"ltr\">En su presentaci\u00f3n del Plan M\u00e9xico, la presidente enumer\u00f3 13 grandes metas y puso algunos plazos y acciones de gobierno para lograrlas.<\/p>\n<\/div>\n<div class=\"etpldq00 bbc-oa9drk ebmt73l0\" dir=\"ltr\">\n<ul class=\"bbc-1lxq1jn\" role=\"list\">\n<li class=\"bbc-1maxgwy\" role=\"listitem\"><b>Ser la 10\u00aa econom\u00eda del mundo.<\/b>\u00a0Actualmente M\u00e9xico est\u00e1 en la posici\u00f3n 12 respecto al producto interno bruto (PIB), seg\u00fan el Banco Mundial.<\/li>\n<li class=\"bbc-1maxgwy\" role=\"listitem\"><b>Inversi\u00f3n superior al 25% del PIB.<\/b>\u00a0Que el gobierno y el sector privado alcancen el 30% de inversi\u00f3n respecto al PIB para el a\u00f1o 2030.<\/li>\n<li class=\"bbc-1maxgwy\" role=\"listitem\"><b>1,5 millones de empleos especializados.<\/b>\u00a0Crear plazas de trabajo en manufactura y profesiones especializadas.<\/li>\n<li class=\"bbc-1maxgwy\" role=\"listitem\"><b>Fabricar m\u00e1s en Mexico.<\/b>\u00a0Que el 50% de lo que consume el pa\u00eds sea &#8220;Hecho en M\u00e9xico&#8221; en &#8220;sectores estrat\u00e9gicos&#8221; como textil, calzado o mobiliario.<\/li>\n<li class=\"bbc-1maxgwy\" role=\"listitem\"><b>15% en el mundo &#8220;Hecho en M\u00e9xico&#8221;.<\/b>\u00a0Aumentar la participaci\u00f3n de M\u00e9xico en las exportaciones mundiales.<\/li>\n<li class=\"bbc-1maxgwy\" role=\"listitem\"><b>Compras del gobierno locales.\u00a0<\/b>Que el gobierno compre la mitad de sus adquisiciones en el mercado nacional.<\/li>\n<li class=\"bbc-1maxgwy\" role=\"listitem\"><b>Vacunas mexicanas.\u00a0<\/b>Realizar en el pa\u00eds todo el proceso de fabricaci\u00f3n de vacunas con &#8220;biotecnolog\u00eda avanzada&#8221;.<\/li>\n<li class=\"bbc-1maxgwy\" role=\"listitem\"><b>1 a\u00f1o de tr\u00e1mites para invertir.\u00a0<\/b>Pasar de 2,5 a 1 a\u00f1o el periodo de tr\u00e1mites de nuevos negocios en el pa\u00eds, con 50% menos requisitos.<\/li>\n<li class=\"bbc-1maxgwy\" role=\"listitem\"><b>Formar 150.000 profesionistas y t\u00e9cnicos.\u00a0<\/b>Cada a\u00f1o educar al menos ese n\u00famero adicionales en &#8220;sectores estrat\u00e9gicos&#8221; m\u00e1s los que ya egresan.<\/li>\n<li class=\"bbc-1maxgwy\" role=\"listitem\"><b>Inversiones amigables con el ambiente.\u00a0<\/b>Que las industrias tengan pol\u00edticas de re\u00faso, energ\u00edas l\u00edmpias y procesamientos de desechos.<\/li>\n<li class=\"bbc-1maxgwy\" role=\"listitem\"><b>Financiar 30% de peque\u00f1as y medianas empresas.\u00a0<\/b>Que el gobierno y la banca privada apoyen casi un tercio de los negocios medianos y peque\u00f1os.<\/li>\n<li class=\"bbc-1maxgwy\" role=\"listitem\"><b>Top 5 de turismo en el mundo.<\/b>\u00a0Posicionar al pa\u00eds entre los cinco destinos m\u00e1s visitados del mundo.<\/li>\n<li class=\"bbc-1maxgwy\" role=\"listitem\"><b>Disminuir pobreza y desigualdad.\u00a0<\/b>Sostener y ampliar los 9,5 millones de mexicanos que salieron de la pobreza en los \u00faltimos seis a\u00f1os.<\/li>\n<\/ul>\n<\/div>\n<figure class=\"bbc-1qn0xuy\">\n<div class=\"bbc-18ywsw9\">\n<div style=\"width: 1034px\" class=\"wp-caption alignnone\"><img loading=\"lazy\" decoding=\"async\" class=\"bbc-139onq\" src=\"https:\/\/ichef.bbci.co.uk\/ace\/ws\/640\/cpsprodpb\/a2eb\/live\/d123c610-d2de-11ef-94cb-5f844ceb9e30.jpg.webp\" alt=\"Un parque industrial en Nuevo Le\u00f3n\" width=\"1024\" height=\"767\" \/><p class=\"wp-caption-text\">Fuente de la imagen,Getty Images.\u00a0\u00a0Sheinbaum espera abrir 100 parques industriales en todo el pa\u00eds.<\/p><\/div>\n<\/div>\n<\/figure>\n<div class=\"bbc-19j92fr ebmt73l0\" dir=\"ltr\">\n<p dir=\"ltr\">\n<p dir=\"ltr\">\n<p class=\"bbc-hhl7in e17g058b0\" dir=\"ltr\">Sheinbaum tambi\u00e9n present\u00f3 una lista de 15 fechas clave inmediatas para la implementaci\u00f3n de las nuevas acciones entre enero y abril de este a\u00f1o. &#8220;Pasamos de un periodo en donde la planeaci\u00f3n no necesariamente era el eje de una visi\u00f3n&#8221;, destac\u00f3.<\/p>\n<\/div>\n<div class=\"bbc-19j92fr ebmt73l0\" dir=\"ltr\">\n<p class=\"bbc-hhl7in e17g058b0\" dir=\"ltr\">Parte del equilibrio que busca para el desarrollo general del pa\u00eds, contrario al enfoque en la regi\u00f3n fronteriza en EE.UU., es la conformaci\u00f3n de 12 &#8220;Polos de Bienestar&#8221;, unas \u00e1reas estrat\u00e9gicas en las que se cree industria conforme a los recursos locales.<\/p>\n<\/div>\n<div class=\"bbc-19j92fr ebmt73l0\" dir=\"ltr\">\n<p class=\"bbc-hhl7in e17g058b0\" dir=\"ltr\">&#8220;El objetivo (\u2026) es incorporarnos todos a esta visi\u00f3n de nuestro pa\u00eds, que sea parte, cada uno de los mexicanos y mexicanas, por m\u00e1s diferencias que tengamos, en una visi\u00f3n de largo plazo de nuestro pa\u00eds, a eso es a lo que los estamos invitando&#8221;, dijo.<\/p>\n<\/div>\n<div class=\"bbc-19j92fr ebmt73l0\" dir=\"ltr\">\n<h2 id=\"Hecho-en-M\u00e9xico\" class=\"bbc-1lgzob2 eglt09e0\" tabindex=\"-1\">&#8220;Hecho en M\u00e9xico&#8221;<\/h2>\n<\/div>\n<div class=\"bbc-19j92fr ebmt73l0\" dir=\"ltr\">\n<p class=\"bbc-hhl7in e17g058b0\" dir=\"ltr\">Como el principal socio comercial de Estados Unidos, la estrategia de industrializaci\u00f3n de Sheinbaum es mantener al pa\u00eds como el proveedor del gran mercado norteamericano.<\/p>\n<\/div>\n<div class=\"bbc-19j92fr ebmt73l0\" dir=\"ltr\">\n<p class=\"bbc-hhl7in e17g058b0\" dir=\"ltr\">Pero uno de los principales enfoques del Plan M\u00e9xico es volver a fabricar cosas en M\u00e9xico que en d\u00e9cadas anteriores se tra\u00edan del exterior, principalmente China. A lo largo de las \u00faltimas d\u00e9cadas, el pa\u00eds dej\u00f3 de producir lo que consum\u00eda para importarlo desde Asia, camuflarlo e introducirlo al mercado estadounidense.<\/p>\n<\/div>\n<div class=\"bbc-19j92fr ebmt73l0\" dir=\"ltr\">\n<p class=\"bbc-hhl7in e17g058b0\" dir=\"ltr\">Hoy el 10% de las exportaciones chinas tienen como destino M\u00e9xico, expuso el secretario de Hacienda mexicano Rogelio Ram\u00edrez.<\/p>\n<\/div>\n<div class=\"bbc-19j92fr ebmt73l0\" dir=\"ltr\">\n<p class=\"bbc-hhl7in e17g058b0\" dir=\"ltr\">&#8220;Esta p\u00e9rdida de participaci\u00f3n nos cost\u00f3, sobre todo, a M\u00e9xico y Estados Unidos, Canad\u00e1 menos, pero nos cost\u00f3 a los dos pa\u00edses con mayor poblaci\u00f3n mucha industria, muchos empleos, mucha p\u00e9rdida de actividad, sobre todo, sectores completos de la econom\u00eda fueron perdidos&#8221;, se\u00f1al\u00f3.<\/p>\n<p dir=\"ltr\">\n<\/div>\n<figure class=\"bbc-1qn0xuy\">\n<div class=\"bbc-18ywsw9\">\n<div style=\"width: 1034px\" class=\"wp-caption alignnone\"><img loading=\"lazy\" decoding=\"async\" class=\"bbc-139onq\" src=\"https:\/\/ichef.bbci.co.uk\/ace\/ws\/640\/cpsprodpb\/d900\/live\/7d6907f0-d2df-11ef-87df-d575b9a434a4.jpg.webp\" alt=\"Una f\u00e1brica textil en Baja California\" width=\"1024\" height=\"683\" \/><p class=\"wp-caption-text\">Fuente de la imagen,Getty Images.\u00a0\u00a0Uno de los sectores estrat\u00e9gicos que Sheinbaum quiere priorizar en M\u00e9xico es el textil.<\/p><\/div>\n<p class=\"bbc-by8ykd\" role=\"text\">\n<\/div>\n<\/figure>\n<div class=\"bbc-19j92fr ebmt73l0\" dir=\"ltr\">\n<p dir=\"ltr\">\n<p class=\"bbc-hhl7in e17g058b0\" dir=\"ltr\">Campa explica que el nuevo plan no es una sustituci\u00f3n de importaciones como la del pasado, que ten\u00eda otro contexto, sino un nuevo enfoque hacia el mercado nacional. Que haya un plan integral favorece que se puedan alcanzar metas como las planteadas, explica, aunque la ejecuci\u00f3n ser\u00e1 clave.<\/p>\n<\/div>\n<div class=\"bbc-19j92fr ebmt73l0\" dir=\"ltr\">\n<p class=\"bbc-hhl7in e17g058b0\" dir=\"ltr\">&#8220;Me parece un plan comprensivo, por tocar aspectos como aranceles focalizados, un fondo de desarrollo para peque\u00f1as y medianas empresas, inversi\u00f3n en energ\u00eda, inversi\u00f3n mixta en infraestructura y log\u00edstica, simplificaci\u00f3n de tr\u00e1mites de inversi\u00f3n, elevar el n\u00famero de ingenieros, la parte fiscal que facilita el\u00a0<i class=\"bbc-h1y5j7 eih42320\">nearshoring\u00a0<\/i>(relocalizaci\u00f3n), la construcci\u00f3n de polos con parques industriales y la investigaci\u00f3n cient\u00edfica&#8221;, se\u00f1ala.<\/p>\n<\/div>\n<div class=\"bbc-19j92fr ebmt73l0\" dir=\"ltr\">\n<p class=\"bbc-hhl7in e17g058b0\" dir=\"ltr\">El desarrollo social que tiene que acompa\u00f1ar es clave, pues la mano de obra cualificada -y aspectos b\u00e1sicos como tener una vivienda cercana al trabajo- son clave para el buen desarrollo de polos industriales.<\/p>\n<\/div>\n<div class=\"bbc-19j92fr ebmt73l0\" dir=\"ltr\">\n<p class=\"bbc-hhl7in e17g058b0\" dir=\"ltr\">&#8220;Hay casos de quienes dirigen plantas de manufactura muy grande y hablan de d\u00e9ficit de vivienda que ocasiona rotaci\u00f3n de personal&#8221;, se\u00f1ala Campa. &#8220;Y la mano de obra calificada, a veces se subestima, pero es muy importante, porque evita la rotaci\u00f3n&#8221;.<\/p>\n<\/div>\n<div class=\"bbc-19j92fr ebmt73l0\" dir=\"ltr\">\n<p class=\"bbc-hhl7in e17g058b0\" dir=\"ltr\">P\u00e9rez Ricart se muestra esc\u00e9ptico sobre la suficiencia presupuestaria para hacer una inversi\u00f3n p\u00fablica de la magnitud que plantea Sheinbuam.<\/p>\n<\/div>\n<div class=\"bbc-19j92fr ebmt73l0\" dir=\"ltr\">\n<p class=\"bbc-hhl7in e17g058b0\" dir=\"ltr\">&#8220;El plan es novedoso en cuanto a que tiene un diagn\u00f3stico y metas claras. Y formas de llegar a esto. Hay una idea de pa\u00eds. Pero no est\u00e1 claro que se vaya a invertir mucho m\u00e1s dinero de lo que ya se invert\u00eda en esto&#8221;, dice.<\/p>\n<p dir=\"ltr\">\n<\/div>\n<figure class=\"bbc-1qn0xuy\">\n<div class=\"bbc-18ywsw9\">\n<div style=\"width: 908px\" class=\"wp-caption alignnone\"><img loading=\"lazy\" decoding=\"async\" class=\"bbc-139onq\" src=\"https:\/\/ichef.bbci.co.uk\/ace\/ws\/640\/cpsprodpb\/98e5\/live\/0dab20b0-d2e4-11ef-94cb-5f844ceb9e30.png.webp\" alt=\"Un gr\u00e1fico de puertos y aeropuertos de M\u00e9xico en el Plan M\u00e9xico\" width=\"898\" height=\"507\" \/><p class=\"wp-caption-text\">Fuente de la imagen,Presidencia de M\u00e9xico.\u00a0\u00a0Entre los proyectos de infraestructura, el plan tiene varios puertos y aeropuertos.<\/p><\/div>\n<p class=\"bbc-by8ykd\" role=\"text\">\n<\/div>\n<\/figure>\n<div class=\"bbc-19j92fr ebmt73l0\" dir=\"ltr\">\n<h2 tabindex=\"-1\"><\/h2>\n<h2 id=\"Un-buen-plan-frente-a-Trump\" class=\"bbc-1lgzob2 eglt09e0\" tabindex=\"-1\">\u00bfUn buen plan frente a Trump?<\/h2>\n<\/div>\n<div class=\"bbc-19j92fr ebmt73l0\" dir=\"ltr\">\n<p class=\"bbc-hhl7in e17g058b0\" dir=\"ltr\">La llegada de Trump a la Casa Blanca este 20 de enero para un segundo periodo, ha generado expectativa sobre sus decisiones pol\u00edticas.<\/p>\n<\/div>\n<div class=\"bbc-19j92fr ebmt73l0\" dir=\"ltr\">\n<p class=\"bbc-hhl7in e17g058b0\" dir=\"ltr\">A diferencia del primer periodo, explica P\u00e9rez Ricart, el republicano ya no tiene expectativas de reelecci\u00f3n, por lo que sus pol\u00edticas podr\u00edan ser m\u00e1s agresivas al no temer por un voto de castigo si algo sale mal.<\/p>\n<\/div>\n<div class=\"bbc-19j92fr ebmt73l0\" dir=\"ltr\">\n<p class=\"bbc-hhl7in e17g058b0\" dir=\"ltr\">M\u00e9xico y Canad\u00e1, los dos socios comerciales y vecinos en Norteam\u00e9rica, ya han sido objeto de amenazas arancelarias por problemas como la migraci\u00f3n, o el tr\u00e1fico de drogas, principalmente en el lado sur. La respuesta de ambos pa\u00edses frente a Washington ha sido tambi\u00e9n motivo de expectativa.<\/p>\n<\/div>\n<div class=\"bbc-19j92fr ebmt73l0\" dir=\"ltr\">\n<p class=\"bbc-hhl7in e17g058b0\" dir=\"ltr\">Para P\u00e9rez Ricart, no existe un plan que pueda tener preparado a M\u00e9xico para lo que surja a partir del pr\u00f3ximo lunes: &#8220;No hay una receta ni una respuesta adecuada para Donald Trump. Nadie tiene aqu\u00ed la clave. La presidenta est\u00e1 haciendo lo mejor que puede en las circunstancias que tiene. Pero es tanta la incertidumbre en t\u00e9rminos de tarifas e intervencionismo que nada se puede planear&#8221;.<\/p>\n<\/div>\n<div class=\"bbc-19j92fr ebmt73l0\" dir=\"ltr\">\n<p class=\"bbc-hhl7in e17g058b0\" dir=\"ltr\">Campa considera tambi\u00e9n que no hay ninguna garant\u00eda de que el Plan M\u00e9xico pueda avanzar como est\u00e1 previsto, pero lo ve como un buen &#8220;instrumento defensivo y de negociaci\u00f3n&#8221;, en especial los aranceles que M\u00e9xico est\u00e1 pensando en imponer a ciertas manufacturas de China, tal como lo espera Trump.<\/p>\n<\/div>\n<div class=\"bbc-19j92fr ebmt73l0\" dir=\"ltr\">\n<p class=\"bbc-hhl7in e17g058b0\" dir=\"ltr\">&#8220;El proteccionismo de EE.UU. lleg\u00f3 para quedarse un buen rato y M\u00e9xico necesita este tipo de planes, como el Plan M\u00e9xico, como opci\u00f3n b de largo plazo&#8221;, concluye.<\/p>\n<p dir=\"ltr\">\n<\/div>\n<figure class=\"bbc-1qn0xuy\">\n<div class=\"bbc-18ywsw9\">\n<div style=\"width: 1034px\" class=\"wp-caption alignnone\"><img loading=\"lazy\" decoding=\"async\" class=\"bbc-139onq\" src=\"https:\/\/ichef.bbci.co.uk\/ace\/ws\/640\/cpsprodpb\/9b71\/live\/1de5ee50-d2e0-11ef-94cb-5f844ceb9e30.jpg.webp\" alt=\"Donald Trump\" width=\"1024\" height=\"683\" \/><p class=\"wp-caption-text\">Fuente de la imagen,Getty Images.\u00a0\u00a0El presidente electo de EE.UU., Donald Trump, asume su nuevo periodo el 20 de enero<\/p><\/div>\n<\/div>\n<\/figure>\n<div class=\"bbc-19j92fr ebmt73l0\" dir=\"ltr\">\n<h2 id=\"An\u00e1lisis-de-Daniel-Pardo-corresponsal-de-BBC-Mundo-en-M\u00e9xico\" class=\"bbc-1lgzob2 eglt09e0\" tabindex=\"-1\"><\/h2>\n<\/div>\n<div class=\"bbc-19j92fr ebmt73l0\" dir=\"ltr\">\n<p class=\"bbc-hhl7in e17g058b0\" dir=\"ltr\">Fuera o no una respuesta a la elecci\u00f3n de Trump, resulta inevitable entender la presentaci\u00f3n del Plan M\u00e9xico como eso: un llamado a la calma, un gesto de unidad nacional, un ejercicio de orden y cordura ante los tiempos convulsos que pueden venir.<\/p>\n<\/div>\n<div class=\"bbc-19j92fr ebmt73l0\" dir=\"ltr\">\n<p class=\"bbc-hhl7in e17g058b0\" dir=\"ltr\">Sheinbaum mostr\u00f3 una vez m\u00e1s su perfil acad\u00e9mico, de rigurosidad y meticulosidad, en\u00a0una presentaci\u00f3n que genera consenso en su diagn\u00f3stico y soluciones, pero escepticismo en su factibilidad.<\/p>\n<\/div>\n<div class=\"bbc-19j92fr ebmt73l0\" dir=\"ltr\">\n<p class=\"bbc-hhl7in e17g058b0\" dir=\"ltr\">Si hay duda de que la presentaci\u00f3n ten\u00eda como objetivo algo m\u00e1s que sentar las bases del futuro, sino m\u00e1s bien dar un golpe de opini\u00f3n, hay que ver d\u00f3nde y con qui\u00e9n se hizo: en el majestuoso patio del Museo Nacional de Antropolog\u00eda, una entidad que ense\u00f1a la grandeza de M\u00e9xico, y con la presencia de actores del empresariado como Carlos Slim Domit, el hijo del hombre m\u00e1s rico del pa\u00eds, Carlos Slim Hel\u00fa.<\/p>\n<\/div>\n<div class=\"bbc-19j92fr ebmt73l0\" dir=\"ltr\">\n<p class=\"bbc-hhl7in e17g058b0\" dir=\"ltr\">&#8220;El objetivo es hacer de M\u00e9xico el mejor pa\u00eds del mundo&#8221;, dijo la presidente. Y no son pocos los mexicanos, ricos y pobres, empresarios y trabajadores, que creen que puede lograr tal cosa.<\/p>\n<\/div>\n<div class=\"bbc-19j92fr ebmt73l0\" dir=\"ltr\">\n<p class=\"bbc-hhl7in e17g058b0\" dir=\"ltr\">El pesimismo alarmista que se gener\u00f3 en 2016, con la primera elecci\u00f3n de Trump, esta vez pas\u00f3 de agache. Las mayor\u00edas, incluso ante la amenaza de los aranceles y las deportaciones trumpistas, ahora creen que el pa\u00eds va por buen camino. Y que est\u00e1 en buenas manos.<\/p>\n<\/div>\n<div class=\"bbc-19j92fr ebmt73l0\" dir=\"ltr\">\n<p class=\"bbc-hhl7in e17g058b0\" dir=\"ltr\">Sheinbaum goza de una popularidad in\u00e9dita del 80%. Un n\u00famero envidiable para cualquier presidente que se atribuye tanto a su perfil t\u00e9cnico como a su costado pol\u00edtico. El reto ahora ser\u00e1 mantenerlo.<\/p>\n<\/div>\n","protected":false},"excerpt":{"rendered":"<p>&nbsp; &nbsp; La presidente Claudia Sheinbaum present\u00f3 uno de los planes de desarrollo econ\u00f3mico m\u00e1s ambiciosos de M\u00e9xico en a\u00f1os, justamente en un momento de&hellip;<\/p>\n","protected":false},"author":99,"featured_media":527315,"comment_status":"open","ping_status":"open","sticky":false,"template":"","format":"standard","meta":{"footnotes":""},"categories":[23],"tags":[],"class_list":["post-527314","post","type-post","status-publish","format-standard","has-post-thumbnail","hentry","category-latinoamerica"],"_links":{"self":[{"href":"https:\/\/diarioelpopular.com\/index.php\/wp-json\/wp\/v2\/posts\/527314","targetHints":{"allow":["GET"]}}],"collection":[{"href":"https:\/\/diarioelpopular.com\/index.php\/wp-json\/wp\/v2\/posts"}],"about":[{"href":"https:\/\/diarioelpopular.com\/index.php\/wp-json\/wp\/v2\/types\/post"}],"author":[{"embeddable":true,"href":"https:\/\/diarioelpopular.com\/index.php\/wp-json\/wp\/v2\/users\/99"}],"replies":[{"embeddable":true,"href":"https:\/\/diarioelpopular.com\/index.php\/wp-json\/wp\/v2\/comments?post=527314"}],"version-history":[{"count":1,"href":"https:\/\/diarioelpopular.com\/index.php\/wp-json\/wp\/v2\/posts\/527314\/revisions"}],"predecessor-version":[{"id":527316,"href":"https:\/\/diarioelpopular.com\/index.php\/wp-json\/wp\/v2\/posts\/527314\/revisions\/527316"}],"wp:featuredmedia":[{"embeddable":true,"href":"https:\/\/diarioelpopular.com\/index.php\/wp-json\/wp\/v2\/media\/527315"}],"wp:attachment":[{"href":"https:\/\/diarioelpopular.com\/index.php\/wp-json\/wp\/v2\/media?parent=527314"}],"wp:term":[{"taxonomy":"category","embeddable":true,"href":"https:\/\/diarioelpopular.com\/index.php\/wp-json\/wp\/v2\/categories?post=527314"},{"taxonomy":"post_tag","embeddable":true,"href":"https:\/\/diarioelpopular.com\/index.php\/wp-json\/wp\/v2\/tags?post=527314"}],"curies":[{"name":"wp","href":"https:\/\/api.w.org\/{rel}","templated":true}]}}