{"id":527326,"date":"2025-01-15T12:00:04","date_gmt":"2025-01-15T16:00:04","guid":{"rendered":"https:\/\/diarioelpopular.com\/?p=527326"},"modified":"2025-01-15T12:00:04","modified_gmt":"2025-01-15T16:00:04","slug":"un-equipo-de-arqueologos-asegura-haber-detectado-en-el-cusco-una-red-de-pasajes-subterraneos-de-los-incas","status":"publish","type":"post","link":"https:\/\/diarioelpopular.com\/index.php\/2025\/01\/15\/un-equipo-de-arqueologos-asegura-haber-detectado-en-el-cusco-una-red-de-pasajes-subterraneos-de-los-incas\/","title":{"rendered":"Un equipo de arque\u00f3logos asegura haber detectado en el Cusco una red de pasajes subterr\u00e1neos de los incas"},"content":{"rendered":"<div id=\"attachment_527327\" style=\"width: 1210px\" class=\"wp-caption alignnone\"><img loading=\"lazy\" decoding=\"async\" aria-describedby=\"caption-attachment-527327\" class=\"wp-image-527327 size-custom-big-size\" src=\"https:\/\/diarioelpopular.com\/wp-content\/uploads\/2025\/01\/Screen-Shot-2025-01-15-at-10.59.18-AM-1200x781.png\" alt=\"\" width=\"1200\" height=\"781\" srcset=\"https:\/\/diarioelpopular.com\/wp-content\/uploads\/2025\/01\/Screen-Shot-2025-01-15-at-10.59.18-AM-1200x781.png 1200w, https:\/\/diarioelpopular.com\/wp-content\/uploads\/2025\/01\/Screen-Shot-2025-01-15-at-10.59.18-AM-300x195.png 300w, https:\/\/diarioelpopular.com\/wp-content\/uploads\/2025\/01\/Screen-Shot-2025-01-15-at-10.59.18-AM-768x500.png 768w, https:\/\/diarioelpopular.com\/wp-content\/uploads\/2025\/01\/Screen-Shot-2025-01-15-at-10.59.18-AM-85x55.png 85w, https:\/\/diarioelpopular.com\/wp-content\/uploads\/2025\/01\/Screen-Shot-2025-01-15-at-10.59.18-AM-636x414.png 636w, https:\/\/diarioelpopular.com\/wp-content\/uploads\/2025\/01\/Screen-Shot-2025-01-15-at-10.59.18-AM-112x73.png 112w, https:\/\/diarioelpopular.com\/wp-content\/uploads\/2025\/01\/Screen-Shot-2025-01-15-at-10.59.18-AM.png 1024w\" sizes=\"auto, (max-width: 1200px) 100vw, 1200px\" \/><p id=\"caption-attachment-527327\" class=\"wp-caption-text\">Vista general de Cusco a partir de una ilustraci\u00f3n del siglo XIX. UniversalImagesGroup (Getty Images)<\/p><\/div>\n<p>&nbsp;<\/p>\n<p>&nbsp;<\/p>\n<h4 class=\"a_st\"><em>&#8211; El proyecto espera el permiso de las autoridades para excavar y confirmar sus investigaciones, basadas en pruebas de sonidos y el uso de georadares<\/em><\/h4>\n<p>&nbsp;<\/p>\n<p class=\"\">En los\u00a0<i>Comentarios Reales de los Incas<\/i>, su obra m\u00e1s c\u00e9lebre, Garcilaso de la Vega \u2014<a href=\"https:\/\/elpais.com\/cultura\/2022-10-13\/garcilaso-de-la-vega-no-solo-poeta-sino-tambien-espia-imperial-en-la-guerra-contra-el-turco.html\" data-link-track-dtm=\"\" data-mrf-link=\"https:\/\/elpais.com\/cultura\/2022-10-13\/garcilaso-de-la-vega-no-solo-poeta-sino-tambien-espia-imperial-en-la-guerra-contra-el-turco.html\">el famoso intelectual mestizo<\/a>, hijo de un capit\u00e1n espa\u00f1ol y de una princesa inca\u2014 menciona a inicios del siglo XVII que unas calles y alamedas subterr\u00e1neas conectaban la fortaleza de Sacsayhuam\u00e1n y el templo del Coricancha, un lugar sagrado durante el Imperio incaico donde se veneraba al dios sol. En otras cr\u00f3nicas, escritas por hermanos de la congregaci\u00f3n jesuita, se se\u00f1alaba que para construir la iglesia de la Compa\u00f1\u00eda de Jes\u00fas en Cusco hubo un extremo cuidado para no interferir con el curso de las chicanas (laberinto en quechua).<\/p>\n<p class=\"\">\u201cEs una cueva muy profunda que hicieron los reyes incas, la cual atraviesa toda la ciudad y tiene su entrada en la fortaleza Sacsayhuam\u00e1n, y baja de lo alto por lo bajo del cerro y pueblo o parroquia de San Crist\u00f3bal, y sale por lo que ahora es Santo Domingo\u201d, se explica en uno de esos textos antiguos y an\u00f3nimos, escritos con pluma y tinta. Durante siglos la posibilidad de que debajo de la ciudad imperial del Cusco existiese una red de pasajes subterr\u00e1neos fue un mito que muchos investigadores se empecinaron en resolver.<\/p>\n<p>&nbsp;<\/p>\n<figure class=\"a_m a_m-h \">\n<p><div style=\"width: 424px\" class=\"wp-caption alignnone\"><img loading=\"lazy\" decoding=\"async\" class=\"_re lazyload a_m-h\" src=\"https:\/\/imagenes.elpais.com\/resizer\/v2\/ALFH5HS4BJCSZNIPUNMGF35GLY.jpg?auth=c27561276b91f56ce45a08f6932fd084e9df447b668cae4119dd3fa356de3b3b&amp;width=414\" sizes=\"auto, (min-width:1199px) 1155px,(min-width:1001px) calc(100vw - 44px),(min-width:768px) 767px, 100vw\" srcset=\"https:\/\/imagenes.elpais.com\/resizer\/v2\/ALFH5HS4BJCSZNIPUNMGF35GLY.jpg?auth=c27561276b91f56ce45a08f6932fd084e9df447b668cae4119dd3fa356de3b3b&amp;width=414 414w,https:\/\/imagenes.elpais.com\/resizer\/v2\/ALFH5HS4BJCSZNIPUNMGF35GLY.jpg?auth=c27561276b91f56ce45a08f6932fd084e9df447b668cae4119dd3fa356de3b3b&amp;width=828 640w,https:\/\/imagenes.elpais.com\/resizer\/v2\/ALFH5HS4BJCSZNIPUNMGF35GLY.jpg?auth=c27561276b91f56ce45a08f6932fd084e9df447b668cae4119dd3fa356de3b3b&amp;width=980 1000w,https:\/\/imagenes.elpais.com\/resizer\/v2\/ALFH5HS4BJCSZNIPUNMGF35GLY.jpg?auth=c27561276b91f56ce45a08f6932fd084e9df447b668cae4119dd3fa356de3b3b&amp;width=1960 1960w\" alt=\"Cusco\" width=\"414\" height=\"276\" \/><p class=\"wp-caption-text\">Ruinas incas de Sacsayhuaman en Cusco, Per\u00fa.Dan Kitwood (Getty Images)<\/p><\/div><figcaption class=\"a_m_p\"><\/figcaption><\/figure>\n<p>&nbsp;<\/p>\n<p class=\"\">Hace poco una pareja de arque\u00f3logos organiz\u00f3 una conferencia de prensa en la Municipalidad Provincial del Cusco para develar el misterio. Jorge Calero Flores y Mildred Fern\u00e1ndez Palomino\u00a0<a href=\"https:\/\/limagris.com\/arqueologos-jorge-calero-y-mildred-fernandez-descruben-pasajes-subterraneos-incas-en-cusco\/\" target=\"_blank\" rel=\"noopener\" data-link-track-dtm=\"\" data-mrf-link=\"https:\/\/limagris.com\/arqueologos-jorge-calero-y-mildred-fernandez-descruben-pasajes-subterraneos-incas-en-cusco\/\">aseguran haber detectado esta red<\/a>, que tendr\u00eda 1.750 metros de longitud, y estar\u00eda compuesta por enormes zanjas, revestidas con muros p\u00e9treos, techos y vigas de piedra labrada. Tendr\u00eda tres ramales: uno hacia el centro arqueol\u00f3gico de Callispuquio, otro se dirige hacia el sector de Muyucmarca en Sacsayhuam\u00e1n y otro cruzar\u00eda el templo de San Crist\u00f3bal.<\/p>\n<p class=\"\">\u201cLa cavidad ser\u00eda de un metro a 2,60 metros de ancho por un 1,60 de alto. Sospechamos que el Inca pudo haber sido llevado en andas por ah\u00ed\u201d, ha declarado Jorge Calero, etn\u00f3grafo y escritor. Junto a Mildred Fern\u00e1ndez han construido una vasta bibliograf\u00eda, entre los que destaca Sicuani y el sur andino acerca de las primeras sociedades que trabajaron con alfarer\u00eda. Fern\u00e1ndez fue directora de la Direcci\u00f3n Desconcentrada de Cultura del Cusco.<\/p>\n<p class=\"\">Los arque\u00f3logos basan sus aseveraciones en dos m\u00e9todos: pruebas de sonidos y el uso de georadares. Despu\u00e9s de revisar toda la informaci\u00f3n disponible y trazar una ruta tentativa del t\u00fanel, golpearon el suelo con una comba y una placa met\u00e1lica para corroborar la intensidad del eco. Luego se valieron de georadares, instrumentos que env\u00edan ondas electromagn\u00e9ticas, para obtener im\u00e1genes del interior.<\/p>\n<p class=\"\">\u201cHemos analizado documentos del siglo XVI y XVII, el cronista Anello de Oliva nos indica que hab\u00eda muchos pasajes subterr\u00e1neos, un cronista an\u00f3nimo nos dice que pasaba por el costado de la Catedral, es decir las casas arzobispales, luego dice que est\u00e1 por el\u00a0<a href=\"https:\/\/elpais.com\/cultura\/2008\/03\/13\/actualidad\/1205362812_850215.html\" data-link-track-dtm=\"\" data-mrf-link=\"https:\/\/elpais.com\/cultura\/2008\/03\/13\/actualidad\/1205362812_850215.html\">costado de Sacsayhuam\u00e1n<\/a>, todo eso ha servido para ir ubicando el trazo\u201d, afirm\u00f3. El proyecto cuenta con el apoyo de ingenieros civiles, geof\u00edsicos y t\u00e9cnicos en manejo e interpretaci\u00f3n de datos obtenidos por georadares, adem\u00e1s del aval de asociaciones sin fines de lucro.<\/p>\n<p class=\"\">Si bien la noticia ha sido recibida con j\u00fabilo, tambi\u00e9n hay sectores que tienen serias dudas sobre este presunto hallazgo. Sobre todo porque en el pasado otros investigadores tambi\u00e9n han asegurado haber descifrado el misterio. Por eso, Jorge Calero y Mildred Fern\u00e1ndez desean empezar la siguiente fase de su proyecto: las excavaciones. Han enviado un documento donde solicitan autorizaci\u00f3n al Ministerio de Cultura y a otros \u00f3rganos gubernamentales para realizar forados en Sacsayhuam\u00e1n y as\u00ed comprobar sus investigaciones. Su prop\u00f3sito es comenzar los trabajos a partir de abril. Su solicitud por ahora se encuentra en evaluaci\u00f3n.<\/p>\n","protected":false},"excerpt":{"rendered":"<p>&nbsp; &nbsp; &#8211; El proyecto espera el permiso de las autoridades para excavar y confirmar sus investigaciones, basadas en pruebas de sonidos y el uso&hellip;<\/p>\n","protected":false},"author":99,"featured_media":527327,"comment_status":"open","ping_status":"open","sticky":false,"template":"","format":"standard","meta":{"footnotes":""},"categories":[23],"tags":[],"class_list":["post-527326","post","type-post","status-publish","format-standard","has-post-thumbnail","hentry","category-latinoamerica"],"_links":{"self":[{"href":"https:\/\/diarioelpopular.com\/index.php\/wp-json\/wp\/v2\/posts\/527326","targetHints":{"allow":["GET"]}}],"collection":[{"href":"https:\/\/diarioelpopular.com\/index.php\/wp-json\/wp\/v2\/posts"}],"about":[{"href":"https:\/\/diarioelpopular.com\/index.php\/wp-json\/wp\/v2\/types\/post"}],"author":[{"embeddable":true,"href":"https:\/\/diarioelpopular.com\/index.php\/wp-json\/wp\/v2\/users\/99"}],"replies":[{"embeddable":true,"href":"https:\/\/diarioelpopular.com\/index.php\/wp-json\/wp\/v2\/comments?post=527326"}],"version-history":[{"count":1,"href":"https:\/\/diarioelpopular.com\/index.php\/wp-json\/wp\/v2\/posts\/527326\/revisions"}],"predecessor-version":[{"id":527328,"href":"https:\/\/diarioelpopular.com\/index.php\/wp-json\/wp\/v2\/posts\/527326\/revisions\/527328"}],"wp:featuredmedia":[{"embeddable":true,"href":"https:\/\/diarioelpopular.com\/index.php\/wp-json\/wp\/v2\/media\/527327"}],"wp:attachment":[{"href":"https:\/\/diarioelpopular.com\/index.php\/wp-json\/wp\/v2\/media?parent=527326"}],"wp:term":[{"taxonomy":"category","embeddable":true,"href":"https:\/\/diarioelpopular.com\/index.php\/wp-json\/wp\/v2\/categories?post=527326"},{"taxonomy":"post_tag","embeddable":true,"href":"https:\/\/diarioelpopular.com\/index.php\/wp-json\/wp\/v2\/tags?post=527326"}],"curies":[{"name":"wp","href":"https:\/\/api.w.org\/{rel}","templated":true}]}}