{"id":527358,"date":"2025-01-16T10:16:17","date_gmt":"2025-01-16T14:16:17","guid":{"rendered":"https:\/\/diarioelpopular.com\/?p=527358"},"modified":"2025-01-16T10:16:17","modified_gmt":"2025-01-16T14:16:17","slug":"los-candidatos-limitan-sus-actos-de-campana-en-ecuador-por-temor-a-la-violencia","status":"publish","type":"post","link":"https:\/\/diarioelpopular.com\/index.php\/2025\/01\/16\/los-candidatos-limitan-sus-actos-de-campana-en-ecuador-por-temor-a-la-violencia\/","title":{"rendered":"Los candidatos limitan sus actos de campa\u00f1a en Ecuador por temor a la violencia"},"content":{"rendered":"<div id=\"attachment_527359\" style=\"width: 1210px\" class=\"wp-caption alignnone\"><img loading=\"lazy\" decoding=\"async\" aria-describedby=\"caption-attachment-527359\" class=\"wp-image-527359 size-custom-big-size\" src=\"https:\/\/diarioelpopular.com\/wp-content\/uploads\/2025\/01\/Screen-Shot-2025-01-16-at-9.15.31-AM-1200x806.png\" alt=\"\" width=\"1200\" height=\"806\" srcset=\"https:\/\/diarioelpopular.com\/wp-content\/uploads\/2025\/01\/Screen-Shot-2025-01-16-at-9.15.31-AM-1200x806.png 1200w, https:\/\/diarioelpopular.com\/wp-content\/uploads\/2025\/01\/Screen-Shot-2025-01-16-at-9.15.31-AM-300x202.png 300w, https:\/\/diarioelpopular.com\/wp-content\/uploads\/2025\/01\/Screen-Shot-2025-01-16-at-9.15.31-AM-768x516.png 768w, https:\/\/diarioelpopular.com\/wp-content\/uploads\/2025\/01\/Screen-Shot-2025-01-16-at-9.15.31-AM-636x427.png 636w, https:\/\/diarioelpopular.com\/wp-content\/uploads\/2025\/01\/Screen-Shot-2025-01-16-at-9.15.31-AM-80x55.png 80w, https:\/\/diarioelpopular.com\/wp-content\/uploads\/2025\/01\/Screen-Shot-2025-01-16-at-9.15.31-AM-109x73.png 109w, https:\/\/diarioelpopular.com\/wp-content\/uploads\/2025\/01\/Screen-Shot-2025-01-16-at-9.15.31-AM.png 1024w\" sizes=\"auto, (max-width: 1200px) 100vw, 1200px\" \/><p id=\"caption-attachment-527359\" class=\"wp-caption-text\">El candidato Le\u00f3nidas Iza el pasado domingo en Cutuglagua, Ecuador. Jos\u00e9 J\u00e1come (EFE)<\/p><\/div>\n<p>&nbsp;<\/p>\n<p>&nbsp;<\/p>\n<h4 class=\"a_st\"><em>&#8211; El ataque armado contra el hijo de un aspirante, el atentado contra un candidato a la Asamblea, el asesinato de un alcalde y el secuestro de una legisladora llenan de incertidumbre el proceso<\/em><\/h4>\n<p>&nbsp;<\/p>\n<p class=\"\">La campa\u00f1a electoral en Ecuador arranc\u00f3 oficialmente en medio de un clima de creciente inseguridad, reavivando los temores por<a href=\"https:\/\/elpais.com\/america\/2024-03-01\/el-crimen-de-fernando-villavicencio-se-planifico-desde-la-carcel-de-cotopaxi.html\" data-link-track-dtm=\"\" data-mrf-link=\"https:\/\/elpais.com\/america\/2024-03-01\/el-crimen-de-fernando-villavicencio-se-planifico-desde-la-carcel-de-cotopaxi.html\">\u00a0la violencia que ensombreci\u00f3 las elecciones pasadas.\u00a0<\/a>El ataque armado contra el hijo de uno de los candidatos presidenciales, el atentado a un aspirante a la Asamblea, el asesinato de un alcalde y el secuestro de una legisladora ponen de nuevo en evidencia los riesgos de un entorno electoral marcado por el crimen organizado.<\/p>\n<p class=\"\">El recuerdo del asesinato de Fernando Villavicencio, ocurrido en agosto de 2023 en plena campa\u00f1a electoral, sigue vivo. Villavicencio, uno de los candidatos presidenciales,\u00a0<a href=\"https:\/\/elpais.com\/america-colombia\/2023-09-17\/vida-y-muerte-de-ito-el-sicario-que-cometio-el-magnicidio-en-ecuador.html\" data-link-track-dtm=\"\" data-mrf-link=\"https:\/\/elpais.com\/america-colombia\/2023-09-17\/vida-y-muerte-de-ito-el-sicario-que-cometio-el-magnicidio-en-ecuador.html\">fue acribillado tras un mitin pol\u00edtico<\/a>\u00a0en un acto que conmocion\u00f3 al pa\u00eds. Este tr\u00e1gico suceso dej\u00f3 una huella profunda en la sociedad ecuatoriana, que ahora observa con creciente preocupaci\u00f3n el panorama electoral.<\/p>\n<p class=\"\">El primer atentado de relevancia tuvo como v\u00edctima a Diego Jairala, hijo del excongresista y exprefecto de la provincia de Guayas Jimmy Jairala. La madrugada del 20 de octubre, Diego y su grupo de amigos sal\u00edan de un concierto en el norte de Guayaquil cuando fueron interceptados por varios hombres armados. Once disparos fueron realizados contra el veh\u00edculo en el que viajaban. El custodio de la familia, Cipriano Qui\u00f1\u00f3nez, recibi\u00f3 tres disparos -uno en el est\u00f3mago y dos en los brazos- y debi\u00f3 ser intervenido quir\u00fargicamente en dos ocasiones.<\/p>\n<p class=\"\">\u201cLos vidrios del carro son oscuros, no vieron qui\u00e9n estaba manejando\u201d, explica Jairala, que exigi\u00f3 que se esclarezca el motivo del ataque, en medio de la preocupaci\u00f3n por la apresurada declaraci\u00f3n de las autoridades, que no catalogaron el hecho como un atentado, sino como un robo. \u201cNo fue ni un intento de robo ni de secuestro, porque no se robaron nada, ni intentaron secuestrar a nadie\u201d, subraya indignado Jairala. A su juicio, las autoridades se apresuraron a difundir una versi\u00f3n incompleta, sin siquiera haber tomado declaraci\u00f3n al custodio y sin haber concluido la investigaci\u00f3n.<\/p>\n<p class=\"\">Un mes despu\u00e9s, el candidato a la Asamblea por el Partido Socialista, Joselito Arguello, y su padre<a href=\"https:\/\/www.primicias.ec\/sucesos\/abogado-joselito-arguello-salinas-santa-elena-pedro-granja-82566\/\" data-link-track-dtm=\"\" data-mrf-link=\"https:\/\/www.primicias.ec\/sucesos\/abogado-joselito-arguello-salinas-santa-elena-pedro-granja-82566\/\">\u00a0fueron v\u00edctimas de un ataque armado\u00a0<\/a>cuando sal\u00edan de un conversatorio con comuneros en una zona rural de la provincia de Santa Elena. En respuesta, el candidato presidencial por el mismo partido, Daniel Granja, mostr\u00f3 su des\u00e1nimo, se\u00f1alando que \u201chacer pol\u00edtica en estas circunstancias es sencillamente imposible\u201d y se plante\u00f3 abandonar la contienda pol\u00edtica.<\/p>\n<p class=\"\">Pero la violencia no cesa, con la campa\u00f1a en marcha, dos recientes episodios ti\u00f1en de sangre la carrera electoral:\u00a0<a href=\"https:\/\/www.primicias.ec\/sucesos\/abogado-joselito-arguello-salinas-santa-elena-pedro-granja-82566\/\" target=\"_blank\" rel=\"noopener\" data-link-track-dtm=\"\" data-mrf-link=\"https:\/\/www.primicias.ec\/sucesos\/abogado-joselito-arguello-salinas-santa-elena-pedro-granja-82566\/\">el asesinato del alcalde de Arenillas<\/a>, Eber Ponce, en la provincia de El Oro, y el secuestro de la asamble\u00edsta del partido oficialista Yadira Bayas. Este clima de inseguridad ha obligado a los candidatos a reconfigurar sus estrategias, refugi\u00e1ndose en las redes sociales y limitando al m\u00e1ximo su presencia en las calles.<\/p>\n<p class=\"\">Las elecciones de febrero pondr\u00e1n a prueba al Gobierno y las capacidades de la Polic\u00eda para prever a tiempo cualquier atentado contra los candidatos presidenciales y legislativos. Tras el ataque al hijo de Jimmy Jairala, las autoridades activaron de inmediato un dispositivo de seguridad para todos los postulantes. De hecho, justo antes del atentado, la Polic\u00eda hab\u00eda evaluado el riesgo de la familia Jairala y, como medida preventiva, asign\u00f3 al candidato un anillo de seguridad compuesto por nueve agentes y dos veh\u00edculos, aunque sin blindaje. \u201cNo s\u00e9 cu\u00e1l es la informaci\u00f3n de Inteligencia que tiene la Polic\u00eda, pero nos recomendaron movilizarnos en veh\u00edculos con blindaje de nivel cinco, uno de los m\u00e1s altos\u201d, explica el aspirante a la presidencia.<\/p>\n<p class=\"\">En un acuerdo entre el Consejo Nacional Electoral y la Polic\u00eda, 142 agentes han recibido formaci\u00f3n en protecci\u00f3n de personas en riesgo y estar\u00e1n encargados de la custodia de los binomios presidenciales. \u201cEl Gobierno tiene una responsabilidad enorme, porque al que le perjudica pol\u00edticamente que le pase algo a un candidato es al Gobierno\u201d, dice Jairala.<\/p>\n<p class=\"\">El anillo de seguridad acompa\u00f1a a los candidatos en todas sus actividades, y tambi\u00e9n les han recomendado usar chalecos antibalas, una imagen que se hizo visible por primera vez en las elecciones de 2023 tras el asesinato de Villavicencio. \u201cHay que adaptarse a esta nueva forma de campa\u00f1a impuesta por la violencia\u201d, dice el candidato, un pol\u00edtico de la vieja guardia, quien recuerda tiempos en los que los candidatos pasaban m\u00e1s en las calles que en las redes sociales. Hace tres elecciones, asegura, las caminatas en territorio representaban el 90% de la estrategia para conquistar al electorado, a quien pod\u00edan tocar la puerta, dar la mano e, incluso, sentarse a comer en alguna casa. El resto del tiempo se destinaba a redes sociales y medios de comunicaci\u00f3n. Aun los barrios considerados \u2018peligrosos\u2019 nunca hab\u00edan sido zonas impenetrables.<\/p>\n<p class=\"\">Pero eso cambi\u00f3 en las \u00faltimas elecciones seccionales, cuando en algunos barrios controlados por pandillas se exig\u00eda un \u201cpeaje\u201d a los candidatos para \u201ccuidarlos\u201d. \u201cA m\u00ed me sucedi\u00f3 hace dos a\u00f1os, cuando me postul\u00e9 a la Alcald\u00eda de Guayaquil. Con mi equipo quisimos entrar a Socio Vivienda, y solo pudimos hacerlo si nos acompa\u00f1aban tres motos con miembros de la banda que opera all\u00ed\u201d, recuerda Jairala, quien tambi\u00e9n considera que las redes sociales jugar\u00e1n un papel fundamental en la campa\u00f1a, donde aquellos candidatos con m\u00e1s recursos para pautar en las plataformas digitales tendr\u00e1n ventaja, en un entorno donde no existe un control del Consejo Electoral.<\/p>\n","protected":false},"excerpt":{"rendered":"<p>&nbsp; &nbsp; &#8211; El ataque armado contra el hijo de un aspirante, el atentado contra un candidato a la Asamblea, el asesinato de un alcalde&hellip;<\/p>\n","protected":false},"author":99,"featured_media":527359,"comment_status":"open","ping_status":"open","sticky":false,"template":"","format":"standard","meta":{"footnotes":""},"categories":[23],"tags":[],"class_list":["post-527358","post","type-post","status-publish","format-standard","has-post-thumbnail","hentry","category-latinoamerica"],"_links":{"self":[{"href":"https:\/\/diarioelpopular.com\/index.php\/wp-json\/wp\/v2\/posts\/527358","targetHints":{"allow":["GET"]}}],"collection":[{"href":"https:\/\/diarioelpopular.com\/index.php\/wp-json\/wp\/v2\/posts"}],"about":[{"href":"https:\/\/diarioelpopular.com\/index.php\/wp-json\/wp\/v2\/types\/post"}],"author":[{"embeddable":true,"href":"https:\/\/diarioelpopular.com\/index.php\/wp-json\/wp\/v2\/users\/99"}],"replies":[{"embeddable":true,"href":"https:\/\/diarioelpopular.com\/index.php\/wp-json\/wp\/v2\/comments?post=527358"}],"version-history":[{"count":1,"href":"https:\/\/diarioelpopular.com\/index.php\/wp-json\/wp\/v2\/posts\/527358\/revisions"}],"predecessor-version":[{"id":527360,"href":"https:\/\/diarioelpopular.com\/index.php\/wp-json\/wp\/v2\/posts\/527358\/revisions\/527360"}],"wp:featuredmedia":[{"embeddable":true,"href":"https:\/\/diarioelpopular.com\/index.php\/wp-json\/wp\/v2\/media\/527359"}],"wp:attachment":[{"href":"https:\/\/diarioelpopular.com\/index.php\/wp-json\/wp\/v2\/media?parent=527358"}],"wp:term":[{"taxonomy":"category","embeddable":true,"href":"https:\/\/diarioelpopular.com\/index.php\/wp-json\/wp\/v2\/categories?post=527358"},{"taxonomy":"post_tag","embeddable":true,"href":"https:\/\/diarioelpopular.com\/index.php\/wp-json\/wp\/v2\/tags?post=527358"}],"curies":[{"name":"wp","href":"https:\/\/api.w.org\/{rel}","templated":true}]}}