{"id":527366,"date":"2025-01-16T10:31:21","date_gmt":"2025-01-16T14:31:21","guid":{"rendered":"https:\/\/diarioelpopular.com\/?p=527366"},"modified":"2025-01-16T10:37:20","modified_gmt":"2025-01-16T14:37:20","slug":"la-designacion-de-los-carteles-como-terroristas-atiza-las-tensiones-entre-mexico-y-estados-unidos-previo-a-la-llegada-de-trump","status":"publish","type":"post","link":"https:\/\/diarioelpopular.com\/index.php\/2025\/01\/16\/la-designacion-de-los-carteles-como-terroristas-atiza-las-tensiones-entre-mexico-y-estados-unidos-previo-a-la-llegada-de-trump\/","title":{"rendered":"La designaci\u00f3n de los c\u00e1rteles como terroristas atiza las tensiones entre M\u00e9xico y Estados Unidos previo a la llegada de Trump"},"content":{"rendered":"<div id=\"attachment_527367\" style=\"width: 1210px\" class=\"wp-caption alignnone\"><img loading=\"lazy\" decoding=\"async\" aria-describedby=\"caption-attachment-527367\" class=\"wp-image-527367 size-custom-big-size\" src=\"https:\/\/diarioelpopular.com\/wp-content\/uploads\/2025\/01\/Screen-Shot-2025-01-16-at-9.30.20-AM-1200x554.png\" alt=\"\" width=\"1200\" height=\"554\" srcset=\"https:\/\/diarioelpopular.com\/wp-content\/uploads\/2025\/01\/Screen-Shot-2025-01-16-at-9.30.20-AM-1200x554.png 1200w, https:\/\/diarioelpopular.com\/wp-content\/uploads\/2025\/01\/Screen-Shot-2025-01-16-at-9.30.20-AM-300x139.png 300w, https:\/\/diarioelpopular.com\/wp-content\/uploads\/2025\/01\/Screen-Shot-2025-01-16-at-9.30.20-AM-768x355.png 768w, https:\/\/diarioelpopular.com\/wp-content\/uploads\/2025\/01\/Screen-Shot-2025-01-16-at-9.30.20-AM-636x294.png 636w, https:\/\/diarioelpopular.com\/wp-content\/uploads\/2025\/01\/Screen-Shot-2025-01-16-at-9.30.20-AM-146x67.png 146w, https:\/\/diarioelpopular.com\/wp-content\/uploads\/2025\/01\/Screen-Shot-2025-01-16-at-9.30.20-AM.png 1024w\" sizes=\"auto, (max-width: 1200px) 100vw, 1200px\" \/><p id=\"caption-attachment-527367\" class=\"wp-caption-text\">Marco Rubio durante su audiencia de confirmaci\u00f3n en Washington, este 15 de enero.\u00a0 \u00a0 \u00a0 \u00a0 \u00a0 \u00a0 \u00a0 \u00a0 \u00a0 \u00a0 \u00a0 \u00a0 \u00a0 \u00a0 \u00a0 \u00a0 \u00a0 \u00a0 \u00a0 \u00a0 \u00a0 \u00a0 \u00a0 \u00a0 \u00a0 \u00a0 \u00a0 \u00a0 \u00a0 \u00a0 \u00a0 \u00a0 \u00a0 \u00a0 \u00a0 \u00a0 \u00a0 \u00a0 Foto: Nathan Howard (Reuters)<\/p><\/div>\n<p>&nbsp;<\/p>\n<p>&nbsp;<\/p>\n<h4 class=\"a_st\"><em>&#8211; Marco Rubio, el pr\u00f3ximo jefe de la diplomacia estadounidense, asegura que el narco tiene \u201ccontrol operativo\u201d sobre varias zonas de la frontera sur sin que el gobierno haga algo<\/em><\/h4>\n<p>&nbsp;<\/p>\n<p class=\"\">La guerra contra las drogas ha dado paso al \u00faltimo choque entre M\u00e9xico y Estados Unidos, a menos de una semana del regreso de\u00a0<a href=\"https:\/\/elpais.com\/internacional\/2024-12-22\/trump-declarara-a-los-carteles-mexicanos-del-narco-como-organizaciones-terroristas.html\" data-link-track-dtm=\"\" data-mrf-link=\"https:\/\/elpais.com\/internacional\/2024-12-22\/trump-declarara-a-los-carteles-mexicanos-del-narco-como-organizaciones-terroristas.html\">Donald Trump<\/a>\u00a0a la Casa Blanca.\u00a0<a href=\"https:\/\/elpais.com\/mexico\/2024-11-17\/marco-rubio-el-hijo-de-inmigrantes-que-ataca-con-ferocidad-a-mexico-por-el-paso-de-inmigrantes.html\" data-link-track-dtm=\"\" data-mrf-link=\"https:\/\/elpais.com\/mexico\/2024-11-17\/marco-rubio-el-hijo-de-inmigrantes-que-ataca-con-ferocidad-a-mexico-por-el-paso-de-inmigrantes.html\">Marco Rubio, el pr\u00f3ximo jefe de la diplomacia estadounidense<\/a>, no se guard\u00f3 nada en su \u00faltima comparecencia en el Senado y asegur\u00f3 este mi\u00e9rcoles que el crimen organizado domina amplias porciones del territorio mexicano, con la venia de autoridades, a pesar de los mensajes de contenci\u00f3n que ha enviado el Gobierno de Claudia Sheinbaum. \u201cTienen b\u00e1sicamente el control operativo sobre enormes extensiones de las regiones fronterizas entre M\u00e9xico y Estados Unidos\u201d, afirm\u00f3 el elegido de Trump para asumir como secretario de Estado. Rubio habl\u00f3 una y otra vez del \u201cterror\u201d que provocan las organizaciones del narcotr\u00e1fico e insisti\u00f3 en\u00a0<a href=\"https:\/\/elpais.com\/internacional\/2025-01-15\/rubio-considera-terroristas-a-los-carteles-mexicanos-y-considera-que-cuba-patrocina-el-terrorismo.html\" data-link-track-dtm=\"\" data-mrf-link=\"https:\/\/elpais.com\/internacional\/2025-01-15\/rubio-considera-terroristas-a-los-carteles-mexicanos-y-considera-que-cuba-patrocina-el-terrorismo.html\">el plan de designar a los carteles como grupos terroristas<\/a>, un punto particularmente espinoso entre ambos pa\u00edses por la posibilidad de que sirva como justificaci\u00f3n para una intervenci\u00f3n militar de Washington. \u201cEs una opci\u00f3n que est\u00e1 sobre la mesa\u201d, dijo el pol\u00edtico de origen cubano.<\/p>\n<p class=\"\">\u201cEs importante para nosotros no s\u00f3lo perseguir a estos grupos, sino identificarlos y llamarlos por lo que son, terroristas\u201d, subray\u00f3 Rubio. \u201cSon ciertamente terroristas por naturaleza\u201d. El pr\u00f3ximo secretario dej\u00f3 claro que la prioridad m\u00e1s urgente con M\u00e9xico, la primera l\u00ednea de los intereses de Estados Unidos en Latinoam\u00e9rica, es la Seguridad, un tema que se traduce en dos coordenadas inalienables en la perspectiva de Trump: el narcotr\u00e1fico y la crisis migratoria. \u201c[Los carteles] aterrorizan con migraci\u00f3n masiva y el tr\u00e1fico de drogas\u201d, afirm\u00f3.<\/p>\n<p class=\"\">Sheinbaum, en cambio,<a href=\"https:\/\/elpais.com\/mexico\/2024-11-04\/narcoviolencia-miedo-y-politica-el-fantasma-del-terrorismo-planea-sobre-la-relacion-entre-mexico-y-estados-unidos.html\" data-link-track-dtm=\"\" data-mrf-link=\"https:\/\/elpais.com\/mexico\/2024-11-04\/narcoviolencia-miedo-y-politica-el-fantasma-del-terrorismo-planea-sobre-la-relacion-entre-mexico-y-estados-unidos.html\">\u00a0ha sido tajante en su rechazo a que se equipare el narcotr\u00e1fico con el terrorismo<\/a>\u00a0y ha sido especialmente cautelosa para no dar pie a la posibilidad de una acci\u00f3n unilateral de Washington en territorio mexicano que, pese a estar justificada bajo las leyes estadounidenses, ser\u00eda contraria al Derecho Internacional.<\/p>\n<p class=\"\">En M\u00e9xico, el asunto ha dividido opiniones entre los especialistas y el debate sobre el narcoterrorismo ha entrado de lleno al juego pol\u00edtico, con la oposici\u00f3n utilizando la etiqueta despu\u00e9s de cada pico de violencia a diario y el oficialismo atrincher\u00e1ndose en el extremo contrario. Con todo, la crisis de violencia en el pa\u00eds latinoamericano ha sido\u00a0<a href=\"https:\/\/elpais.com\/mexico\/2024-11-14\/ken-salazar-muestra-su-cara-mas-dura-ante-la-crisis-de-violencia-en-mexico-la-estrategia-de-abrazos-no-balazos-no-funciona.html\" data-link-track-dtm=\"\" data-mrf-link=\"https:\/\/elpais.com\/mexico\/2024-11-14\/ken-salazar-muestra-su-cara-mas-dura-ante-la-crisis-de-violencia-en-mexico-la-estrategia-de-abrazos-no-balazos-no-funciona.html\">un tema que ha inquietado a dem\u00f3cratas y republicanos<\/a>\u00a0y ha abonado a las dudas en Washington sobre el control que realmente tienen las autoridades mexicanas en varias zonas del pa\u00eds.<\/p>\n<p class=\"\">A pesar de la dureza en sus comentarios, hubo tambi\u00e9n varios matices en la comparecencia de Rubio. El funcionario se\u00f1al\u00f3 que, aunque el uso de la fuerza es \u201cuna herramienta que el presidente tiene a su disposici\u00f3n\u201d, \u201cno es la opci\u00f3n preferida por el Departamento de Estado\u201d. Sobre la designaci\u00f3n de los carteles como grupos terroristas, admiti\u00f3 que era una \u201cherramienta imperfecta\u201d e insinu\u00f3 que la medida no era suficiente para cumplir con la promesa de acabar con las organizaciones criminales.<\/p>\n<p class=\"\">Rubio dijo, adem\u00e1s, que el escenario \u201cen un mundo ideal\u201d es la cooperaci\u00f3n con las autoridades mexicanas, muchas de ellas corruptas con el dinero del narcotr\u00e1fico, lo que abre la puerta a un nuevo frente de negociaci\u00f3n entre ambos pa\u00edses. \u201c[Los carteles] socavan al Gobierno mexicano, a la soberan\u00eda mexicana, a la salud y el bienestar del pueblo mexicano\u201d, asegur\u00f3, para despu\u00e9s insistir en los reclamos. \u201cM\u00e9xico puede hacer m\u00e1s para enfrentar este problema\u201d, zanj\u00f3. El exsenador por Florida ya hab\u00eda reconocido en una entrevista antes de las elecciones de noviembre que\u00a0<a href=\"https:\/\/elpais.com\/mexico\/2024-11-17\/marco-rubio-el-hijo-de-inmigrantes-que-ataca-con-ferocidad-a-mexico-por-el-paso-de-inmigrantes.html\" data-link-track-dtm=\"\" data-mrf-link=\"https:\/\/elpais.com\/mexico\/2024-11-17\/marco-rubio-el-hijo-de-inmigrantes-que-ataca-con-ferocidad-a-mexico-por-el-paso-de-inmigrantes.html\">una intervenci\u00f3n militar contra los grupos criminales no era viable sin el aval de las Fuerzas Armadas de M\u00e9xico<\/a>, lo que no le ha impedido de poner el dedo en la yaga para recriminar a las autoridades mexicanas por la porosidad de la frontera y la falta de acciones contundentes contra la delincuencia organizada.<\/p>\n<p class=\"\"><a href=\"https:\/\/elpais.com\/internacional\/elecciones-usa\/2024-11-21\/trump-elige-a-su-aliada-pam-bondi-para-fiscal-general-tras-la-retirada-de-matt-gaetz.html\" data-link-track-dtm=\"\" data-mrf-link=\"https:\/\/elpais.com\/internacional\/elecciones-usa\/2024-11-21\/trump-elige-a-su-aliada-pam-bondi-para-fiscal-general-tras-la-retirada-de-matt-gaetz.html\">Pam Bondi, la elegida de Trump como fiscal general<\/a>, tambi\u00e9n se sum\u00f3 a las voces que apoyan la designaci\u00f3n de los carteles como grupos terroristas. \u201cTodos estamos al tanto de las temibles bandas violentas que est\u00e1n entrando a nuestro pa\u00eds libremente a trav\u00e9s de la frontera abierta\u201d, afirm\u00f3 en su propia comparecencia de confirmaci\u00f3n ante el Senado, un acto protocolario donde los nominados contestan preguntas de los legisladores antes de asumir el cargo. \u201cSon una amenaza grave y violenta\u201d, dijo la exfiscal de California, que se comprometi\u00f3 a \u201chacer todo lo que est\u00e9 en su poder\u201d contra las organizaciones criminales. A pesar de la atenci\u00f3n que ha recibido en las \u00faltimas semanas, la idea de equiparar el narcotr\u00e1fico con el terrorismo ha rondado Washington desde hace al menos una d\u00e9cada, incluso en Administraciones dem\u00f3cratas.<\/p>\n<p class=\"\">Ante el asedio desde el otro lado de la frontera, Sheinbaum ha adoptado una posici\u00f3n proactiva y ha mandado se\u00f1ales en los \u00faltimos meses de que es sensible a las preocupaciones de Trump. Su Gobierno anunci\u00f3 a principios de diciembre\u00a0<a href=\"https:\/\/elpais.com\/mexico\/2024-12-05\/sheinbaum-anuncia-la-mayor-incautacion-de-fentanilo-y-moviliza-a-su-zar-de-seguridad-para-enfrentar-la-crisis-de-violencia-en-sinaloa.html\" data-link-track-dtm=\"\" data-mrf-link=\"https:\/\/elpais.com\/mexico\/2024-12-05\/sheinbaum-anuncia-la-mayor-incautacion-de-fentanilo-y-moviliza-a-su-zar-de-seguridad-para-enfrentar-la-crisis-de-violencia-en-sinaloa.html\">la mayor incautaci\u00f3n de fentanilo en la historia del pa\u00eds<\/a>, el equivalente a 20 millones de dosis. Tambi\u00e9n desplaz\u00f3 a Omar Garc\u00eda Harfuch, el arquitecto de su pol\u00edtica de seguridad, a Sinaloa, donde se libra desde hace cuatro meses una guerra de carteles que ha dejado m\u00e1s de 650 asesinatos en los registros oficiales.<\/p>\n<p class=\"\">La presidente ha insistido p\u00fablicamente en que est\u00e1 abierta a trabajar de manera conjunta con las autoridades estadounidenses, aunque tambi\u00e9n ha trazado las l\u00edneas rojas de su Administraci\u00f3n frente a las presiones de Washington. \u201cCooperaci\u00f3n sin subordinaci\u00f3n\u201d, ha insistido la mandataria en las \u00faltimas semanas. \u201cSiempre tendremos la frente en alto. M\u00e9xico es un pa\u00eds libre, independiente y soberano\u201d, dijo el pasado domingo ante sus seguidores, al rendir un informe por los primeros 100 d\u00edas en la presidencia.<\/p>\n<p class=\"\">\u201cDesignar\u00e9 inmediatamente a los c\u00e1rteles como grupos terroristas extranjeros. Lo har\u00e9 de inmediato\u201d, adelant\u00f3 Trump en diciembre. M\u00e9xico ya se prepara para ver el alcance de las amenazas y el margen de negociaci\u00f3n que tendr\u00e1 con el pr\u00f3ximo presidente de Estados Unidos, en plena cuenta regresiva para la toma de posesi\u00f3n.<\/p>\n","protected":false},"excerpt":{"rendered":"<p>&nbsp; &nbsp; &#8211; Marco Rubio, el pr\u00f3ximo jefe de la diplomacia estadounidense, asegura que el narco tiene \u201ccontrol operativo\u201d sobre varias zonas de la frontera&hellip;<\/p>\n","protected":false},"author":99,"featured_media":527367,"comment_status":"open","ping_status":"open","sticky":false,"template":"","format":"standard","meta":{"footnotes":""},"categories":[23],"tags":[],"class_list":["post-527366","post","type-post","status-publish","format-standard","has-post-thumbnail","hentry","category-latinoamerica"],"_links":{"self":[{"href":"https:\/\/diarioelpopular.com\/index.php\/wp-json\/wp\/v2\/posts\/527366","targetHints":{"allow":["GET"]}}],"collection":[{"href":"https:\/\/diarioelpopular.com\/index.php\/wp-json\/wp\/v2\/posts"}],"about":[{"href":"https:\/\/diarioelpopular.com\/index.php\/wp-json\/wp\/v2\/types\/post"}],"author":[{"embeddable":true,"href":"https:\/\/diarioelpopular.com\/index.php\/wp-json\/wp\/v2\/users\/99"}],"replies":[{"embeddable":true,"href":"https:\/\/diarioelpopular.com\/index.php\/wp-json\/wp\/v2\/comments?post=527366"}],"version-history":[{"count":1,"href":"https:\/\/diarioelpopular.com\/index.php\/wp-json\/wp\/v2\/posts\/527366\/revisions"}],"predecessor-version":[{"id":527368,"href":"https:\/\/diarioelpopular.com\/index.php\/wp-json\/wp\/v2\/posts\/527366\/revisions\/527368"}],"wp:featuredmedia":[{"embeddable":true,"href":"https:\/\/diarioelpopular.com\/index.php\/wp-json\/wp\/v2\/media\/527367"}],"wp:attachment":[{"href":"https:\/\/diarioelpopular.com\/index.php\/wp-json\/wp\/v2\/media?parent=527366"}],"wp:term":[{"taxonomy":"category","embeddable":true,"href":"https:\/\/diarioelpopular.com\/index.php\/wp-json\/wp\/v2\/categories?post=527366"},{"taxonomy":"post_tag","embeddable":true,"href":"https:\/\/diarioelpopular.com\/index.php\/wp-json\/wp\/v2\/tags?post=527366"}],"curies":[{"name":"wp","href":"https:\/\/api.w.org\/{rel}","templated":true}]}}