{"id":527370,"date":"2025-01-16T10:37:03","date_gmt":"2025-01-16T14:37:03","guid":{"rendered":"https:\/\/diarioelpopular.com\/?p=527370"},"modified":"2025-01-16T10:37:03","modified_gmt":"2025-01-16T14:37:03","slug":"en-que-consiste-el-acuerdo-entre-israel-y-hamas-para-el-cese-al-fuego-en-gaza-y-que-temas-clave-deja-sin-resolver","status":"publish","type":"post","link":"https:\/\/diarioelpopular.com\/index.php\/2025\/01\/16\/en-que-consiste-el-acuerdo-entre-israel-y-hamas-para-el-cese-al-fuego-en-gaza-y-que-temas-clave-deja-sin-resolver\/","title":{"rendered":"En qu\u00e9 consiste el acuerdo entre Israel y Ham\u00e1s para el cese al fuego en Gaza y qu\u00e9 temas clave deja sin resolver"},"content":{"rendered":"<div id=\"attachment_527371\" style=\"width: 646px\" class=\"wp-caption alignnone\"><img loading=\"lazy\" decoding=\"async\" aria-describedby=\"caption-attachment-527371\" class=\"wp-image-527371 size-custom-full-size\" src=\"https:\/\/diarioelpopular.com\/wp-content\/uploads\/2025\/01\/Screen-Shot-2025-01-16-at-9.36.15-AM-636x400.png\" alt=\"\" width=\"636\" height=\"400\" srcset=\"https:\/\/diarioelpopular.com\/wp-content\/uploads\/2025\/01\/Screen-Shot-2025-01-16-at-9.36.15-AM-636x400.png 636w, https:\/\/diarioelpopular.com\/wp-content\/uploads\/2025\/01\/Screen-Shot-2025-01-16-at-9.36.15-AM-300x189.png 300w, https:\/\/diarioelpopular.com\/wp-content\/uploads\/2025\/01\/Screen-Shot-2025-01-16-at-9.36.15-AM-768x483.png 768w, https:\/\/diarioelpopular.com\/wp-content\/uploads\/2025\/01\/Screen-Shot-2025-01-16-at-9.36.15-AM-116x73.png 116w, https:\/\/diarioelpopular.com\/wp-content\/uploads\/2025\/01\/Screen-Shot-2025-01-16-at-9.36.15-AM.png 1024w\" sizes=\"auto, (max-width: 636px) 100vw, 636px\" \/><p id=\"caption-attachment-527371\" class=\"wp-caption-text\">Familiares de los secuestrados por Ham\u00e1s tras conocerse el acuerdo.<\/p><\/div>\n<p>&nbsp;<\/p>\n<p>&nbsp;<\/p>\n<div class=\"bbc-19j92fr ebmt73l0\" dir=\"ltr\">\n<ul>\n<li class=\"bbc-hhl7in e17g058b0\" dir=\"ltr\"><em><b>El gobierno de Israel y el grupo militante palestino Ham\u00e1s alcanzaron este mi\u00e9rcoles un acuerdo de alto el fuego para Gaza, donde los \u00faltimos 15 meses han muerto m\u00e1s de 45.000 personas a causa de los ataques israel\u00edes.<\/b><\/em><\/li>\n<\/ul>\n<\/div>\n<div class=\"bbc-19j92fr ebmt73l0\" dir=\"ltr\">\n<p dir=\"ltr\">\n<p dir=\"ltr\">\n<p class=\"bbc-hhl7in e17g058b0\" dir=\"ltr\">El acuerdo llega tras meses de negociaciones mediadas por Qatar, Egipto y Estados Unidos y prev\u00e9 que Ham\u00e1s entregue a rehenes israel\u00edes a cambio de prisioneros palestinos.<\/p>\n<\/div>\n<div class=\"bbc-19j92fr ebmt73l0\" dir=\"ltr\">\n<p class=\"bbc-hhl7in e17g058b0\" dir=\"ltr\">EE.UU. traz\u00f3 las l\u00edneas generales del acuerdo, y los representantes israel\u00edes y de Ham\u00e1s hab\u00edan estado negociando durante meses los detalles con los pa\u00edses mediadores.<\/p>\n<\/div>\n<div class=\"bbc-19j92fr ebmt73l0\" dir=\"ltr\">\n<p class=\"bbc-hhl7in e17g058b0\" dir=\"ltr\">Seg\u00fan un borrador revelado por funcionarios qatar\u00edes y las declaraciones de Joe Biden, el acuerdo consta de tres fases que se espera que lleven a un alto el fuego permanente y un plan de reconstrucci\u00f3n de Gaza.<\/p>\n<\/div>\n<div class=\"bbc-19j92fr ebmt73l0\" dir=\"ltr\">\n<p class=\"bbc-hhl7in e17g058b0\" dir=\"ltr\">El alto al fuego comenzar\u00e1 el 19 de enero, seg\u00fan inform\u00f3 el primer ministro qatar\u00ed, Mohammed Bin Abdulrahman Al Thani.<\/p>\n<\/div>\n<div class=\"bbc-19j92fr ebmt73l0\" dir=\"ltr\">\n<p class=\"bbc-hhl7in e17g058b0\" dir=\"ltr\">Se espera que este alto el fuego se produzca en tres fases. Y, aunque se dice que ambas partes est\u00e1n de acuerdo, el gabinete de seguridad y el gobierno de Israel deber\u00e1n aprobar el pacto antes de que pueda entrar en vigencia.<\/p>\n<\/div>\n<div class=\"bbc-19j92fr ebmt73l0\" dir=\"ltr\">\n<p class=\"bbc-hhl7in e17g058b0\" dir=\"ltr\">Y por ahora, siguen habiendo puntos de fricci\u00f3n que podr\u00edan impedir que este se convierta en permanente.<\/p>\n<p dir=\"ltr\">\n<\/div>\n<figure class=\"bbc-1qn0xuy\">\n<div class=\"bbc-18ywsw9\">\n<div style=\"width: 985px\" class=\"wp-caption alignnone\"><img loading=\"lazy\" decoding=\"async\" class=\"bbc-139onq\" src=\"https:\/\/ichef.bbci.co.uk\/ace\/ws\/640\/cpsprodpb\/841c\/live\/b2b54fc0-d386-11ef-87df-d575b9a434a4.png.webp\" alt=\"Algunos miembros del gabinete de Netanyahu se oponen al acuerdo.\" width=\"975\" height=\"667\" \/><p class=\"wp-caption-text\">Algunos miembros del gabinete de Netanyahu se oponen al acuerdo.<\/p><\/div>\n<\/div><figcaption class=\"bbc-15f1ujd\" dir=\"ltr\"><\/figcaption><\/figure>\n<div class=\"bbc-19j92fr ebmt73l0\" dir=\"ltr\">\n<h2 tabindex=\"-1\"><\/h2>\n<h2 id=\"Fase-1-una-tregua-de-seis-semanas\" class=\"bbc-1lgzob2 eglt09e0\" tabindex=\"-1\">Fase 1: una tregua de seis semanas<\/h2>\n<\/div>\n<div class=\"bbc-19j92fr ebmt73l0\" dir=\"ltr\">\n<p class=\"bbc-hhl7in e17g058b0\" dir=\"ltr\">La primera fase del plan consiste en una tregua de seis semanas. Durante ese periodo, Ham\u00e1s liberar\u00e1 a 33 de los rehenes que secuestr\u00f3 en el ataque del 7 de octubre.<\/p>\n<\/div>\n<div class=\"bbc-19j92fr ebmt73l0\" dir=\"ltr\">\n<p class=\"bbc-hhl7in e17g058b0\" dir=\"ltr\">Por cada reh\u00e9n liberado, Israel liberar\u00e1 a decenas de prisioneros palestinos.<\/p>\n<\/div>\n<div class=\"bbc-19j92fr ebmt73l0\" dir=\"ltr\">\n<p class=\"bbc-hhl7in e17g058b0\" dir=\"ltr\">Israel permitir\u00e1 la entrada de m\u00e1s ayuda y combustible a Gaza, y se retirar\u00e1 de las carreteras principales para permitir el regreso de los desplazados a sus hogares o, muy probablemente, a los escombros que alguna vez fueron sus hogares.<\/p>\n<\/div>\n<div class=\"bbc-19j92fr ebmt73l0\" dir=\"ltr\">\n<p class=\"bbc-hhl7in e17g058b0\" dir=\"ltr\">Casi todos los 2,3 millones de habitantes de Gaza tuvieron que abandonar sus hogares debido a las \u00f3rdenes de evacuaci\u00f3n israel\u00edes, los ataques israel\u00edes y los combates sobre el terreno.<\/p>\n<\/div>\n<div class=\"bbc-19j92fr ebmt73l0\" dir=\"ltr\">\n<p class=\"bbc-hhl7in e17g058b0\" dir=\"ltr\">Durante la primera fase, Israel mantendr\u00e1 algunas tropas en el corredor Philadelphi, a lo largo de la frontera sur de Gaza con Egipto. El paso fronterizo de Rafah entre Egipto y Gaza se abrir\u00e1 gradualmente para que enfermos y heridos puedan salir del territorio para recibir tratamiento.<\/p>\n<\/div>\n<div class=\"bbc-19j92fr ebmt73l0\" dir=\"ltr\">\n<p class=\"bbc-hhl7in e17g058b0\" dir=\"ltr\">Un funcionario palestino afirm\u00f3 a la BBC que Ham\u00e1s liberar\u00e1 a tres rehenes el primer d\u00eda del acuerdo, que seg\u00fan el primer ministro qatar\u00ed ser\u00e1 el domingo, y en las semanas siguientes liberar\u00e1 a m\u00e1s de forma escalonada.<\/p>\n<\/div>\n<div class=\"bbc-19j92fr ebmt73l0\" dir=\"ltr\">\n<p class=\"bbc-hhl7in e17g058b0\" dir=\"ltr\">La agencia de noticias Reuters inform\u00f3 que en la primera fase se priorizar\u00e1 a los ni\u00f1os, las mujeres, los hombres mayores de 50 a\u00f1os, los heridos y los enfermos.<\/p>\n<\/div>\n<div class=\"bbc-19j92fr ebmt73l0\" dir=\"ltr\">\n<p class=\"bbc-hhl7in e17g058b0\" dir=\"ltr\">Hay un grupo de rehenes israel\u00edes \u2014hombres en edad militar\u2014 que no har\u00e1 parte de la primera liberaci\u00f3n. Su destino queda en manos una nueva ronda de conversaciones que comenzar\u00e1 16 d\u00edas despu\u00e9s del cese el fuego.<\/p>\n<\/div>\n<div class=\"bbc-19j92fr ebmt73l0\" dir=\"ltr\">\n<p class=\"bbc-hhl7in e17g058b0\" dir=\"ltr\">Se supone que ser\u00e1 en ese momento cuando se aborden cuestiones clave sobre el futuro de Gaza, como qui\u00e9n gobernar\u00e1 el territorio y si Israel se retirar\u00e1 totalmente.<\/p>\n<\/div>\n<div class=\"bbc-19j92fr ebmt73l0\" dir=\"ltr\">\n<p class=\"bbc-hhl7in e17g058b0\" dir=\"ltr\">El primer ministro qatar\u00ed expres\u00f3 este mi\u00e9rcoles que tiene fe en que el acuerdo progrese m\u00e1s all\u00e1 de la fase uno, pero que todo depende del compromiso de las partes.<\/p>\n<p dir=\"ltr\">\n<\/div>\n<figure class=\"bbc-1qn0xuy\">\n<div class=\"bbc-18ywsw9\">\n<div style=\"width: 1898px\" class=\"wp-caption alignnone\"><img loading=\"lazy\" decoding=\"async\" class=\"bbc-139onq\" src=\"https:\/\/ichef.bbci.co.uk\/ace\/ws\/640\/cpsprodpb\/9419\/live\/327c02b0-d37f-11ef-a118-e59aa5b2fa98.jpg.webp\" alt=\"Kamala Harris, Joe Biden y Anthony Blinken\" width=\"1888\" height=\"1062\" \/><p class=\"wp-caption-text\">Fuente de la imagen,Getty Images.\u00a0\u00a0Biden confirm\u00f3 el acuerdo a cinco d\u00edas de abandonar la Casa Blanca.<\/p><\/div>\n<p class=\"bbc-by8ykd\" role=\"text\">\n<\/div>\n<\/figure>\n<div class=\"bbc-19j92fr ebmt73l0\" dir=\"ltr\">\n<h2 id=\"Fase-2-el-fin-de-la-guerra\" class=\"bbc-1lgzob2 eglt09e0\" tabindex=\"-1\">Fase 2: el fin de la guerra<\/h2>\n<\/div>\n<div class=\"bbc-19j92fr ebmt73l0\" dir=\"ltr\">\n<p class=\"bbc-hhl7in e17g058b0\" dir=\"ltr\">A partir del d\u00eda 16 de la tregua, comenzar\u00e1 a negociarse &#8220;un final permanente de la guerra&#8221;, explic\u00f3 el presidente Joe Biden.<\/p>\n<\/div>\n<div class=\"bbc-19j92fr ebmt73l0\" dir=\"ltr\">\n<p class=\"bbc-hhl7in e17g058b0\" dir=\"ltr\">Se espera que, en la segunda fase del acuerdo, Ham\u00e1s libere a todos los rehenes vivos restantes y devuelva los cad\u00e1veres de los rehenes muertos.<\/p>\n<\/div>\n<div class=\"bbc-19j92fr ebmt73l0\" dir=\"ltr\">\n<p class=\"bbc-hhl7in e17g058b0\" dir=\"ltr\">A cambio, Israel liberar\u00eda presos palestinos, incluidos aquellos que cumplen largas condenas por atentados mortales.<\/p>\n<\/div>\n<div class=\"bbc-19j92fr ebmt73l0\" dir=\"ltr\">\n<p class=\"bbc-hhl7in e17g058b0\" dir=\"ltr\">Un funcionario palestino habl\u00f3 habl\u00f3 de 1.000, mientras que un funcionario del gobierno israel\u00ed dijo que ser\u00edan &#8220;varios cientos&#8221;.<\/p>\n<\/div>\n<div class=\"bbc-19j92fr ebmt73l0\" dir=\"ltr\">\n<p class=\"bbc-hhl7in e17g058b0\" dir=\"ltr\">La agencia Reuters y otras fuentes afirman que los combatientes de Ham\u00e1s que participaron en el ataque contra Israel del 7 de octubre de 2023 no ser\u00edan liberados.<\/p>\n<\/div>\n<div class=\"bbc-19j92fr ebmt73l0\" dir=\"ltr\">\n<p class=\"bbc-hhl7in e17g058b0\" dir=\"ltr\">Israel ha dicho que s\u00f3lo retirar\u00e1 totalmente sus tropas una vez que todos los rehenes hayan sido liberados.<\/p>\n<\/div>\n<div class=\"bbc-19j92fr ebmt73l0\" dir=\"ltr\">\n<p class=\"bbc-hhl7in e17g058b0\" dir=\"ltr\">Despu\u00e9s de eso, mantendr\u00eda zonas tap\u00f3n de 800 metros de ancho en los lados oriental y norte de Gaza, fronterizos con Israel.<\/p>\n<p dir=\"ltr\">\n<\/div>\n<figure class=\"bbc-1qn0xuy\">\n<div class=\"bbc-18ywsw9\">\n<div style=\"width: 1176px\" class=\"wp-caption alignnone\"><img loading=\"lazy\" decoding=\"async\" class=\"bbc-139onq\" src=\"https:\/\/ichef.bbci.co.uk\/ace\/ws\/640\/cpsprodpb\/e29e\/live\/63945a80-d386-11ef-9fd6-0be88a764111.png.webp\" alt=\"La destrucci\u00f3n causada por Israel en Gaza es descomunal.\" width=\"1166\" height=\"755\" \/><p class=\"wp-caption-text\">Fuente de la imagen,EPA.\u00a0\u00a0La destrucci\u00f3n causada por Israel en Gaza es descomunal y se tardar\u00e1n a\u00f1os en reconstruir lo perdido.<\/p><\/div>\n<p class=\"bbc-by8ykd\" role=\"text\">\n<\/div>\n<\/figure>\n<div class=\"bbc-19j92fr ebmt73l0\" dir=\"ltr\">\n<h2 id=\"Fase-3-la-reconstrucci\u00f3n-de-Gaza-y-lo-que-queda-por-resolver\" class=\"bbc-1lgzob2 eglt09e0\" tabindex=\"-1\">Fase 3: la reconstrucci\u00f3n de Gaza (y lo que queda por resolver)<\/h2>\n<\/div>\n<div class=\"bbc-19j92fr ebmt73l0\" dir=\"ltr\">\n<p class=\"bbc-hhl7in e17g058b0\" dir=\"ltr\">Se espera que la tercera fase del plan de alto el fuego sea la reconstrucci\u00f3n de Gaza. Grandes zonas del territorio han quedado reducidas a escombros, por lo que esta fase podr\u00eda durar varios a\u00f1os.<\/p>\n<\/div>\n<div class=\"bbc-19j92fr ebmt73l0\" dir=\"ltr\">\n<p class=\"bbc-hhl7in e17g058b0\" dir=\"ltr\">Este punto, sin embargo, a\u00fan no ha sido negociado por las partes, y sigue habiendo puntos conflictivos.<\/p>\n<\/div>\n<div class=\"bbc-19j92fr ebmt73l0\" dir=\"ltr\">\n<p class=\"bbc-hhl7in e17g058b0\" dir=\"ltr\">Uno es la cuesti\u00f3n de qui\u00e9n gobernar\u00e1 Gaza.<\/p>\n<\/div>\n<div class=\"bbc-19j92fr ebmt73l0\" dir=\"ltr\">\n<p class=\"bbc-hhl7in e17g058b0\" dir=\"ltr\">Israel quiere mantener el control de la seguridad en Gaza y se niega a que el territorio sea gobernado tanto por Ham\u00e1s como por la Autoridad Palestina (AP), que administra partes de los territorios ocupados por Israel en Cisjordania.<\/p>\n<\/div>\n<div class=\"bbc-19j92fr ebmt73l0\" dir=\"ltr\">\n<p class=\"bbc-hhl7in e17g058b0\" dir=\"ltr\">Sin embargo, est\u00e1 trabajando con Estados Unidos y Emiratos \u00c1rabes Unidos en un plan para que haya una administraci\u00f3n provisional que dirija Gaza mientras se reforma la AP.<\/p>\n<\/div>\n<div class=\"bbc-19j92fr ebmt73l0\" dir=\"ltr\">\n<p class=\"bbc-hhl7in e17g058b0\" dir=\"ltr\">Aunque el primer ministro israel\u00ed, Benjamin Netanyahu, acepte el acuerdo de paz con Ham\u00e1s, puede que no consiga convencer al resto de su gabinete, pues enfrenta la oposici\u00f3n del ministro de Finanzas, Bezalel Smotrich, y el de Seguridad Nacional, Itamar Ben-Gvir.<\/p>\n<\/div>\n<div class=\"bbc-19j92fr ebmt73l0\" dir=\"ltr\">\n<p class=\"bbc-hhl7in e17g058b0\" dir=\"ltr\">Al parecer, Ham\u00e1s tambi\u00e9n teme que el gobierno israel\u00ed reanude las hostilidades tras recuperar a los rehenes que deben ser devueltos durante la primera fase del plan de paz.<\/p>\n<\/div>\n<div class=\"bbc-19j92fr ebmt73l0\" dir=\"ltr\">\n<p class=\"bbc-hhl7in e17g058b0\" dir=\"ltr\">Y hay otros detalles m\u00e1s que podr\u00edan hundir el acuerdo.<\/p>\n<p dir=\"ltr\">\n<\/div>\n<figure class=\"bbc-1qn0xuy\">\n<div class=\"bbc-18ywsw9\">\n<div style=\"width: 1034px\" class=\"wp-caption alignnone\"><img loading=\"lazy\" decoding=\"async\" class=\"bbc-139onq\" src=\"https:\/\/ichef.bbci.co.uk\/ace\/ws\/640\/cpsprodpb\/2bca\/live\/51980c20-d39d-11ef-b9dd-1b7807e360f9.jpg.webp\" alt=\"Gaza\" width=\"1024\" height=\"576\" \/><p class=\"wp-caption-text\">Fuente de la imagen,Getty Images.\u00a0\u00a0Israel hab\u00eda expresado que uno de los principales objetivos era destruir la capacidad militar de Ham\u00e1s, que se esconde entre los civiles.<\/p><\/div>\n<\/div>\n<\/figure>\n<div class=\"bbc-19j92fr ebmt73l0\" dir=\"ltr\">\n<h2 tabindex=\"-1\"><\/h2>\n<h2 id=\"Preguntas-sin-contestar\" class=\"bbc-1lgzob2 eglt09e0\" tabindex=\"-1\">Preguntas sin contestar<\/h2>\n<\/div>\n<div class=\"bbc-19j92fr ebmt73l0\" dir=\"ltr\">\n<p class=\"bbc-hhl7in e17g058b0\" dir=\"ltr\">Uno de los principales objetivos de guerra de Israel era destruir las capacidades militares y de gobierno de Ham\u00e1s. Y aunque Israel las ha da\u00f1ado gravemente, Ham\u00e1s a\u00fan tiene cierta capacidad para operar y reagruparse.<\/p>\n<\/div>\n<div class=\"bbc-19j92fr ebmt73l0\" dir=\"ltr\">\n<p class=\"bbc-hhl7in e17g058b0\" dir=\"ltr\">Tampoco est\u00e1 claro si los rehenes est\u00e1n vivos o muertos, ni si Ham\u00e1s conoce el paradero de todos.<\/p>\n<\/div>\n<div class=\"bbc-19j92fr ebmt73l0\" dir=\"ltr\">\n<p class=\"bbc-hhl7in e17g058b0\" dir=\"ltr\">Adem\u00e1s, el grupo palestino ha exigido la liberaci\u00f3n de algunos prisioneros que Israel dice que no liberar\u00e1, como los que participaron en los atentados del 7 de octubre.<\/p>\n<\/div>\n<div class=\"bbc-19j92fr ebmt73l0\" dir=\"ltr\">\n<p class=\"bbc-hhl7in e17g058b0\" dir=\"ltr\">Tampoco se sabe si Israel aceptar\u00e1 retirarse del todo de la zona tap\u00f3n dentro de la Franja de Gaza en una fecha concreta o si su presencia all\u00ed ser\u00e1 indefinida.<\/p>\n<\/div>\n<div class=\"bbc-19j92fr ebmt73l0\" dir=\"ltr\">\n<p class=\"bbc-hhl7in e17g058b0\" dir=\"ltr\">Por tanto, cualquier alto el fuego es fr\u00e1gil.<\/p>\n<\/div>\n<div class=\"bbc-19j92fr ebmt73l0\" dir=\"ltr\">\n<p class=\"bbc-hhl7in e17g058b0\" dir=\"ltr\">En guerras anteriores, los altos el fuego entre Israel y Ham\u00e1s han acabado por romperse por ri\u00f1as menores.<\/p>\n<\/div>\n<div class=\"bbc-19j92fr ebmt73l0\" dir=\"ltr\">\n<p class=\"bbc-hhl7in e17g058b0\" dir=\"ltr\">Los tiempos y la complejidad de este alto el fuego hacen que incluso un peque\u00f1o incidente pueda convertirse en una gran amenaza para la paz.<\/p>\n<\/div>\n","protected":false},"excerpt":{"rendered":"<p>&nbsp; &nbsp; El gobierno de Israel y el grupo militante palestino Ham\u00e1s alcanzaron este mi\u00e9rcoles un acuerdo de alto el fuego para Gaza, donde los&hellip;<\/p>\n","protected":false},"author":99,"featured_media":527371,"comment_status":"open","ping_status":"open","sticky":false,"template":"","format":"standard","meta":{"footnotes":""},"categories":[24],"tags":[],"class_list":["post-527370","post","type-post","status-publish","format-standard","has-post-thumbnail","hentry","category-mundo"],"_links":{"self":[{"href":"https:\/\/diarioelpopular.com\/index.php\/wp-json\/wp\/v2\/posts\/527370","targetHints":{"allow":["GET"]}}],"collection":[{"href":"https:\/\/diarioelpopular.com\/index.php\/wp-json\/wp\/v2\/posts"}],"about":[{"href":"https:\/\/diarioelpopular.com\/index.php\/wp-json\/wp\/v2\/types\/post"}],"author":[{"embeddable":true,"href":"https:\/\/diarioelpopular.com\/index.php\/wp-json\/wp\/v2\/users\/99"}],"replies":[{"embeddable":true,"href":"https:\/\/diarioelpopular.com\/index.php\/wp-json\/wp\/v2\/comments?post=527370"}],"version-history":[{"count":1,"href":"https:\/\/diarioelpopular.com\/index.php\/wp-json\/wp\/v2\/posts\/527370\/revisions"}],"predecessor-version":[{"id":527372,"href":"https:\/\/diarioelpopular.com\/index.php\/wp-json\/wp\/v2\/posts\/527370\/revisions\/527372"}],"wp:featuredmedia":[{"embeddable":true,"href":"https:\/\/diarioelpopular.com\/index.php\/wp-json\/wp\/v2\/media\/527371"}],"wp:attachment":[{"href":"https:\/\/diarioelpopular.com\/index.php\/wp-json\/wp\/v2\/media?parent=527370"}],"wp:term":[{"taxonomy":"category","embeddable":true,"href":"https:\/\/diarioelpopular.com\/index.php\/wp-json\/wp\/v2\/categories?post=527370"},{"taxonomy":"post_tag","embeddable":true,"href":"https:\/\/diarioelpopular.com\/index.php\/wp-json\/wp\/v2\/tags?post=527370"}],"curies":[{"name":"wp","href":"https:\/\/api.w.org\/{rel}","templated":true}]}}