{"id":527415,"date":"2025-01-17T11:13:05","date_gmt":"2025-01-17T15:13:05","guid":{"rendered":"https:\/\/diarioelpopular.com\/?p=527415"},"modified":"2025-01-17T11:13:05","modified_gmt":"2025-01-17T15:13:05","slug":"ortega-y-murillo-oficializan-su-ejercito-paramilitar-responsable-de-la-muerte-de-mas-de-350-personas-en-2018","status":"publish","type":"post","link":"https:\/\/diarioelpopular.com\/index.php\/2025\/01\/17\/ortega-y-murillo-oficializan-su-ejercito-paramilitar-responsable-de-la-muerte-de-mas-de-350-personas-en-2018\/","title":{"rendered":"Ortega y Murillo oficializan su ej\u00e9rcito paramilitar, responsable de la muerte de m\u00e1s de 350 personas en 2018"},"content":{"rendered":"<div id=\"attachment_527416\" style=\"width: 646px\" class=\"wp-caption alignnone\"><img loading=\"lazy\" decoding=\"async\" aria-describedby=\"caption-attachment-527416\" class=\"wp-image-527416 size-custom-full-size\" src=\"https:\/\/diarioelpopular.com\/wp-content\/uploads\/2025\/01\/Screen-Shot-2025-01-17-at-10.12.23-AM-636x430.png\" alt=\"\" width=\"636\" height=\"430\" srcset=\"https:\/\/diarioelpopular.com\/wp-content\/uploads\/2025\/01\/Screen-Shot-2025-01-17-at-10.12.23-AM-636x430.png 636w, https:\/\/diarioelpopular.com\/wp-content\/uploads\/2025\/01\/Screen-Shot-2025-01-17-at-10.12.23-AM-300x203.png 300w, https:\/\/diarioelpopular.com\/wp-content\/uploads\/2025\/01\/Screen-Shot-2025-01-17-at-10.12.23-AM-768x519.png 768w, https:\/\/diarioelpopular.com\/wp-content\/uploads\/2025\/01\/Screen-Shot-2025-01-17-at-10.12.23-AM-1200x812.png 1200w, https:\/\/diarioelpopular.com\/wp-content\/uploads\/2025\/01\/Screen-Shot-2025-01-17-at-10.12.23-AM-80x55.png 80w, https:\/\/diarioelpopular.com\/wp-content\/uploads\/2025\/01\/Screen-Shot-2025-01-17-at-10.12.23-AM-108x73.png 108w, https:\/\/diarioelpopular.com\/wp-content\/uploads\/2025\/01\/Screen-Shot-2025-01-17-at-10.12.23-AM.png 1024w\" sizes=\"auto, (max-width: 636px) 100vw, 636px\" \/><p id=\"caption-attachment-527416\" class=\"wp-caption-text\">Polic\u00edas voluntarios toman juramento en el Departamento de Madriz, en Nicaragua. Polic\u00eda de Nicaragua<\/p><\/div>\n<p>&nbsp;<\/p>\n<p>&nbsp;<\/p>\n<h4 class=\"a_st\"><em>&#8211; La nueva Constituci\u00f3n a la medida de la pareja presidencial legaliza la \u201cpolic\u00eda voluntaria\u201d en Nicaragua y equipara la bandera rojinegra del sandinismo con el estandarte nacional<\/em><\/h4>\n<p>&nbsp;<\/p>\n<p class=\"\">Ocurri\u00f3 en la ciudad de Estel\u00ed, en el norte de Nicaragua,<a href=\"https:\/\/elpais.com\/internacional\/2018\/07\/18\/america\/1531921411_489786.html\" data-link-track-dtm=\"\" data-mrf-link=\"https:\/\/elpais.com\/internacional\/2018\/07\/18\/america\/1531921411_489786.html\">\u00a0donde en 2018 fueron asesinados los primeros j\u00f3venes<\/a>\u00a0que protestaban en contra del Gobierno de Daniel Ortega y Rosario Murillo. El r\u00e9gimen sandinista jurament\u00f3 el mi\u00e9rcoles 15 de enero a 1.700 \u201cpolic\u00edas voluntarios\u201d, quienes asistieron al acto uniformados con camisas blancas, pantalones tipo cargo y totalmente encapuchados. La juramentaci\u00f3n de otros miles tambi\u00e9n ocurri\u00f3 en el Departamento de Madriz, tambi\u00e9n en el norte, y en los pr\u00f3ximos d\u00edas de enero hay programadas otras en las dem\u00e1s localidades nicarag\u00fcenses, como parte de la legalizaci\u00f3n de los\u00a0<a href=\"https:\/\/www.divergentes.com\/enciclopedia-de-los-paramilitares\/\" target=\"_blank\" rel=\"noopener\" data-link-track-dtm=\"\" data-mrf-link=\"https:\/\/www.divergentes.com\/enciclopedia-de-los-paramilitares\/\">grupos paramilitares<\/a>\u00a0establecida por la nueva Constituci\u00f3n Pol\u00edtica que la pareja presidencial ha impuesto para garantizar la sucesi\u00f3n familiar en el poder.<\/p>\n<p class=\"\">Adem\u00e1s de sepultar las ruinas de la separaci\u00f3n de poderes, crear el cargo de \u201ccopresidenta\u201d para Rosario Murillo, poder designar vicepresidentes sin pasar por el sufragio popular, entre otras amplias prerrogativas, la Constituci\u00f3n de Ortega y Murillo, ya aprobada en lo general, legitima en su art\u00edculo 97 la creaci\u00f3n de la \u201cPolic\u00eda Voluntaria\u201d, que se define como un cuerpo auxiliar de la Polic\u00eda Nacional. En otras palabras, seg\u00fan organismos de derechos humanos, la legitimaci\u00f3n de la fuerza represiva paramilitar que en 2018 fue la responsable de asesinar a la mayor\u00eda de las 355 personas sublevadas de forma pac\u00edfica contra el r\u00e9gimen.<\/p>\n<p class=\"\">Ese a\u00f1o, con las calles desbordadas de manifestantes, la Polic\u00eda \u2013el principal \u00f3rgano represor\u2013 se vio colapsada. De esta manera, la Administraci\u00f3n sandinista recurri\u00f3 a grupos paraestatales para aplacar el descontento. Los reclutados fueron militares sandinistas retirados, civiles y empleados p\u00fablicos que, con un armamento de guerra\u2013 nutrido de fusiles AK-47 y fusiles Dragunov\u2013 dispararon a matar a las cabezas, cuello y t\u00f3rax de los manifestantes. Una masacre que un grupo de expertos de Naciones Unidas ha catalogado como \u201ccr\u00edmenes de lesa humanidad\u201d. De hecho, a finales de diciembre de 2024, la justicia argentina\u00a0<a href=\"https:\/\/elpais.com\/argentina\/2024-12-31\/la-justicia-argentina-ordena-la-captura-de-daniel-ortega-y-rosario-murillo-por-crimenes-de-lesa-humanidad.html\" data-link-track-dtm=\"\" data-mrf-link=\"https:\/\/elpais.com\/argentina\/2024-12-31\/la-justicia-argentina-ordena-la-captura-de-daniel-ortega-y-rosario-murillo-por-crimenes-de-lesa-humanidad.html\">gir\u00f3 una orden de captura internacional<\/a>\u00a0contra Ortega y Murillo por la comisi\u00f3n de esos delitos.<\/p>\n<p class=\"\">Ante las sobradas evidencias de la actuaci\u00f3n paramilitar en coordinaci\u00f3n con la Polic\u00eda Nacional e instituciones estatales en la represi\u00f3n, el comisionado general Francisco D\u00edaz, jefe policial y consuegro de la pareja presidencial, admiti\u00f3 en 2019 que\u00a0<a href=\"https:\/\/confidencial.digital\/nacion\/francisco-diaz-policia-se-defendio-de-manifestantes-influenciados-por-drogas\/\" target=\"_blank\" rel=\"noopener\" data-link-track-dtm=\"\" data-mrf-link=\"https:\/\/confidencial.digital\/nacion\/francisco-diaz-policia-se-defendio-de-manifestantes-influenciados-por-drogas\/\">se trataba en la pr\u00e1ctica de \u201cpolic\u00edas voluntarios\u201d<\/a>. Luego de las declaraciones de D\u00edaz, la \u201ccopresidenta\u201d Murillo instruy\u00f3 a la propaganda oficial llamar a los paramilitares como \u201ch\u00e9roes de la paz\u201d que patrullaban las calles en caravanas de camionetas Toyota Hilux con hombres sobradamente armados.<\/p>\n<p class=\"\">Durante el acto de juramentaci\u00f3n de los nuevos \u201cpolic\u00edas voluntarios\u201d en Estel\u00ed, el mismo comisionado D\u00edaz dijo que estaban \u201corgullosos\u201d de ese paso \u201cde la Polic\u00eda Voluntaria Comandante Julio Buitrago Urroz\u201d, como ha sido bautizado este cuerpo. \u201cLa paz que se disfruta en Nicaragua debe mantenerse y protegerse\u201d, a\u00f1adi\u00f3 el jefe policial, emulando el discurso de su consuegra. Rosario Murillo defiende a estos paramilitares alegando que lograron desarticular una intentona golpista, sin mencionar que para ello el r\u00e9gimen no s\u00f3lo ha encarcelado y asesinado, sino que ha desterrado, confiscado, desnacionalizado y perseguido sin descanso a miles de ciudadanos considerados cr\u00edticos. \u201cSu labor incluye velar por los derechos de las familias, ganarse su confianza y atender las problem\u00e1ticas que puedan surgir en sus sectores\u201d, agreg\u00f3 el comisionado.<\/p>\n<h2 class=\"\">El entrenamiento previo de empleados p\u00fablicos<\/h2>\n<p class=\"\">La anterior Constituci\u00f3n Pol\u00edtica prohib\u00eda la existencia de grupos armados al margen de la ley y obligaba al Ej\u00e9rcito de Nicaragua a erradicarlos. Sin embargo, la instituci\u00f3n castrense, tambi\u00e9n plegada la represi\u00f3n oficial, jam\u00e1s lo hizo. Al contrario, estos contingentes se coordinan, a trav\u00e9s de la Direcci\u00f3n de Informaci\u00f3n para la Defensa (DID), para perseguir opositores incluso m\u00e1s all\u00e1 de las fronteras nicarag\u00fcenses, en Costa Rica, donde viven miles de exiliados. El Colectivo de Derechos Humanos Nicaragua Nunca M\u00e1s ha documentado casos de \u201crepresi\u00f3n extraterritorial\u201d.<\/p>\n<p class=\"\">As\u00ed, con la nueva Constituci\u00f3n se autoriz\u00f3 la creaci\u00f3n de la \u201cPolic\u00eda Voluntaria como cuerpo auxiliar y de apoyo \u0430 la Polic\u00eda Nacional, integrada por ciudadanos y ciudadanas nicarag\u00fcenses que prestan sus servicios de forma voluntaria (&#8230;) No pueden existir m\u00e1s cuerpos armados en el territorio nacional que los establecidos en la Constituci\u00f3n, ni grados militares que los establecidos por la ley\u201d.<\/p>\n<p class=\"\">Aunque en los \u00faltimos a\u00f1os han bajado su perfil p\u00fablico, los paramilitares no han cesado operaciones. Siempre operan en coordinaci\u00f3n con las fuerzas armadas y siguen secuestrando opositores, ya sea para llevarlos a las prisiones o para desterrarlos a la fuerza, avent\u00e1ndolos en la frontera con Costa Rica.<\/p>\n<p class=\"\">Durante 2024, el r\u00e9gimen oblig\u00f3\u00a0<a href=\"https:\/\/elpais.com\/america\/2024-07-13\/tiro-al-blanco-ak-47-y-emboscadas-el-regimen-de-ortega-obliga-a-empleados-publicos-a-recibir-entrenamiento-militar.html\" data-link-track-dtm=\"\" data-mrf-link=\"https:\/\/elpais.com\/america\/2024-07-13\/tiro-al-blanco-ak-47-y-emboscadas-el-regimen-de-ortega-obliga-a-empleados-publicos-a-recibir-entrenamiento-militar.html\">a millares de empleados p\u00fablicos a recibir entrenamiento militar<\/a>\u00a0en varios campamentos clandestinos alrededor de Nicaragua. En ese momento, EL PA\u00cdS document\u00f3 casos de maestros y vigilantes desplazados a la fuerza a campamentos para prepararse ante \u201ccualquier intentona golpista\u201d. Un experto en seguridad consultado por este diario asegura que el gran n\u00famero de \u201cpolic\u00edas voluntarios\u201d que han comenzado a ser juramentado proviene de estos grupos de funcionarios p\u00fablicos entrenados a la fuerza, so pena de despido o c\u00e1rcel.<\/p>\n<p class=\"\">\u201cLos actos que estamos viendo como tal, desde mi punto de vista, tienen una intenci\u00f3n de aterrorizar a la poblaci\u00f3n, porque Ortega y Murillo est\u00e1n en un momento cr\u00edtico de la sucesi\u00f3n din\u00e1stica, por los cambios que est\u00e1n haciendo en la Constituci\u00f3n\u201d, plantea el experto consultado por EL PA\u00cdS. \u201cTienen mucho miedo del descontento de la gente, que cada vez es m\u00e1s profundo y extendido hasta entre sus propios partidarios. Por eso est\u00e1n haciendo estos actos p\u00fablicos con pompa: los formaron como cuerpo militar y los presentan con pasamonta\u00f1as. Pero si uno ve las fotograf\u00edas, detr\u00e1s de los pasamonta\u00f1as hay gente que no tiene cara de felicidad. Es muy probable que entre los formados hayan paramilitares convencidos, pero tambi\u00e9n hay empleados p\u00fablicos que en meses anteriores estuvieron obligando a los entrenamientos militares\u201d.<\/p>\n<h2 class=\"\">La bandera sandinista, nuevo s\u00edmbolo patrio<\/h2>\n<p class=\"\">La semana hab\u00eda empezado con los diputados de la Asamblea Nacional de Nicaragua, todos ellos sumisos al dictado de Ortega y Murillo, aprobando, apartado por apartado, la nueva Constituci\u00f3n Pol\u00edtica. Entre m\u00e1s de un centenar de art\u00edculos reformados, los legisladores establecieron el mi\u00e9rcoles 15 de enero que la bandera rojinegra del Frente Sandinista de Liberaci\u00f3n Nacional (FSLN) queda establecida a partir de ahora como un s\u00edmbolo patrio.<\/p>\n<p>&nbsp;<\/p>\n<figure class=\"a_m a_m-h \">\n<p><div style=\"width: 424px\" class=\"wp-caption alignnone\"><img loading=\"lazy\" decoding=\"async\" class=\"_re lazyload a_m-h\" src=\"https:\/\/imagenes.elpais.com\/resizer\/v2\/3NHHWR4DNMU424RXGMBYWLPIIY.jpg?auth=16aa563ffda89f941a654cfed74e415effae015e5d3a6d4530e95d87def58518&amp;width=414\" sizes=\"auto, (min-width:1199px) 1155px,(min-width:1001px) calc(100vw - 44px),(min-width:768px) 767px, 100vw\" srcset=\"https:\/\/imagenes.elpais.com\/resizer\/v2\/3NHHWR4DNMU424RXGMBYWLPIIY.jpg?auth=16aa563ffda89f941a654cfed74e415effae015e5d3a6d4530e95d87def58518&amp;width=414 414w,https:\/\/imagenes.elpais.com\/resizer\/v2\/3NHHWR4DNMU424RXGMBYWLPIIY.jpg?auth=16aa563ffda89f941a654cfed74e415effae015e5d3a6d4530e95d87def58518&amp;width=828 640w,https:\/\/imagenes.elpais.com\/resizer\/v2\/3NHHWR4DNMU424RXGMBYWLPIIY.jpg?auth=16aa563ffda89f941a654cfed74e415effae015e5d3a6d4530e95d87def58518&amp;width=980 1000w,https:\/\/imagenes.elpais.com\/resizer\/v2\/3NHHWR4DNMU424RXGMBYWLPIIY.jpg?auth=16aa563ffda89f941a654cfed74e415effae015e5d3a6d4530e95d87def58518&amp;width=1960 1960w\" alt=\"Un joven sostiene la bandera de Nicaragua y la del Frente Sandinista, durante un aniversario del triunfo de la revoluci\u00f3n.\" width=\"414\" height=\"243\" \/><p class=\"wp-caption-text\">Un joven sostiene la bandera de Nicaragua y la del Frente Sandinista, durante un aniversario del triunfo de la revoluci\u00f3n.HECTOR GUERRERO<\/p><\/div><figcaption class=\"a_m_p\"><\/figcaption><\/figure>\n<p>&nbsp;<\/p>\n<p class=\"\">Una decisi\u00f3n simb\u00f3lica que describe la consolidaci\u00f3n \u201cde una dictadura familiar\u201d, en la que desde se segundo g\u00e9nesis, en 2006, cuando Ortega regres\u00f3 al poder, inici\u00f3 a fraguarse la confusi\u00f3n \u201cfamilia-Estado-partido\u201d, seg\u00fan cr\u00edticos de la Administraci\u00f3n sandinista. Es decir, la legalizaci\u00f3n al m\u00e1ximo nivel de una vieja pr\u00e1ctica de facto: la bandera de la organizaci\u00f3n, que tanta discordia causa en Nicaragua, a la par del estandarte nacional, el azul y blanco. El art\u00edculo 13 manda que \u201clos s\u00edmbolos patrios son: el himno nacional, las banderas azul y blanco y la rojinegra de la lucha antiimperialista del General Augusto C. Sandino y de la Revoluci\u00f3n Popular Sandinista, y el escudo nacional\u201d.<\/p>\n<p class=\"\">Desde que Ortega retorn\u00f3 a la presidencia, se critic\u00f3 que la bandera rojinegra estaba presente en todas las actividades de entidades del Estado, incluso por encima de la nacional. En su momento, Juan Carlos Ortega Murillo, hijo de la pareja presidencial, lleg\u00f3 a decir \u201cque la rojinegra defend\u00eda a la azul y blanco\u201d. As\u00ed, durante m\u00e1s de una d\u00e9cada, la bandera sandinista ondea en colegios, desfiles patrios, hospitales, ministerios y hasta en la papeler\u00eda oficial del Estado.<\/p>\n<p class=\"\">En 2018, la ciudadan\u00eda se aferr\u00f3 a la bandera azul y blanco como protesta y resistencia contra la represi\u00f3n. Fue una confrontaci\u00f3n simb\u00f3lica que, hasta el d\u00eda de hoy, persiste. El oficialismo reivindicaba la sandinista en sus actos y camionetas cargadas de paramilitares armados con fusiles y los ciudadanos ondeaban la azul y blanco, mientras quemaban la rojinegra en las calles. Se cuentan al menos dos casos de protestas en las que, por quemar la bandera sandinista, los agentes del r\u00e9imgen llevaron a apresar y torturar a opositores.El primero fue el de Sergio Beteta, quien el 21 de diciembre de 2020 fue arrestado por incendiar la bandera del Frente Sandinista en una calle p\u00fablica. Beteta fue liberado y desterrado a Estados Unidos, junto a 221 presos pol\u00edticos m\u00e1s, el 9 de febrero de 2023. Las j\u00f3venes Adela Espinoza, Gabriela Morales y Mayela Campos, quemaron otra bandera Sandinista el 18 de agosto de 2023 en protesta por el cierre y confiscaci\u00f3n de la Universidad Centroamericana (UCA), donde algunas de ellas hab\u00edan estudiado. Las tres tambi\u00e9n fueron procesadas y luego desterradas a Guatemala el 5 de septiembre<\/p>\n","protected":false},"excerpt":{"rendered":"<p>&nbsp; &nbsp; &#8211; La nueva Constituci\u00f3n a la medida de la pareja presidencial legaliza la \u201cpolic\u00eda voluntaria\u201d en Nicaragua y equipara la bandera rojinegra del&hellip;<\/p>\n","protected":false},"author":99,"featured_media":527416,"comment_status":"open","ping_status":"open","sticky":false,"template":"","format":"standard","meta":{"footnotes":""},"categories":[23],"tags":[],"class_list":["post-527415","post","type-post","status-publish","format-standard","has-post-thumbnail","hentry","category-latinoamerica"],"_links":{"self":[{"href":"https:\/\/diarioelpopular.com\/index.php\/wp-json\/wp\/v2\/posts\/527415","targetHints":{"allow":["GET"]}}],"collection":[{"href":"https:\/\/diarioelpopular.com\/index.php\/wp-json\/wp\/v2\/posts"}],"about":[{"href":"https:\/\/diarioelpopular.com\/index.php\/wp-json\/wp\/v2\/types\/post"}],"author":[{"embeddable":true,"href":"https:\/\/diarioelpopular.com\/index.php\/wp-json\/wp\/v2\/users\/99"}],"replies":[{"embeddable":true,"href":"https:\/\/diarioelpopular.com\/index.php\/wp-json\/wp\/v2\/comments?post=527415"}],"version-history":[{"count":1,"href":"https:\/\/diarioelpopular.com\/index.php\/wp-json\/wp\/v2\/posts\/527415\/revisions"}],"predecessor-version":[{"id":527417,"href":"https:\/\/diarioelpopular.com\/index.php\/wp-json\/wp\/v2\/posts\/527415\/revisions\/527417"}],"wp:featuredmedia":[{"embeddable":true,"href":"https:\/\/diarioelpopular.com\/index.php\/wp-json\/wp\/v2\/media\/527416"}],"wp:attachment":[{"href":"https:\/\/diarioelpopular.com\/index.php\/wp-json\/wp\/v2\/media?parent=527415"}],"wp:term":[{"taxonomy":"category","embeddable":true,"href":"https:\/\/diarioelpopular.com\/index.php\/wp-json\/wp\/v2\/categories?post=527415"},{"taxonomy":"post_tag","embeddable":true,"href":"https:\/\/diarioelpopular.com\/index.php\/wp-json\/wp\/v2\/tags?post=527415"}],"curies":[{"name":"wp","href":"https:\/\/api.w.org\/{rel}","templated":true}]}}